{"id":46949,"date":"2011-05-26T19:55:52","date_gmt":"2011-05-26T18:55:52","guid":{"rendered":"http:\/\/www.visit-ulcinj.com\/blog\/?p=46949"},"modified":"2011-05-26T19:59:48","modified_gmt":"2011-05-26T18:59:48","slug":"mali-i-zi-mund-te-loboje-per-kosoven","status":"publish","type":"post","link":"https:\/\/www.visit-ulcinj.com\/blog\/2011\/05\/26\/mali-i-zi-mund-te-loboje-per-kosoven\/","title":{"rendered":"Mali i Zi mund t\u00eb loboj\u00eb p\u00ebr Kosov\u00ebn &#8211; Video"},"content":{"rendered":"<p><a href=\"http:\/\/www.visit-ulcinj.com\/blog\/wp-content\/uploads\/2011\/05\/Atifete-Jahjaga-MILAN-ROCEN.jpg\"><img loading=\"lazy\" class=\"alignleft size-full wp-image-46952\" title=\"Atifete Jahjaga  - MILAN ROCEN\" src=\"http:\/\/www.visit-ulcinj.com\/blog\/wp-content\/uploads\/2011\/05\/Atifete-Jahjaga-MILAN-ROCEN.jpg\" alt=\"\" width=\"508\" height=\"380\" \/><\/a>Prishtin\u00eb, 26 maj &#8211; Presidentja e Republik\u00ebs s\u00eb Kosov\u00ebs, zonja Atifete Jahjaga priti sot n\u00eb takim Ministrin e Pun\u00ebve t\u00eb Jashtme dhe Integrimeve Evropiane t\u00eb Republik\u00ebs s\u00eb Malit t\u00eb Zi, Milan Ro\u00e7en, me t\u00eb cilin diskutoi p\u00ebr nj\u00eb varg \u00e7\u00ebshtjesh rreth marr\u00ebdh\u00ebnieve n\u00eb mes t\u00eb dy vendeve tona dhe zhvillimet e p\u00ebrgjithshme n\u00eb rajon.<br \/>\nPresidentja Jahjaga shprehu n\u00eb takim k\u00ebnaq\u00ebsin\u00eb p\u00ebr marr\u00ebdh\u00ebniet e mira nd\u00ebrmjet Republik\u00ebs s\u00eb Kosov\u00ebs dhe Republik\u00ebs s\u00eb Malit t\u00eb Zi, duke theksuar se dy marr\u00ebveshjet e n\u00ebnshkruara sot, jan\u00eb n\u00eb funksion t\u00eb thellimit t\u00eb bashk\u00ebpunimit dhe t\u00eb gjetjes s\u00eb zgjidhjeve p\u00ebr pasojat q\u00eb ka l\u00ebn\u00eb lufta.<br \/>\nAjo shprehu fal\u00ebnderimin p\u00ebr faktin se Mali i Zi \u00ebsht\u00eb nga shtetet e para q\u00eb e njohu pavar\u00ebsin\u00eb e Kosov\u00ebs, gj\u00eb q\u00eb ka simbolik\u00ebn e saj, sepse t\u00eb dyja vendet paraqesin p\u00ebrfundimin e\u00a0 shp\u00ebrb\u00ebrjes s\u00eb ish-Jugosllavis\u00eb.<br \/>\nPresidentja Jahjaga theksoi se institucionet e Republik\u00ebs s\u00eb Kosov\u00ebs i japin p\u00ebrkrahje t\u00eb plot\u00eb nism\u00ebs p\u00ebr p\u00ebrkufizimin e vij\u00ebs kufitare nd\u00ebrmjet Republik\u00ebs s\u00eb Kosov\u00ebs dhe Republik\u00ebs s\u00eb Malit t\u00eb Zi, si dhe nism\u00ebs q\u00eb t\u00eb hapet pika kufitare n\u00eb \u00c7akor dhe q\u00eb t\u00eb dy pikat kufitare nd\u00ebrmjet Kosov\u00ebs dhe Mali t\u00eb Zi t\u00eb jen\u00eb pika kufitare t\u00eb p\u00ebrbashk\u00ebta.<br \/>\n\u201cRruga e p\u00ebrbashk\u00ebt e vendeve tona \u00ebsht\u00eb rruga e integrimeve euroatlantike, an\u00ebtar\u00ebsimi n\u00eb BE dhe n\u00eb NATO. N\u00eb k\u00ebt\u00eb rrug\u00eb duhet t\u00eb bashk\u00ebpunojm\u00eb dhe t\u00eb ndihmojm\u00eb nj\u00ebri-tjetrin, sepse e ardhmja e gjith\u00eb rajonit \u00ebsht\u00eb n\u00eb Evrop\u00eb\u201d, tha presidentja Jahjaga.<br \/>\n\u201cPresim, si deri m\u00eb tash, q\u00eb Mali i Zi t\u00eb angazhohet dhe t\u00eb ndihmoj\u00eb Kosov\u00ebn n\u00eb an\u00ebtar\u00ebsimin e saj n\u00eb organizatat rajonale si dhe q\u00eb Mali i Zi t\u00eb loboj\u00eb p\u00ebr njohjen e pavar\u00ebsis\u00eb s\u00eb Kosov\u00ebs tek vendet mike t\u00eb saj dhe sidomos tek vendet e painkuadruara\u201d, vijoi ajo.<br \/>\nPresidentja Jahjaga gjithashtu theksoi se \u00ebsht\u00eb n\u00eb interesin e t\u00eb dyja vendeve q\u00eb t\u00eb intensifikojn\u00eb bashk\u00ebpunimin n\u00eb t\u00eb gjitha fushat, edhe ekonomike edhe kulturore, sepse kjo e ndihmon prosperitetin e t\u00eb dyja vendeve.<br \/>\nMinistri Ro\u00e7en, pasi uroi Presidenten Jahjaga p\u00ebr zgjedhjen n\u00eb detyr\u00ebn e saj, tha se zgjedhja e saj paraqet zhvillim me r\u00ebnd\u00ebsi jo vet\u00ebm p\u00ebr Kosov\u00ebn dhe Ballkanin, por edhe m\u00eb gjer\u00eb.<br \/>\nAi theksoi se marr\u00ebdh\u00ebniet mes Kosov\u00ebs dhe Malit t\u00eb Zi jan\u00eb shum\u00eb t\u00eb mira dhe k\u00ebto marr\u00ebdh\u00ebnie do t\u00eb zhvillohen dhe konkretizohen edhe m\u00eb tej. Gjithashtu, ai u shpreh se do t\u00eb vazhdohet tradita e mir\u00eb e miq\u00ebsis\u00eb mes t\u00eb dy vendeve. N\u00eb k\u00ebt\u00eb plan, ai theksoi se pjes\u00ebtar\u00ebt e pakicave jan\u00eb ur\u00eb e mir\u00eb lidh\u00ebse mes popujve.<br \/>\nMinistri Ro\u00e7en gjithashtu theksoi se vendi i tij do t\u2019i ndaj\u00eb me Kosov\u00ebn p\u00ebrvojat e rrug\u00ebtimit drejt Bashkimit Evropian dhe NATO-s.<\/p>\n<p><strong>KOHA NET<br \/>\n\n\t\t<style type=\"text\/css\">\n\t\t\t#gallery-1 {\n\t\t\t\tmargin: auto;\n\t\t\t}\n\t\t\t#gallery-1 .gallery-item {\n\t\t\t\tfloat: left;\n\t\t\t\tmargin-top: 10px;\n\t\t\t\ttext-align: center;\n\t\t\t\twidth: 33%;\n\t\t\t}\n\t\t\t#gallery-1 img {\n\t\t\t\tborder: 2px solid #cfcfcf;\n\t\t\t}\n\t\t\t#gallery-1 .gallery-caption {\n\t\t\t\tmargin-left: 0;\n\t\t\t}\n\t\t\t\/* see gallery_shortcode() in wp-includes\/media.php *\/\n\t\t<\/style>\n\t\t<div id='gallery-1' class='gallery galleryid-46949 gallery-columns-3 gallery-size-thumbnail'><dl class='gallery-item'>\n\t\t\t<dt class='gallery-icon landscape'>\n\t\t\t\t<a href='https:\/\/www.visit-ulcinj.com\/blog\/wp-content\/uploads\/2011\/05\/Atifete-Jahjaga-MILAN-ROCEN.1.jpg'><img width=\"150\" height=\"150\" src=\"https:\/\/www.visit-ulcinj.com\/blog\/wp-content\/uploads\/2011\/05\/Atifete-Jahjaga-MILAN-ROCEN.1-150x150.jpg\" class=\"attachment-thumbnail size-thumbnail\" alt=\"\" loading=\"lazy\" \/><\/a>\n\t\t\t<\/dt><\/dl><dl class='gallery-item'>\n\t\t\t<dt class='gallery-icon landscape'>\n\t\t\t\t<a href='https:\/\/www.visit-ulcinj.com\/blog\/wp-content\/uploads\/2011\/05\/Atifete-Jahjaga-MILAN-ROCEN.3.jpg'><img width=\"150\" height=\"150\" src=\"https:\/\/www.visit-ulcinj.com\/blog\/wp-content\/uploads\/2011\/05\/Atifete-Jahjaga-MILAN-ROCEN.3-150x150.jpg\" class=\"attachment-thumbnail size-thumbnail\" alt=\"\" loading=\"lazy\" \/><\/a>\n\t\t\t<\/dt><\/dl>\n\t\t\t<br style='clear: both' \/>\n\t\t<\/div>\n<br \/>\n[flv]http:\/\/video.kosovapress.com\/repository\/videos\/260511_vizita_ministrit_jashtem_malit_zi.flv[\/flv]<\/p>\n","protected":false},"excerpt":{"rendered":"<p>Prishtin\u00eb, 26 maj &#8211; Presidentja e Republik\u00ebs s\u00eb Kosov\u00ebs, zonja Atifete Jahjaga priti sot n\u00eb takim Ministrin e Pun\u00ebve t\u00eb Jashtme dhe Integrimeve Evropiane t\u00eb Republik\u00ebs s\u00eb Malit t\u00eb Zi, Milan Ro\u00e7en, me t\u00eb cilin diskutoi p\u00ebr nj\u00eb varg \u00e7\u00ebshtjesh rreth marr\u00ebdh\u00ebnieve n\u00eb mes t\u00eb dy vendeve tona dhe zhvillimet e p\u00ebrgjithshme n\u00eb rajon. Presidentja [&hellip;]<\/p>\n","protected":false},"author":1,"featured_media":0,"comment_status":"open","ping_status":"closed","sticky":false,"template":"","format":"standard","meta":{"spay_email":"","jetpack_publicize_message":"","jetpack_is_tweetstorm":false,"jetpack_publicize_feature_enabled":true},"categories":[14],"tags":[18302,49,95,3860,549],"jetpack_publicize_connections":[],"yoast_head":"<!-- This site is optimized with the Yoast SEO plugin v19.1 - https:\/\/yoast.com\/wordpress\/plugins\/seo\/ -->\n<title>Mali i Zi mund t\u00eb loboj\u00eb p\u00ebr Kosov\u00ebn - Video - Lajme nga Ulqini<\/title>\n<meta name=\"description\" content=\"Prishtin\u00eb, 26 maj - Presidentja e Republik\u00ebs s\u00eb Kosov\u00ebs, zonja Atifete Jahjaga priti sot n\u00eb takim Ministrin e Pun\u00ebve t\u00eb Jashtme dhe Integrimeve Evropiane\" \/>\n<meta name=\"robots\" content=\"index, follow, max-snippet:-1, max-image-preview:large, max-video-preview:-1\" \/>\n<link rel=\"canonical\" href=\"https:\/\/www.visit-ulcinj.com\/blog\/2011\/05\/26\/mali-i-zi-mund-te-loboje-per-kosoven\/\" \/>\n<meta property=\"og:locale\" content=\"en_US\" \/>\n<meta property=\"og:type\" content=\"article\" \/>\n<meta property=\"og:title\" content=\"Mali i Zi mund t\u00eb loboj\u00eb p\u00ebr Kosov\u00ebn - Video - Lajme nga Ulqini\" \/>\n<meta property=\"og:description\" content=\"Prishtin\u00eb, 26 maj - Presidentja e Republik\u00ebs s\u00eb Kosov\u00ebs, zonja Atifete Jahjaga priti sot n\u00eb takim Ministrin e Pun\u00ebve t\u00eb Jashtme dhe Integrimeve Evropiane\" \/>\n<meta property=\"og:url\" content=\"https:\/\/www.visit-ulcinj.com\/blog\/2011\/05\/26\/mali-i-zi-mund-te-loboje-per-kosoven\/\" \/>\n<meta property=\"og:site_name\" content=\"Lajme nga Ulqini\" \/>\n<meta property=\"article:published_time\" content=\"2011-05-26T18:55:52+00:00\" \/>\n<meta property=\"article:modified_time\" content=\"2011-05-26T18:59:48+00:00\" \/>\n<meta property=\"og:image\" content=\"https:\/\/www.visit-ulcinj.com\/blog\/wp-content\/uploads\/2011\/05\/Atifete-Jahjaga-MILAN-ROCEN.1-150x150.jpg\" \/>\n<meta name=\"twitter:label1\" content=\"Written by\" \/>\n\t<meta name=\"twitter:data1\" content=\"ulqini\" \/>\n\t<meta name=\"twitter:label2\" content=\"Est. reading time\" \/>\n\t<meta name=\"twitter:data2\" content=\"3 minutes\" \/>\n<script type=\"application\/ld+json\" class=\"yoast-schema-graph\">{\"@context\":\"https:\/\/schema.org\",\"@graph\":[{\"@type\":\"WebSite\",\"@id\":\"https:\/\/www.visit-ulcinj.com\/blog\/#website\",\"url\":\"https:\/\/www.visit-ulcinj.com\/blog\/\",\"name\":\"Lajme nga Ulqini\",\"description\":\"Lajme,Vijesti,Ulqini,Ulqin,Crna Gora,Mali i Zi\",\"potentialAction\":[{\"@type\":\"SearchAction\",\"target\":{\"@type\":\"EntryPoint\",\"urlTemplate\":\"https:\/\/www.visit-ulcinj.com\/blog\/?s={search_term_string}\"},\"query-input\":\"required name=search_term_string\"}],\"inLanguage\":\"en-US\"},{\"@type\":\"ImageObject\",\"inLanguage\":\"en-US\",\"@id\":\"https:\/\/www.visit-ulcinj.com\/blog\/2011\/05\/26\/mali-i-zi-mund-te-loboje-per-kosoven\/#primaryimage\",\"url\":\"http:\/\/www.visit-ulcinj.com\/blog\/wp-content\/uploads\/2011\/05\/Atifete-Jahjaga-MILAN-ROCEN.jpg\",\"contentUrl\":\"http:\/\/www.visit-ulcinj.com\/blog\/wp-content\/uploads\/2011\/05\/Atifete-Jahjaga-MILAN-ROCEN.jpg\"},{\"@type\":\"WebPage\",\"@id\":\"https:\/\/www.visit-ulcinj.com\/blog\/2011\/05\/26\/mali-i-zi-mund-te-loboje-per-kosoven\/#webpage\",\"url\":\"https:\/\/www.visit-ulcinj.com\/blog\/2011\/05\/26\/mali-i-zi-mund-te-loboje-per-kosoven\/\",\"name\":\"Mali i Zi mund t\u00eb loboj\u00eb p\u00ebr Kosov\u00ebn - Video - Lajme nga Ulqini\",\"isPartOf\":{\"@id\":\"https:\/\/www.visit-ulcinj.com\/blog\/#website\"},\"primaryImageOfPage\":{\"@id\":\"https:\/\/www.visit-ulcinj.com\/blog\/2011\/05\/26\/mali-i-zi-mund-te-loboje-per-kosoven\/#primaryimage\"},\"datePublished\":\"2011-05-26T18:55:52+00:00\",\"dateModified\":\"2011-05-26T18:59:48+00:00\",\"author\":{\"@id\":\"https:\/\/www.visit-ulcinj.com\/blog\/#\/schema\/person\/dcab619c614d3038751c63bc2aadc06d\"},\"description\":\"Prishtin\u00eb, 26 maj - Presidentja e Republik\u00ebs s\u00eb Kosov\u00ebs, zonja Atifete Jahjaga priti sot n\u00eb takim Ministrin e Pun\u00ebve t\u00eb Jashtme dhe Integrimeve Evropiane\",\"breadcrumb\":{\"@id\":\"https:\/\/www.visit-ulcinj.com\/blog\/2011\/05\/26\/mali-i-zi-mund-te-loboje-per-kosoven\/#breadcrumb\"},\"inLanguage\":\"en-US\",\"potentialAction\":[{\"@type\":\"ReadAction\",\"target\":[\"https:\/\/www.visit-ulcinj.com\/blog\/2011\/05\/26\/mali-i-zi-mund-te-loboje-per-kosoven\/\"]}]},{\"@type\":\"BreadcrumbList\",\"@id\":\"https:\/\/www.visit-ulcinj.com\/blog\/2011\/05\/26\/mali-i-zi-mund-te-loboje-per-kosoven\/#breadcrumb\",\"itemListElement\":[{\"@type\":\"ListItem\",\"position\":1,\"name\":\"Mali i Zi mund t\u00eb loboj\u00eb p\u00ebr Kosov\u00ebn &#8211; Video\"}]},{\"@type\":\"Person\",\"@id\":\"https:\/\/www.visit-ulcinj.com\/blog\/#\/schema\/person\/dcab619c614d3038751c63bc2aadc06d\",\"name\":\"ulqini\",\"sameAs\":[\"http:\/\/www.visit-ulcinj.com\"],\"url\":\"https:\/\/www.visit-ulcinj.com\/blog\/author\/admin\/\"}]}<\/script>\n<!-- \/ Yoast SEO plugin. -->","yoast_head_json":{"title":"Mali i Zi mund t\u00eb loboj\u00eb p\u00ebr Kosov\u00ebn - Video - Lajme nga Ulqini","description":"Prishtin\u00eb, 26 maj - Presidentja e Republik\u00ebs s\u00eb Kosov\u00ebs, zonja Atifete Jahjaga priti sot n\u00eb takim Ministrin e Pun\u00ebve t\u00eb Jashtme dhe Integrimeve Evropiane","robots":{"index":"index","follow":"follow","max-snippet":"max-snippet:-1","max-image-preview":"max-image-preview:large","max-video-preview":"max-video-preview:-1"},"canonical":"https:\/\/www.visit-ulcinj.com\/blog\/2011\/05\/26\/mali-i-zi-mund-te-loboje-per-kosoven\/","og_locale":"en_US","og_type":"article","og_title":"Mali i Zi mund t\u00eb loboj\u00eb p\u00ebr Kosov\u00ebn - Video - Lajme nga Ulqini","og_description":"Prishtin\u00eb, 26 maj - Presidentja e Republik\u00ebs s\u00eb Kosov\u00ebs, zonja Atifete Jahjaga priti sot n\u00eb takim Ministrin e Pun\u00ebve t\u00eb Jashtme dhe Integrimeve Evropiane","og_url":"https:\/\/www.visit-ulcinj.com\/blog\/2011\/05\/26\/mali-i-zi-mund-te-loboje-per-kosoven\/","og_site_name":"Lajme nga Ulqini","article_published_time":"2011-05-26T18:55:52+00:00","article_modified_time":"2011-05-26T18:59:48+00:00","og_image":[{"url":"https:\/\/www.visit-ulcinj.com\/blog\/wp-content\/uploads\/2011\/05\/Atifete-Jahjaga-MILAN-ROCEN.1-150x150.jpg"}],"twitter_misc":{"Written by":"ulqini","Est. reading time":"3 minutes"},"schema":{"@context":"https:\/\/schema.org","@graph":[{"@type":"WebSite","@id":"https:\/\/www.visit-ulcinj.com\/blog\/#website","url":"https:\/\/www.visit-ulcinj.com\/blog\/","name":"Lajme nga Ulqini","description":"Lajme,Vijesti,Ulqini,Ulqin,Crna Gora,Mali i Zi","potentialAction":[{"@type":"SearchAction","target":{"@type":"EntryPoint","urlTemplate":"https:\/\/www.visit-ulcinj.com\/blog\/?s={search_term_string}"},"query-input":"required name=search_term_string"}],"inLanguage":"en-US"},{"@type":"ImageObject","inLanguage":"en-US","@id":"https:\/\/www.visit-ulcinj.com\/blog\/2011\/05\/26\/mali-i-zi-mund-te-loboje-per-kosoven\/#primaryimage","url":"http:\/\/www.visit-ulcinj.com\/blog\/wp-content\/uploads\/2011\/05\/Atifete-Jahjaga-MILAN-ROCEN.jpg","contentUrl":"http:\/\/www.visit-ulcinj.com\/blog\/wp-content\/uploads\/2011\/05\/Atifete-Jahjaga-MILAN-ROCEN.jpg"},{"@type":"WebPage","@id":"https:\/\/www.visit-ulcinj.com\/blog\/2011\/05\/26\/mali-i-zi-mund-te-loboje-per-kosoven\/#webpage","url":"https:\/\/www.visit-ulcinj.com\/blog\/2011\/05\/26\/mali-i-zi-mund-te-loboje-per-kosoven\/","name":"Mali i Zi mund t\u00eb loboj\u00eb p\u00ebr Kosov\u00ebn - Video - Lajme nga Ulqini","isPartOf":{"@id":"https:\/\/www.visit-ulcinj.com\/blog\/#website"},"primaryImageOfPage":{"@id":"https:\/\/www.visit-ulcinj.com\/blog\/2011\/05\/26\/mali-i-zi-mund-te-loboje-per-kosoven\/#primaryimage"},"datePublished":"2011-05-26T18:55:52+00:00","dateModified":"2011-05-26T18:59:48+00:00","author":{"@id":"https:\/\/www.visit-ulcinj.com\/blog\/#\/schema\/person\/dcab619c614d3038751c63bc2aadc06d"},"description":"Prishtin\u00eb, 26 maj - Presidentja e Republik\u00ebs s\u00eb Kosov\u00ebs, zonja Atifete Jahjaga priti sot n\u00eb takim Ministrin e Pun\u00ebve t\u00eb Jashtme dhe Integrimeve Evropiane","breadcrumb":{"@id":"https:\/\/www.visit-ulcinj.com\/blog\/2011\/05\/26\/mali-i-zi-mund-te-loboje-per-kosoven\/#breadcrumb"},"inLanguage":"en-US","potentialAction":[{"@type":"ReadAction","target":["https:\/\/www.visit-ulcinj.com\/blog\/2011\/05\/26\/mali-i-zi-mund-te-loboje-per-kosoven\/"]}]},{"@type":"BreadcrumbList","@id":"https:\/\/www.visit-ulcinj.com\/blog\/2011\/05\/26\/mali-i-zi-mund-te-loboje-per-kosoven\/#breadcrumb","itemListElement":[{"@type":"ListItem","position":1,"name":"Mali i Zi mund t\u00eb loboj\u00eb p\u00ebr Kosov\u00ebn &#8211; Video"}]},{"@type":"Person","@id":"https:\/\/www.visit-ulcinj.com\/blog\/#\/schema\/person\/dcab619c614d3038751c63bc2aadc06d","name":"ulqini","sameAs":["http:\/\/www.visit-ulcinj.com"],"url":"https:\/\/www.visit-ulcinj.com\/blog\/author\/admin\/"}]}},"jetpack_featured_media_url":"","jetpack_sharing_enabled":true,"jetpack_shortlink":"https:\/\/wp.me\/pe6lTn-cdf","_links":{"self":[{"href":"https:\/\/www.visit-ulcinj.com\/blog\/wp-json\/wp\/v2\/posts\/46949"}],"collection":[{"href":"https:\/\/www.visit-ulcinj.com\/blog\/wp-json\/wp\/v2\/posts"}],"about":[{"href":"https:\/\/www.visit-ulcinj.com\/blog\/wp-json\/wp\/v2\/types\/post"}],"author":[{"embeddable":true,"href":"https:\/\/www.visit-ulcinj.com\/blog\/wp-json\/wp\/v2\/users\/1"}],"replies":[{"embeddable":true,"href":"https:\/\/www.visit-ulcinj.com\/blog\/wp-json\/wp\/v2\/comments?post=46949"}],"version-history":[{"count":0,"href":"https:\/\/www.visit-ulcinj.com\/blog\/wp-json\/wp\/v2\/posts\/46949\/revisions"}],"wp:attachment":[{"href":"https:\/\/www.visit-ulcinj.com\/blog\/wp-json\/wp\/v2\/media?parent=46949"}],"wp:term":[{"taxonomy":"category","embeddable":true,"href":"https:\/\/www.visit-ulcinj.com\/blog\/wp-json\/wp\/v2\/categories?post=46949"},{"taxonomy":"post_tag","embeddable":true,"href":"https:\/\/www.visit-ulcinj.com\/blog\/wp-json\/wp\/v2\/tags?post=46949"}],"curies":[{"name":"wp","href":"https:\/\/api.w.org\/{rel}","templated":true}]}}