{"id":46965,"date":"2011-05-27T12:33:01","date_gmt":"2011-05-27T11:33:01","guid":{"rendered":"http:\/\/www.visit-ulcinj.com\/blog\/?p=46965"},"modified":"2011-05-30T16:33:55","modified_gmt":"2011-05-30T15:33:55","slug":"keshilli-nacional-i-arsimit-pa-perfaqesues-te-shqiptareve","status":"publish","type":"post","link":"https:\/\/www.visit-ulcinj.com\/blog\/2011\/05\/27\/keshilli-nacional-i-arsimit-pa-perfaqesues-te-shqiptareve\/","title":{"rendered":"K\u00ebshilli nacional i arsimit pa p\u00ebrfaq\u00ebsues t\u00eb shqiptar\u00ebve"},"content":{"rendered":"<p><a href=\"http:\/\/www.visit-ulcinj.com\/blog\/wp-content\/uploads\/2010\/03\/forca-logo-ulcinj.jpg\"><img loading=\"lazy\" class=\"alignleft size-medium wp-image-30862\" title=\"forca-logo-ulcinj\" src=\"http:\/\/www.visit-ulcinj.com\/blog\/wp-content\/uploads\/2010\/03\/forca-logo-ulcinj-300x288.jpg\" alt=\"\" width=\"300\" height=\"288\" srcset=\"https:\/\/www.visit-ulcinj.com\/blog\/wp-content\/uploads\/2010\/03\/forca-logo-ulcinj-300x288.jpg 300w, https:\/\/www.visit-ulcinj.com\/blog\/wp-content\/uploads\/2010\/03\/forca-logo-ulcinj.jpg 500w\" sizes=\"(max-width: 300px) 100vw, 300px\" \/><\/a>Dit\u00eb m\u00eb par\u00eb opinioni i gjer\u00eb\u00a0 u njoftua mbi konstituimin e K\u00ebshillit Nacional\u00a0 t\u00eb Arsimit, q\u00eb \u00ebsht\u00eb subjekti m\u00eb i lart\u00eb arsimor n\u00eb Mal t\u00eb Zi. Nga informata e publikuar n\u00eb media del s\u00eb ky subjekt p\u00ebrb\u00ebhet nga 21 antar\u00eb t\u00eb cil\u00ebt jan\u00eb p\u00ebrfaq\u00ebsues nga\u00a0 entet edukativo-arsimore dhe institucionet e larta arsimore, por nuk ka p\u00ebrfaq\u00ebsues nga K\u00ebshillat nacionale q\u00eb p\u00ebrfaq\u00ebsojn\u00eb popujt pakic\u00eb n\u00eb Mal t\u00eb Zi.<\/p>\n<p>Ne lidhje mbi p\u00ebrb\u00ebrj\u00ebn e k\u00ebtij subjekti arsimor, jo q\u00eb nuk jan\u00eb konsultuar fare subjektet parlamentare shqiptare \u00a0n\u00eb Mal t\u00eb Zi, por as K\u00ebshilli nacional i shqiptar\u00ebve. Duke marr\u00eb parasysh s\u00eb K\u00ebshillat nacionale p\u00ebrfaq\u00ebsojn\u00eb popujt pakic\u00eb \u00a0ka qen\u00eb obligim ligjor i themeluesit t\u00eb K\u00ebshillit Nacional t\u00eb Arsimit q\u00eb \u00ebsht\u00eb Qeveria e Malit t\u00eb Zi, t\u00eb konsultoj\u00eb n\u00eb rastin konkret K\u00ebshillin Nacional t\u00eb Shqiptar\u00ebve. Sepse \u00e7do p\u00ebrfaq\u00ebsim \u00a0i \u00a0popujve n\u00eb subjektet e ndryshme\u00a0 t\u00eb themeluara nga Qeveria duhet t\u00eb kaloj p\u00ebrmes K\u00ebshillave nacionale. N\u00eb rastin konkret \u00ebsht\u00eb dashur t\u00eb konsultohet K\u00ebshilli Nacional i Shqiptar\u00ebve dhe ai t\u00eb propozoj p\u00ebrfaq\u00ebsuesin e vet. Po ashtu \u00a0n\u00eb m\u00ebnyr\u00eb analoge \u00a0\u00ebsht\u00eb dashur t\u00eb konsultohen edhe k\u00ebshillat e popujve tjer\u00eb si i boshnjak\u00ebve, serbeve dhe kroat\u00ebve, sepse \u00a0vet\u00ebm \u00a0n\u00eb \u00a0ket\u00eb m\u00ebnyr\u00eb do t\u00eb kishim realizim praktik t\u00eb t\u00eb drejtave t\u00eb popujve t\u00eb ndrysh\u00ebm n\u00eb Mal t\u00eb Zi.<\/p>\n<p>Themelimi i K\u00ebshillit Nacional t\u00eb Arsimit, pa konsultimin e K\u00ebshillave nacionale, d\u00ebshmon s\u00eb n\u00eb Mal t\u00eb Zi vazhdohet m\u00eb t\u00eb vjetr\u00ebn si ne koh\u00ebn e monizmit q\u00eb nuk \u00ebsht\u00eb n\u00eb favor\u00a0 t\u00eb demokracis\u00eb pluraliste. Ndaj nj\u00eb veprimi\u00a0 t\u00eb till\u00eb\u00a0 opinioni me t\u00eb drejt ka pritur reagimin nga <em>Ministria e drejtave t\u00eb njeriut dhe t\u00eb pakicave<\/em>, sepse kemi t\u00eb b\u00ebjn\u00eb me cenimin e t\u00eb drejt\u00ebs s\u00eb p\u00ebrfaq\u00ebsimit autentik t\u00eb pjes\u00ebtar\u00ebve t\u00eb popujve pakic\u00eb. Por, si\u00e7 duket nga kjo Ministri nuk jan\u00eb t\u00eb preokupuar m\u00eb \u00e7\u00ebshtje t\u00eb identitetit n\u00eb fush\u00ebn e arsimit \u00a0andaj \u00a0sintagma \u00a0<em>p\u00ebrfaq\u00ebsimi \u00a0autentik<\/em> paraqet deklarim formal pa mbeshtetje\u00a0 politike\u00a0 nga ana e pushtetit.<\/p>\n<p>Pjes\u00ebtar\u00ebt e popujve pakic\u00eb presin q\u00eb t\u00eb ndryshoj qendrimi\u00a0 i Qeveris\u00eb s\u00eb Malit t\u00eb Zi, ndaj K\u00ebshillave nacionale, duke i konsideruar ata partner n\u00eb bashk\u00ebpunim. Nj\u00eb veprim i till\u00eb \u00ebsht\u00eb n\u00eb favor t\u00eb barazis\u00eb nacionale dhe qytetare n\u00eb Mal t\u00eb Zi, konform standard\u00ebve demokratike evropiane t\u00eb shoq\u00ebrive multinacionale.<\/p>\n<p>Ne rastin konkret n\u00eb K\u00ebshillin Nacional t\u00eb Arsimit shqiptar\u00ebt nuk kan\u00eb p\u00ebrfaq\u00ebsuesin e tyre autentik, i cili do t\u00eb prezantonte\u00a0 \u00e7\u00ebshtjet t\u00eb cilat jan\u00eb preokupuese p\u00ebr edukimin dhe arsimimin e shqiptar\u00ebve n\u00eb Mal t\u00eb Zi.\u00a0 Pasi \u00e7\u00ebshtjet e arsimit\u00a0 n\u00eb gjuh\u00ebn shqipe \u00a0nuk jan\u00eb formale sepse kemi t\u00eb b\u00ebjm\u00eb me identitetin nacional n\u00eb nj\u00eb mjedis multinacional si\u00e7 \u00ebsht\u00eb Mali i Zi, ata mund t\u00eb prezantohen \u00a0vet\u00ebm nga \u00a0indvid\u00a0 me autoritet profesional nga fusha p\u00ebrkat\u00ebse. Ne rastin konkret\u00a0 e themi pa hezitim se shqiptar\u00ebt mund t\u00eb p\u00ebrfaq\u00ebsohen nga indvid q\u00eb jan\u00eb t\u00eb lidhur drejtp\u00ebrdrejt me fush\u00ebn e arsimit n\u00eb shkollat fillore apo t\u00eb mesme me m\u00ebsim n\u00eb gjuh\u00ebn shqipe. Vet\u00ebm n\u00eb ket\u00eb p\u00ebrmbajtje\u00a0 K\u00ebshilli Nacional i Arsimit do t\u00eb jet\u00eb i pranuesh\u00ebm p\u00ebr t\u00eb gjith\u00eb\u00a0 dhe\u00a0 n\u00eb\u00a0 favor t\u00eb avansimit t\u00eb \u00e7\u00ebshtjeve nga fusha e arsimit.<\/p>\n<p>&nbsp;<\/p>\n<p><strong>Sh\u00ebrbimi p\u00ebr informim\u00a0 Forca<\/p>\n<p><!--YouTube Error: bad URL entered--><\/strong><em> <\/em><\/p>\n","protected":false},"excerpt":{"rendered":"<p>Dit\u00eb m\u00eb par\u00eb opinioni i gjer\u00eb\u00a0 u njoftua mbi konstituimin e K\u00ebshillit Nacional\u00a0 t\u00eb Arsimit, q\u00eb \u00ebsht\u00eb subjekti m\u00eb i lart\u00eb arsimor n\u00eb Mal t\u00eb Zi. Nga informata e publikuar n\u00eb media del s\u00eb ky subjekt p\u00ebrb\u00ebhet nga 21 antar\u00eb t\u00eb cil\u00ebt jan\u00eb p\u00ebrfaq\u00ebsues nga\u00a0 entet edukativo-arsimore dhe institucionet e larta arsimore, por nuk ka [&hellip;]<\/p>\n","protected":false},"author":1,"featured_media":0,"comment_status":"open","ping_status":"closed","sticky":false,"template":"","format":"standard","meta":{"spay_email":"","jetpack_publicize_message":"","jetpack_is_tweetstorm":false,"jetpack_publicize_feature_enabled":true},"categories":[11],"tags":[874,95,200,18],"jetpack_publicize_connections":[],"yoast_head":"<!-- This site is optimized with the Yoast SEO plugin v19.1 - https:\/\/yoast.com\/wordpress\/plugins\/seo\/ -->\n<title>K\u00ebshilli nacional i arsimit pa p\u00ebrfaq\u00ebsues t\u00eb shqiptar\u00ebve - Lajme nga Ulqini<\/title>\n<meta name=\"description\" content=\"Dit\u00eb m\u00eb par\u00eb opinioni i gjer\u00eb\u00a0 u njoftua mbi konstituimin e K\u00ebshillit Nacional\u00a0 t\u00eb Arsimit, q\u00eb \u00ebsht\u00eb subjekti m\u00eb i lart\u00eb arsimor n\u00eb Mal t\u00eb Zi. Nga\" \/>\n<meta name=\"robots\" content=\"index, follow, max-snippet:-1, max-image-preview:large, max-video-preview:-1\" \/>\n<link rel=\"canonical\" href=\"https:\/\/www.visit-ulcinj.com\/blog\/2011\/05\/27\/keshilli-nacional-i-arsimit-pa-perfaqesues-te-shqiptareve\/\" \/>\n<meta property=\"og:locale\" content=\"en_US\" \/>\n<meta property=\"og:type\" content=\"article\" \/>\n<meta property=\"og:title\" content=\"K\u00ebshilli nacional i arsimit pa p\u00ebrfaq\u00ebsues t\u00eb shqiptar\u00ebve - Lajme nga Ulqini\" \/>\n<meta property=\"og:description\" content=\"Dit\u00eb m\u00eb par\u00eb opinioni i gjer\u00eb\u00a0 u njoftua mbi konstituimin e K\u00ebshillit Nacional\u00a0 t\u00eb Arsimit, q\u00eb \u00ebsht\u00eb subjekti m\u00eb i lart\u00eb arsimor n\u00eb Mal t\u00eb Zi. Nga\" \/>\n<meta property=\"og:url\" content=\"https:\/\/www.visit-ulcinj.com\/blog\/2011\/05\/27\/keshilli-nacional-i-arsimit-pa-perfaqesues-te-shqiptareve\/\" \/>\n<meta property=\"og:site_name\" content=\"Lajme nga Ulqini\" \/>\n<meta property=\"article:published_time\" content=\"2011-05-27T11:33:01+00:00\" \/>\n<meta property=\"article:modified_time\" content=\"2011-05-30T15:33:55+00:00\" \/>\n<meta property=\"og:image\" content=\"http:\/\/www.visit-ulcinj.com\/blog\/wp-content\/uploads\/2010\/03\/forca-logo-ulcinj-300x288.jpg\" \/>\n<meta name=\"twitter:label1\" content=\"Written by\" \/>\n\t<meta name=\"twitter:data1\" content=\"ulqini\" \/>\n\t<meta name=\"twitter:label2\" content=\"Est. reading time\" \/>\n\t<meta name=\"twitter:data2\" content=\"3 minutes\" \/>\n<script type=\"application\/ld+json\" class=\"yoast-schema-graph\">{\"@context\":\"https:\/\/schema.org\",\"@graph\":[{\"@type\":\"WebSite\",\"@id\":\"https:\/\/www.visit-ulcinj.com\/blog\/#website\",\"url\":\"https:\/\/www.visit-ulcinj.com\/blog\/\",\"name\":\"Lajme nga Ulqini\",\"description\":\"Lajme,Vijesti,Ulqini,Ulqin,Crna Gora,Mali i Zi\",\"potentialAction\":[{\"@type\":\"SearchAction\",\"target\":{\"@type\":\"EntryPoint\",\"urlTemplate\":\"https:\/\/www.visit-ulcinj.com\/blog\/?s={search_term_string}\"},\"query-input\":\"required name=search_term_string\"}],\"inLanguage\":\"en-US\"},{\"@type\":\"ImageObject\",\"inLanguage\":\"en-US\",\"@id\":\"https:\/\/www.visit-ulcinj.com\/blog\/2011\/05\/27\/keshilli-nacional-i-arsimit-pa-perfaqesues-te-shqiptareve\/#primaryimage\",\"url\":\"https:\/\/www.visit-ulcinj.com\/blog\/wp-content\/uploads\/2010\/03\/forca-logo-ulcinj.jpg\",\"contentUrl\":\"https:\/\/www.visit-ulcinj.com\/blog\/wp-content\/uploads\/2010\/03\/forca-logo-ulcinj.jpg\",\"width\":\"500\",\"height\":\"481\"},{\"@type\":\"WebPage\",\"@id\":\"https:\/\/www.visit-ulcinj.com\/blog\/2011\/05\/27\/keshilli-nacional-i-arsimit-pa-perfaqesues-te-shqiptareve\/#webpage\",\"url\":\"https:\/\/www.visit-ulcinj.com\/blog\/2011\/05\/27\/keshilli-nacional-i-arsimit-pa-perfaqesues-te-shqiptareve\/\",\"name\":\"K\u00ebshilli nacional i arsimit pa p\u00ebrfaq\u00ebsues t\u00eb shqiptar\u00ebve - Lajme nga Ulqini\",\"isPartOf\":{\"@id\":\"https:\/\/www.visit-ulcinj.com\/blog\/#website\"},\"primaryImageOfPage\":{\"@id\":\"https:\/\/www.visit-ulcinj.com\/blog\/2011\/05\/27\/keshilli-nacional-i-arsimit-pa-perfaqesues-te-shqiptareve\/#primaryimage\"},\"datePublished\":\"2011-05-27T11:33:01+00:00\",\"dateModified\":\"2011-05-30T15:33:55+00:00\",\"author\":{\"@id\":\"https:\/\/www.visit-ulcinj.com\/blog\/#\/schema\/person\/dcab619c614d3038751c63bc2aadc06d\"},\"description\":\"Dit\u00eb m\u00eb par\u00eb opinioni i gjer\u00eb\u00a0 u njoftua mbi konstituimin e K\u00ebshillit Nacional\u00a0 t\u00eb Arsimit, q\u00eb \u00ebsht\u00eb subjekti m\u00eb i lart\u00eb arsimor n\u00eb Mal t\u00eb Zi. Nga\",\"breadcrumb\":{\"@id\":\"https:\/\/www.visit-ulcinj.com\/blog\/2011\/05\/27\/keshilli-nacional-i-arsimit-pa-perfaqesues-te-shqiptareve\/#breadcrumb\"},\"inLanguage\":\"en-US\",\"potentialAction\":[{\"@type\":\"ReadAction\",\"target\":[\"https:\/\/www.visit-ulcinj.com\/blog\/2011\/05\/27\/keshilli-nacional-i-arsimit-pa-perfaqesues-te-shqiptareve\/\"]}]},{\"@type\":\"BreadcrumbList\",\"@id\":\"https:\/\/www.visit-ulcinj.com\/blog\/2011\/05\/27\/keshilli-nacional-i-arsimit-pa-perfaqesues-te-shqiptareve\/#breadcrumb\",\"itemListElement\":[{\"@type\":\"ListItem\",\"position\":1,\"name\":\"K\u00ebshilli nacional i arsimit pa p\u00ebrfaq\u00ebsues t\u00eb shqiptar\u00ebve\"}]},{\"@type\":\"Person\",\"@id\":\"https:\/\/www.visit-ulcinj.com\/blog\/#\/schema\/person\/dcab619c614d3038751c63bc2aadc06d\",\"name\":\"ulqini\",\"sameAs\":[\"http:\/\/www.visit-ulcinj.com\"],\"url\":\"https:\/\/www.visit-ulcinj.com\/blog\/author\/admin\/\"}]}<\/script>\n<!-- \/ Yoast SEO plugin. -->","yoast_head_json":{"title":"K\u00ebshilli nacional i arsimit pa p\u00ebrfaq\u00ebsues t\u00eb shqiptar\u00ebve - Lajme nga Ulqini","description":"Dit\u00eb m\u00eb par\u00eb opinioni i gjer\u00eb\u00a0 u njoftua mbi konstituimin e K\u00ebshillit Nacional\u00a0 t\u00eb Arsimit, q\u00eb \u00ebsht\u00eb subjekti m\u00eb i lart\u00eb arsimor n\u00eb Mal t\u00eb Zi. Nga","robots":{"index":"index","follow":"follow","max-snippet":"max-snippet:-1","max-image-preview":"max-image-preview:large","max-video-preview":"max-video-preview:-1"},"canonical":"https:\/\/www.visit-ulcinj.com\/blog\/2011\/05\/27\/keshilli-nacional-i-arsimit-pa-perfaqesues-te-shqiptareve\/","og_locale":"en_US","og_type":"article","og_title":"K\u00ebshilli nacional i arsimit pa p\u00ebrfaq\u00ebsues t\u00eb shqiptar\u00ebve - Lajme nga Ulqini","og_description":"Dit\u00eb m\u00eb par\u00eb opinioni i gjer\u00eb\u00a0 u njoftua mbi konstituimin e K\u00ebshillit Nacional\u00a0 t\u00eb Arsimit, q\u00eb \u00ebsht\u00eb subjekti m\u00eb i lart\u00eb arsimor n\u00eb Mal t\u00eb Zi. Nga","og_url":"https:\/\/www.visit-ulcinj.com\/blog\/2011\/05\/27\/keshilli-nacional-i-arsimit-pa-perfaqesues-te-shqiptareve\/","og_site_name":"Lajme nga Ulqini","article_published_time":"2011-05-27T11:33:01+00:00","article_modified_time":"2011-05-30T15:33:55+00:00","og_image":[{"url":"http:\/\/www.visit-ulcinj.com\/blog\/wp-content\/uploads\/2010\/03\/forca-logo-ulcinj-300x288.jpg"}],"twitter_misc":{"Written by":"ulqini","Est. reading time":"3 minutes"},"schema":{"@context":"https:\/\/schema.org","@graph":[{"@type":"WebSite","@id":"https:\/\/www.visit-ulcinj.com\/blog\/#website","url":"https:\/\/www.visit-ulcinj.com\/blog\/","name":"Lajme nga Ulqini","description":"Lajme,Vijesti,Ulqini,Ulqin,Crna Gora,Mali i Zi","potentialAction":[{"@type":"SearchAction","target":{"@type":"EntryPoint","urlTemplate":"https:\/\/www.visit-ulcinj.com\/blog\/?s={search_term_string}"},"query-input":"required name=search_term_string"}],"inLanguage":"en-US"},{"@type":"ImageObject","inLanguage":"en-US","@id":"https:\/\/www.visit-ulcinj.com\/blog\/2011\/05\/27\/keshilli-nacional-i-arsimit-pa-perfaqesues-te-shqiptareve\/#primaryimage","url":"https:\/\/www.visit-ulcinj.com\/blog\/wp-content\/uploads\/2010\/03\/forca-logo-ulcinj.jpg","contentUrl":"https:\/\/www.visit-ulcinj.com\/blog\/wp-content\/uploads\/2010\/03\/forca-logo-ulcinj.jpg","width":"500","height":"481"},{"@type":"WebPage","@id":"https:\/\/www.visit-ulcinj.com\/blog\/2011\/05\/27\/keshilli-nacional-i-arsimit-pa-perfaqesues-te-shqiptareve\/#webpage","url":"https:\/\/www.visit-ulcinj.com\/blog\/2011\/05\/27\/keshilli-nacional-i-arsimit-pa-perfaqesues-te-shqiptareve\/","name":"K\u00ebshilli nacional i arsimit pa p\u00ebrfaq\u00ebsues t\u00eb shqiptar\u00ebve - Lajme nga Ulqini","isPartOf":{"@id":"https:\/\/www.visit-ulcinj.com\/blog\/#website"},"primaryImageOfPage":{"@id":"https:\/\/www.visit-ulcinj.com\/blog\/2011\/05\/27\/keshilli-nacional-i-arsimit-pa-perfaqesues-te-shqiptareve\/#primaryimage"},"datePublished":"2011-05-27T11:33:01+00:00","dateModified":"2011-05-30T15:33:55+00:00","author":{"@id":"https:\/\/www.visit-ulcinj.com\/blog\/#\/schema\/person\/dcab619c614d3038751c63bc2aadc06d"},"description":"Dit\u00eb m\u00eb par\u00eb opinioni i gjer\u00eb\u00a0 u njoftua mbi konstituimin e K\u00ebshillit Nacional\u00a0 t\u00eb Arsimit, q\u00eb \u00ebsht\u00eb subjekti m\u00eb i lart\u00eb arsimor n\u00eb Mal t\u00eb Zi. Nga","breadcrumb":{"@id":"https:\/\/www.visit-ulcinj.com\/blog\/2011\/05\/27\/keshilli-nacional-i-arsimit-pa-perfaqesues-te-shqiptareve\/#breadcrumb"},"inLanguage":"en-US","potentialAction":[{"@type":"ReadAction","target":["https:\/\/www.visit-ulcinj.com\/blog\/2011\/05\/27\/keshilli-nacional-i-arsimit-pa-perfaqesues-te-shqiptareve\/"]}]},{"@type":"BreadcrumbList","@id":"https:\/\/www.visit-ulcinj.com\/blog\/2011\/05\/27\/keshilli-nacional-i-arsimit-pa-perfaqesues-te-shqiptareve\/#breadcrumb","itemListElement":[{"@type":"ListItem","position":1,"name":"K\u00ebshilli nacional i arsimit pa p\u00ebrfaq\u00ebsues t\u00eb shqiptar\u00ebve"}]},{"@type":"Person","@id":"https:\/\/www.visit-ulcinj.com\/blog\/#\/schema\/person\/dcab619c614d3038751c63bc2aadc06d","name":"ulqini","sameAs":["http:\/\/www.visit-ulcinj.com"],"url":"https:\/\/www.visit-ulcinj.com\/blog\/author\/admin\/"}]}},"jetpack_featured_media_url":"","jetpack_sharing_enabled":true,"jetpack_shortlink":"https:\/\/wp.me\/pe6lTn-cdv","_links":{"self":[{"href":"https:\/\/www.visit-ulcinj.com\/blog\/wp-json\/wp\/v2\/posts\/46965"}],"collection":[{"href":"https:\/\/www.visit-ulcinj.com\/blog\/wp-json\/wp\/v2\/posts"}],"about":[{"href":"https:\/\/www.visit-ulcinj.com\/blog\/wp-json\/wp\/v2\/types\/post"}],"author":[{"embeddable":true,"href":"https:\/\/www.visit-ulcinj.com\/blog\/wp-json\/wp\/v2\/users\/1"}],"replies":[{"embeddable":true,"href":"https:\/\/www.visit-ulcinj.com\/blog\/wp-json\/wp\/v2\/comments?post=46965"}],"version-history":[{"count":0,"href":"https:\/\/www.visit-ulcinj.com\/blog\/wp-json\/wp\/v2\/posts\/46965\/revisions"}],"wp:attachment":[{"href":"https:\/\/www.visit-ulcinj.com\/blog\/wp-json\/wp\/v2\/media?parent=46965"}],"wp:term":[{"taxonomy":"category","embeddable":true,"href":"https:\/\/www.visit-ulcinj.com\/blog\/wp-json\/wp\/v2\/categories?post=46965"},{"taxonomy":"post_tag","embeddable":true,"href":"https:\/\/www.visit-ulcinj.com\/blog\/wp-json\/wp\/v2\/tags?post=46965"}],"curies":[{"name":"wp","href":"https:\/\/api.w.org\/{rel}","templated":true}]}}