{"id":46984,"date":"2011-05-28T08:56:41","date_gmt":"2011-05-28T07:56:41","guid":{"rendered":"http:\/\/www.visit-ulcinj.com\/blog\/?p=46984"},"modified":"2011-05-28T09:03:57","modified_gmt":"2011-05-28T08:03:57","slug":"ulqini-edhe-kesaj-vere-me-cmime-te-ulta-per-turistet","status":"publish","type":"post","link":"https:\/\/www.visit-ulcinj.com\/blog\/2011\/05\/28\/ulqini-edhe-kesaj-vere-me-cmime-te-ulta-per-turistet\/","title":{"rendered":"Ulqini edhe k\u00ebsaj vere me \u00e7mime te ulta p\u00ebr turist\u00ebt"},"content":{"rendered":"<p><a href=\"http:\/\/www.visit-ulcinj.com\/blog\/wp-content\/uploads\/2011\/05\/BLUE-FLAG-BEACH-ULCINJ_MONTENEGROToni-Grill-BeachMiami-BeachSafari-BeachTropicana-BeachCopacabana-Beach-MCM-BeachEvropa-Beach-.jpg\"><img loading=\"lazy\" class=\"alignleft size-large wp-image-46985\" title=\"BLUE FLAG BEACH ULCINJ_MONTENEGRO,Toni Grill Beach,Miami Beach,Safari Beach,Tropicana Beach,Copacabana Beach, MCM Beach,Evropa Beach ,\" src=\"http:\/\/www.visit-ulcinj.com\/blog\/wp-content\/uploads\/2011\/05\/BLUE-FLAG-BEACH-ULCINJ_MONTENEGROToni-Grill-BeachMiami-BeachSafari-BeachTropicana-BeachCopacabana-Beach-MCM-BeachEvropa-Beach--1024x685.jpg\" alt=\"\" width=\"508\" height=\"380\" \/><\/a>Ulqini dhe n\u00eb pergjthesi Mali i Zi ben\u00eb ulje \u00e7mimesh p\u00ebr t\u00eb t\u00ebrheqyr sa m\u00eb shum\u00eb turist\u00eb. Kjo \u00ebsht\u00eb strategjia q\u00eb ka zgjedhur p\u00ebr k\u00ebt\u00eb sezon veror sektori i turizmit i Malit t\u00eb Zi e sidomos Komuna e Ulqinit. N\u00eb nj\u00eb prezantim \u00a0t\u00eb ofert\u00ebs turistike verore ne panairet e nryshme, administrator\u00ebt publik\u00eb than\u00eb se p\u00ebr k\u00ebt\u00eb vit ofrohen \u00e7mime tejet t\u00eb volitshme.<\/p>\n<p>&#8220;Ne po ofrojm\u00eb p\u00ebr turist\u00ebt q\u00eb d\u00ebshirojn\u00eb t\u00eb kalojn\u00eb pushime n\u00eb Mal t\u00eb Zi \u00e7mime shum\u00eb t\u00eb volitshme. N\u00eb kulmin e sezonit \u00e7mimi \u00ebsht\u00eb nga 70 deri n\u00eb 77 euro n\u00eb jav\u00eb p\u00ebr banesat private. Q\u00ebndrimi shtat\u00eb ditor n\u00eb hotele shkon nga 155 deri 280 euro. Kjo ofert\u00eb p\u00ebrfshin hotelet t\u00eb kategoris\u00eb nga 2 deri n\u00eb 4 yje&#8221;, keshtu shprehet , menaxheri i organizates komb\u00ebtare t\u00eb turizmit Mali Zi.<\/p>\n<p>&#8220;Jemi m\u00eb konkurrentit, kemi \u00e7mime m\u00eb t\u00eb ul\u00ebta, por standarde t\u00eb mira. Duhet tu b\u00ebj\u00eb me dije se dhe sivjet shume plazhe t\u00eb Ulqinit,sikurse n\u00eb plazhet e quajtur Toni Grill Beach,Miami Beach,Safari Beach,Tropicana Beach,Copacabana Beach, MCM Beach,Evropa Beach\u00a0 n\u00eb Ulqin, kane marr \u00e7mimin e flamurit t\u00eb kalt\u00ebrt, q\u00eb tregon q\u00eb jan\u00eb arritur standardet me larta evropiane\u00a0 \u00e7ka i takon plazheve.<\/p>\n<p>Mali i Zi ka rreth 300 hotele me kapacitet 40 mij\u00eb shtret\u00ebr t\u00eb standarteve t\u00eb larta nd\u00ebrkomb\u00ebtare. Gjysma e k\u00ebtyre hoteleve jan\u00eb me 3 deri 5 yje. 19 plazhe malazeze kan\u00eb fituar flamurin e kalt\u00ebrt, nj\u00eb \u00e7ertifikat\u00eb e siguris\u00eb, past\u00ebrtis\u00eb, regullit dhe cil\u00ebsis\u00eb. N\u00eb k\u00ebt\u00eb vend, ku turizmi sjell 20 p\u00ebr qind t\u00eb t\u00eb ardhurave komb\u00ebtare pushojn\u00eb deri n\u00eb 9 milion turist\u00eb n\u00eb vit.<\/p>\n<p>Do ti paraqesim plazhet me flamur t\u00eb kaltert n\u00eb Mal t\u00eb Zi.<\/p>\n<table border=\"0\" cellpadding=\"0\" width=\"100%\">\n<thead>\n<tr>\n<td width=\"15%\"><strong><a title=\"Click to Sort by Category\" href=\"http:\/\/www.blueflag.org\/Menu\/Blue+Flag+beaches%2fmarinas\/2010\/Northern+Hemisphere\/Montenegro\/Montenegro\/SortCategory\/1\">Category<\/a><\/strong><\/td>\n<td width=\"30%\"><strong><a title=\"Click to Sort by Municipality\" href=\"http:\/\/www.blueflag.org\/Menu\/Blue+Flag+beaches%2fmarinas\/2010\/Northern+Hemisphere\/Montenegro\/Montenegro\/SortMunicipality\/1\">Municipality<\/a><\/strong><\/td>\n<td width=\"40%\"><strong><a title=\"Click to Sort by Beach\/Marina name\" href=\"http:\/\/www.blueflag.org\/Menu\/Blue+Flag+beaches%2fmarinas\/2010\/Northern+Hemisphere\/Montenegro\/Montenegro\/SortLocation\/1\">Beach\/Marina    name<\/a><\/strong><\/td>\n<td><strong> <\/strong><\/td>\n<\/tr>\n<\/thead>\n<tbody>\n<tr>\n<td><a href=\"http:\/\/www.blueflag.org\/Menu\/Blue+Flag+beaches%2fmarinas\/2010\/Northern+Hemisphere\/Montenegro\/Montenegro\/ALMARABEACH\">Beach<\/a><\/td>\n<td><a href=\"http:\/\/www.blueflag.org\/Menu\/Blue+Flag+beaches%2fmarinas\/2010\/Northern+Hemisphere\/Montenegro\/Montenegro\/ALMARABEACH\">Tivat <\/a><\/td>\n<td><a href=\"http:\/\/www.blueflag.org\/Menu\/Blue+Flag+beaches%2fmarinas\/2010\/Northern+Hemisphere\/Montenegro\/Montenegro\/ALMARABEACH\">ALMARA BEACH &#8211; Oblatno<\/a><\/td>\n<td><\/td>\n<\/tr>\n<tr>\n<td><a href=\"http:\/\/www.blueflag.org\/Menu\/Blue+Flag+beaches%2fmarinas\/2010\/Northern+Hemisphere\/Montenegro\/Montenegro\/CENTARSUTOMORE\">Beach<\/a><\/td>\n<td><a href=\"http:\/\/www.blueflag.org\/Menu\/Blue+Flag+beaches%2fmarinas\/2010\/Northern+Hemisphere\/Montenegro\/Montenegro\/CENTARSUTOMORE\">Bar <\/a><\/td>\n<td><a href=\"http:\/\/www.blueflag.org\/Menu\/Blue+Flag+beaches%2fmarinas\/2010\/Northern+Hemisphere\/Montenegro\/Montenegro\/CENTARSUTOMORE\">CENTAR &#8211; Sutomore<\/a><\/td>\n<td><\/td>\n<\/tr>\n<tr>\n<td><a href=\"http:\/\/www.blueflag.org\/Menu\/Blue+Flag+beaches%2fmarinas\/2010\/Northern+Hemisphere\/Montenegro\/Montenegro\/CLUB+HOTEL+RIVIERA\">Beach<\/a><\/td>\n<td><a href=\"http:\/\/www.blueflag.org\/Menu\/Blue+Flag+beaches%2fmarinas\/2010\/Northern+Hemisphere\/Montenegro\/Montenegro\/CLUB+HOTEL+RIVIERA\">Herceg Novi <\/a><\/td>\n<td><a href=\"http:\/\/www.blueflag.org\/Menu\/Blue+Flag+beaches%2fmarinas\/2010\/Northern+Hemisphere\/Montenegro\/Montenegro\/CLUB+HOTEL+RIVIERA\">CLUB HOTEL RIVIERA &#8211; Njivice<\/a><\/td>\n<td><\/td>\n<\/tr>\n<tr>\n<td><strong><a href=\"http:\/\/www.blueflag.org\/Menu\/Blue+Flag+beaches%2fmarinas\/2010\/Northern+Hemisphere\/Montenegro\/Montenegro\/COPACABANA\">Beach<\/a><\/strong><\/td>\n<td><strong><a href=\"http:\/\/www.blueflag.org\/Menu\/Blue+Flag+beaches%2fmarinas\/2010\/Northern+Hemisphere\/Montenegro\/Montenegro\/COPACABANA\">Ulcinj <\/a><\/strong><\/td>\n<td><strong><a href=\"http:\/\/www.blueflag.org\/Menu\/Blue+Flag+beaches%2fmarinas\/2010\/Northern+Hemisphere\/Montenegro\/Montenegro\/COPACABANA\">COPACABANA &#8211; Velika ulcinjska plaza<\/a><\/strong><\/td>\n<td><\/td>\n<\/tr>\n<tr>\n<td><a href=\"http:\/\/www.blueflag.org\/Menu\/Blue+Flag+beaches%2fmarinas\/2010\/Northern+Hemisphere\/Montenegro\/Montenegro\/CUBA+LIBRE+ZANJIC\">Beach<\/a><\/td>\n<td><a href=\"http:\/\/www.blueflag.org\/Menu\/Blue+Flag+beaches%2fmarinas\/2010\/Northern+Hemisphere\/Montenegro\/Montenegro\/CUBA+LIBRE+ZANJIC\">Herceg Novi <\/a><\/td>\n<td><a href=\"http:\/\/www.blueflag.org\/Menu\/Blue+Flag+beaches%2fmarinas\/2010\/Northern+Hemisphere\/Montenegro\/Montenegro\/CUBA+LIBRE+ZANJIC\">CUBA LIBRE &#8211; Zanjic<\/a><\/td>\n<td><\/td>\n<\/tr>\n<tr>\n<td><a href=\"http:\/\/www.blueflag.org\/Menu\/Blue+Flag+beaches%2fmarinas\/2010\/Northern+Hemisphere\/Montenegro\/Montenegro\/DOBREC\">Beach<\/a><\/td>\n<td><a href=\"http:\/\/www.blueflag.org\/Menu\/Blue+Flag+beaches%2fmarinas\/2010\/Northern+Hemisphere\/Montenegro\/Montenegro\/DOBREC\">Herceg Novi <\/a><\/td>\n<td><a href=\"http:\/\/www.blueflag.org\/Menu\/Blue+Flag+beaches%2fmarinas\/2010\/Northern+Hemisphere\/Montenegro\/Montenegro\/DOBREC\">DOBREC &#8211; Lustica<\/a><\/td>\n<td><\/td>\n<\/tr>\n<tr>\n<td><strong><a href=\"http:\/\/www.blueflag.org\/Menu\/Blue+Flag+beaches%2fmarinas\/2010\/Northern+Hemisphere\/Montenegro\/Montenegro\/EVROPABEACH\">Beach<\/a><\/strong><\/td>\n<td><strong><a href=\"http:\/\/www.blueflag.org\/Menu\/Blue+Flag+beaches%2fmarinas\/2010\/Northern+Hemisphere\/Montenegro\/Montenegro\/EVROPABEACH\">Ulcinj<\/a><\/strong><\/td>\n<td><strong><a href=\"http:\/\/www.blueflag.org\/Menu\/Blue+Flag+beaches%2fmarinas\/2010\/Northern+Hemisphere\/Montenegro\/Montenegro\/EVROPABEACH\">EVROPA BEACH &#8211; Velika ulcinjska plaza<\/a><\/strong><\/td>\n<td><\/td>\n<\/tr>\n<tr>\n<td><a href=\"http:\/\/www.blueflag.org\/Menu\/Blue+Flag+beaches%2fmarinas\/2010\/Northern+Hemisphere\/Montenegro\/Montenegro\/HOTELBELLEVUE\">Beach<\/a><\/td>\n<td><a href=\"http:\/\/www.blueflag.org\/Menu\/Blue+Flag+beaches%2fmarinas\/2010\/Northern+Hemisphere\/Montenegro\/Montenegro\/HOTELBELLEVUE\">Budva<\/a><\/td>\n<td><a href=\"http:\/\/www.blueflag.org\/Menu\/Blue+Flag+beaches%2fmarinas\/2010\/Northern+Hemisphere\/Montenegro\/Montenegro\/HOTELBELLEVUE\">HOTEL BELLEVUE &#8211; Becici<\/a><\/td>\n<td><\/td>\n<\/tr>\n<tr>\n<td><a href=\"http:\/\/www.blueflag.org\/Menu\/Blue+Flag+beaches%2fmarinas\/2010\/Northern+Hemisphere\/Montenegro\/Montenegro\/KALARDOVO\">Beach<\/a><\/td>\n<td><a href=\"http:\/\/www.blueflag.org\/Menu\/Blue+Flag+beaches%2fmarinas\/2010\/Northern+Hemisphere\/Montenegro\/Montenegro\/KALARDOVO\">Tivat <\/a><\/td>\n<td><a href=\"http:\/\/www.blueflag.org\/Menu\/Blue+Flag+beaches%2fmarinas\/2010\/Northern+Hemisphere\/Montenegro\/Montenegro\/KALARDOVO\">KALARDOVO &#8211; Tivat<\/a><\/td>\n<td><\/td>\n<\/tr>\n<tr>\n<td><strong><a href=\"http:\/\/www.blueflag.org\/Menu\/Blue+Flag+beaches%2fmarinas\/2010\/Northern+Hemisphere\/Montenegro\/Montenegro\/MCMBEACH\">Beach<\/a><\/strong><\/td>\n<td><strong><a href=\"http:\/\/www.blueflag.org\/Menu\/Blue+Flag+beaches%2fmarinas\/2010\/Northern+Hemisphere\/Montenegro\/Montenegro\/MCMBEACH\">Ulcinj<\/a><\/strong><\/td>\n<td><strong><a href=\"http:\/\/www.blueflag.org\/Menu\/Blue+Flag+beaches%2fmarinas\/2010\/Northern+Hemisphere\/Montenegro\/Montenegro\/MCMBEACH\">MCM BEACH &#8211; Velika Ulcinjska plaza<\/a><\/strong><\/td>\n<td><\/td>\n<\/tr>\n<tr>\n<td><strong><a href=\"http:\/\/www.blueflag.org\/Menu\/Blue+Flag+beaches%2fmarinas\/2010\/Northern+Hemisphere\/Montenegro\/Montenegro\/MIAMI\">Beach<\/a><\/strong><\/td>\n<td><strong><a href=\"http:\/\/www.blueflag.org\/Menu\/Blue+Flag+beaches%2fmarinas\/2010\/Northern+Hemisphere\/Montenegro\/Montenegro\/MIAMI\">Ulcinj <\/a><\/strong><\/td>\n<td><strong><a href=\"http:\/\/www.blueflag.org\/Menu\/Blue+Flag+beaches%2fmarinas\/2010\/Northern+Hemisphere\/Montenegro\/Montenegro\/MIAMI\">MIAMI &#8211; Velika ulcinjska plaza<\/a><\/strong><\/td>\n<td><\/td>\n<\/tr>\n<tr>\n<td><a href=\"http:\/\/www.blueflag.org\/Menu\/Blue+Flag+beaches%2fmarinas\/2010\/Northern+Hemisphere\/Montenegro\/Montenegro\/PARADISO\">Beach<\/a><\/td>\n<td><a href=\"http:\/\/www.blueflag.org\/Menu\/Blue+Flag+beaches%2fmarinas\/2010\/Northern+Hemisphere\/Montenegro\/Montenegro\/PARADISO\">Bar<\/a><\/td>\n<td><a href=\"http:\/\/www.blueflag.org\/Menu\/Blue+Flag+beaches%2fmarinas\/2010\/Northern+Hemisphere\/Montenegro\/Montenegro\/PARADISO\">PARADISO &#8211; Utjeha<\/a><\/td>\n<td><\/td>\n<\/tr>\n<tr>\n<td><a href=\"http:\/\/www.blueflag.org\/Menu\/Blue+Flag+beaches%2fmarinas\/2010\/Northern+Hemisphere\/Montenegro\/Montenegro\/PLAVI+HORIZONTI\">Beach<\/a><\/td>\n<td><a href=\"http:\/\/www.blueflag.org\/Menu\/Blue+Flag+beaches%2fmarinas\/2010\/Northern+Hemisphere\/Montenegro\/Montenegro\/PLAVI+HORIZONTI\">Tivat <\/a><\/td>\n<td><a href=\"http:\/\/www.blueflag.org\/Menu\/Blue+Flag+beaches%2fmarinas\/2010\/Northern+Hemisphere\/Montenegro\/Montenegro\/PLAVI+HORIZONTI\">PLAVI HORIZONTI &#8211; Przno<\/a><\/td>\n<td><\/td>\n<\/tr>\n<tr>\n<td><a href=\"http:\/\/www.blueflag.org\/Menu\/Blue+Flag+beaches%2fmarinas\/2010\/Northern+Hemisphere\/Montenegro\/Montenegro\/PORTO+-+ZANJIC\">Beach<\/a><\/td>\n<td><a href=\"http:\/\/www.blueflag.org\/Menu\/Blue+Flag+beaches%2fmarinas\/2010\/Northern+Hemisphere\/Montenegro\/Montenegro\/PORTO+-+ZANJIC\">Herceg Novi <\/a><\/td>\n<td><a href=\"http:\/\/www.blueflag.org\/Menu\/Blue+Flag+beaches%2fmarinas\/2010\/Northern+Hemisphere\/Montenegro\/Montenegro\/PORTO+-+ZANJIC\">PORTO &#8211; Zanjic<\/a><\/td>\n<td><\/td>\n<\/tr>\n<tr>\n<td><a href=\"http:\/\/www.blueflag.org\/Menu\/Blue+Flag+beaches%2fmarinas\/2010\/Northern+Hemisphere\/Montenegro\/Montenegro\/QUEEN+OF+MONTENEGRO\">Beach<\/a><\/td>\n<td><a href=\"http:\/\/www.blueflag.org\/Menu\/Blue+Flag+beaches%2fmarinas\/2010\/Northern+Hemisphere\/Montenegro\/Montenegro\/QUEEN+OF+MONTENEGRO\">Budva <\/a><\/td>\n<td><a href=\"http:\/\/www.blueflag.org\/Menu\/Blue+Flag+beaches%2fmarinas\/2010\/Northern+Hemisphere\/Montenegro\/Montenegro\/QUEEN+OF+MONTENEGRO\">QUEEN OF MONTENEGRO &#8211; Becici<\/a><\/td>\n<td><\/td>\n<\/tr>\n<tr>\n<td><strong><a href=\"http:\/\/www.blueflag.org\/Menu\/Blue+Flag+beaches%2fmarinas\/2010\/Northern+Hemisphere\/Montenegro\/Montenegro\/SAFARI\">Beach<\/a><\/strong><\/td>\n<td><strong><a href=\"http:\/\/www.blueflag.org\/Menu\/Blue+Flag+beaches%2fmarinas\/2010\/Northern+Hemisphere\/Montenegro\/Montenegro\/SAFARI\">Ulcinj <\/a><\/strong><\/td>\n<td><strong><a href=\"http:\/\/www.blueflag.org\/Menu\/Blue+Flag+beaches%2fmarinas\/2010\/Northern+Hemisphere\/Montenegro\/Montenegro\/SAFARI\">SAFARI &#8211; Velika ulcinjska plaza<\/a><\/strong><\/td>\n<td><\/td>\n<\/tr>\n<tr>\n<td><a href=\"http:\/\/www.blueflag.org\/Menu\/Blue+Flag+beaches%2fmarinas\/2010\/Northern+Hemisphere\/Montenegro\/Montenegro\/SVETI+TOMA\">Beach<\/a><\/td>\n<td><a href=\"http:\/\/www.blueflag.org\/Menu\/Blue+Flag+beaches%2fmarinas\/2010\/Northern+Hemisphere\/Montenegro\/Montenegro\/SVETI+TOMA\">Budva <\/a><\/td>\n<td><a href=\"http:\/\/www.blueflag.org\/Menu\/Blue+Flag+beaches%2fmarinas\/2010\/Northern+Hemisphere\/Montenegro\/Montenegro\/SVETI+TOMA\">SVETI TOMA &#8211; Becici<\/a><\/td>\n<td><\/td>\n<\/tr>\n<tr>\n<td><strong><a href=\"http:\/\/www.blueflag.org\/Menu\/Blue+Flag+beaches%2fmarinas\/2010\/Northern+Hemisphere\/Montenegro\/Montenegro\/TONI+GRILL\">Beach<\/a><\/strong><\/td>\n<td><strong><a href=\"http:\/\/www.blueflag.org\/Menu\/Blue+Flag+beaches%2fmarinas\/2010\/Northern+Hemisphere\/Montenegro\/Montenegro\/TONI+GRILL\">Ulcinj <\/a><\/strong><\/td>\n<td><strong><a href=\"http:\/\/www.blueflag.org\/Menu\/Blue+Flag+beaches%2fmarinas\/2010\/Northern+Hemisphere\/Montenegro\/Montenegro\/TONI+GRILL\">TONI GRILL &#8211;   Velika ulcinjska plaza<\/a><\/strong><\/td>\n<td><\/td>\n<\/tr>\n<tr>\n<td><strong><a href=\"http:\/\/www.blueflag.org\/Menu\/Blue+Flag+beaches%2fmarinas\/2010\/Northern+Hemisphere\/Montenegro\/Montenegro\/TROPICANA\">Beach<\/a><\/strong><\/td>\n<td><strong><a href=\"http:\/\/www.blueflag.org\/Menu\/Blue+Flag+beaches%2fmarinas\/2010\/Northern+Hemisphere\/Montenegro\/Montenegro\/TROPICANA\">Ulcinj <\/a><\/strong><\/td>\n<td><strong><a href=\"http:\/\/www.blueflag.org\/Menu\/Blue+Flag+beaches%2fmarinas\/2010\/Northern+Hemisphere\/Montenegro\/Montenegro\/TROPICANA\">TROPICANA &#8211; Velika ulcinjska plaza<\/a><\/strong><\/td>\n<td><\/td>\n<\/tr>\n<\/tbody>\n<\/table>\n<p><strong>Beaches in total: 19<\/strong><br \/>\n<strong> Marinas in total: 0<\/strong><\/p>\n<p><strong><a title=\"THE BLUE FLAG MONTENEGRO\" href=\"http:\/\/www.blueflag.org\/Menu\/Blue+Flag+beaches%2fmarinas\/2010\/Northern+Hemisphere\/Montenegro\/Montenegro\" target=\"_blank\">Link: Blue Flag Montenegro<\/a><\/strong><\/p>\n<p><strong><!--YouTube Error: bad URL entered--><br \/>\n<\/strong><\/p>\n<p><strong><br \/>\n<\/strong><\/p>\n","protected":false},"excerpt":{"rendered":"<p>Ulqini dhe n\u00eb pergjthesi Mali i Zi ben\u00eb ulje \u00e7mimesh p\u00ebr t\u00eb t\u00ebrheqyr sa m\u00eb shum\u00eb turist\u00eb. Kjo \u00ebsht\u00eb strategjia q\u00eb ka zgjedhur p\u00ebr k\u00ebt\u00eb sezon veror sektori i turizmit i Malit t\u00eb Zi e sidomos Komuna e Ulqinit. N\u00eb nj\u00eb prezantim \u00a0t\u00eb ofert\u00ebs turistike verore ne panairet e nryshme, administrator\u00ebt publik\u00eb than\u00eb se p\u00ebr [&hellip;]<\/p>\n","protected":false},"author":1,"featured_media":0,"comment_status":"open","ping_status":"closed","sticky":false,"template":"","format":"standard","meta":{"spay_email":"","jetpack_publicize_message":"","jetpack_is_tweetstorm":false,"jetpack_publicize_feature_enabled":true},"categories":[15],"tags":[9720,18311,18310,18307,79,18308,18312,18306,18309,19,200,18],"jetpack_publicize_connections":[],"yoast_head":"<!-- This site is optimized with the Yoast SEO plugin v19.1 - https:\/\/yoast.com\/wordpress\/plugins\/seo\/ -->\n<title>Ulqini edhe k\u00ebsaj vere me \u00e7mime te ulta p\u00ebr turist\u00ebt - Lajme nga Ulqini<\/title>\n<meta name=\"description\" content=\"Ulqini dhe n\u00eb pergjthesi Mali i Zi ben\u00eb ulje \u00e7mimesh p\u00ebr t\u00eb t\u00ebrheqyr sa m\u00eb shum\u00eb turist\u00eb. Kjo \u00ebsht\u00eb strategjia q\u00eb ka zgjedhur p\u00ebr k\u00ebt\u00eb sezon veror sektori\" \/>\n<meta name=\"robots\" content=\"index, follow, max-snippet:-1, max-image-preview:large, max-video-preview:-1\" \/>\n<link rel=\"canonical\" href=\"https:\/\/www.visit-ulcinj.com\/blog\/2011\/05\/28\/ulqini-edhe-kesaj-vere-me-cmime-te-ulta-per-turistet\/\" \/>\n<meta property=\"og:locale\" content=\"en_US\" \/>\n<meta property=\"og:type\" content=\"article\" \/>\n<meta property=\"og:title\" content=\"Ulqini edhe k\u00ebsaj vere me \u00e7mime te ulta p\u00ebr turist\u00ebt - Lajme nga Ulqini\" \/>\n<meta property=\"og:description\" content=\"Ulqini dhe n\u00eb pergjthesi Mali i Zi ben\u00eb ulje \u00e7mimesh p\u00ebr t\u00eb t\u00ebrheqyr sa m\u00eb shum\u00eb turist\u00eb. Kjo \u00ebsht\u00eb strategjia q\u00eb ka zgjedhur p\u00ebr k\u00ebt\u00eb sezon veror sektori\" \/>\n<meta property=\"og:url\" content=\"https:\/\/www.visit-ulcinj.com\/blog\/2011\/05\/28\/ulqini-edhe-kesaj-vere-me-cmime-te-ulta-per-turistet\/\" \/>\n<meta property=\"og:site_name\" content=\"Lajme nga Ulqini\" \/>\n<meta property=\"article:published_time\" content=\"2011-05-28T07:56:41+00:00\" \/>\n<meta property=\"article:modified_time\" content=\"2011-05-28T08:03:57+00:00\" \/>\n<meta property=\"og:image\" content=\"http:\/\/www.visit-ulcinj.com\/blog\/wp-content\/uploads\/2011\/05\/BLUE-FLAG-BEACH-ULCINJ_MONTENEGROToni-Grill-BeachMiami-BeachSafari-BeachTropicana-BeachCopacabana-Beach-MCM-BeachEvropa-Beach--1024x685.jpg\" \/>\n<meta name=\"twitter:label1\" content=\"Written by\" \/>\n\t<meta name=\"twitter:data1\" content=\"ulqini\" \/>\n\t<meta name=\"twitter:label2\" content=\"Est. reading time\" \/>\n\t<meta name=\"twitter:data2\" content=\"2 minutes\" \/>\n<script type=\"application\/ld+json\" class=\"yoast-schema-graph\">{\"@context\":\"https:\/\/schema.org\",\"@graph\":[{\"@type\":\"WebSite\",\"@id\":\"https:\/\/www.visit-ulcinj.com\/blog\/#website\",\"url\":\"https:\/\/www.visit-ulcinj.com\/blog\/\",\"name\":\"Lajme nga Ulqini\",\"description\":\"Lajme,Vijesti,Ulqini,Ulqin,Crna Gora,Mali i Zi\",\"potentialAction\":[{\"@type\":\"SearchAction\",\"target\":{\"@type\":\"EntryPoint\",\"urlTemplate\":\"https:\/\/www.visit-ulcinj.com\/blog\/?s={search_term_string}\"},\"query-input\":\"required name=search_term_string\"}],\"inLanguage\":\"en-US\"},{\"@type\":\"ImageObject\",\"inLanguage\":\"en-US\",\"@id\":\"https:\/\/www.visit-ulcinj.com\/blog\/2011\/05\/28\/ulqini-edhe-kesaj-vere-me-cmime-te-ulta-per-turistet\/#primaryimage\",\"url\":\"https:\/\/www.visit-ulcinj.com\/blog\/wp-content\/uploads\/2011\/05\/BLUE-FLAG-BEACH-ULCINJ_MONTENEGROToni-Grill-BeachMiami-BeachSafari-BeachTropicana-BeachCopacabana-Beach-MCM-BeachEvropa-Beach-.jpg\",\"contentUrl\":\"https:\/\/www.visit-ulcinj.com\/blog\/wp-content\/uploads\/2011\/05\/BLUE-FLAG-BEACH-ULCINJ_MONTENEGROToni-Grill-BeachMiami-BeachSafari-BeachTropicana-BeachCopacabana-Beach-MCM-BeachEvropa-Beach-.jpg\",\"width\":\"1094\",\"height\":\"732\"},{\"@type\":\"WebPage\",\"@id\":\"https:\/\/www.visit-ulcinj.com\/blog\/2011\/05\/28\/ulqini-edhe-kesaj-vere-me-cmime-te-ulta-per-turistet\/#webpage\",\"url\":\"https:\/\/www.visit-ulcinj.com\/blog\/2011\/05\/28\/ulqini-edhe-kesaj-vere-me-cmime-te-ulta-per-turistet\/\",\"name\":\"Ulqini edhe k\u00ebsaj vere me \u00e7mime te ulta p\u00ebr turist\u00ebt - Lajme nga Ulqini\",\"isPartOf\":{\"@id\":\"https:\/\/www.visit-ulcinj.com\/blog\/#website\"},\"primaryImageOfPage\":{\"@id\":\"https:\/\/www.visit-ulcinj.com\/blog\/2011\/05\/28\/ulqini-edhe-kesaj-vere-me-cmime-te-ulta-per-turistet\/#primaryimage\"},\"datePublished\":\"2011-05-28T07:56:41+00:00\",\"dateModified\":\"2011-05-28T08:03:57+00:00\",\"author\":{\"@id\":\"https:\/\/www.visit-ulcinj.com\/blog\/#\/schema\/person\/dcab619c614d3038751c63bc2aadc06d\"},\"description\":\"Ulqini dhe n\u00eb pergjthesi Mali i Zi ben\u00eb ulje \u00e7mimesh p\u00ebr t\u00eb t\u00ebrheqyr sa m\u00eb shum\u00eb turist\u00eb. Kjo \u00ebsht\u00eb strategjia q\u00eb ka zgjedhur p\u00ebr k\u00ebt\u00eb sezon veror sektori\",\"breadcrumb\":{\"@id\":\"https:\/\/www.visit-ulcinj.com\/blog\/2011\/05\/28\/ulqini-edhe-kesaj-vere-me-cmime-te-ulta-per-turistet\/#breadcrumb\"},\"inLanguage\":\"en-US\",\"potentialAction\":[{\"@type\":\"ReadAction\",\"target\":[\"https:\/\/www.visit-ulcinj.com\/blog\/2011\/05\/28\/ulqini-edhe-kesaj-vere-me-cmime-te-ulta-per-turistet\/\"]}]},{\"@type\":\"BreadcrumbList\",\"@id\":\"https:\/\/www.visit-ulcinj.com\/blog\/2011\/05\/28\/ulqini-edhe-kesaj-vere-me-cmime-te-ulta-per-turistet\/#breadcrumb\",\"itemListElement\":[{\"@type\":\"ListItem\",\"position\":1,\"name\":\"Ulqini edhe k\u00ebsaj vere me \u00e7mime te ulta p\u00ebr turist\u00ebt\"}]},{\"@type\":\"Person\",\"@id\":\"https:\/\/www.visit-ulcinj.com\/blog\/#\/schema\/person\/dcab619c614d3038751c63bc2aadc06d\",\"name\":\"ulqini\",\"sameAs\":[\"http:\/\/www.visit-ulcinj.com\"],\"url\":\"https:\/\/www.visit-ulcinj.com\/blog\/author\/admin\/\"}]}<\/script>\n<!-- \/ Yoast SEO plugin. -->","yoast_head_json":{"title":"Ulqini edhe k\u00ebsaj vere me \u00e7mime te ulta p\u00ebr turist\u00ebt - Lajme nga Ulqini","description":"Ulqini dhe n\u00eb pergjthesi Mali i Zi ben\u00eb ulje \u00e7mimesh p\u00ebr t\u00eb t\u00ebrheqyr sa m\u00eb shum\u00eb turist\u00eb. Kjo \u00ebsht\u00eb strategjia q\u00eb ka zgjedhur p\u00ebr k\u00ebt\u00eb sezon veror sektori","robots":{"index":"index","follow":"follow","max-snippet":"max-snippet:-1","max-image-preview":"max-image-preview:large","max-video-preview":"max-video-preview:-1"},"canonical":"https:\/\/www.visit-ulcinj.com\/blog\/2011\/05\/28\/ulqini-edhe-kesaj-vere-me-cmime-te-ulta-per-turistet\/","og_locale":"en_US","og_type":"article","og_title":"Ulqini edhe k\u00ebsaj vere me \u00e7mime te ulta p\u00ebr turist\u00ebt - Lajme nga Ulqini","og_description":"Ulqini dhe n\u00eb pergjthesi Mali i Zi ben\u00eb ulje \u00e7mimesh p\u00ebr t\u00eb t\u00ebrheqyr sa m\u00eb shum\u00eb turist\u00eb. Kjo \u00ebsht\u00eb strategjia q\u00eb ka zgjedhur p\u00ebr k\u00ebt\u00eb sezon veror sektori","og_url":"https:\/\/www.visit-ulcinj.com\/blog\/2011\/05\/28\/ulqini-edhe-kesaj-vere-me-cmime-te-ulta-per-turistet\/","og_site_name":"Lajme nga Ulqini","article_published_time":"2011-05-28T07:56:41+00:00","article_modified_time":"2011-05-28T08:03:57+00:00","og_image":[{"url":"http:\/\/www.visit-ulcinj.com\/blog\/wp-content\/uploads\/2011\/05\/BLUE-FLAG-BEACH-ULCINJ_MONTENEGROToni-Grill-BeachMiami-BeachSafari-BeachTropicana-BeachCopacabana-Beach-MCM-BeachEvropa-Beach--1024x685.jpg"}],"twitter_misc":{"Written by":"ulqini","Est. reading time":"2 minutes"},"schema":{"@context":"https:\/\/schema.org","@graph":[{"@type":"WebSite","@id":"https:\/\/www.visit-ulcinj.com\/blog\/#website","url":"https:\/\/www.visit-ulcinj.com\/blog\/","name":"Lajme nga Ulqini","description":"Lajme,Vijesti,Ulqini,Ulqin,Crna Gora,Mali i Zi","potentialAction":[{"@type":"SearchAction","target":{"@type":"EntryPoint","urlTemplate":"https:\/\/www.visit-ulcinj.com\/blog\/?s={search_term_string}"},"query-input":"required name=search_term_string"}],"inLanguage":"en-US"},{"@type":"ImageObject","inLanguage":"en-US","@id":"https:\/\/www.visit-ulcinj.com\/blog\/2011\/05\/28\/ulqini-edhe-kesaj-vere-me-cmime-te-ulta-per-turistet\/#primaryimage","url":"https:\/\/www.visit-ulcinj.com\/blog\/wp-content\/uploads\/2011\/05\/BLUE-FLAG-BEACH-ULCINJ_MONTENEGROToni-Grill-BeachMiami-BeachSafari-BeachTropicana-BeachCopacabana-Beach-MCM-BeachEvropa-Beach-.jpg","contentUrl":"https:\/\/www.visit-ulcinj.com\/blog\/wp-content\/uploads\/2011\/05\/BLUE-FLAG-BEACH-ULCINJ_MONTENEGROToni-Grill-BeachMiami-BeachSafari-BeachTropicana-BeachCopacabana-Beach-MCM-BeachEvropa-Beach-.jpg","width":"1094","height":"732"},{"@type":"WebPage","@id":"https:\/\/www.visit-ulcinj.com\/blog\/2011\/05\/28\/ulqini-edhe-kesaj-vere-me-cmime-te-ulta-per-turistet\/#webpage","url":"https:\/\/www.visit-ulcinj.com\/blog\/2011\/05\/28\/ulqini-edhe-kesaj-vere-me-cmime-te-ulta-per-turistet\/","name":"Ulqini edhe k\u00ebsaj vere me \u00e7mime te ulta p\u00ebr turist\u00ebt - Lajme nga Ulqini","isPartOf":{"@id":"https:\/\/www.visit-ulcinj.com\/blog\/#website"},"primaryImageOfPage":{"@id":"https:\/\/www.visit-ulcinj.com\/blog\/2011\/05\/28\/ulqini-edhe-kesaj-vere-me-cmime-te-ulta-per-turistet\/#primaryimage"},"datePublished":"2011-05-28T07:56:41+00:00","dateModified":"2011-05-28T08:03:57+00:00","author":{"@id":"https:\/\/www.visit-ulcinj.com\/blog\/#\/schema\/person\/dcab619c614d3038751c63bc2aadc06d"},"description":"Ulqini dhe n\u00eb pergjthesi Mali i Zi ben\u00eb ulje \u00e7mimesh p\u00ebr t\u00eb t\u00ebrheqyr sa m\u00eb shum\u00eb turist\u00eb. Kjo \u00ebsht\u00eb strategjia q\u00eb ka zgjedhur p\u00ebr k\u00ebt\u00eb sezon veror sektori","breadcrumb":{"@id":"https:\/\/www.visit-ulcinj.com\/blog\/2011\/05\/28\/ulqini-edhe-kesaj-vere-me-cmime-te-ulta-per-turistet\/#breadcrumb"},"inLanguage":"en-US","potentialAction":[{"@type":"ReadAction","target":["https:\/\/www.visit-ulcinj.com\/blog\/2011\/05\/28\/ulqini-edhe-kesaj-vere-me-cmime-te-ulta-per-turistet\/"]}]},{"@type":"BreadcrumbList","@id":"https:\/\/www.visit-ulcinj.com\/blog\/2011\/05\/28\/ulqini-edhe-kesaj-vere-me-cmime-te-ulta-per-turistet\/#breadcrumb","itemListElement":[{"@type":"ListItem","position":1,"name":"Ulqini edhe k\u00ebsaj vere me \u00e7mime te ulta p\u00ebr turist\u00ebt"}]},{"@type":"Person","@id":"https:\/\/www.visit-ulcinj.com\/blog\/#\/schema\/person\/dcab619c614d3038751c63bc2aadc06d","name":"ulqini","sameAs":["http:\/\/www.visit-ulcinj.com"],"url":"https:\/\/www.visit-ulcinj.com\/blog\/author\/admin\/"}]}},"jetpack_featured_media_url":"","jetpack_sharing_enabled":true,"jetpack_shortlink":"https:\/\/wp.me\/pe6lTn-cdO","_links":{"self":[{"href":"https:\/\/www.visit-ulcinj.com\/blog\/wp-json\/wp\/v2\/posts\/46984"}],"collection":[{"href":"https:\/\/www.visit-ulcinj.com\/blog\/wp-json\/wp\/v2\/posts"}],"about":[{"href":"https:\/\/www.visit-ulcinj.com\/blog\/wp-json\/wp\/v2\/types\/post"}],"author":[{"embeddable":true,"href":"https:\/\/www.visit-ulcinj.com\/blog\/wp-json\/wp\/v2\/users\/1"}],"replies":[{"embeddable":true,"href":"https:\/\/www.visit-ulcinj.com\/blog\/wp-json\/wp\/v2\/comments?post=46984"}],"version-history":[{"count":0,"href":"https:\/\/www.visit-ulcinj.com\/blog\/wp-json\/wp\/v2\/posts\/46984\/revisions"}],"wp:attachment":[{"href":"https:\/\/www.visit-ulcinj.com\/blog\/wp-json\/wp\/v2\/media?parent=46984"}],"wp:term":[{"taxonomy":"category","embeddable":true,"href":"https:\/\/www.visit-ulcinj.com\/blog\/wp-json\/wp\/v2\/categories?post=46984"},{"taxonomy":"post_tag","embeddable":true,"href":"https:\/\/www.visit-ulcinj.com\/blog\/wp-json\/wp\/v2\/tags?post=46984"}],"curies":[{"name":"wp","href":"https:\/\/api.w.org\/{rel}","templated":true}]}}