{"id":46992,"date":"2011-05-28T12:09:31","date_gmt":"2011-05-28T11:09:31","guid":{"rendered":"http:\/\/www.visit-ulcinj.com\/blog\/?p=46992"},"modified":"2011-05-28T12:43:26","modified_gmt":"2011-05-28T11:43:26","slug":"u-valdanos-zabranili-ulaz-na-plazu","status":"publish","type":"post","link":"https:\/\/www.visit-ulcinj.com\/blog\/2011\/05\/28\/u-valdanos-zabranili-ulaz-na-plazu\/","title":{"rendered":"U Valdanos zabranili ulaz na pla\u017eu"},"content":{"rendered":"<p><strong><a rel=\"attachment wp-att-46993\" href=\"http:\/\/www.visit-ulcinj.com\/blog\/2011\/05\/28\/u-valdanos-zabranili-ulaz-na-plazu\/valdanos-bay-beach-ulcinj-montenegro-2\/\"><img loading=\"lazy\" class=\"alignleft size-full wp-image-46993\" title=\"Valdanos-Bay-Beach-Ulcinj-Montenegro-2\" src=\"http:\/\/www.visit-ulcinj.com\/blog\/wp-content\/uploads\/2011\/05\/Valdanos-Bay-Beach-Ulcinj-Montenegro-2.jpg\" alt=\"\" width=\"508\" height=\"342\" \/><\/a>Mje\u0161tani ogor\u010deni pona\u0161anjem ministarstva odbrane u slu\u010daju &#8220;Valdanos&#8221;<\/strong><br \/>\nTuristi\u010dka sezona zvani\u010dno je po\u010dela 1. maja, ali mje\u0161tani i turisti koji posjete Ulcinj, ne mogu u\u017eivati u \u010darima pla\u017ee u uvali Valdanos. Kapiju nekada\u0161njeg vojnog odmarali\u0161ta \u010duva obezbje\u0111enje koje ne dozvoljava ulaz. Mje\u0161tani su ogor\u010deni zabranom ulaska jer smatraju da su pla\u017ee javno dobro i da niko nema pravo da im ograni\u010di pristup.<br \/>\n\u2013 Sramotno je da Ulcinjanima nije dozvoljeno da do\u0111u na dio obale koji pripada op\u0161tini. U istoriji nije poznato da se ne\u0161to sli\u010dno ikada desilo. Tokom maja mnogi su mje\u0161tani sa porodicama poku\u0161ali da u\u0111u u Valdanos, ali ih je uvijek \u010dekala zatvorena kapija i informacija da se dalje ne mo\u017ee. Brojni turisti bili su iznena\u0111eni za\u0161to nije dozvoljen ulazak u najljep\u0161u uvalu Jadrana. Apelujemo na nadle\u017ene u dr\u017eavi i lokalnoj samoupravi da urgiraju da se povu\u010de ova sramna odluka i da se narodu koji \u017eeli da u\u017eiva u \u010darima pla\u017ee dozvoli pristup bez ikakvog uslovljavanja &#8211; ka\u017eu mnogobrojni mje\u0161tani.<br \/>\nPunkt na ulazu u Valdanos posjetio je ju\u010de i novinar \u201eDana&#8221; koji je zatekao otvorenu kapiju. Slu\u017ebenik obezbje\u0111enja koje \u010duva ulaz 24 sata potvrdio je da se na pla\u017eu ne mo\u017ee i dodao da \u0107e ulaz biti mogu\u0107 tek u julu. Kako \u201eDan&#8221; saznaje odluku da se ograni\u010di pristup uvali Valdanos donijelo je Ministarstvo odbrane. Iz kojih razloga nije poznato odnosno javnosti nije saop\u0161teno. U nekada\u0161njem vojnom odmarali\u0161tu osim oronule infrastrukture, napu\u0161tenih bungalova i avetinjski praznih objekata (recepcija, samoposluga, restoran) sada nema ni\u0161ta. Sve je manje ili vi\u0161e zaraslo u korov i te\u0161ko da bi iko mogao da pomisli da je prije samo nekoliko godina ovo mjesto vrvilo od turista. Ekolo\u0161ke organizacije uputile su nedavno pismo Ministarstvu odbrane, u kome su tra\u017eile da se ukine zabrana ulaska u uvalu i ponudile da organizuju akciju \u010di\u0161\u0107enja i ure\u0111enja tog prostora. Pomo\u0107nik ministra za materijalne resurse pukovnik Rifet Kosovac odgovorio je NVO, da je ministarstvo spremno da ukine zabranu pod uslovom da se obezbijede protivpo\u017earna za\u0161tita, \u010di\u0161\u0107enje pla\u017ee i odvoz sme\u0107a. Ministarstvo odbrane podr\u017ealo je inicijativu nevladinog sektora za akciju \u010di\u0161\u0107enja ponudiv\u0161i da u njoj u\u010destvuje i VCG koja \u0107e kako je najavljeno po\u010detkom juna u Valdanosu izvr\u0161iti protivpo\u017earno ure\u0111enje. Jedan od autora projekta \u201eMe\u0111unarodni ekolo\u0161ki centar &#8211; Valdanos&#8221; Mustafa Canka isti\u010de da je u op\u0161tem interesu je da se \u0161to prije otvori kapija u Valdanosu kako bi turisti i mje\u0161tani nesmetano mogli da koriste pla\u017eu. \u2013 Vjerujemo da je nadle\u017eno ministarstvo spremno da to u\u010dini, posebno u situaciji kada je ono jedino odgovorno za upravljanje tim prostorom. Nadamo se da \u0107e i op\u0161tina dati svoj doprinos tako \u0161to \u0107e JKP obavezati da odvozi otpad, a Vatrogasnu jedinicu da obezbijedi za\u0161titu od eventualnog po\u017eara. Najbolje je bilo, u svakom slu\u010daju, da je JPMD tu pla\u017eu dalo u zakup da neko mo\u017ee da je odr\u017eava i uredi &#8211; smatra Canka.<\/p>\n<p><strong> Pobrkane \u00a0nadle\u017enosti<\/strong><br \/>\nPojedini dr\u017eavni organi, po svemu sude\u0107i, nisu upu\u0107eni u problematiku Valdanosa, odnosno nisu sigurni \u0161ta je i u \u010dijoj nadle\u017enosti. U JP za upravljanje morskim dobrom nisu bili informisani o pomenutom problemu sa pla\u017eom. Re\u010deno nam je da je taj dio obale u nadle\u017enosti JPMD, ali da se s obzirom na to da kupali\u0161te nije bilo na tenderu za zakup, za sve druge informacije, pa i one u vezi sa zabranom ulaska, obratimo Ministarstvu odr\u017eivog razvoja i turizma. Iz kabineta ministra Predraga Sekuli\u0107a sugerisano nam je da se obratimo turisti\u010dkoj inspekciji u kojoj su nam rekli da nije mogu\u0107e da je na neku pla\u017eu zabranjen ulaz i da \u0107e sprovesti inspekcijski nadzor.<\/p>\n<p><a href=\"http:\/\/www.dan.co.me\/?nivo=3&amp;rubrika=Regioni&amp;datum=2011-05-27&amp;clanak=281823\" target=\"_blank\"><strong>Izvar\u00a0: DAN<\/strong><\/a><\/p>\n<!--YouTube Error: bad URL entered-->\n","protected":false},"excerpt":{"rendered":"<p>Mje\u0161tani ogor\u010deni pona\u0161anjem ministarstva odbrane u slu\u010daju &#8220;Valdanos&#8221; Turisti\u010dka sezona zvani\u010dno je po\u010dela 1. maja, ali mje\u0161tani i turisti koji posjete Ulcinj, ne mogu u\u017eivati u \u010darima pla\u017ee u uvali Valdanos. Kapiju nekada\u0161njeg vojnog odmarali\u0161ta \u010duva obezbje\u0111enje koje ne dozvoljava ulaz. Mje\u0161tani su ogor\u010deni zabranom ulaska jer smatraju da su pla\u017ee javno dobro i da [&hellip;]<\/p>\n","protected":false},"author":1,"featured_media":0,"comment_status":"open","ping_status":"closed","sticky":false,"template":"","format":"standard","meta":{"spay_email":"","jetpack_publicize_message":"","jetpack_is_tweetstorm":false,"jetpack_publicize_feature_enabled":true},"categories":[8337],"tags":[17550,18313,19,136,434],"jetpack_publicize_connections":[],"yoast_head":"<!-- This site is optimized with the Yoast SEO plugin v19.1 - https:\/\/yoast.com\/wordpress\/plugins\/seo\/ -->\n<title>U Valdanos zabranili ulaz na pla\u017eu - Lajme nga Ulqini<\/title>\n<meta name=\"description\" content=\"Mje\u0161tani ogor\u010deni pona\u0161anjem ministarstva odbrane u slu\u010daju &quot;Valdanos&quot; Turisti\u010dka sezona zvani\u010dno je po\u010dela 1. maja, ali mje\u0161tani i turisti koji posjete\" \/>\n<meta name=\"robots\" content=\"index, follow, max-snippet:-1, max-image-preview:large, max-video-preview:-1\" \/>\n<link rel=\"canonical\" href=\"https:\/\/www.visit-ulcinj.com\/blog\/2011\/05\/28\/u-valdanos-zabranili-ulaz-na-plazu\/\" \/>\n<meta property=\"og:locale\" content=\"en_US\" \/>\n<meta property=\"og:type\" content=\"article\" \/>\n<meta property=\"og:title\" content=\"U Valdanos zabranili ulaz na pla\u017eu - Lajme nga Ulqini\" \/>\n<meta property=\"og:description\" content=\"Mje\u0161tani ogor\u010deni pona\u0161anjem ministarstva odbrane u slu\u010daju &quot;Valdanos&quot; Turisti\u010dka sezona zvani\u010dno je po\u010dela 1. maja, ali mje\u0161tani i turisti koji posjete\" \/>\n<meta property=\"og:url\" content=\"https:\/\/www.visit-ulcinj.com\/blog\/2011\/05\/28\/u-valdanos-zabranili-ulaz-na-plazu\/\" \/>\n<meta property=\"og:site_name\" content=\"Lajme nga Ulqini\" \/>\n<meta property=\"article:published_time\" content=\"2011-05-28T11:09:31+00:00\" \/>\n<meta property=\"article:modified_time\" content=\"2011-05-28T11:43:26+00:00\" \/>\n<meta property=\"og:image\" content=\"http:\/\/www.visit-ulcinj.com\/blog\/wp-content\/uploads\/2011\/05\/Valdanos-Bay-Beach-Ulcinj-Montenegro-2.jpg\" \/>\n<meta name=\"twitter:label1\" content=\"Written by\" \/>\n\t<meta name=\"twitter:data1\" content=\"ulqini\" \/>\n\t<meta name=\"twitter:label2\" content=\"Est. reading time\" \/>\n\t<meta name=\"twitter:data2\" content=\"3 minutes\" \/>\n<script type=\"application\/ld+json\" class=\"yoast-schema-graph\">{\"@context\":\"https:\/\/schema.org\",\"@graph\":[{\"@type\":\"WebSite\",\"@id\":\"https:\/\/www.visit-ulcinj.com\/blog\/#website\",\"url\":\"https:\/\/www.visit-ulcinj.com\/blog\/\",\"name\":\"Lajme nga Ulqini\",\"description\":\"Lajme,Vijesti,Ulqini,Ulqin,Crna Gora,Mali i Zi\",\"potentialAction\":[{\"@type\":\"SearchAction\",\"target\":{\"@type\":\"EntryPoint\",\"urlTemplate\":\"https:\/\/www.visit-ulcinj.com\/blog\/?s={search_term_string}\"},\"query-input\":\"required name=search_term_string\"}],\"inLanguage\":\"en-US\"},{\"@type\":\"ImageObject\",\"inLanguage\":\"en-US\",\"@id\":\"https:\/\/www.visit-ulcinj.com\/blog\/2011\/05\/28\/u-valdanos-zabranili-ulaz-na-plazu\/#primaryimage\",\"url\":\"https:\/\/www.visit-ulcinj.com\/blog\/wp-content\/uploads\/2011\/05\/Valdanos-Bay-Beach-Ulcinj-Montenegro-2.jpg\",\"contentUrl\":\"https:\/\/www.visit-ulcinj.com\/blog\/wp-content\/uploads\/2011\/05\/Valdanos-Bay-Beach-Ulcinj-Montenegro-2.jpg\",\"width\":\"640\",\"height\":\"342\"},{\"@type\":\"WebPage\",\"@id\":\"https:\/\/www.visit-ulcinj.com\/blog\/2011\/05\/28\/u-valdanos-zabranili-ulaz-na-plazu\/#webpage\",\"url\":\"https:\/\/www.visit-ulcinj.com\/blog\/2011\/05\/28\/u-valdanos-zabranili-ulaz-na-plazu\/\",\"name\":\"U Valdanos zabranili ulaz na pla\u017eu - Lajme nga Ulqini\",\"isPartOf\":{\"@id\":\"https:\/\/www.visit-ulcinj.com\/blog\/#website\"},\"primaryImageOfPage\":{\"@id\":\"https:\/\/www.visit-ulcinj.com\/blog\/2011\/05\/28\/u-valdanos-zabranili-ulaz-na-plazu\/#primaryimage\"},\"datePublished\":\"2011-05-28T11:09:31+00:00\",\"dateModified\":\"2011-05-28T11:43:26+00:00\",\"author\":{\"@id\":\"https:\/\/www.visit-ulcinj.com\/blog\/#\/schema\/person\/dcab619c614d3038751c63bc2aadc06d\"},\"description\":\"Mje\u0161tani ogor\u010deni pona\u0161anjem ministarstva odbrane u slu\u010daju \\\"Valdanos\\\" Turisti\u010dka sezona zvani\u010dno je po\u010dela 1. maja, ali mje\u0161tani i turisti koji posjete\",\"breadcrumb\":{\"@id\":\"https:\/\/www.visit-ulcinj.com\/blog\/2011\/05\/28\/u-valdanos-zabranili-ulaz-na-plazu\/#breadcrumb\"},\"inLanguage\":\"en-US\",\"potentialAction\":[{\"@type\":\"ReadAction\",\"target\":[\"https:\/\/www.visit-ulcinj.com\/blog\/2011\/05\/28\/u-valdanos-zabranili-ulaz-na-plazu\/\"]}]},{\"@type\":\"BreadcrumbList\",\"@id\":\"https:\/\/www.visit-ulcinj.com\/blog\/2011\/05\/28\/u-valdanos-zabranili-ulaz-na-plazu\/#breadcrumb\",\"itemListElement\":[{\"@type\":\"ListItem\",\"position\":1,\"name\":\"U Valdanos zabranili ulaz na pla\u017eu\"}]},{\"@type\":\"Person\",\"@id\":\"https:\/\/www.visit-ulcinj.com\/blog\/#\/schema\/person\/dcab619c614d3038751c63bc2aadc06d\",\"name\":\"ulqini\",\"sameAs\":[\"http:\/\/www.visit-ulcinj.com\"],\"url\":\"https:\/\/www.visit-ulcinj.com\/blog\/author\/admin\/\"}]}<\/script>\n<!-- \/ Yoast SEO plugin. -->","yoast_head_json":{"title":"U Valdanos zabranili ulaz na pla\u017eu - Lajme nga Ulqini","description":"Mje\u0161tani ogor\u010deni pona\u0161anjem ministarstva odbrane u slu\u010daju \"Valdanos\" Turisti\u010dka sezona zvani\u010dno je po\u010dela 1. maja, ali mje\u0161tani i turisti koji posjete","robots":{"index":"index","follow":"follow","max-snippet":"max-snippet:-1","max-image-preview":"max-image-preview:large","max-video-preview":"max-video-preview:-1"},"canonical":"https:\/\/www.visit-ulcinj.com\/blog\/2011\/05\/28\/u-valdanos-zabranili-ulaz-na-plazu\/","og_locale":"en_US","og_type":"article","og_title":"U Valdanos zabranili ulaz na pla\u017eu - Lajme nga Ulqini","og_description":"Mje\u0161tani ogor\u010deni pona\u0161anjem ministarstva odbrane u slu\u010daju \"Valdanos\" Turisti\u010dka sezona zvani\u010dno je po\u010dela 1. maja, ali mje\u0161tani i turisti koji posjete","og_url":"https:\/\/www.visit-ulcinj.com\/blog\/2011\/05\/28\/u-valdanos-zabranili-ulaz-na-plazu\/","og_site_name":"Lajme nga Ulqini","article_published_time":"2011-05-28T11:09:31+00:00","article_modified_time":"2011-05-28T11:43:26+00:00","og_image":[{"url":"http:\/\/www.visit-ulcinj.com\/blog\/wp-content\/uploads\/2011\/05\/Valdanos-Bay-Beach-Ulcinj-Montenegro-2.jpg"}],"twitter_misc":{"Written by":"ulqini","Est. reading time":"3 minutes"},"schema":{"@context":"https:\/\/schema.org","@graph":[{"@type":"WebSite","@id":"https:\/\/www.visit-ulcinj.com\/blog\/#website","url":"https:\/\/www.visit-ulcinj.com\/blog\/","name":"Lajme nga Ulqini","description":"Lajme,Vijesti,Ulqini,Ulqin,Crna Gora,Mali i Zi","potentialAction":[{"@type":"SearchAction","target":{"@type":"EntryPoint","urlTemplate":"https:\/\/www.visit-ulcinj.com\/blog\/?s={search_term_string}"},"query-input":"required name=search_term_string"}],"inLanguage":"en-US"},{"@type":"ImageObject","inLanguage":"en-US","@id":"https:\/\/www.visit-ulcinj.com\/blog\/2011\/05\/28\/u-valdanos-zabranili-ulaz-na-plazu\/#primaryimage","url":"https:\/\/www.visit-ulcinj.com\/blog\/wp-content\/uploads\/2011\/05\/Valdanos-Bay-Beach-Ulcinj-Montenegro-2.jpg","contentUrl":"https:\/\/www.visit-ulcinj.com\/blog\/wp-content\/uploads\/2011\/05\/Valdanos-Bay-Beach-Ulcinj-Montenegro-2.jpg","width":"640","height":"342"},{"@type":"WebPage","@id":"https:\/\/www.visit-ulcinj.com\/blog\/2011\/05\/28\/u-valdanos-zabranili-ulaz-na-plazu\/#webpage","url":"https:\/\/www.visit-ulcinj.com\/blog\/2011\/05\/28\/u-valdanos-zabranili-ulaz-na-plazu\/","name":"U Valdanos zabranili ulaz na pla\u017eu - Lajme nga Ulqini","isPartOf":{"@id":"https:\/\/www.visit-ulcinj.com\/blog\/#website"},"primaryImageOfPage":{"@id":"https:\/\/www.visit-ulcinj.com\/blog\/2011\/05\/28\/u-valdanos-zabranili-ulaz-na-plazu\/#primaryimage"},"datePublished":"2011-05-28T11:09:31+00:00","dateModified":"2011-05-28T11:43:26+00:00","author":{"@id":"https:\/\/www.visit-ulcinj.com\/blog\/#\/schema\/person\/dcab619c614d3038751c63bc2aadc06d"},"description":"Mje\u0161tani ogor\u010deni pona\u0161anjem ministarstva odbrane u slu\u010daju \"Valdanos\" Turisti\u010dka sezona zvani\u010dno je po\u010dela 1. maja, ali mje\u0161tani i turisti koji posjete","breadcrumb":{"@id":"https:\/\/www.visit-ulcinj.com\/blog\/2011\/05\/28\/u-valdanos-zabranili-ulaz-na-plazu\/#breadcrumb"},"inLanguage":"en-US","potentialAction":[{"@type":"ReadAction","target":["https:\/\/www.visit-ulcinj.com\/blog\/2011\/05\/28\/u-valdanos-zabranili-ulaz-na-plazu\/"]}]},{"@type":"BreadcrumbList","@id":"https:\/\/www.visit-ulcinj.com\/blog\/2011\/05\/28\/u-valdanos-zabranili-ulaz-na-plazu\/#breadcrumb","itemListElement":[{"@type":"ListItem","position":1,"name":"U Valdanos zabranili ulaz na pla\u017eu"}]},{"@type":"Person","@id":"https:\/\/www.visit-ulcinj.com\/blog\/#\/schema\/person\/dcab619c614d3038751c63bc2aadc06d","name":"ulqini","sameAs":["http:\/\/www.visit-ulcinj.com"],"url":"https:\/\/www.visit-ulcinj.com\/blog\/author\/admin\/"}]}},"jetpack_featured_media_url":"","jetpack_sharing_enabled":true,"jetpack_shortlink":"https:\/\/wp.me\/pe6lTn-cdW","_links":{"self":[{"href":"https:\/\/www.visit-ulcinj.com\/blog\/wp-json\/wp\/v2\/posts\/46992"}],"collection":[{"href":"https:\/\/www.visit-ulcinj.com\/blog\/wp-json\/wp\/v2\/posts"}],"about":[{"href":"https:\/\/www.visit-ulcinj.com\/blog\/wp-json\/wp\/v2\/types\/post"}],"author":[{"embeddable":true,"href":"https:\/\/www.visit-ulcinj.com\/blog\/wp-json\/wp\/v2\/users\/1"}],"replies":[{"embeddable":true,"href":"https:\/\/www.visit-ulcinj.com\/blog\/wp-json\/wp\/v2\/comments?post=46992"}],"version-history":[{"count":0,"href":"https:\/\/www.visit-ulcinj.com\/blog\/wp-json\/wp\/v2\/posts\/46992\/revisions"}],"wp:attachment":[{"href":"https:\/\/www.visit-ulcinj.com\/blog\/wp-json\/wp\/v2\/media?parent=46992"}],"wp:term":[{"taxonomy":"category","embeddable":true,"href":"https:\/\/www.visit-ulcinj.com\/blog\/wp-json\/wp\/v2\/categories?post=46992"},{"taxonomy":"post_tag","embeddable":true,"href":"https:\/\/www.visit-ulcinj.com\/blog\/wp-json\/wp\/v2\/tags?post=46992"}],"curies":[{"name":"wp","href":"https:\/\/api.w.org\/{rel}","templated":true}]}}