{"id":47014,"date":"2011-05-28T15:51:14","date_gmt":"2011-05-28T14:51:14","guid":{"rendered":"http:\/\/www.visit-ulcinj.com\/blog\/?p=47014"},"modified":"2011-05-28T15:51:14","modified_gmt":"2011-05-28T14:51:14","slug":"noizy-rozanen-e-kam-vetem-fiksim-shoqeror","status":"publish","type":"post","link":"https:\/\/www.visit-ulcinj.com\/blog\/2011\/05\/28\/noizy-rozanen-e-kam-vetem-fiksim-shoqeror\/","title":{"rendered":"Noizy: Rozan\u00ebn e kam vet\u00ebm fiksim shoq\u00ebror"},"content":{"rendered":"<p><a href=\"http:\/\/www.visit-ulcinj.com\/blog\/wp-content\/uploads\/2011\/05\/Noizy_Rozana-Radi.jpg\"><img loading=\"lazy\" class=\"alignleft size-full wp-image-47015\" title=\"Noizy_Rozana Radi\" src=\"http:\/\/www.visit-ulcinj.com\/blog\/wp-content\/uploads\/2011\/05\/Noizy_Rozana-Radi.jpg\" alt=\"\" width=\"508\" height=\"620\" \/><\/a>N\u00eb qend\u00ebr t\u00eb v\u00ebmendjes \u00ebsht\u00eb m\u00eb shum\u00eb marr\u00ebdh\u00ebnia me femrat se sa karriera e tij muzikore. Reperi i njohur 24-vje\u00e7ar, Noizy, k\u00ebto dit\u00eb \u00ebsht\u00eb p\u00ebrfolur shum\u00eb n\u00eb lidhje me marr\u00ebdh\u00ebniet intime q\u00eb sipas disa mediave ka pasur me kolege, si\u00e7 jan\u00eb Genta Ismajli dhe Rozana Radi, me t\u00eb cil\u00ebn ka realizuar dy k\u00ebng\u00eb, \u201cFly\u201d dhe \u201cMr. Yesterday\u201d.<br \/>\nPor, Genta Ismajli mohoi t\u00eb ket\u00eb pasur di\u00e7ka mes saj dhe Noizy-t, duke b\u00ebr\u00eb madje ironi me fjal\u00ebt: \u201cPo, jemi t\u00eb lidhur dhe mezi presim t\u00eb martohemi\u201d, n\u00eb qend\u00ebr t\u00eb shtypit roz\u00eb ka qen\u00eb tymnaja q\u00eb u ngrit p\u00ebr t\u00eb dhe Rozan\u00ebn.<\/p>\n<p>Vet\u00eb Noizy, i cili synon t\u00eb transmetohet n\u00eb MTV me hitet e tij t\u00eb reja, ka th\u00ebn\u00eb p\u00ebr mediat se nuk ka pasur dhe nuk ka asnj\u00eb raport romantik mes tij dhe Rozan\u00ebs, sikurse \u00ebsht\u00eb shkruar k\u00ebto dit\u00eb.<\/p>\n<p>\u201cTjet\u00ebr gj\u00eb kam th\u00ebn\u00eb n\u00eb intervista dhe t\u00eb tjera gj\u00ebra kam lexuar. Edhe n\u00ebse ka pasur nj\u00eb raport, kan\u00eb qen\u00eb gjeste qejfi, asgj\u00eb nuk \u00ebsht\u00eb b\u00ebr\u00eb me zor. Rozana \u00ebsht\u00eb shum\u00eb goc\u00eb e mir\u00eb, \u00ebsht\u00eb fiksim shoq\u00ebror, asgj\u00eb m\u00eb shum\u00eb, nuk shkon m\u00eb tej se kaq\u201d, \u2013 ka sqaruar k\u00ebng\u00ebtari, i cili k\u00ebto dit\u00eb nis nj\u00eb turne n\u00eb Shtetet e Bashkuara t\u00eb Amerik\u00ebs.<\/p>\n<p>Edhe n\u00ebse jo p\u00ebr lidhjet, vera p\u00ebr Noizy-n ka p\u00ebr t\u00eb qen\u00eb e nxeht\u00eb, pasi ai pret t\u00eb publikoj\u00eb disa k\u00ebng\u00eb t\u00eb reja, si dhe t\u00eb marr\u00eb pjes\u00eb n\u00eb koncerte q\u00eb nga SHBA, Zvic\u00ebr dhe kudo n\u00eb Shqip\u00ebri.<\/p>\n<p><strong>Telegrafi<br \/>\n<!--YouTube Error: bad URL entered--><\/strong><\/p>\n","protected":false},"excerpt":{"rendered":"<p>N\u00eb qend\u00ebr t\u00eb v\u00ebmendjes \u00ebsht\u00eb m\u00eb shum\u00eb marr\u00ebdh\u00ebnia me femrat se sa karriera e tij muzikore. Reperi i njohur 24-vje\u00e7ar, Noizy, k\u00ebto dit\u00eb \u00ebsht\u00eb p\u00ebrfolur shum\u00eb n\u00eb lidhje me marr\u00ebdh\u00ebniet intime q\u00eb sipas disa mediave ka pasur me kolege, si\u00e7 jan\u00eb Genta Ismajli dhe Rozana Radi, me t\u00eb cil\u00ebn ka realizuar dy k\u00ebng\u00eb, \u201cFly\u201d dhe [&hellip;]<\/p>\n","protected":false},"author":1,"featured_media":0,"comment_status":"open","ping_status":"closed","sticky":false,"template":"","format":"standard","meta":{"spay_email":"","jetpack_publicize_message":"","jetpack_is_tweetstorm":false,"jetpack_publicize_feature_enabled":true},"categories":[1],"tags":[12181,4964],"jetpack_publicize_connections":[],"yoast_head":"<!-- This site is optimized with the Yoast SEO plugin v19.1 - https:\/\/yoast.com\/wordpress\/plugins\/seo\/ -->\n<title>Noizy: Rozan\u00ebn e kam vet\u00ebm fiksim shoq\u00ebror - Lajme nga Ulqini<\/title>\n<meta name=\"description\" content=\"N\u00eb qend\u00ebr t\u00eb v\u00ebmendjes \u00ebsht\u00eb m\u00eb shum\u00eb marr\u00ebdh\u00ebnia me femrat se sa karriera e tij muzikore. Reperi i njohur 24-vje\u00e7ar, Noizy, k\u00ebto dit\u00eb \u00ebsht\u00eb p\u00ebrfolur\" \/>\n<meta name=\"robots\" content=\"index, follow, max-snippet:-1, max-image-preview:large, max-video-preview:-1\" \/>\n<link rel=\"canonical\" href=\"https:\/\/www.visit-ulcinj.com\/blog\/2011\/05\/28\/noizy-rozanen-e-kam-vetem-fiksim-shoqeror\/\" \/>\n<meta property=\"og:locale\" content=\"en_US\" \/>\n<meta property=\"og:type\" content=\"article\" \/>\n<meta property=\"og:title\" content=\"Noizy: Rozan\u00ebn e kam vet\u00ebm fiksim shoq\u00ebror - Lajme nga Ulqini\" \/>\n<meta property=\"og:description\" content=\"N\u00eb qend\u00ebr t\u00eb v\u00ebmendjes \u00ebsht\u00eb m\u00eb shum\u00eb marr\u00ebdh\u00ebnia me femrat se sa karriera e tij muzikore. Reperi i njohur 24-vje\u00e7ar, Noizy, k\u00ebto dit\u00eb \u00ebsht\u00eb p\u00ebrfolur\" \/>\n<meta property=\"og:url\" content=\"https:\/\/www.visit-ulcinj.com\/blog\/2011\/05\/28\/noizy-rozanen-e-kam-vetem-fiksim-shoqeror\/\" \/>\n<meta property=\"og:site_name\" content=\"Lajme nga Ulqini\" \/>\n<meta property=\"article:published_time\" content=\"2011-05-28T14:51:14+00:00\" \/>\n<meta property=\"og:image\" content=\"http:\/\/www.visit-ulcinj.com\/blog\/wp-content\/uploads\/2011\/05\/Noizy_Rozana-Radi.jpg\" \/>\n<meta name=\"twitter:label1\" content=\"Written by\" \/>\n\t<meta name=\"twitter:data1\" content=\"ulqini\" \/>\n\t<meta name=\"twitter:label2\" content=\"Est. reading time\" \/>\n\t<meta name=\"twitter:data2\" content=\"1 minute\" \/>\n<script type=\"application\/ld+json\" class=\"yoast-schema-graph\">{\"@context\":\"https:\/\/schema.org\",\"@graph\":[{\"@type\":\"WebSite\",\"@id\":\"https:\/\/www.visit-ulcinj.com\/blog\/#website\",\"url\":\"https:\/\/www.visit-ulcinj.com\/blog\/\",\"name\":\"Lajme nga Ulqini\",\"description\":\"Lajme,Vijesti,Ulqini,Ulqin,Crna Gora,Mali i Zi\",\"potentialAction\":[{\"@type\":\"SearchAction\",\"target\":{\"@type\":\"EntryPoint\",\"urlTemplate\":\"https:\/\/www.visit-ulcinj.com\/blog\/?s={search_term_string}\"},\"query-input\":\"required name=search_term_string\"}],\"inLanguage\":\"en-US\"},{\"@type\":\"ImageObject\",\"inLanguage\":\"en-US\",\"@id\":\"https:\/\/www.visit-ulcinj.com\/blog\/2011\/05\/28\/noizy-rozanen-e-kam-vetem-fiksim-shoqeror\/#primaryimage\",\"url\":\"http:\/\/www.visit-ulcinj.com\/blog\/wp-content\/uploads\/2011\/05\/Noizy_Rozana-Radi.jpg\",\"contentUrl\":\"http:\/\/www.visit-ulcinj.com\/blog\/wp-content\/uploads\/2011\/05\/Noizy_Rozana-Radi.jpg\"},{\"@type\":\"WebPage\",\"@id\":\"https:\/\/www.visit-ulcinj.com\/blog\/2011\/05\/28\/noizy-rozanen-e-kam-vetem-fiksim-shoqeror\/#webpage\",\"url\":\"https:\/\/www.visit-ulcinj.com\/blog\/2011\/05\/28\/noizy-rozanen-e-kam-vetem-fiksim-shoqeror\/\",\"name\":\"Noizy: Rozan\u00ebn e kam vet\u00ebm fiksim shoq\u00ebror - Lajme nga Ulqini\",\"isPartOf\":{\"@id\":\"https:\/\/www.visit-ulcinj.com\/blog\/#website\"},\"primaryImageOfPage\":{\"@id\":\"https:\/\/www.visit-ulcinj.com\/blog\/2011\/05\/28\/noizy-rozanen-e-kam-vetem-fiksim-shoqeror\/#primaryimage\"},\"datePublished\":\"2011-05-28T14:51:14+00:00\",\"dateModified\":\"2011-05-28T14:51:14+00:00\",\"author\":{\"@id\":\"https:\/\/www.visit-ulcinj.com\/blog\/#\/schema\/person\/dcab619c614d3038751c63bc2aadc06d\"},\"description\":\"N\u00eb qend\u00ebr t\u00eb v\u00ebmendjes \u00ebsht\u00eb m\u00eb shum\u00eb marr\u00ebdh\u00ebnia me femrat se sa karriera e tij muzikore. Reperi i njohur 24-vje\u00e7ar, Noizy, k\u00ebto dit\u00eb \u00ebsht\u00eb p\u00ebrfolur\",\"breadcrumb\":{\"@id\":\"https:\/\/www.visit-ulcinj.com\/blog\/2011\/05\/28\/noizy-rozanen-e-kam-vetem-fiksim-shoqeror\/#breadcrumb\"},\"inLanguage\":\"en-US\",\"potentialAction\":[{\"@type\":\"ReadAction\",\"target\":[\"https:\/\/www.visit-ulcinj.com\/blog\/2011\/05\/28\/noizy-rozanen-e-kam-vetem-fiksim-shoqeror\/\"]}]},{\"@type\":\"BreadcrumbList\",\"@id\":\"https:\/\/www.visit-ulcinj.com\/blog\/2011\/05\/28\/noizy-rozanen-e-kam-vetem-fiksim-shoqeror\/#breadcrumb\",\"itemListElement\":[{\"@type\":\"ListItem\",\"position\":1,\"name\":\"Noizy: Rozan\u00ebn e kam vet\u00ebm fiksim shoq\u00ebror\"}]},{\"@type\":\"Person\",\"@id\":\"https:\/\/www.visit-ulcinj.com\/blog\/#\/schema\/person\/dcab619c614d3038751c63bc2aadc06d\",\"name\":\"ulqini\",\"sameAs\":[\"http:\/\/www.visit-ulcinj.com\"],\"url\":\"https:\/\/www.visit-ulcinj.com\/blog\/author\/admin\/\"}]}<\/script>\n<!-- \/ Yoast SEO plugin. -->","yoast_head_json":{"title":"Noizy: Rozan\u00ebn e kam vet\u00ebm fiksim shoq\u00ebror - Lajme nga Ulqini","description":"N\u00eb qend\u00ebr t\u00eb v\u00ebmendjes \u00ebsht\u00eb m\u00eb shum\u00eb marr\u00ebdh\u00ebnia me femrat se sa karriera e tij muzikore. Reperi i njohur 24-vje\u00e7ar, Noizy, k\u00ebto dit\u00eb \u00ebsht\u00eb p\u00ebrfolur","robots":{"index":"index","follow":"follow","max-snippet":"max-snippet:-1","max-image-preview":"max-image-preview:large","max-video-preview":"max-video-preview:-1"},"canonical":"https:\/\/www.visit-ulcinj.com\/blog\/2011\/05\/28\/noizy-rozanen-e-kam-vetem-fiksim-shoqeror\/","og_locale":"en_US","og_type":"article","og_title":"Noizy: Rozan\u00ebn e kam vet\u00ebm fiksim shoq\u00ebror - Lajme nga Ulqini","og_description":"N\u00eb qend\u00ebr t\u00eb v\u00ebmendjes \u00ebsht\u00eb m\u00eb shum\u00eb marr\u00ebdh\u00ebnia me femrat se sa karriera e tij muzikore. Reperi i njohur 24-vje\u00e7ar, Noizy, k\u00ebto dit\u00eb \u00ebsht\u00eb p\u00ebrfolur","og_url":"https:\/\/www.visit-ulcinj.com\/blog\/2011\/05\/28\/noizy-rozanen-e-kam-vetem-fiksim-shoqeror\/","og_site_name":"Lajme nga Ulqini","article_published_time":"2011-05-28T14:51:14+00:00","og_image":[{"url":"http:\/\/www.visit-ulcinj.com\/blog\/wp-content\/uploads\/2011\/05\/Noizy_Rozana-Radi.jpg"}],"twitter_misc":{"Written by":"ulqini","Est. reading time":"1 minute"},"schema":{"@context":"https:\/\/schema.org","@graph":[{"@type":"WebSite","@id":"https:\/\/www.visit-ulcinj.com\/blog\/#website","url":"https:\/\/www.visit-ulcinj.com\/blog\/","name":"Lajme nga Ulqini","description":"Lajme,Vijesti,Ulqini,Ulqin,Crna Gora,Mali i Zi","potentialAction":[{"@type":"SearchAction","target":{"@type":"EntryPoint","urlTemplate":"https:\/\/www.visit-ulcinj.com\/blog\/?s={search_term_string}"},"query-input":"required name=search_term_string"}],"inLanguage":"en-US"},{"@type":"ImageObject","inLanguage":"en-US","@id":"https:\/\/www.visit-ulcinj.com\/blog\/2011\/05\/28\/noizy-rozanen-e-kam-vetem-fiksim-shoqeror\/#primaryimage","url":"http:\/\/www.visit-ulcinj.com\/blog\/wp-content\/uploads\/2011\/05\/Noizy_Rozana-Radi.jpg","contentUrl":"http:\/\/www.visit-ulcinj.com\/blog\/wp-content\/uploads\/2011\/05\/Noizy_Rozana-Radi.jpg"},{"@type":"WebPage","@id":"https:\/\/www.visit-ulcinj.com\/blog\/2011\/05\/28\/noizy-rozanen-e-kam-vetem-fiksim-shoqeror\/#webpage","url":"https:\/\/www.visit-ulcinj.com\/blog\/2011\/05\/28\/noizy-rozanen-e-kam-vetem-fiksim-shoqeror\/","name":"Noizy: Rozan\u00ebn e kam vet\u00ebm fiksim shoq\u00ebror - Lajme nga Ulqini","isPartOf":{"@id":"https:\/\/www.visit-ulcinj.com\/blog\/#website"},"primaryImageOfPage":{"@id":"https:\/\/www.visit-ulcinj.com\/blog\/2011\/05\/28\/noizy-rozanen-e-kam-vetem-fiksim-shoqeror\/#primaryimage"},"datePublished":"2011-05-28T14:51:14+00:00","dateModified":"2011-05-28T14:51:14+00:00","author":{"@id":"https:\/\/www.visit-ulcinj.com\/blog\/#\/schema\/person\/dcab619c614d3038751c63bc2aadc06d"},"description":"N\u00eb qend\u00ebr t\u00eb v\u00ebmendjes \u00ebsht\u00eb m\u00eb shum\u00eb marr\u00ebdh\u00ebnia me femrat se sa karriera e tij muzikore. Reperi i njohur 24-vje\u00e7ar, Noizy, k\u00ebto dit\u00eb \u00ebsht\u00eb p\u00ebrfolur","breadcrumb":{"@id":"https:\/\/www.visit-ulcinj.com\/blog\/2011\/05\/28\/noizy-rozanen-e-kam-vetem-fiksim-shoqeror\/#breadcrumb"},"inLanguage":"en-US","potentialAction":[{"@type":"ReadAction","target":["https:\/\/www.visit-ulcinj.com\/blog\/2011\/05\/28\/noizy-rozanen-e-kam-vetem-fiksim-shoqeror\/"]}]},{"@type":"BreadcrumbList","@id":"https:\/\/www.visit-ulcinj.com\/blog\/2011\/05\/28\/noizy-rozanen-e-kam-vetem-fiksim-shoqeror\/#breadcrumb","itemListElement":[{"@type":"ListItem","position":1,"name":"Noizy: Rozan\u00ebn e kam vet\u00ebm fiksim shoq\u00ebror"}]},{"@type":"Person","@id":"https:\/\/www.visit-ulcinj.com\/blog\/#\/schema\/person\/dcab619c614d3038751c63bc2aadc06d","name":"ulqini","sameAs":["http:\/\/www.visit-ulcinj.com"],"url":"https:\/\/www.visit-ulcinj.com\/blog\/author\/admin\/"}]}},"jetpack_featured_media_url":"","jetpack_sharing_enabled":true,"jetpack_shortlink":"https:\/\/wp.me\/pe6lTn-cei","_links":{"self":[{"href":"https:\/\/www.visit-ulcinj.com\/blog\/wp-json\/wp\/v2\/posts\/47014"}],"collection":[{"href":"https:\/\/www.visit-ulcinj.com\/blog\/wp-json\/wp\/v2\/posts"}],"about":[{"href":"https:\/\/www.visit-ulcinj.com\/blog\/wp-json\/wp\/v2\/types\/post"}],"author":[{"embeddable":true,"href":"https:\/\/www.visit-ulcinj.com\/blog\/wp-json\/wp\/v2\/users\/1"}],"replies":[{"embeddable":true,"href":"https:\/\/www.visit-ulcinj.com\/blog\/wp-json\/wp\/v2\/comments?post=47014"}],"version-history":[{"count":0,"href":"https:\/\/www.visit-ulcinj.com\/blog\/wp-json\/wp\/v2\/posts\/47014\/revisions"}],"wp:attachment":[{"href":"https:\/\/www.visit-ulcinj.com\/blog\/wp-json\/wp\/v2\/media?parent=47014"}],"wp:term":[{"taxonomy":"category","embeddable":true,"href":"https:\/\/www.visit-ulcinj.com\/blog\/wp-json\/wp\/v2\/categories?post=47014"},{"taxonomy":"post_tag","embeddable":true,"href":"https:\/\/www.visit-ulcinj.com\/blog\/wp-json\/wp\/v2\/tags?post=47014"}],"curies":[{"name":"wp","href":"https:\/\/api.w.org\/{rel}","templated":true}]}}