{"id":47017,"date":"2011-05-28T16:23:57","date_gmt":"2011-05-28T15:23:57","guid":{"rendered":"http:\/\/www.visit-ulcinj.com\/blog\/?p=47017"},"modified":"2011-05-28T16:28:59","modified_gmt":"2011-05-28T15:28:59","slug":"arta-bajrami-skillz-astrit-mulaj-sonte-ne-insomnia-lausanne","status":"publish","type":"post","link":"https:\/\/www.visit-ulcinj.com\/blog\/2011\/05\/28\/arta-bajrami-skillz-astrit-mulaj-sonte-ne-insomnia-lausanne\/","title":{"rendered":"Arta Bajrami &#038; Skillz &#038; Astrit Mulaj sonte ne Insomnia Lausanne"},"content":{"rendered":"<p><a rel=\"attachment wp-att-47018\" href=\"http:\/\/www.visit-ulcinj.com\/blog\/2011\/05\/28\/arta-bajrami-skillz-astrit-mulaj-sonte-ne-insomnia-lausanne\/arta-bajarami-skillz-astrit-mulaj-insomnia-club-28-05-2011\/\"><img loading=\"lazy\" class=\"alignleft size-full wp-image-47018\" title=\"ARTA BAJARAMI &amp; SKILLZ &amp; ASTRIT MULAJ @ INSOMNIA CLUB 28.05.2011\" src=\"http:\/\/www.visit-ulcinj.com\/blog\/wp-content\/uploads\/2011\/05\/ARTA-BAJARAMI-SKILLZ-ASTRIT-MULAJ-@-INSOMNIA-CLUB-28.05.2011.jpg\" alt=\"\" width=\"508\" height=\"620\" \/><\/a>Mbasi Arta Bajrami lajmroj\u00eb se ne Korrik do del me album te ri,ket\u00eb gj\u00eb ajo edhe e beri.Mirpo kengetarja Arta Bajrami, qe se fundmi eshte bere nene, tash e sa muaj mbi \u00e7do prioritet tjet\u00ebr ka vene vajzen e saj Viktoria.<\/p>\n<p>Megjithate, kjo nuk do t\u00eb thot\u00eb se Arta Bajrami \u00ebsht\u00eb shk\u00ebputur nga k\u00ebnga, pasi ajo ka paralajm\u00ebruar se gjat\u00eb ver\u00ebs fansat e saj do t\u00eb ken\u00eb n\u00eb duar albumin m\u00eb t\u00eb ri, n\u00eb t\u00eb cilin \u00ebsht\u00eb duke punuar fuqish\u00ebm edhe v\u00ebllai i saj, Don Arbas.<\/p>\n<p>\u201cKam filluar t\u00eb angazhohem n\u00eb studio. Meqen\u00ebse her\u00ebve tjera isha e pranishme gjat\u00eb gjith\u00eb koh\u00ebs s\u00eb pun\u00ebs s\u00eb albumit, tani p\u00ebr shkak t\u00eb vajz\u00ebs nuk po mund t\u00eb angazhohem m\u00eb shum\u00eb, por v\u00ebllai, Arbasi, po e kryen pun\u00ebn m\u00eb t\u00eb madhe. Un\u00eb m\u00eb shum\u00eb po shkoj vet\u00ebm sa p\u00ebr t\u2019i d\u00ebgjuar demot e k\u00ebng\u00ebve dhe do t\u00eb shkoj p\u00ebr t\u00eb incizuar k\u00ebng\u00ebt\u201d, shprehet Arta p\u00ebr \u2018InfoPress\u2019.<\/p>\n<p>Ajo po ashtu ka pohuar se tashm\u00eb ka nj\u00eb marr\u00ebveshje p\u00ebr shitjen e albumit, nd\u00ebrsa bler\u00ebsit presin ta marrin at\u00eb n\u00eb korrik: \u201cShitja e albumit tashm\u00eb \u00ebsht\u00eb b\u00ebr\u00eb dhe ne na mbetet vet\u00ebm t\u00eb p\u00ebrfundojm\u00eb pun\u00ebn rreth tij. Kah korriku besoj q\u00eb albumi t\u00eb dal\u00eb n\u00eb shitje, \u201d ka p\u00ebrfunduar Arta.<\/p>\n<p><strong>InfoPress<\/strong><\/p>\n<p><strong> <\/strong><\/p>\n<p><strong><!--YouTube Error: bad URL entered--><\/strong><\/p>\n","protected":false},"excerpt":{"rendered":"<p>Mbasi Arta Bajrami lajmroj\u00eb se ne Korrik do del me album te ri,ket\u00eb gj\u00eb ajo edhe e beri.Mirpo kengetarja Arta Bajrami, qe se fundmi eshte bere nene, tash e sa muaj mbi \u00e7do prioritet tjet\u00ebr ka vene vajzen e saj Viktoria. Megjithate, kjo nuk do t\u00eb thot\u00eb se Arta Bajrami \u00ebsht\u00eb shk\u00ebputur nga k\u00ebnga, pasi [&hellip;]<\/p>\n","protected":false},"author":1,"featured_media":0,"comment_status":"open","ping_status":"closed","sticky":false,"template":"","format":"standard","meta":{"spay_email":"","jetpack_publicize_message":"","jetpack_is_tweetstorm":false,"jetpack_publicize_feature_enabled":true},"categories":[1],"tags":[4955,18314,6985,10207,7006,4596],"jetpack_publicize_connections":[],"yoast_head":"<!-- This site is optimized with the Yoast SEO plugin v19.1 - https:\/\/yoast.com\/wordpress\/plugins\/seo\/ -->\n<title>Arta Bajrami &amp; Skillz &amp; Astrit Mulaj sonte ne Insomnia Lausanne - Lajme nga Ulqini<\/title>\n<meta name=\"description\" content=\"Mbasi Arta Bajrami lajmroj\u00eb se ne Korrik do del me album te ri,ket\u00eb gj\u00eb ajo edhe e beri.Mirpo kengetarja Arta Bajrami, qe se fundmi eshte bere nene, tash\" \/>\n<meta name=\"robots\" content=\"index, follow, max-snippet:-1, max-image-preview:large, max-video-preview:-1\" \/>\n<link rel=\"canonical\" href=\"https:\/\/www.visit-ulcinj.com\/blog\/2011\/05\/28\/arta-bajrami-skillz-astrit-mulaj-sonte-ne-insomnia-lausanne\/\" \/>\n<meta property=\"og:locale\" content=\"en_US\" \/>\n<meta property=\"og:type\" content=\"article\" \/>\n<meta property=\"og:title\" content=\"Arta Bajrami &amp; Skillz &amp; Astrit Mulaj sonte ne Insomnia Lausanne - Lajme nga Ulqini\" \/>\n<meta property=\"og:description\" content=\"Mbasi Arta Bajrami lajmroj\u00eb se ne Korrik do del me album te ri,ket\u00eb gj\u00eb ajo edhe e beri.Mirpo kengetarja Arta Bajrami, qe se fundmi eshte bere nene, tash\" \/>\n<meta property=\"og:url\" content=\"https:\/\/www.visit-ulcinj.com\/blog\/2011\/05\/28\/arta-bajrami-skillz-astrit-mulaj-sonte-ne-insomnia-lausanne\/\" \/>\n<meta property=\"og:site_name\" content=\"Lajme nga Ulqini\" \/>\n<meta property=\"article:published_time\" content=\"2011-05-28T15:23:57+00:00\" \/>\n<meta property=\"article:modified_time\" content=\"2011-05-28T15:28:59+00:00\" \/>\n<meta property=\"og:image\" content=\"http:\/\/www.visit-ulcinj.com\/blog\/wp-content\/uploads\/2011\/05\/ARTA-BAJARAMI-SKILLZ-ASTRIT-MULAJ-@-INSOMNIA-CLUB-28.05.2011.jpg\" \/>\n<meta name=\"twitter:label1\" content=\"Written by\" \/>\n\t<meta name=\"twitter:data1\" content=\"ulqini\" \/>\n\t<meta name=\"twitter:label2\" content=\"Est. reading time\" \/>\n\t<meta name=\"twitter:data2\" content=\"1 minute\" \/>\n<script type=\"application\/ld+json\" class=\"yoast-schema-graph\">{\"@context\":\"https:\/\/schema.org\",\"@graph\":[{\"@type\":\"WebSite\",\"@id\":\"https:\/\/www.visit-ulcinj.com\/blog\/#website\",\"url\":\"https:\/\/www.visit-ulcinj.com\/blog\/\",\"name\":\"Lajme nga Ulqini\",\"description\":\"Lajme,Vijesti,Ulqini,Ulqin,Crna Gora,Mali i Zi\",\"potentialAction\":[{\"@type\":\"SearchAction\",\"target\":{\"@type\":\"EntryPoint\",\"urlTemplate\":\"https:\/\/www.visit-ulcinj.com\/blog\/?s={search_term_string}\"},\"query-input\":\"required name=search_term_string\"}],\"inLanguage\":\"en-US\"},{\"@type\":\"ImageObject\",\"inLanguage\":\"en-US\",\"@id\":\"https:\/\/www.visit-ulcinj.com\/blog\/2011\/05\/28\/arta-bajrami-skillz-astrit-mulaj-sonte-ne-insomnia-lausanne\/#primaryimage\",\"url\":\"http:\/\/www.visit-ulcinj.com\/blog\/wp-content\/uploads\/2011\/05\/ARTA-BAJARAMI-SKILLZ-ASTRIT-MULAJ-@-INSOMNIA-CLUB-28.05.2011.jpg\",\"contentUrl\":\"http:\/\/www.visit-ulcinj.com\/blog\/wp-content\/uploads\/2011\/05\/ARTA-BAJARAMI-SKILLZ-ASTRIT-MULAJ-@-INSOMNIA-CLUB-28.05.2011.jpg\"},{\"@type\":\"WebPage\",\"@id\":\"https:\/\/www.visit-ulcinj.com\/blog\/2011\/05\/28\/arta-bajrami-skillz-astrit-mulaj-sonte-ne-insomnia-lausanne\/#webpage\",\"url\":\"https:\/\/www.visit-ulcinj.com\/blog\/2011\/05\/28\/arta-bajrami-skillz-astrit-mulaj-sonte-ne-insomnia-lausanne\/\",\"name\":\"Arta Bajrami & Skillz & Astrit Mulaj sonte ne Insomnia Lausanne - Lajme nga Ulqini\",\"isPartOf\":{\"@id\":\"https:\/\/www.visit-ulcinj.com\/blog\/#website\"},\"primaryImageOfPage\":{\"@id\":\"https:\/\/www.visit-ulcinj.com\/blog\/2011\/05\/28\/arta-bajrami-skillz-astrit-mulaj-sonte-ne-insomnia-lausanne\/#primaryimage\"},\"datePublished\":\"2011-05-28T15:23:57+00:00\",\"dateModified\":\"2011-05-28T15:28:59+00:00\",\"author\":{\"@id\":\"https:\/\/www.visit-ulcinj.com\/blog\/#\/schema\/person\/dcab619c614d3038751c63bc2aadc06d\"},\"description\":\"Mbasi Arta Bajrami lajmroj\u00eb se ne Korrik do del me album te ri,ket\u00eb gj\u00eb ajo edhe e beri.Mirpo kengetarja Arta Bajrami, qe se fundmi eshte bere nene, tash\",\"breadcrumb\":{\"@id\":\"https:\/\/www.visit-ulcinj.com\/blog\/2011\/05\/28\/arta-bajrami-skillz-astrit-mulaj-sonte-ne-insomnia-lausanne\/#breadcrumb\"},\"inLanguage\":\"en-US\",\"potentialAction\":[{\"@type\":\"ReadAction\",\"target\":[\"https:\/\/www.visit-ulcinj.com\/blog\/2011\/05\/28\/arta-bajrami-skillz-astrit-mulaj-sonte-ne-insomnia-lausanne\/\"]}]},{\"@type\":\"BreadcrumbList\",\"@id\":\"https:\/\/www.visit-ulcinj.com\/blog\/2011\/05\/28\/arta-bajrami-skillz-astrit-mulaj-sonte-ne-insomnia-lausanne\/#breadcrumb\",\"itemListElement\":[{\"@type\":\"ListItem\",\"position\":1,\"name\":\"Arta Bajrami &#038; Skillz &#038; Astrit Mulaj sonte ne Insomnia Lausanne\"}]},{\"@type\":\"Person\",\"@id\":\"https:\/\/www.visit-ulcinj.com\/blog\/#\/schema\/person\/dcab619c614d3038751c63bc2aadc06d\",\"name\":\"ulqini\",\"sameAs\":[\"http:\/\/www.visit-ulcinj.com\"],\"url\":\"https:\/\/www.visit-ulcinj.com\/blog\/author\/admin\/\"}]}<\/script>\n<!-- \/ Yoast SEO plugin. -->","yoast_head_json":{"title":"Arta Bajrami & Skillz & Astrit Mulaj sonte ne Insomnia Lausanne - Lajme nga Ulqini","description":"Mbasi Arta Bajrami lajmroj\u00eb se ne Korrik do del me album te ri,ket\u00eb gj\u00eb ajo edhe e beri.Mirpo kengetarja Arta Bajrami, qe se fundmi eshte bere nene, tash","robots":{"index":"index","follow":"follow","max-snippet":"max-snippet:-1","max-image-preview":"max-image-preview:large","max-video-preview":"max-video-preview:-1"},"canonical":"https:\/\/www.visit-ulcinj.com\/blog\/2011\/05\/28\/arta-bajrami-skillz-astrit-mulaj-sonte-ne-insomnia-lausanne\/","og_locale":"en_US","og_type":"article","og_title":"Arta Bajrami & Skillz & Astrit Mulaj sonte ne Insomnia Lausanne - Lajme nga Ulqini","og_description":"Mbasi Arta Bajrami lajmroj\u00eb se ne Korrik do del me album te ri,ket\u00eb gj\u00eb ajo edhe e beri.Mirpo kengetarja Arta Bajrami, qe se fundmi eshte bere nene, tash","og_url":"https:\/\/www.visit-ulcinj.com\/blog\/2011\/05\/28\/arta-bajrami-skillz-astrit-mulaj-sonte-ne-insomnia-lausanne\/","og_site_name":"Lajme nga Ulqini","article_published_time":"2011-05-28T15:23:57+00:00","article_modified_time":"2011-05-28T15:28:59+00:00","og_image":[{"url":"http:\/\/www.visit-ulcinj.com\/blog\/wp-content\/uploads\/2011\/05\/ARTA-BAJARAMI-SKILLZ-ASTRIT-MULAJ-@-INSOMNIA-CLUB-28.05.2011.jpg"}],"twitter_misc":{"Written by":"ulqini","Est. reading time":"1 minute"},"schema":{"@context":"https:\/\/schema.org","@graph":[{"@type":"WebSite","@id":"https:\/\/www.visit-ulcinj.com\/blog\/#website","url":"https:\/\/www.visit-ulcinj.com\/blog\/","name":"Lajme nga Ulqini","description":"Lajme,Vijesti,Ulqini,Ulqin,Crna Gora,Mali i Zi","potentialAction":[{"@type":"SearchAction","target":{"@type":"EntryPoint","urlTemplate":"https:\/\/www.visit-ulcinj.com\/blog\/?s={search_term_string}"},"query-input":"required name=search_term_string"}],"inLanguage":"en-US"},{"@type":"ImageObject","inLanguage":"en-US","@id":"https:\/\/www.visit-ulcinj.com\/blog\/2011\/05\/28\/arta-bajrami-skillz-astrit-mulaj-sonte-ne-insomnia-lausanne\/#primaryimage","url":"http:\/\/www.visit-ulcinj.com\/blog\/wp-content\/uploads\/2011\/05\/ARTA-BAJARAMI-SKILLZ-ASTRIT-MULAJ-@-INSOMNIA-CLUB-28.05.2011.jpg","contentUrl":"http:\/\/www.visit-ulcinj.com\/blog\/wp-content\/uploads\/2011\/05\/ARTA-BAJARAMI-SKILLZ-ASTRIT-MULAJ-@-INSOMNIA-CLUB-28.05.2011.jpg"},{"@type":"WebPage","@id":"https:\/\/www.visit-ulcinj.com\/blog\/2011\/05\/28\/arta-bajrami-skillz-astrit-mulaj-sonte-ne-insomnia-lausanne\/#webpage","url":"https:\/\/www.visit-ulcinj.com\/blog\/2011\/05\/28\/arta-bajrami-skillz-astrit-mulaj-sonte-ne-insomnia-lausanne\/","name":"Arta Bajrami & Skillz & Astrit Mulaj sonte ne Insomnia Lausanne - Lajme nga Ulqini","isPartOf":{"@id":"https:\/\/www.visit-ulcinj.com\/blog\/#website"},"primaryImageOfPage":{"@id":"https:\/\/www.visit-ulcinj.com\/blog\/2011\/05\/28\/arta-bajrami-skillz-astrit-mulaj-sonte-ne-insomnia-lausanne\/#primaryimage"},"datePublished":"2011-05-28T15:23:57+00:00","dateModified":"2011-05-28T15:28:59+00:00","author":{"@id":"https:\/\/www.visit-ulcinj.com\/blog\/#\/schema\/person\/dcab619c614d3038751c63bc2aadc06d"},"description":"Mbasi Arta Bajrami lajmroj\u00eb se ne Korrik do del me album te ri,ket\u00eb gj\u00eb ajo edhe e beri.Mirpo kengetarja Arta Bajrami, qe se fundmi eshte bere nene, tash","breadcrumb":{"@id":"https:\/\/www.visit-ulcinj.com\/blog\/2011\/05\/28\/arta-bajrami-skillz-astrit-mulaj-sonte-ne-insomnia-lausanne\/#breadcrumb"},"inLanguage":"en-US","potentialAction":[{"@type":"ReadAction","target":["https:\/\/www.visit-ulcinj.com\/blog\/2011\/05\/28\/arta-bajrami-skillz-astrit-mulaj-sonte-ne-insomnia-lausanne\/"]}]},{"@type":"BreadcrumbList","@id":"https:\/\/www.visit-ulcinj.com\/blog\/2011\/05\/28\/arta-bajrami-skillz-astrit-mulaj-sonte-ne-insomnia-lausanne\/#breadcrumb","itemListElement":[{"@type":"ListItem","position":1,"name":"Arta Bajrami &#038; Skillz &#038; Astrit Mulaj sonte ne Insomnia Lausanne"}]},{"@type":"Person","@id":"https:\/\/www.visit-ulcinj.com\/blog\/#\/schema\/person\/dcab619c614d3038751c63bc2aadc06d","name":"ulqini","sameAs":["http:\/\/www.visit-ulcinj.com"],"url":"https:\/\/www.visit-ulcinj.com\/blog\/author\/admin\/"}]}},"jetpack_featured_media_url":"","jetpack_sharing_enabled":true,"jetpack_shortlink":"https:\/\/wp.me\/pe6lTn-cel","_links":{"self":[{"href":"https:\/\/www.visit-ulcinj.com\/blog\/wp-json\/wp\/v2\/posts\/47017"}],"collection":[{"href":"https:\/\/www.visit-ulcinj.com\/blog\/wp-json\/wp\/v2\/posts"}],"about":[{"href":"https:\/\/www.visit-ulcinj.com\/blog\/wp-json\/wp\/v2\/types\/post"}],"author":[{"embeddable":true,"href":"https:\/\/www.visit-ulcinj.com\/blog\/wp-json\/wp\/v2\/users\/1"}],"replies":[{"embeddable":true,"href":"https:\/\/www.visit-ulcinj.com\/blog\/wp-json\/wp\/v2\/comments?post=47017"}],"version-history":[{"count":0,"href":"https:\/\/www.visit-ulcinj.com\/blog\/wp-json\/wp\/v2\/posts\/47017\/revisions"}],"wp:attachment":[{"href":"https:\/\/www.visit-ulcinj.com\/blog\/wp-json\/wp\/v2\/media?parent=47017"}],"wp:term":[{"taxonomy":"category","embeddable":true,"href":"https:\/\/www.visit-ulcinj.com\/blog\/wp-json\/wp\/v2\/categories?post=47017"},{"taxonomy":"post_tag","embeddable":true,"href":"https:\/\/www.visit-ulcinj.com\/blog\/wp-json\/wp\/v2\/tags?post=47017"}],"curies":[{"name":"wp","href":"https:\/\/api.w.org\/{rel}","templated":true}]}}