{"id":47059,"date":"2011-05-30T09:48:58","date_gmt":"2011-05-30T08:48:58","guid":{"rendered":"http:\/\/www.visit-ulcinj.com\/blog\/?p=47059"},"modified":"2011-05-30T09:48:58","modified_gmt":"2011-05-30T08:48:58","slug":"alberie-hadergjonaj-vajzat-e-mia-le-te-presin-per-martesen","status":"publish","type":"post","link":"https:\/\/www.visit-ulcinj.com\/blog\/2011\/05\/30\/alberie-hadergjonaj-vajzat-e-mia-le-te-presin-per-martesen\/","title":{"rendered":"Alb\u00ebrie Had\u00ebrgjonaj: Vajzat e mia le t\u00eb presin p\u00ebr martes\u00ebn"},"content":{"rendered":"<p><strong><a href=\"http:\/\/www.visit-ulcinj.com\/blog\/wp-content\/uploads\/2011\/05\/Alberie-Hadergjonaj.jpg\"><img loading=\"lazy\" class=\"alignleft size-full wp-image-47060\" title=\"Alberie Hadergjonaj\" src=\"http:\/\/www.visit-ulcinj.com\/blog\/wp-content\/uploads\/2011\/05\/Alberie-Hadergjonaj.jpg\" alt=\"\" width=\"508\" height=\"400\" \/><\/a>Uroj q\u00eb vajzat t\u00eb presin p\u00ebr martes\u00ebn. Ndoshta un\u00eb vij nga nj\u00eb vend i vog\u00ebl n\u00eb Kosov\u00eb, De\u00e7ani, paksa konservator. <\/strong><\/p>\n<p>U dashurova f\u00ebmij\u00eb, n\u00eb mosh\u00eb fare t\u00eb re, 14 vje\u00e7e, saq\u00eb familja ime nuk priti fare t\u00eb m\u00eb vishte nuse, por m\u00eb nxori nga sht\u00ebpia\u201d. Me k\u00ebto fjal\u00eb t\u00eb th\u00ebna gjat\u00eb nj\u00eb programi televiziv, k\u00ebng\u00ebtarja Alb\u00ebrie Had\u00ebrgjonaj, e cila s\u00eb fundmi ka realizuar k\u00ebng\u00ebn \u201cKur nuk shkon, nuk shkon\u201d, \u2013 ka shprehur urimin e saj p\u00ebr dy vajzat, Agnesa dhe Anxhelina, q\u00eb sipas saj duhet t\u00eb presin p\u00ebr martes\u00ebn.<\/p>\n<p>Nj\u00ebra prej tyre, Agnesa, \u00ebsht\u00eb studente, nd\u00ebrsa 18-vje\u00e7arja Anxhelina \u00ebsht\u00eb nj\u00eb k\u00ebng\u00ebtare e re por e suksesshme. \u201cShpresoj q\u00eb vajzat e mia, Agnesa dhe Anxhelina, t\u00eb mos martohen shum\u00eb her\u00ebt, por kur kjo t\u00eb ndodh\u00eb, do d\u00ebshiroja t\u00eb kishin pran\u00eb partner\u00eb q\u00eb t\u2019i p\u00ebrkrahin e t\u2019i inkurajojn\u00eb p\u00ebr t\u00eb ardhmen. Un\u00eb pata fat me bashk\u00ebshortin tim, Mentorin, pasi ai u b\u00eb faktor q\u00eb un\u00eb t\u00eb b\u00ebhesha nj\u00eb fem\u00ebr e shkolluar, e famshme.<\/p>\n<p>Fal\u00eb tij kam pasur k\u00ebt\u00eb fat. Ka raste kur femrat q\u00eb martohen n\u00eb mosh\u00ebn 15-vje\u00e7are, jeta e tyre, talenti nd\u00ebrpritet aty dhe kaq\u201d, ka lavd\u00ebruar bashk\u00ebshortin Alb\u00ebria, me t\u00eb cilin ka q\u00ebndruar pran\u00eb n\u00eb \u00e7do v\u00ebshtir\u00ebsi e moment t\u00eb bukur. Sipas k\u00ebng\u00ebtares, koh\u00ebt kan\u00eb ndryshuar, vajzat mund t\u00eb njohin djem, por n\u00ebse nuk p\u00ebrputhen me ta, nuk ka asgj\u00eb t\u00eb keqe q\u00eb secili prej tyre t\u00eb shoh\u00eb pun\u00ebn e vet n\u00eb jet\u00eb. \u201cSot njeh dik\u00eb, s\u2019t\u00eb p\u00eblqen, sheh dik\u00eb tjet\u00ebr derisa gjen t\u00eb duhurin n\u00eb jet\u00eb.<\/p>\n<p>Shpresoj q\u00eb Agnesa dhe Anxhelina t\u00eb jen\u00eb t\u00eb denja n\u00eb jet\u00eb, t\u00eb marrin timonin e jet\u00ebs, ta drejtojn\u00eb vet\u00eb e pastaj t\u00eb gjejn\u00eb edhe djalin e duhur\u201d, \u2013 ka th\u00ebn\u00eb mamaja seksi, e cila, si\u00e7 duket, nuk \u00ebsht\u00eb aspak fanatike. E bija e k\u00ebng\u00ebtares, Anxhelina, merr pjes\u00eb n\u00eb \u201cTop Fest 8\u201d, me nj\u00eb balad\u00eb shum\u00eb t\u00eb ndier, q\u00eb titullohet \u201cKjo jet\u00eb s\u2019mjaftoi\u201d.<\/p>\n<p><strong>Standard<br \/>\n<!--YouTube Error: bad URL entered--><\/strong><\/p>\n","protected":false},"excerpt":{"rendered":"<p>Uroj q\u00eb vajzat t\u00eb presin p\u00ebr martes\u00ebn. Ndoshta un\u00eb vij nga nj\u00eb vend i vog\u00ebl n\u00eb Kosov\u00eb, De\u00e7ani, paksa konservator. U dashurova f\u00ebmij\u00eb, n\u00eb mosh\u00eb fare t\u00eb re, 14 vje\u00e7e, saq\u00eb familja ime nuk priti fare t\u00eb m\u00eb vishte nuse, por m\u00eb nxori nga sht\u00ebpia\u201d. Me k\u00ebto fjal\u00eb t\u00eb th\u00ebna gjat\u00eb nj\u00eb programi televiziv, k\u00ebng\u00ebtarja [&hellip;]<\/p>\n","protected":false},"author":1,"featured_media":0,"comment_status":"open","ping_status":"closed","sticky":false,"template":"","format":"standard","meta":{"spay_email":"","jetpack_publicize_message":"","jetpack_is_tweetstorm":false,"jetpack_publicize_feature_enabled":true},"categories":[1],"tags":[4567],"jetpack_publicize_connections":[],"yoast_head":"<!-- This site is optimized with the Yoast SEO plugin v19.1 - https:\/\/yoast.com\/wordpress\/plugins\/seo\/ -->\n<title>Alb\u00ebrie Had\u00ebrgjonaj: Vajzat e mia le t\u00eb presin p\u00ebr martes\u00ebn - Lajme nga Ulqini<\/title>\n<meta name=\"description\" content=\"Uroj q\u00eb vajzat t\u00eb presin p\u00ebr martes\u00ebn. Ndoshta un\u00eb vij nga nj\u00eb vend i vog\u00ebl n\u00eb Kosov\u00eb, De\u00e7ani, paksa konservator. U dashurova f\u00ebmij\u00eb, n\u00eb mosh\u00eb fare t\u00eb re,\" \/>\n<meta name=\"robots\" content=\"index, follow, max-snippet:-1, max-image-preview:large, max-video-preview:-1\" \/>\n<link rel=\"canonical\" href=\"https:\/\/www.visit-ulcinj.com\/blog\/2011\/05\/30\/alberie-hadergjonaj-vajzat-e-mia-le-te-presin-per-martesen\/\" \/>\n<meta property=\"og:locale\" content=\"en_US\" \/>\n<meta property=\"og:type\" content=\"article\" \/>\n<meta property=\"og:title\" content=\"Alb\u00ebrie Had\u00ebrgjonaj: Vajzat e mia le t\u00eb presin p\u00ebr martes\u00ebn - Lajme nga Ulqini\" \/>\n<meta property=\"og:description\" content=\"Uroj q\u00eb vajzat t\u00eb presin p\u00ebr martes\u00ebn. Ndoshta un\u00eb vij nga nj\u00eb vend i vog\u00ebl n\u00eb Kosov\u00eb, De\u00e7ani, paksa konservator. U dashurova f\u00ebmij\u00eb, n\u00eb mosh\u00eb fare t\u00eb re,\" \/>\n<meta property=\"og:url\" content=\"https:\/\/www.visit-ulcinj.com\/blog\/2011\/05\/30\/alberie-hadergjonaj-vajzat-e-mia-le-te-presin-per-martesen\/\" \/>\n<meta property=\"og:site_name\" content=\"Lajme nga Ulqini\" \/>\n<meta property=\"article:published_time\" content=\"2011-05-30T08:48:58+00:00\" \/>\n<meta property=\"og:image\" content=\"http:\/\/www.visit-ulcinj.com\/blog\/wp-content\/uploads\/2011\/05\/Alberie-Hadergjonaj.jpg\" \/>\n<meta name=\"twitter:label1\" content=\"Written by\" \/>\n\t<meta name=\"twitter:data1\" content=\"ulqini\" \/>\n\t<meta name=\"twitter:label2\" content=\"Est. reading time\" \/>\n\t<meta name=\"twitter:data2\" content=\"2 minutes\" \/>\n<script type=\"application\/ld+json\" class=\"yoast-schema-graph\">{\"@context\":\"https:\/\/schema.org\",\"@graph\":[{\"@type\":\"WebSite\",\"@id\":\"https:\/\/www.visit-ulcinj.com\/blog\/#website\",\"url\":\"https:\/\/www.visit-ulcinj.com\/blog\/\",\"name\":\"Lajme nga Ulqini\",\"description\":\"Lajme,Vijesti,Ulqini,Ulqin,Crna Gora,Mali i Zi\",\"potentialAction\":[{\"@type\":\"SearchAction\",\"target\":{\"@type\":\"EntryPoint\",\"urlTemplate\":\"https:\/\/www.visit-ulcinj.com\/blog\/?s={search_term_string}\"},\"query-input\":\"required name=search_term_string\"}],\"inLanguage\":\"en-US\"},{\"@type\":\"ImageObject\",\"inLanguage\":\"en-US\",\"@id\":\"https:\/\/www.visit-ulcinj.com\/blog\/2011\/05\/30\/alberie-hadergjonaj-vajzat-e-mia-le-te-presin-per-martesen\/#primaryimage\",\"url\":\"http:\/\/www.visit-ulcinj.com\/blog\/wp-content\/uploads\/2011\/05\/Alberie-Hadergjonaj.jpg\",\"contentUrl\":\"http:\/\/www.visit-ulcinj.com\/blog\/wp-content\/uploads\/2011\/05\/Alberie-Hadergjonaj.jpg\"},{\"@type\":\"WebPage\",\"@id\":\"https:\/\/www.visit-ulcinj.com\/blog\/2011\/05\/30\/alberie-hadergjonaj-vajzat-e-mia-le-te-presin-per-martesen\/#webpage\",\"url\":\"https:\/\/www.visit-ulcinj.com\/blog\/2011\/05\/30\/alberie-hadergjonaj-vajzat-e-mia-le-te-presin-per-martesen\/\",\"name\":\"Alb\u00ebrie Had\u00ebrgjonaj: Vajzat e mia le t\u00eb presin p\u00ebr martes\u00ebn - Lajme nga Ulqini\",\"isPartOf\":{\"@id\":\"https:\/\/www.visit-ulcinj.com\/blog\/#website\"},\"primaryImageOfPage\":{\"@id\":\"https:\/\/www.visit-ulcinj.com\/blog\/2011\/05\/30\/alberie-hadergjonaj-vajzat-e-mia-le-te-presin-per-martesen\/#primaryimage\"},\"datePublished\":\"2011-05-30T08:48:58+00:00\",\"dateModified\":\"2011-05-30T08:48:58+00:00\",\"author\":{\"@id\":\"https:\/\/www.visit-ulcinj.com\/blog\/#\/schema\/person\/dcab619c614d3038751c63bc2aadc06d\"},\"description\":\"Uroj q\u00eb vajzat t\u00eb presin p\u00ebr martes\u00ebn. Ndoshta un\u00eb vij nga nj\u00eb vend i vog\u00ebl n\u00eb Kosov\u00eb, De\u00e7ani, paksa konservator. U dashurova f\u00ebmij\u00eb, n\u00eb mosh\u00eb fare t\u00eb re,\",\"breadcrumb\":{\"@id\":\"https:\/\/www.visit-ulcinj.com\/blog\/2011\/05\/30\/alberie-hadergjonaj-vajzat-e-mia-le-te-presin-per-martesen\/#breadcrumb\"},\"inLanguage\":\"en-US\",\"potentialAction\":[{\"@type\":\"ReadAction\",\"target\":[\"https:\/\/www.visit-ulcinj.com\/blog\/2011\/05\/30\/alberie-hadergjonaj-vajzat-e-mia-le-te-presin-per-martesen\/\"]}]},{\"@type\":\"BreadcrumbList\",\"@id\":\"https:\/\/www.visit-ulcinj.com\/blog\/2011\/05\/30\/alberie-hadergjonaj-vajzat-e-mia-le-te-presin-per-martesen\/#breadcrumb\",\"itemListElement\":[{\"@type\":\"ListItem\",\"position\":1,\"name\":\"Alb\u00ebrie Had\u00ebrgjonaj: Vajzat e mia le t\u00eb presin p\u00ebr martes\u00ebn\"}]},{\"@type\":\"Person\",\"@id\":\"https:\/\/www.visit-ulcinj.com\/blog\/#\/schema\/person\/dcab619c614d3038751c63bc2aadc06d\",\"name\":\"ulqini\",\"sameAs\":[\"http:\/\/www.visit-ulcinj.com\"],\"url\":\"https:\/\/www.visit-ulcinj.com\/blog\/author\/admin\/\"}]}<\/script>\n<!-- \/ Yoast SEO plugin. -->","yoast_head_json":{"title":"Alb\u00ebrie Had\u00ebrgjonaj: Vajzat e mia le t\u00eb presin p\u00ebr martes\u00ebn - Lajme nga Ulqini","description":"Uroj q\u00eb vajzat t\u00eb presin p\u00ebr martes\u00ebn. Ndoshta un\u00eb vij nga nj\u00eb vend i vog\u00ebl n\u00eb Kosov\u00eb, De\u00e7ani, paksa konservator. U dashurova f\u00ebmij\u00eb, n\u00eb mosh\u00eb fare t\u00eb re,","robots":{"index":"index","follow":"follow","max-snippet":"max-snippet:-1","max-image-preview":"max-image-preview:large","max-video-preview":"max-video-preview:-1"},"canonical":"https:\/\/www.visit-ulcinj.com\/blog\/2011\/05\/30\/alberie-hadergjonaj-vajzat-e-mia-le-te-presin-per-martesen\/","og_locale":"en_US","og_type":"article","og_title":"Alb\u00ebrie Had\u00ebrgjonaj: Vajzat e mia le t\u00eb presin p\u00ebr martes\u00ebn - Lajme nga Ulqini","og_description":"Uroj q\u00eb vajzat t\u00eb presin p\u00ebr martes\u00ebn. Ndoshta un\u00eb vij nga nj\u00eb vend i vog\u00ebl n\u00eb Kosov\u00eb, De\u00e7ani, paksa konservator. U dashurova f\u00ebmij\u00eb, n\u00eb mosh\u00eb fare t\u00eb re,","og_url":"https:\/\/www.visit-ulcinj.com\/blog\/2011\/05\/30\/alberie-hadergjonaj-vajzat-e-mia-le-te-presin-per-martesen\/","og_site_name":"Lajme nga Ulqini","article_published_time":"2011-05-30T08:48:58+00:00","og_image":[{"url":"http:\/\/www.visit-ulcinj.com\/blog\/wp-content\/uploads\/2011\/05\/Alberie-Hadergjonaj.jpg"}],"twitter_misc":{"Written by":"ulqini","Est. reading time":"2 minutes"},"schema":{"@context":"https:\/\/schema.org","@graph":[{"@type":"WebSite","@id":"https:\/\/www.visit-ulcinj.com\/blog\/#website","url":"https:\/\/www.visit-ulcinj.com\/blog\/","name":"Lajme nga Ulqini","description":"Lajme,Vijesti,Ulqini,Ulqin,Crna Gora,Mali i Zi","potentialAction":[{"@type":"SearchAction","target":{"@type":"EntryPoint","urlTemplate":"https:\/\/www.visit-ulcinj.com\/blog\/?s={search_term_string}"},"query-input":"required name=search_term_string"}],"inLanguage":"en-US"},{"@type":"ImageObject","inLanguage":"en-US","@id":"https:\/\/www.visit-ulcinj.com\/blog\/2011\/05\/30\/alberie-hadergjonaj-vajzat-e-mia-le-te-presin-per-martesen\/#primaryimage","url":"http:\/\/www.visit-ulcinj.com\/blog\/wp-content\/uploads\/2011\/05\/Alberie-Hadergjonaj.jpg","contentUrl":"http:\/\/www.visit-ulcinj.com\/blog\/wp-content\/uploads\/2011\/05\/Alberie-Hadergjonaj.jpg"},{"@type":"WebPage","@id":"https:\/\/www.visit-ulcinj.com\/blog\/2011\/05\/30\/alberie-hadergjonaj-vajzat-e-mia-le-te-presin-per-martesen\/#webpage","url":"https:\/\/www.visit-ulcinj.com\/blog\/2011\/05\/30\/alberie-hadergjonaj-vajzat-e-mia-le-te-presin-per-martesen\/","name":"Alb\u00ebrie Had\u00ebrgjonaj: Vajzat e mia le t\u00eb presin p\u00ebr martes\u00ebn - Lajme nga Ulqini","isPartOf":{"@id":"https:\/\/www.visit-ulcinj.com\/blog\/#website"},"primaryImageOfPage":{"@id":"https:\/\/www.visit-ulcinj.com\/blog\/2011\/05\/30\/alberie-hadergjonaj-vajzat-e-mia-le-te-presin-per-martesen\/#primaryimage"},"datePublished":"2011-05-30T08:48:58+00:00","dateModified":"2011-05-30T08:48:58+00:00","author":{"@id":"https:\/\/www.visit-ulcinj.com\/blog\/#\/schema\/person\/dcab619c614d3038751c63bc2aadc06d"},"description":"Uroj q\u00eb vajzat t\u00eb presin p\u00ebr martes\u00ebn. Ndoshta un\u00eb vij nga nj\u00eb vend i vog\u00ebl n\u00eb Kosov\u00eb, De\u00e7ani, paksa konservator. U dashurova f\u00ebmij\u00eb, n\u00eb mosh\u00eb fare t\u00eb re,","breadcrumb":{"@id":"https:\/\/www.visit-ulcinj.com\/blog\/2011\/05\/30\/alberie-hadergjonaj-vajzat-e-mia-le-te-presin-per-martesen\/#breadcrumb"},"inLanguage":"en-US","potentialAction":[{"@type":"ReadAction","target":["https:\/\/www.visit-ulcinj.com\/blog\/2011\/05\/30\/alberie-hadergjonaj-vajzat-e-mia-le-te-presin-per-martesen\/"]}]},{"@type":"BreadcrumbList","@id":"https:\/\/www.visit-ulcinj.com\/blog\/2011\/05\/30\/alberie-hadergjonaj-vajzat-e-mia-le-te-presin-per-martesen\/#breadcrumb","itemListElement":[{"@type":"ListItem","position":1,"name":"Alb\u00ebrie Had\u00ebrgjonaj: Vajzat e mia le t\u00eb presin p\u00ebr martes\u00ebn"}]},{"@type":"Person","@id":"https:\/\/www.visit-ulcinj.com\/blog\/#\/schema\/person\/dcab619c614d3038751c63bc2aadc06d","name":"ulqini","sameAs":["http:\/\/www.visit-ulcinj.com"],"url":"https:\/\/www.visit-ulcinj.com\/blog\/author\/admin\/"}]}},"jetpack_featured_media_url":"","jetpack_sharing_enabled":true,"jetpack_shortlink":"https:\/\/wp.me\/pe6lTn-cf1","_links":{"self":[{"href":"https:\/\/www.visit-ulcinj.com\/blog\/wp-json\/wp\/v2\/posts\/47059"}],"collection":[{"href":"https:\/\/www.visit-ulcinj.com\/blog\/wp-json\/wp\/v2\/posts"}],"about":[{"href":"https:\/\/www.visit-ulcinj.com\/blog\/wp-json\/wp\/v2\/types\/post"}],"author":[{"embeddable":true,"href":"https:\/\/www.visit-ulcinj.com\/blog\/wp-json\/wp\/v2\/users\/1"}],"replies":[{"embeddable":true,"href":"https:\/\/www.visit-ulcinj.com\/blog\/wp-json\/wp\/v2\/comments?post=47059"}],"version-history":[{"count":0,"href":"https:\/\/www.visit-ulcinj.com\/blog\/wp-json\/wp\/v2\/posts\/47059\/revisions"}],"wp:attachment":[{"href":"https:\/\/www.visit-ulcinj.com\/blog\/wp-json\/wp\/v2\/media?parent=47059"}],"wp:term":[{"taxonomy":"category","embeddable":true,"href":"https:\/\/www.visit-ulcinj.com\/blog\/wp-json\/wp\/v2\/categories?post=47059"},{"taxonomy":"post_tag","embeddable":true,"href":"https:\/\/www.visit-ulcinj.com\/blog\/wp-json\/wp\/v2\/tags?post=47059"}],"curies":[{"name":"wp","href":"https:\/\/api.w.org\/{rel}","templated":true}]}}