{"id":47080,"date":"2011-05-30T11:15:49","date_gmt":"2011-05-30T10:15:49","guid":{"rendered":"http:\/\/www.visit-ulcinj.com\/blog\/?p=47080"},"modified":"2011-05-30T11:15:49","modified_gmt":"2011-05-30T10:15:49","slug":"elvana-gjata-kudo-qe-jam","status":"publish","type":"post","link":"https:\/\/www.visit-ulcinj.com\/blog\/2011\/05\/30\/elvana-gjata-kudo-qe-jam\/","title":{"rendered":"Elvana Gjata &#8211; Kudo q\u00eb jam"},"content":{"rendered":"<p><a href=\"http:\/\/www.visit-ulcinj.com\/blog\/wp-content\/uploads\/2011\/05\/Elvana-Gjata_Kudo-qe-jam.4.jpg\"><img loading=\"lazy\" class=\"alignleft size-full wp-image-47084\" title=\"Elvana Gjata_Kudo qe jam.4\" src=\"http:\/\/www.visit-ulcinj.com\/blog\/wp-content\/uploads\/2011\/05\/Elvana-Gjata_Kudo-qe-jam.4.jpg\" alt=\"\" width=\"508\" height=\"354\" \/><\/a>Dje \u00ebsht\u00eb publikuar kudo versioni i zgjatur i videko\u00ebng\u00ebs s\u00eb re t\u00eb Elvana Gjat\u00ebs &#8220;Kudo q\u00eb jam&#8221;, nd\u00ebrkoh\u00eb q\u00eb sot k\u00ebtu n\u00eb Albaniac po ju sjellim versionin origjinal t\u00eb plot\u00eb. Si videoja ashtu edhe k\u00ebnga jan\u00eb fantastike, por akoma m\u00eb fantastike duket Elvana e cila paraqitet n\u00eb form\u00ebn e saj m\u00eb t\u00eb mir\u00eb dhe nuk besoj se gjat\u00eb karrier\u00ebs s\u00eb saj ka pasur nj\u00eb look m\u00eb t\u00eb mir\u00eb sesa ky i shfaquri n\u00eb k\u00ebt\u00eb video. Gjith\u00e7ka perfekte! Pa dashur t\u00eb ngacmoj pak, videoja t\u00eb sjell nd\u00ebrmend &#8220;Rockstar&#8221; t\u00eb Rihann\u00ebs, por gjithsesi \u00ebsht\u00eb di\u00e7ka krejt\u00ebsisht m\u00eb vete dhe fiksim fiksim fiksim! Ju duhet t\u00eb kuptoni, k\u00ebt\u00ebj matan\u00eb kufirit kjo \u00ebsht\u00eb nj\u00eb video nj\u00eb milionshe&#8230;e jo lek\u00eb, por dollarrrr\u00eb! K\u00ebnga \u00ebsht\u00eb super dhe mendoj se do ishte cool ti b\u00ebhej dhe nj\u00eb version n\u00eb anglisht, pasi Elvana v\u00ebrtet ka provuar se zot\u00ebron t\u00eb ashtuquajtur\u00ebn &#8220;paket\u00ebn e plot\u00eb&#8221; p\u00ebr t\u00eb q\u00ebn\u00eb nj\u00eb superstar.<\/p>\n<p><strong>Revista Albaniac<br \/>\n<\/strong><br \/>\n<!--YouTube Error: bad URL entered--><\/p>\n","protected":false},"excerpt":{"rendered":"<p>Dje \u00ebsht\u00eb publikuar kudo versioni i zgjatur i videko\u00ebng\u00ebs s\u00eb re t\u00eb Elvana Gjat\u00ebs &#8220;Kudo q\u00eb jam&#8221;, nd\u00ebrkoh\u00eb q\u00eb sot k\u00ebtu n\u00eb Albaniac po ju sjellim versionin origjinal t\u00eb plot\u00eb. Si videoja ashtu edhe k\u00ebnga jan\u00eb fantastike, por akoma m\u00eb fantastike duket Elvana e cila paraqitet n\u00eb form\u00ebn e saj m\u00eb t\u00eb mir\u00eb dhe nuk [&hellip;]<\/p>\n","protected":false},"author":1,"featured_media":0,"comment_status":"open","ping_status":"closed","sticky":false,"template":"","format":"standard","meta":{"spay_email":"","jetpack_publicize_message":"","jetpack_is_tweetstorm":false,"jetpack_publicize_feature_enabled":true},"categories":[1],"tags":[7760,18321],"jetpack_publicize_connections":[],"yoast_head":"<!-- This site is optimized with the Yoast SEO plugin v19.1 - https:\/\/yoast.com\/wordpress\/plugins\/seo\/ -->\n<title>Elvana Gjata - Kudo q\u00eb jam - Lajme nga Ulqini<\/title>\n<meta name=\"description\" content=\"Dje \u00ebsht\u00eb publikuar kudo versioni i zgjatur i videko\u00ebng\u00ebs s\u00eb re t\u00eb Elvana Gjat\u00ebs &quot;Kudo q\u00eb jam&quot;, nd\u00ebrkoh\u00eb q\u00eb sot k\u00ebtu n\u00eb Albaniac po ju sjellim versionin\" \/>\n<meta name=\"robots\" content=\"index, follow, max-snippet:-1, max-image-preview:large, max-video-preview:-1\" \/>\n<link rel=\"canonical\" href=\"https:\/\/www.visit-ulcinj.com\/blog\/2011\/05\/30\/elvana-gjata-kudo-qe-jam\/\" \/>\n<meta property=\"og:locale\" content=\"en_US\" \/>\n<meta property=\"og:type\" content=\"article\" \/>\n<meta property=\"og:title\" content=\"Elvana Gjata - Kudo q\u00eb jam - Lajme nga Ulqini\" \/>\n<meta property=\"og:description\" content=\"Dje \u00ebsht\u00eb publikuar kudo versioni i zgjatur i videko\u00ebng\u00ebs s\u00eb re t\u00eb Elvana Gjat\u00ebs &quot;Kudo q\u00eb jam&quot;, nd\u00ebrkoh\u00eb q\u00eb sot k\u00ebtu n\u00eb Albaniac po ju sjellim versionin\" \/>\n<meta property=\"og:url\" content=\"https:\/\/www.visit-ulcinj.com\/blog\/2011\/05\/30\/elvana-gjata-kudo-qe-jam\/\" \/>\n<meta property=\"og:site_name\" content=\"Lajme nga Ulqini\" \/>\n<meta property=\"article:published_time\" content=\"2011-05-30T10:15:49+00:00\" \/>\n<meta property=\"og:image\" content=\"https:\/\/www.visit-ulcinj.com\/blog\/wp-content\/uploads\/2011\/05\/Elvana-Gjata_Kudo-qe-jam.1-150x150.jpg\" \/>\n<meta name=\"twitter:label1\" content=\"Written by\" \/>\n\t<meta name=\"twitter:data1\" content=\"ulqini\" \/>\n\t<meta name=\"twitter:label2\" content=\"Est. reading time\" \/>\n\t<meta name=\"twitter:data2\" content=\"1 minute\" \/>\n<script type=\"application\/ld+json\" class=\"yoast-schema-graph\">{\"@context\":\"https:\/\/schema.org\",\"@graph\":[{\"@type\":\"WebSite\",\"@id\":\"https:\/\/www.visit-ulcinj.com\/blog\/#website\",\"url\":\"https:\/\/www.visit-ulcinj.com\/blog\/\",\"name\":\"Lajme nga Ulqini\",\"description\":\"Lajme,Vijesti,Ulqini,Ulqin,Crna Gora,Mali i Zi\",\"potentialAction\":[{\"@type\":\"SearchAction\",\"target\":{\"@type\":\"EntryPoint\",\"urlTemplate\":\"https:\/\/www.visit-ulcinj.com\/blog\/?s={search_term_string}\"},\"query-input\":\"required name=search_term_string\"}],\"inLanguage\":\"en-US\"},{\"@type\":\"ImageObject\",\"inLanguage\":\"en-US\",\"@id\":\"https:\/\/www.visit-ulcinj.com\/blog\/2011\/05\/30\/elvana-gjata-kudo-qe-jam\/#primaryimage\",\"url\":\"http:\/\/www.visit-ulcinj.com\/blog\/wp-content\/uploads\/2011\/05\/Elvana-Gjata_Kudo-qe-jam.4.jpg\",\"contentUrl\":\"http:\/\/www.visit-ulcinj.com\/blog\/wp-content\/uploads\/2011\/05\/Elvana-Gjata_Kudo-qe-jam.4.jpg\"},{\"@type\":\"WebPage\",\"@id\":\"https:\/\/www.visit-ulcinj.com\/blog\/2011\/05\/30\/elvana-gjata-kudo-qe-jam\/#webpage\",\"url\":\"https:\/\/www.visit-ulcinj.com\/blog\/2011\/05\/30\/elvana-gjata-kudo-qe-jam\/\",\"name\":\"Elvana Gjata - Kudo q\u00eb jam - Lajme nga Ulqini\",\"isPartOf\":{\"@id\":\"https:\/\/www.visit-ulcinj.com\/blog\/#website\"},\"primaryImageOfPage\":{\"@id\":\"https:\/\/www.visit-ulcinj.com\/blog\/2011\/05\/30\/elvana-gjata-kudo-qe-jam\/#primaryimage\"},\"datePublished\":\"2011-05-30T10:15:49+00:00\",\"dateModified\":\"2011-05-30T10:15:49+00:00\",\"author\":{\"@id\":\"https:\/\/www.visit-ulcinj.com\/blog\/#\/schema\/person\/dcab619c614d3038751c63bc2aadc06d\"},\"description\":\"Dje \u00ebsht\u00eb publikuar kudo versioni i zgjatur i videko\u00ebng\u00ebs s\u00eb re t\u00eb Elvana Gjat\u00ebs \\\"Kudo q\u00eb jam\\\", nd\u00ebrkoh\u00eb q\u00eb sot k\u00ebtu n\u00eb Albaniac po ju sjellim versionin\",\"breadcrumb\":{\"@id\":\"https:\/\/www.visit-ulcinj.com\/blog\/2011\/05\/30\/elvana-gjata-kudo-qe-jam\/#breadcrumb\"},\"inLanguage\":\"en-US\",\"potentialAction\":[{\"@type\":\"ReadAction\",\"target\":[\"https:\/\/www.visit-ulcinj.com\/blog\/2011\/05\/30\/elvana-gjata-kudo-qe-jam\/\"]}]},{\"@type\":\"BreadcrumbList\",\"@id\":\"https:\/\/www.visit-ulcinj.com\/blog\/2011\/05\/30\/elvana-gjata-kudo-qe-jam\/#breadcrumb\",\"itemListElement\":[{\"@type\":\"ListItem\",\"position\":1,\"name\":\"Elvana Gjata &#8211; Kudo q\u00eb jam\"}]},{\"@type\":\"Person\",\"@id\":\"https:\/\/www.visit-ulcinj.com\/blog\/#\/schema\/person\/dcab619c614d3038751c63bc2aadc06d\",\"name\":\"ulqini\",\"sameAs\":[\"http:\/\/www.visit-ulcinj.com\"],\"url\":\"https:\/\/www.visit-ulcinj.com\/blog\/author\/admin\/\"}]}<\/script>\n<!-- \/ Yoast SEO plugin. -->","yoast_head_json":{"title":"Elvana Gjata - Kudo q\u00eb jam - Lajme nga Ulqini","description":"Dje \u00ebsht\u00eb publikuar kudo versioni i zgjatur i videko\u00ebng\u00ebs s\u00eb re t\u00eb Elvana Gjat\u00ebs \"Kudo q\u00eb jam\", nd\u00ebrkoh\u00eb q\u00eb sot k\u00ebtu n\u00eb Albaniac po ju sjellim versionin","robots":{"index":"index","follow":"follow","max-snippet":"max-snippet:-1","max-image-preview":"max-image-preview:large","max-video-preview":"max-video-preview:-1"},"canonical":"https:\/\/www.visit-ulcinj.com\/blog\/2011\/05\/30\/elvana-gjata-kudo-qe-jam\/","og_locale":"en_US","og_type":"article","og_title":"Elvana Gjata - Kudo q\u00eb jam - Lajme nga Ulqini","og_description":"Dje \u00ebsht\u00eb publikuar kudo versioni i zgjatur i videko\u00ebng\u00ebs s\u00eb re t\u00eb Elvana Gjat\u00ebs \"Kudo q\u00eb jam\", nd\u00ebrkoh\u00eb q\u00eb sot k\u00ebtu n\u00eb Albaniac po ju sjellim versionin","og_url":"https:\/\/www.visit-ulcinj.com\/blog\/2011\/05\/30\/elvana-gjata-kudo-qe-jam\/","og_site_name":"Lajme nga Ulqini","article_published_time":"2011-05-30T10:15:49+00:00","og_image":[{"url":"https:\/\/www.visit-ulcinj.com\/blog\/wp-content\/uploads\/2011\/05\/Elvana-Gjata_Kudo-qe-jam.1-150x150.jpg"}],"twitter_misc":{"Written by":"ulqini","Est. reading time":"1 minute"},"schema":{"@context":"https:\/\/schema.org","@graph":[{"@type":"WebSite","@id":"https:\/\/www.visit-ulcinj.com\/blog\/#website","url":"https:\/\/www.visit-ulcinj.com\/blog\/","name":"Lajme nga Ulqini","description":"Lajme,Vijesti,Ulqini,Ulqin,Crna Gora,Mali i Zi","potentialAction":[{"@type":"SearchAction","target":{"@type":"EntryPoint","urlTemplate":"https:\/\/www.visit-ulcinj.com\/blog\/?s={search_term_string}"},"query-input":"required name=search_term_string"}],"inLanguage":"en-US"},{"@type":"ImageObject","inLanguage":"en-US","@id":"https:\/\/www.visit-ulcinj.com\/blog\/2011\/05\/30\/elvana-gjata-kudo-qe-jam\/#primaryimage","url":"http:\/\/www.visit-ulcinj.com\/blog\/wp-content\/uploads\/2011\/05\/Elvana-Gjata_Kudo-qe-jam.4.jpg","contentUrl":"http:\/\/www.visit-ulcinj.com\/blog\/wp-content\/uploads\/2011\/05\/Elvana-Gjata_Kudo-qe-jam.4.jpg"},{"@type":"WebPage","@id":"https:\/\/www.visit-ulcinj.com\/blog\/2011\/05\/30\/elvana-gjata-kudo-qe-jam\/#webpage","url":"https:\/\/www.visit-ulcinj.com\/blog\/2011\/05\/30\/elvana-gjata-kudo-qe-jam\/","name":"Elvana Gjata - Kudo q\u00eb jam - Lajme nga Ulqini","isPartOf":{"@id":"https:\/\/www.visit-ulcinj.com\/blog\/#website"},"primaryImageOfPage":{"@id":"https:\/\/www.visit-ulcinj.com\/blog\/2011\/05\/30\/elvana-gjata-kudo-qe-jam\/#primaryimage"},"datePublished":"2011-05-30T10:15:49+00:00","dateModified":"2011-05-30T10:15:49+00:00","author":{"@id":"https:\/\/www.visit-ulcinj.com\/blog\/#\/schema\/person\/dcab619c614d3038751c63bc2aadc06d"},"description":"Dje \u00ebsht\u00eb publikuar kudo versioni i zgjatur i videko\u00ebng\u00ebs s\u00eb re t\u00eb Elvana Gjat\u00ebs \"Kudo q\u00eb jam\", nd\u00ebrkoh\u00eb q\u00eb sot k\u00ebtu n\u00eb Albaniac po ju sjellim versionin","breadcrumb":{"@id":"https:\/\/www.visit-ulcinj.com\/blog\/2011\/05\/30\/elvana-gjata-kudo-qe-jam\/#breadcrumb"},"inLanguage":"en-US","potentialAction":[{"@type":"ReadAction","target":["https:\/\/www.visit-ulcinj.com\/blog\/2011\/05\/30\/elvana-gjata-kudo-qe-jam\/"]}]},{"@type":"BreadcrumbList","@id":"https:\/\/www.visit-ulcinj.com\/blog\/2011\/05\/30\/elvana-gjata-kudo-qe-jam\/#breadcrumb","itemListElement":[{"@type":"ListItem","position":1,"name":"Elvana Gjata &#8211; Kudo q\u00eb jam"}]},{"@type":"Person","@id":"https:\/\/www.visit-ulcinj.com\/blog\/#\/schema\/person\/dcab619c614d3038751c63bc2aadc06d","name":"ulqini","sameAs":["http:\/\/www.visit-ulcinj.com"],"url":"https:\/\/www.visit-ulcinj.com\/blog\/author\/admin\/"}]}},"jetpack_featured_media_url":"","jetpack_sharing_enabled":true,"jetpack_shortlink":"https:\/\/wp.me\/pe6lTn-cfm","_links":{"self":[{"href":"https:\/\/www.visit-ulcinj.com\/blog\/wp-json\/wp\/v2\/posts\/47080"}],"collection":[{"href":"https:\/\/www.visit-ulcinj.com\/blog\/wp-json\/wp\/v2\/posts"}],"about":[{"href":"https:\/\/www.visit-ulcinj.com\/blog\/wp-json\/wp\/v2\/types\/post"}],"author":[{"embeddable":true,"href":"https:\/\/www.visit-ulcinj.com\/blog\/wp-json\/wp\/v2\/users\/1"}],"replies":[{"embeddable":true,"href":"https:\/\/www.visit-ulcinj.com\/blog\/wp-json\/wp\/v2\/comments?post=47080"}],"version-history":[{"count":0,"href":"https:\/\/www.visit-ulcinj.com\/blog\/wp-json\/wp\/v2\/posts\/47080\/revisions"}],"wp:attachment":[{"href":"https:\/\/www.visit-ulcinj.com\/blog\/wp-json\/wp\/v2\/media?parent=47080"}],"wp:term":[{"taxonomy":"category","embeddable":true,"href":"https:\/\/www.visit-ulcinj.com\/blog\/wp-json\/wp\/v2\/categories?post=47080"},{"taxonomy":"post_tag","embeddable":true,"href":"https:\/\/www.visit-ulcinj.com\/blog\/wp-json\/wp\/v2\/tags?post=47080"}],"curies":[{"name":"wp","href":"https:\/\/api.w.org\/{rel}","templated":true}]}}