{"id":47088,"date":"2011-05-30T11:37:21","date_gmt":"2011-05-30T10:37:21","guid":{"rendered":"http:\/\/www.visit-ulcinj.com\/blog\/?p=47088"},"modified":"2011-06-04T18:18:09","modified_gmt":"2011-06-04T17:18:09","slug":"shfaqet-dokumentari-shkolla-e-vjeter-ne-katerkolle-2-qeshor-ne-qendren-per-kulture-ulqin","status":"publish","type":"post","link":"https:\/\/www.visit-ulcinj.com\/blog\/2011\/05\/30\/shfaqet-dokumentari-shkolla-e-vjeter-ne-katerkolle-2-qeshor-ne-qendren-per-kulture-ulqin\/","title":{"rendered":"Shfaqet dokumentari- Shkolla e vjeter n\u00eb Katerkoll\u00eb -2 qeshor, n\u00eb Qendr\u00ebn p\u00ebr Kultur\u00eb-Ulqin"},"content":{"rendered":"<p><a href=\"http:\/\/www.visit-ulcinj.com\/blog\/wp-content\/uploads\/2011\/05\/Dokumentari_Shkolla-e-vjeter-n\u00eb-Katerkoll\u00eb-simbol-i-dijes-dhe-vetedijes.jpg\"><img loading=\"lazy\" class=\"alignleft size-full wp-image-47089\" title=\"Dokumentari_Shkolla e vjeter n\u00eb Katerkoll\u00eb simbol i dijes dhe vetedijes\" src=\"http:\/\/www.visit-ulcinj.com\/blog\/wp-content\/uploads\/2011\/05\/Dokumentari_Shkolla-e-vjeter-n\u00eb-Katerkoll\u00eb-simbol-i-dijes-dhe-vetedijes.jpg\" alt=\"\" width=\"508\" height=\"379\" \/><\/a>Diten e enjte, me dat\u00eb 2 qeshor 2011, n\u00eb Qendr\u00ebn p\u00ebr Kultur\u00eb-Ulqin n\u00eb ora 20.00 shfaqet premiera e dokumentarit &#8220;Shkolla e vjeter n\u00eb Katerkoll\u00eb simbol i dijes dhe vet\u00ebdijes&#8221;, me skenar t\u00eb Luljeta Avdiu Cura.N\u00eb dokumentar marrin pjes\u00eb disa nga nx\u00ebn\u00ebsit dhe m\u00ebsuesit e par\u00eb t\u00eb asaj shkolle e cila p\u00ebr fat t\u00eb keq \u00ebsht\u00eb l\u00ebn\u00eb n\u00eb m\u00ebshir\u00eb t\u00eb fatit.<br \/>\nPrania juaj n\u00eb shfaqje \u00ebsht\u00eb nj\u00ebherit edhe p\u00ebrkrahje p\u00ebr k\u00ebt\u00eb shkoll\u00eb q\u00eb ka qen\u00eb burimi i intelegjenc\u00ebs s\u00eb An\u00ebs s\u00eb Malit.<\/p>\n<p><strong><a title=\"Premiera e filmit dokumentar\" href=\"http:\/\/www.facebook.com\/event.php?eid=220019244693667\" target=\"_blank\">Premiera e filmit dokumentar &#8211; Flower Avdiu<\/a><\/strong><\/p>\n<p><strong>VIDEO NGA ARKIVI JON &#8220;MOZAIKU&#8221;<br \/>\n<\/strong><\/p>\n<!--YouTube Error: bad URL entered-->\n","protected":false},"excerpt":{"rendered":"<p>Diten e enjte, me dat\u00eb 2 qeshor 2011, n\u00eb Qendr\u00ebn p\u00ebr Kultur\u00eb-Ulqin n\u00eb ora 20.00 shfaqet premiera e dokumentarit &#8220;Shkolla e vjeter n\u00eb Katerkoll\u00eb simbol i dijes dhe vet\u00ebdijes&#8221;, me skenar t\u00eb Luljeta Avdiu Cura.N\u00eb dokumentar marrin pjes\u00eb disa nga nx\u00ebn\u00ebsit dhe m\u00ebsuesit e par\u00eb t\u00eb asaj shkolle e cila p\u00ebr fat t\u00eb keq \u00ebsht\u00eb [&hellip;]<\/p>\n","protected":false},"author":1,"featured_media":0,"comment_status":"open","ping_status":"closed","sticky":false,"template":"","format":"standard","meta":{"spay_email":"","jetpack_publicize_message":"","jetpack_is_tweetstorm":false,"jetpack_publicize_feature_enabled":true},"categories":[1,14249],"tags":[212,17828,17834,17811,17831,14353,17808,14354,12340,17840,17839,17835,17814,17810,17816,17071,17807,3516,14652,17837,17827,14358,222,17802,17812,17803,18266,17820,17825,17817,17805,3713,17823,17832,3506,17818,214,17680,14362,14363,3507,17800,498,3500,2668,18290,14364,17799,3327,17841,17826,15213,3512,17806,18289,17838,95,17813,17804,15141,17836,14366,18292,79,17073,18294,1653,1909,14367,17801,18322,14663,17822,14368,14369,17824,14370,18291,2083,14371,41,3617,14372,17844,17821,13413,17830,17077,18295,14375,17833,17829,18293,200,18,17819,17809,14376],"jetpack_publicize_connections":[],"yoast_head":"<!-- This site is optimized with the Yoast SEO plugin v19.1 - https:\/\/yoast.com\/wordpress\/plugins\/seo\/ -->\n<title>Shfaqet dokumentari- Shkolla e vjeter n\u00eb Katerkoll\u00eb -2 qeshor, n\u00eb Qendr\u00ebn p\u00ebr Kultur\u00eb-Ulqin - Lajme nga Ulqini<\/title>\n<meta name=\"description\" content=\"Diten e enjte, me dat\u00eb 2 qeshor 2011, n\u00eb Qendr\u00ebn p\u00ebr Kultur\u00eb-Ulqin n\u00eb ora 20.00 shfaqet premiera e dokumentarit &quot;Shkolla e vjeter n\u00eb Katerkoll\u00eb simbol i\" \/>\n<meta name=\"robots\" content=\"index, follow, max-snippet:-1, max-image-preview:large, max-video-preview:-1\" \/>\n<link rel=\"canonical\" href=\"https:\/\/www.visit-ulcinj.com\/blog\/2011\/05\/30\/shfaqet-dokumentari-shkolla-e-vjeter-ne-katerkolle-2-qeshor-ne-qendren-per-kulture-ulqin\/\" \/>\n<meta property=\"og:locale\" content=\"en_US\" \/>\n<meta property=\"og:type\" content=\"article\" \/>\n<meta property=\"og:title\" content=\"Shfaqet dokumentari- Shkolla e vjeter n\u00eb Katerkoll\u00eb -2 qeshor, n\u00eb Qendr\u00ebn p\u00ebr Kultur\u00eb-Ulqin - Lajme nga Ulqini\" \/>\n<meta property=\"og:description\" content=\"Diten e enjte, me dat\u00eb 2 qeshor 2011, n\u00eb Qendr\u00ebn p\u00ebr Kultur\u00eb-Ulqin n\u00eb ora 20.00 shfaqet premiera e dokumentarit &quot;Shkolla e vjeter n\u00eb Katerkoll\u00eb simbol i\" \/>\n<meta property=\"og:url\" content=\"https:\/\/www.visit-ulcinj.com\/blog\/2011\/05\/30\/shfaqet-dokumentari-shkolla-e-vjeter-ne-katerkolle-2-qeshor-ne-qendren-per-kulture-ulqin\/\" \/>\n<meta property=\"og:site_name\" content=\"Lajme nga Ulqini\" \/>\n<meta property=\"article:published_time\" content=\"2011-05-30T10:37:21+00:00\" \/>\n<meta property=\"article:modified_time\" content=\"2011-06-04T17:18:09+00:00\" \/>\n<meta name=\"twitter:label1\" content=\"Written by\" \/>\n\t<meta name=\"twitter:data1\" content=\"ulqini\" \/>\n\t<meta name=\"twitter:label2\" content=\"Est. reading time\" \/>\n\t<meta name=\"twitter:data2\" content=\"1 minute\" \/>\n<script type=\"application\/ld+json\" class=\"yoast-schema-graph\">{\"@context\":\"https:\/\/schema.org\",\"@graph\":[{\"@type\":\"WebSite\",\"@id\":\"https:\/\/www.visit-ulcinj.com\/blog\/#website\",\"url\":\"https:\/\/www.visit-ulcinj.com\/blog\/\",\"name\":\"Lajme nga Ulqini\",\"description\":\"Lajme,Vijesti,Ulqini,Ulqin,Crna Gora,Mali i Zi\",\"potentialAction\":[{\"@type\":\"SearchAction\",\"target\":{\"@type\":\"EntryPoint\",\"urlTemplate\":\"https:\/\/www.visit-ulcinj.com\/blog\/?s={search_term_string}\"},\"query-input\":\"required name=search_term_string\"}],\"inLanguage\":\"en-US\"},{\"@type\":\"WebPage\",\"@id\":\"https:\/\/www.visit-ulcinj.com\/blog\/2011\/05\/30\/shfaqet-dokumentari-shkolla-e-vjeter-ne-katerkolle-2-qeshor-ne-qendren-per-kulture-ulqin\/#webpage\",\"url\":\"https:\/\/www.visit-ulcinj.com\/blog\/2011\/05\/30\/shfaqet-dokumentari-shkolla-e-vjeter-ne-katerkolle-2-qeshor-ne-qendren-per-kulture-ulqin\/\",\"name\":\"Shfaqet dokumentari- Shkolla e vjeter n\u00eb Katerkoll\u00eb -2 qeshor, n\u00eb Qendr\u00ebn p\u00ebr Kultur\u00eb-Ulqin - Lajme nga Ulqini\",\"isPartOf\":{\"@id\":\"https:\/\/www.visit-ulcinj.com\/blog\/#website\"},\"datePublished\":\"2011-05-30T10:37:21+00:00\",\"dateModified\":\"2011-06-04T17:18:09+00:00\",\"author\":{\"@id\":\"https:\/\/www.visit-ulcinj.com\/blog\/#\/schema\/person\/dcab619c614d3038751c63bc2aadc06d\"},\"description\":\"Diten e enjte, me dat\u00eb 2 qeshor 2011, n\u00eb Qendr\u00ebn p\u00ebr Kultur\u00eb-Ulqin n\u00eb ora 20.00 shfaqet premiera e dokumentarit \\\"Shkolla e vjeter n\u00eb Katerkoll\u00eb simbol i\",\"breadcrumb\":{\"@id\":\"https:\/\/www.visit-ulcinj.com\/blog\/2011\/05\/30\/shfaqet-dokumentari-shkolla-e-vjeter-ne-katerkolle-2-qeshor-ne-qendren-per-kulture-ulqin\/#breadcrumb\"},\"inLanguage\":\"en-US\",\"potentialAction\":[{\"@type\":\"ReadAction\",\"target\":[\"https:\/\/www.visit-ulcinj.com\/blog\/2011\/05\/30\/shfaqet-dokumentari-shkolla-e-vjeter-ne-katerkolle-2-qeshor-ne-qendren-per-kulture-ulqin\/\"]}]},{\"@type\":\"BreadcrumbList\",\"@id\":\"https:\/\/www.visit-ulcinj.com\/blog\/2011\/05\/30\/shfaqet-dokumentari-shkolla-e-vjeter-ne-katerkolle-2-qeshor-ne-qendren-per-kulture-ulqin\/#breadcrumb\",\"itemListElement\":[{\"@type\":\"ListItem\",\"position\":1,\"name\":\"Shfaqet dokumentari- Shkolla e vjeter n\u00eb Katerkoll\u00eb -2 qeshor, n\u00eb Qendr\u00ebn p\u00ebr Kultur\u00eb-Ulqin\"}]},{\"@type\":\"Person\",\"@id\":\"https:\/\/www.visit-ulcinj.com\/blog\/#\/schema\/person\/dcab619c614d3038751c63bc2aadc06d\",\"name\":\"ulqini\",\"sameAs\":[\"http:\/\/www.visit-ulcinj.com\"],\"url\":\"https:\/\/www.visit-ulcinj.com\/blog\/author\/admin\/\"}]}<\/script>\n<!-- \/ Yoast SEO plugin. -->","yoast_head_json":{"title":"Shfaqet dokumentari- Shkolla e vjeter n\u00eb Katerkoll\u00eb -2 qeshor, n\u00eb Qendr\u00ebn p\u00ebr Kultur\u00eb-Ulqin - Lajme nga Ulqini","description":"Diten e enjte, me dat\u00eb 2 qeshor 2011, n\u00eb Qendr\u00ebn p\u00ebr Kultur\u00eb-Ulqin n\u00eb ora 20.00 shfaqet premiera e dokumentarit \"Shkolla e vjeter n\u00eb Katerkoll\u00eb simbol i","robots":{"index":"index","follow":"follow","max-snippet":"max-snippet:-1","max-image-preview":"max-image-preview:large","max-video-preview":"max-video-preview:-1"},"canonical":"https:\/\/www.visit-ulcinj.com\/blog\/2011\/05\/30\/shfaqet-dokumentari-shkolla-e-vjeter-ne-katerkolle-2-qeshor-ne-qendren-per-kulture-ulqin\/","og_locale":"en_US","og_type":"article","og_title":"Shfaqet dokumentari- Shkolla e vjeter n\u00eb Katerkoll\u00eb -2 qeshor, n\u00eb Qendr\u00ebn p\u00ebr Kultur\u00eb-Ulqin - Lajme nga Ulqini","og_description":"Diten e enjte, me dat\u00eb 2 qeshor 2011, n\u00eb Qendr\u00ebn p\u00ebr Kultur\u00eb-Ulqin n\u00eb ora 20.00 shfaqet premiera e dokumentarit \"Shkolla e vjeter n\u00eb Katerkoll\u00eb simbol i","og_url":"https:\/\/www.visit-ulcinj.com\/blog\/2011\/05\/30\/shfaqet-dokumentari-shkolla-e-vjeter-ne-katerkolle-2-qeshor-ne-qendren-per-kulture-ulqin\/","og_site_name":"Lajme nga Ulqini","article_published_time":"2011-05-30T10:37:21+00:00","article_modified_time":"2011-06-04T17:18:09+00:00","twitter_misc":{"Written by":"ulqini","Est. reading time":"1 minute"},"schema":{"@context":"https:\/\/schema.org","@graph":[{"@type":"WebSite","@id":"https:\/\/www.visit-ulcinj.com\/blog\/#website","url":"https:\/\/www.visit-ulcinj.com\/blog\/","name":"Lajme nga Ulqini","description":"Lajme,Vijesti,Ulqini,Ulqin,Crna Gora,Mali i Zi","potentialAction":[{"@type":"SearchAction","target":{"@type":"EntryPoint","urlTemplate":"https:\/\/www.visit-ulcinj.com\/blog\/?s={search_term_string}"},"query-input":"required name=search_term_string"}],"inLanguage":"en-US"},{"@type":"WebPage","@id":"https:\/\/www.visit-ulcinj.com\/blog\/2011\/05\/30\/shfaqet-dokumentari-shkolla-e-vjeter-ne-katerkolle-2-qeshor-ne-qendren-per-kulture-ulqin\/#webpage","url":"https:\/\/www.visit-ulcinj.com\/blog\/2011\/05\/30\/shfaqet-dokumentari-shkolla-e-vjeter-ne-katerkolle-2-qeshor-ne-qendren-per-kulture-ulqin\/","name":"Shfaqet dokumentari- Shkolla e vjeter n\u00eb Katerkoll\u00eb -2 qeshor, n\u00eb Qendr\u00ebn p\u00ebr Kultur\u00eb-Ulqin - Lajme nga Ulqini","isPartOf":{"@id":"https:\/\/www.visit-ulcinj.com\/blog\/#website"},"datePublished":"2011-05-30T10:37:21+00:00","dateModified":"2011-06-04T17:18:09+00:00","author":{"@id":"https:\/\/www.visit-ulcinj.com\/blog\/#\/schema\/person\/dcab619c614d3038751c63bc2aadc06d"},"description":"Diten e enjte, me dat\u00eb 2 qeshor 2011, n\u00eb Qendr\u00ebn p\u00ebr Kultur\u00eb-Ulqin n\u00eb ora 20.00 shfaqet premiera e dokumentarit \"Shkolla e vjeter n\u00eb Katerkoll\u00eb simbol i","breadcrumb":{"@id":"https:\/\/www.visit-ulcinj.com\/blog\/2011\/05\/30\/shfaqet-dokumentari-shkolla-e-vjeter-ne-katerkolle-2-qeshor-ne-qendren-per-kulture-ulqin\/#breadcrumb"},"inLanguage":"en-US","potentialAction":[{"@type":"ReadAction","target":["https:\/\/www.visit-ulcinj.com\/blog\/2011\/05\/30\/shfaqet-dokumentari-shkolla-e-vjeter-ne-katerkolle-2-qeshor-ne-qendren-per-kulture-ulqin\/"]}]},{"@type":"BreadcrumbList","@id":"https:\/\/www.visit-ulcinj.com\/blog\/2011\/05\/30\/shfaqet-dokumentari-shkolla-e-vjeter-ne-katerkolle-2-qeshor-ne-qendren-per-kulture-ulqin\/#breadcrumb","itemListElement":[{"@type":"ListItem","position":1,"name":"Shfaqet dokumentari- Shkolla e vjeter n\u00eb Katerkoll\u00eb -2 qeshor, n\u00eb Qendr\u00ebn p\u00ebr Kultur\u00eb-Ulqin"}]},{"@type":"Person","@id":"https:\/\/www.visit-ulcinj.com\/blog\/#\/schema\/person\/dcab619c614d3038751c63bc2aadc06d","name":"ulqini","sameAs":["http:\/\/www.visit-ulcinj.com"],"url":"https:\/\/www.visit-ulcinj.com\/blog\/author\/admin\/"}]}},"jetpack_featured_media_url":"","jetpack_sharing_enabled":true,"jetpack_shortlink":"https:\/\/wp.me\/pe6lTn-cfu","_links":{"self":[{"href":"https:\/\/www.visit-ulcinj.com\/blog\/wp-json\/wp\/v2\/posts\/47088"}],"collection":[{"href":"https:\/\/www.visit-ulcinj.com\/blog\/wp-json\/wp\/v2\/posts"}],"about":[{"href":"https:\/\/www.visit-ulcinj.com\/blog\/wp-json\/wp\/v2\/types\/post"}],"author":[{"embeddable":true,"href":"https:\/\/www.visit-ulcinj.com\/blog\/wp-json\/wp\/v2\/users\/1"}],"replies":[{"embeddable":true,"href":"https:\/\/www.visit-ulcinj.com\/blog\/wp-json\/wp\/v2\/comments?post=47088"}],"version-history":[{"count":0,"href":"https:\/\/www.visit-ulcinj.com\/blog\/wp-json\/wp\/v2\/posts\/47088\/revisions"}],"wp:attachment":[{"href":"https:\/\/www.visit-ulcinj.com\/blog\/wp-json\/wp\/v2\/media?parent=47088"}],"wp:term":[{"taxonomy":"category","embeddable":true,"href":"https:\/\/www.visit-ulcinj.com\/blog\/wp-json\/wp\/v2\/categories?post=47088"},{"taxonomy":"post_tag","embeddable":true,"href":"https:\/\/www.visit-ulcinj.com\/blog\/wp-json\/wp\/v2\/tags?post=47088"}],"curies":[{"name":"wp","href":"https:\/\/api.w.org\/{rel}","templated":true}]}}