{"id":471,"date":"2008-02-10T01:31:42","date_gmt":"2008-02-10T06:31:42","guid":{"rendered":"http:\/\/www.visit-ulcinj.com\/blog\/2008\/02\/10\/velika-plaza-kao-antalija\/"},"modified":"2008-02-12T14:05:24","modified_gmt":"2008-02-12T19:05:24","slug":"velika-plaza-kao-antalija","status":"publish","type":"post","link":"https:\/\/www.visit-ulcinj.com\/blog\/2008\/02\/10\/velika-plaza-kao-antalija\/","title":{"rendered":"Velika pla\u017ea kao Antalija"},"content":{"rendered":"<p><a href=\"http:\/\/www.visit-ulcinj.com\/blog\/2008\/01\/27\/ulcinjska-rivijera-procijenjena-na-608-miliona-eura\/ulcinjska-riviera\/\" rel=\"attachment wp-att-303\" title=\"ulcinjska riviera\"><strong><img loading=\"lazy\" src=\"http:\/\/www.visit-ulcinj.com\/blog\/wp-content\/uploads\/2008\/01\/top_02.jpg\" alt=\"ulcinjska riviera\" align=\"left\" height=\"112\" hspace=\"2\" vspace=\"2\" width=\"275\" \/><\/strong><\/a><strong>Rekordi HTP&#8221;Ulcinjska Rivijera.<\/strong><\/p>\n<p>U objektima &#8220;Ulcinjske rivijere&#8221; na Velikoj pla\u017ei ima 257 gostiju (sportista i drugih), punim kapacitetom rade ?etiri fudbalska terena<br \/>\nZimska sezona u HTP &#8220;Ulcinjska rivijera&#8221;<!--more--> (u ste?aju) proti?e u znaku rekorda. Najbrojniji zimski gosti su sportisti. Po?eli su da dolaze u januaru (tada su u &#8220;Olimpiku&#8221; boravili sportisti iz Albanije, te nekoliko ekipa iz Crne Gore, kao i crnogorska atletska reprezentacija), a ovaj mjesec je plodniji od bilo kojeg u istoriji ovog preduze?a.<br \/>\n-Obavili smo solidne zimske pripreme. Ve? od 10. januara &#8220;Olimpik&#8221;, koji pru\u017ea puni komfor, i zimi je po?eo dobro da se puni. U njemu je brzo bilo tijesno pa smo bili prinu?eni i da uklju?imo hotel &#8220;Cer&#8221;, ka\u017ee Miomir Jak\u0161i?, ste?ajni upravnik u &#8220;Rivijeri&#8221;.<br \/>\nOn saop\u0161tava podatke kakvi nikada ovdje nijesu zabilje\u017eeni. Danas u objektima &#8220;Ulcinjske rivijere&#8221; na Velikoj pla\u017ei ima 257 gostiju (sportista i drugih), punim kapacitetom rade ?etiri fudbalska terena, svakodnevno se odigra 4-5 utakmica, na Velikoj pla\u017ei je kao u Antaliji (Turska), a ovi i drugi gosti ?e popunjenost objekta &#8220;Rivijere&#8221; odr\u017eati ?ak 100 posto do po?etka marta, ka\u017ee Jak\u0161i?, koji sa sigurno\u0161?u tvrdi da ?e i finansijski efekti iz ove situacije biti povoljni.<br \/>\n-Na ovaj na?in produ\u017eavamo turisti?ku sezonu, koja treba u &#8220;Olimpiku&#8221; da traje 7-8 mjeseci, zato insistiram da se ulo\u017ee zna?ajna sredstva u sportsku infrastrukturu, kako bi nam gosti-sportisti dolazili u jo\u0161 ve?em broju nego je to sada slu?aj, ka\u017ee Jak\u0161i?.<\/p>\n<p>Iz ste?aja u aprilu<\/p>\n<p align=\"justify\">Jak\u0161i? saop\u0161tava da je sa nadle\u017enima u Crnoj Gori dogovoren prekid ste?aja. Do 15. aprila treba da bude odr\u017eana skup\u0161tina akcionara i da se tako okon?a uspje\u0161no sprovedeni ste?aj. Njegovu uspje\u0161nost potvr?uje ?injenica da je tokom ste?aja preduze?e funkcionisalo, postizani su odli?ni poslovni rezultati, a kapital je maksimalno sa?uvan. To potvr?uje nova procjena po kojoj vrijednost preduze?a iznosi 62 miliona eura, a izmirene su sve obaveze, i radnicima su obezbije?ene plate.<\/p>\n<p align=\"justify\"><em>A. Janinovi?<\/em><\/p>\n<p><em>http:\/\/www.pobjeda.co.yu<\/em><\/p>\n","protected":false},"excerpt":{"rendered":"<p><img loading=\"lazy\" src=\"http:\/\/www.visit-ulcinj.com\/blog\/wp-content\/uploads\/2008\/01\/top_02.jpg\" alt=\"ulcinjska riviera\" height=\"140\"  width=\"140\" \/><\/p>\n","protected":false},"author":1,"featured_media":0,"comment_status":"open","ping_status":"closed","sticky":false,"template":"","format":"standard","meta":{"spay_email":"","jetpack_publicize_message":"","jetpack_is_tweetstorm":false,"jetpack_publicize_feature_enabled":true},"categories":[15],"tags":[],"jetpack_publicize_connections":[],"yoast_head":"<!-- This site is optimized with the Yoast SEO plugin v19.1 - https:\/\/yoast.com\/wordpress\/plugins\/seo\/ -->\n<title>Velika pla\u017ea kao Antalija - Lajme nga Ulqini<\/title>\n<meta name=\"robots\" content=\"index, follow, max-snippet:-1, max-image-preview:large, max-video-preview:-1\" \/>\n<link rel=\"canonical\" href=\"https:\/\/www.visit-ulcinj.com\/blog\/2008\/02\/10\/velika-plaza-kao-antalija\/\" \/>\n<meta property=\"og:locale\" content=\"en_US\" \/>\n<meta property=\"og:type\" content=\"article\" \/>\n<meta property=\"og:title\" content=\"Velika pla\u017ea kao Antalija - Lajme nga Ulqini\" \/>\n<meta property=\"og:url\" content=\"https:\/\/www.visit-ulcinj.com\/blog\/2008\/02\/10\/velika-plaza-kao-antalija\/\" \/>\n<meta property=\"og:site_name\" content=\"Lajme nga Ulqini\" \/>\n<meta property=\"article:published_time\" content=\"2008-02-10T06:31:42+00:00\" \/>\n<meta property=\"article:modified_time\" content=\"2008-02-12T19:05:24+00:00\" \/>\n<meta property=\"og:image\" content=\"http:\/\/www.visit-ulcinj.com\/blog\/wp-content\/uploads\/2008\/01\/top_02.jpg\" \/>\n<meta name=\"twitter:label1\" content=\"Written by\" \/>\n\t<meta name=\"twitter:data1\" content=\"ulqini\" \/>\n\t<meta name=\"twitter:label2\" content=\"Est. reading time\" \/>\n\t<meta name=\"twitter:data2\" content=\"2 minutes\" \/>\n<script type=\"application\/ld+json\" class=\"yoast-schema-graph\">{\"@context\":\"https:\/\/schema.org\",\"@graph\":[{\"@type\":\"WebSite\",\"@id\":\"https:\/\/www.visit-ulcinj.com\/blog\/#website\",\"url\":\"https:\/\/www.visit-ulcinj.com\/blog\/\",\"name\":\"Lajme nga Ulqini\",\"description\":\"Lajme,Vijesti,Ulqini,Ulqin,Crna Gora,Mali i Zi\",\"potentialAction\":[{\"@type\":\"SearchAction\",\"target\":{\"@type\":\"EntryPoint\",\"urlTemplate\":\"https:\/\/www.visit-ulcinj.com\/blog\/?s={search_term_string}\"},\"query-input\":\"required name=search_term_string\"}],\"inLanguage\":\"en-US\"},{\"@type\":\"ImageObject\",\"inLanguage\":\"en-US\",\"@id\":\"https:\/\/www.visit-ulcinj.com\/blog\/2008\/02\/10\/velika-plaza-kao-antalija\/#primaryimage\",\"url\":\"http:\/\/www.visit-ulcinj.com\/blog\/wp-content\/uploads\/2008\/01\/top_02.jpg\",\"contentUrl\":\"http:\/\/www.visit-ulcinj.com\/blog\/wp-content\/uploads\/2008\/01\/top_02.jpg\"},{\"@type\":\"WebPage\",\"@id\":\"https:\/\/www.visit-ulcinj.com\/blog\/2008\/02\/10\/velika-plaza-kao-antalija\/#webpage\",\"url\":\"https:\/\/www.visit-ulcinj.com\/blog\/2008\/02\/10\/velika-plaza-kao-antalija\/\",\"name\":\"Velika pla\u017ea kao Antalija - Lajme nga Ulqini\",\"isPartOf\":{\"@id\":\"https:\/\/www.visit-ulcinj.com\/blog\/#website\"},\"primaryImageOfPage\":{\"@id\":\"https:\/\/www.visit-ulcinj.com\/blog\/2008\/02\/10\/velika-plaza-kao-antalija\/#primaryimage\"},\"datePublished\":\"2008-02-10T06:31:42+00:00\",\"dateModified\":\"2008-02-12T19:05:24+00:00\",\"author\":{\"@id\":\"https:\/\/www.visit-ulcinj.com\/blog\/#\/schema\/person\/dcab619c614d3038751c63bc2aadc06d\"},\"breadcrumb\":{\"@id\":\"https:\/\/www.visit-ulcinj.com\/blog\/2008\/02\/10\/velika-plaza-kao-antalija\/#breadcrumb\"},\"inLanguage\":\"en-US\",\"potentialAction\":[{\"@type\":\"ReadAction\",\"target\":[\"https:\/\/www.visit-ulcinj.com\/blog\/2008\/02\/10\/velika-plaza-kao-antalija\/\"]}]},{\"@type\":\"BreadcrumbList\",\"@id\":\"https:\/\/www.visit-ulcinj.com\/blog\/2008\/02\/10\/velika-plaza-kao-antalija\/#breadcrumb\",\"itemListElement\":[{\"@type\":\"ListItem\",\"position\":1,\"name\":\"Velika pla\u017ea kao Antalija\"}]},{\"@type\":\"Person\",\"@id\":\"https:\/\/www.visit-ulcinj.com\/blog\/#\/schema\/person\/dcab619c614d3038751c63bc2aadc06d\",\"name\":\"ulqini\",\"sameAs\":[\"http:\/\/www.visit-ulcinj.com\"],\"url\":\"https:\/\/www.visit-ulcinj.com\/blog\/author\/admin\/\"}]}<\/script>\n<!-- \/ Yoast SEO plugin. -->","yoast_head_json":{"title":"Velika pla\u017ea kao Antalija - Lajme nga Ulqini","robots":{"index":"index","follow":"follow","max-snippet":"max-snippet:-1","max-image-preview":"max-image-preview:large","max-video-preview":"max-video-preview:-1"},"canonical":"https:\/\/www.visit-ulcinj.com\/blog\/2008\/02\/10\/velika-plaza-kao-antalija\/","og_locale":"en_US","og_type":"article","og_title":"Velika pla\u017ea kao Antalija - Lajme nga Ulqini","og_url":"https:\/\/www.visit-ulcinj.com\/blog\/2008\/02\/10\/velika-plaza-kao-antalija\/","og_site_name":"Lajme nga Ulqini","article_published_time":"2008-02-10T06:31:42+00:00","article_modified_time":"2008-02-12T19:05:24+00:00","og_image":[{"url":"http:\/\/www.visit-ulcinj.com\/blog\/wp-content\/uploads\/2008\/01\/top_02.jpg"}],"twitter_misc":{"Written by":"ulqini","Est. reading time":"2 minutes"},"schema":{"@context":"https:\/\/schema.org","@graph":[{"@type":"WebSite","@id":"https:\/\/www.visit-ulcinj.com\/blog\/#website","url":"https:\/\/www.visit-ulcinj.com\/blog\/","name":"Lajme nga Ulqini","description":"Lajme,Vijesti,Ulqini,Ulqin,Crna Gora,Mali i Zi","potentialAction":[{"@type":"SearchAction","target":{"@type":"EntryPoint","urlTemplate":"https:\/\/www.visit-ulcinj.com\/blog\/?s={search_term_string}"},"query-input":"required name=search_term_string"}],"inLanguage":"en-US"},{"@type":"ImageObject","inLanguage":"en-US","@id":"https:\/\/www.visit-ulcinj.com\/blog\/2008\/02\/10\/velika-plaza-kao-antalija\/#primaryimage","url":"http:\/\/www.visit-ulcinj.com\/blog\/wp-content\/uploads\/2008\/01\/top_02.jpg","contentUrl":"http:\/\/www.visit-ulcinj.com\/blog\/wp-content\/uploads\/2008\/01\/top_02.jpg"},{"@type":"WebPage","@id":"https:\/\/www.visit-ulcinj.com\/blog\/2008\/02\/10\/velika-plaza-kao-antalija\/#webpage","url":"https:\/\/www.visit-ulcinj.com\/blog\/2008\/02\/10\/velika-plaza-kao-antalija\/","name":"Velika pla\u017ea kao Antalija - Lajme nga Ulqini","isPartOf":{"@id":"https:\/\/www.visit-ulcinj.com\/blog\/#website"},"primaryImageOfPage":{"@id":"https:\/\/www.visit-ulcinj.com\/blog\/2008\/02\/10\/velika-plaza-kao-antalija\/#primaryimage"},"datePublished":"2008-02-10T06:31:42+00:00","dateModified":"2008-02-12T19:05:24+00:00","author":{"@id":"https:\/\/www.visit-ulcinj.com\/blog\/#\/schema\/person\/dcab619c614d3038751c63bc2aadc06d"},"breadcrumb":{"@id":"https:\/\/www.visit-ulcinj.com\/blog\/2008\/02\/10\/velika-plaza-kao-antalija\/#breadcrumb"},"inLanguage":"en-US","potentialAction":[{"@type":"ReadAction","target":["https:\/\/www.visit-ulcinj.com\/blog\/2008\/02\/10\/velika-plaza-kao-antalija\/"]}]},{"@type":"BreadcrumbList","@id":"https:\/\/www.visit-ulcinj.com\/blog\/2008\/02\/10\/velika-plaza-kao-antalija\/#breadcrumb","itemListElement":[{"@type":"ListItem","position":1,"name":"Velika pla\u017ea kao Antalija"}]},{"@type":"Person","@id":"https:\/\/www.visit-ulcinj.com\/blog\/#\/schema\/person\/dcab619c614d3038751c63bc2aadc06d","name":"ulqini","sameAs":["http:\/\/www.visit-ulcinj.com"],"url":"https:\/\/www.visit-ulcinj.com\/blog\/author\/admin\/"}]}},"jetpack_featured_media_url":"","jetpack_sharing_enabled":true,"jetpack_shortlink":"https:\/\/wp.me\/pe6lTn-7B","_links":{"self":[{"href":"https:\/\/www.visit-ulcinj.com\/blog\/wp-json\/wp\/v2\/posts\/471"}],"collection":[{"href":"https:\/\/www.visit-ulcinj.com\/blog\/wp-json\/wp\/v2\/posts"}],"about":[{"href":"https:\/\/www.visit-ulcinj.com\/blog\/wp-json\/wp\/v2\/types\/post"}],"author":[{"embeddable":true,"href":"https:\/\/www.visit-ulcinj.com\/blog\/wp-json\/wp\/v2\/users\/1"}],"replies":[{"embeddable":true,"href":"https:\/\/www.visit-ulcinj.com\/blog\/wp-json\/wp\/v2\/comments?post=471"}],"version-history":[{"count":0,"href":"https:\/\/www.visit-ulcinj.com\/blog\/wp-json\/wp\/v2\/posts\/471\/revisions"}],"wp:attachment":[{"href":"https:\/\/www.visit-ulcinj.com\/blog\/wp-json\/wp\/v2\/media?parent=471"}],"wp:term":[{"taxonomy":"category","embeddable":true,"href":"https:\/\/www.visit-ulcinj.com\/blog\/wp-json\/wp\/v2\/categories?post=471"},{"taxonomy":"post_tag","embeddable":true,"href":"https:\/\/www.visit-ulcinj.com\/blog\/wp-json\/wp\/v2\/tags?post=471"}],"curies":[{"name":"wp","href":"https:\/\/api.w.org\/{rel}","templated":true}]}}