{"id":47128,"date":"2011-05-31T13:21:23","date_gmt":"2011-05-31T12:21:23","guid":{"rendered":"http:\/\/www.visit-ulcinj.com\/blog\/?p=47128"},"modified":"2011-05-31T13:24:32","modified_gmt":"2011-05-31T12:24:32","slug":"kk-ulqini-mori-pjese-ne-kampionatin-e-malit-te-zi-dhe-ne-dubrovnik-open-2011","status":"publish","type":"post","link":"https:\/\/www.visit-ulcinj.com\/blog\/2011\/05\/31\/kk-ulqini-mori-pjese-ne-kampionatin-e-malit-te-zi-dhe-ne-dubrovnik-open-2011\/","title":{"rendered":"KK Ulqini mori pjes\u00eb n\u00eb; Kampionatin e Malit t\u00eb Zi dhe n\u00eb Dubrovnik Open 2011"},"content":{"rendered":"<p><strong><a href=\"http:\/\/www.visit-ulcinj.com\/blog\/wp-content\/uploads\/2011\/05\/KARATE-CLUB-ULQINI-ULCINJ-MONTENEGRO.jpg\"><img loading=\"lazy\" class=\"alignleft size-full wp-image-47139\" title=\"KARATE CLUB ULQINI-ULCINJ, MONTENEGRO\" src=\"http:\/\/www.visit-ulcinj.com\/blog\/wp-content\/uploads\/2011\/05\/KARATE-CLUB-ULQINI-ULCINJ-MONTENEGRO.jpg\" alt=\"\" width=\"508\" height=\"380\" srcset=\"https:\/\/www.visit-ulcinj.com\/blog\/wp-content\/uploads\/2011\/05\/KARATE-CLUB-ULQINI-ULCINJ-MONTENEGRO.jpg 720w, https:\/\/www.visit-ulcinj.com\/blog\/wp-content\/uploads\/2011\/05\/KARATE-CLUB-ULQINI-ULCINJ-MONTENEGRO-300x225.jpg 300w\" sizes=\"(max-width: 508px) 100vw, 508px\" \/><\/a>Klubi i karates\u00eb \u201cUlqini\u201d mori pjes\u00eb n\u00eb dy gara: n\u00eb Kampionatin e Malit t\u00eb Zi dhe n\u00eb<\/strong><br \/>\n<strong> Turneun nd\u00ebrkomb\u00ebtar \u201cDubrovnik Open 2011&#8243;<\/strong><\/p>\n<p><strong>DIELL\u00cbZA RAMA DHE NDERIM CUCA KAMPION\u00cb T\u00cb MALIT T\u00cb ZI<\/strong><\/p>\n<p>T\u00eb diel\u00ebn, m\u00eb 29 maj 2011 n\u00eb Podgoric\u00eb u mbajt Kampionati i Malit t\u00eb Zi p\u00ebr pionier\u00eb dhe<br \/>\nshpresa n\u00eb luft\u00ebra individuale dhe ekipore. Edhe pse ishim duksh\u00ebm t\u00eb d\u00ebmtuar nga ana e refer\u00ebve si n\u00eb asnj\u00eb gar\u00eb tjet\u00ebr, prap\u00eb se prap\u00eb garuesit tan\u00eb arrit\u00ebn rezultate t\u00eb lakmueshme n\u00eb Kampionatin e Malit t\u00eb Zi. Nga radh\u00ebt e Klubit t\u00eb karates\u00eb \u201cUlqini\u201d n\u00eb disiplin\u00ebn individuale kampion\u00eb u shpall\u00ebn dy garues, n\u00ebnkampion\u00eb t\u00eb Malit t\u00eb Zi 6 garues dhe nj\u00eb ekip i grupmosh\u00ebs 1999\/98\/97 (vajzat), nd\u00ebrsa me medaljen e bronzt\u00eb u kuror\u00ebzuan po ashtu 6 garues dhe 2 ekipe t\u00eb grupmosh\u00ebs 2001\/00 (djemt\u00eb dhe vajzat).<\/p>\n<p>Kampion\u00eb t\u00eb Malit\u00eb t\u00eb Zi n\u00eb disiplinat individuale u shpall\u00ebn Diell\u00ebza Rama dhe Nderim Cuca, n\u00ebnkampion\u00eb t\u00eb Malit t\u00eb Zi Nermin Suma, Blerdi Kapllani, Ensar Marshiq, Egzona Nika, Hysen Rama dhe Marko Daboviq, kurse me medaljen e bronzt\u00eb u kuror\u00ebzuan Eliza Salihu, Katarina Marnikoviq, Adnan Kuqi, Admir Luka, Erion Nika dhe Jeton Luka.<\/p>\n<p>N\u00ebnkampion\u00eb t\u00eb Malit t\u00eb Zi n\u00eb luft\u00ebra ekipore u shpall\u00ebn Katarina Marnikoviq, Izabella Ivanoviq dhe Egzona Nika, kurse me medaljen e bronzt\u00eb n\u00eb luft\u00ebra ekipore u kuror\u00ebzuan Diell\u00ebza Rama, Eliza Salihu, Nermin Suma, Ensar Marshiq, Egzon Kraja dhe Bledar Seferi.<\/p>\n<p>-S\u2019mund t\u00eb themi se jemi t\u00eb k\u00ebnaqur me k\u00ebto rezultate q\u00eb kemi arritur, sepse garuesit tan\u00eb merituan nj\u00eb referim m\u00eb t\u00eb ndersh\u00ebm. E v\u00ebrteta \u00ebsht\u00eb se disa garues kan\u00eb qen\u00eb duksh\u00ebm t\u00eb d\u00ebmtuar nga refer\u00ebt dhe p\u00ebr k\u00ebt\u00eb arsye ne do t\u00eb ankohemi te Federata e Karates\u00eb s\u00eb Malit t\u00eb Zi. Kemi d\u00ebshmi t\u00eb manipulimit t\u00eb refer\u00ebve n\u00eb disa in\u00e7izime t\u00eb luft\u00ebrave, ku shihet qart\u00eb d\u00ebmtimi ndaj garuesve tan\u00eb, t\u00eb cil\u00ebt ishin duksh\u00ebm m\u00eb t\u00eb mir\u00eb se kund\u00ebrshtar\u00ebt e tyre. Pavar\u00ebsisht nga k\u00ebto, ne nuk do t\u00eb ndalemi k\u00ebtu, por do t\u00eb vazhdojm\u00eb p\u00ebrpara duke treguar fuqin\u00eb ton\u00eb dhe kualitetin n\u00eb garat e ardhshme, &#8211; shprehen trajner\u00ebt e klubit Naim Duraku, Anell Beganoviq, Kujtim Sukaliq, Blerim Sukaliq dhe kryetrajneri Ruzhdi Rama.<\/p>\n<p>-Klubi yn\u00eb n\u00eb k\u00ebt\u00eb gar\u00eb mori pjes\u00eb me 19 garues. Edhe 10 t\u00eb tjer\u00eb, mbajt\u00ebs t\u00eb shum\u00eb titujve n\u00eb vend dhe jasht\u00eb vendit, munguan n\u00eb k\u00ebt\u00eb gar\u00eb. Gjasht\u00eb prej tyre nuk mund\u00ebn t\u00eb marrin pjes\u00eb n\u00eb gar\u00eb, pasi q\u00eb t\u00eb diel\u00ebn pat\u00ebn Kungimin n\u00eb famullit\u00eb e tyre, p\u00ebr \u00e7ka edhe i urojm\u00eb ata, familjar\u00ebt dhe famullitar\u00ebt e tyre, nd\u00ebrsa t\u00eb tjer\u00ebt nuk erdh\u00ebn p\u00ebr arsye objektive.<\/p>\n<p>N\u00eb Turneun nd\u00ebrkomb\u00ebtar t\u00eb karates\u00eb \u201cDubrovnik Open 2011\u201d Klubi i karates\u00eb \u201cUlqini\u201d mori pjes\u00eb me tre garues, prej t\u00eb cil\u00ebve Antigona Rama dhe Vanesa Nuhi arrit\u00ebn t\u00eb kuror\u00ebzohen me 2 medalje t\u00eb bronzta. N\u00eb k\u00ebt\u00eb turne mor\u00ebn pjes\u00eb mbi 400 garues nga Bosna, Mali i Zi dhe Kroacia.<\/p>\n<p>Udh\u00ebheq\u00ebsia e Klubit t\u00eb karates\u00eb \u201cUlqini\u201d fal\u00ebnderon sponzorin \u201cFinal trade\u201d.<\/p>\n<p><strong>Sh\u00ebrbimi informativ i Klubit t\u00eb Karates\u00eb \u201cUlqini\u201d<br \/>\n\n\t\t<style type=\"text\/css\">\n\t\t\t#gallery-1 {\n\t\t\t\tmargin: auto;\n\t\t\t}\n\t\t\t#gallery-1 .gallery-item {\n\t\t\t\tfloat: left;\n\t\t\t\tmargin-top: 10px;\n\t\t\t\ttext-align: center;\n\t\t\t\twidth: 33%;\n\t\t\t}\n\t\t\t#gallery-1 img {\n\t\t\t\tborder: 2px solid #cfcfcf;\n\t\t\t}\n\t\t\t#gallery-1 .gallery-caption {\n\t\t\t\tmargin-left: 0;\n\t\t\t}\n\t\t\t\/* see gallery_shortcode() in wp-includes\/media.php *\/\n\t\t<\/style>\n\t\t<div id='gallery-1' class='gallery galleryid-47128 gallery-columns-3 gallery-size-thumbnail'><dl class='gallery-item'>\n\t\t\t<dt class='gallery-icon portrait'>\n\t\t\t\t<a href='https:\/\/www.visit-ulcinj.com\/blog\/wp-content\/uploads\/2011\/05\/KARATE-CLUB-ULQINI-ULCINJ-MONTENEGRO.1.jpg'><img width=\"150\" height=\"150\" src=\"https:\/\/www.visit-ulcinj.com\/blog\/wp-content\/uploads\/2011\/05\/KARATE-CLUB-ULQINI-ULCINJ-MONTENEGRO.1-150x150.jpg\" class=\"attachment-thumbnail size-thumbnail\" alt=\"\" loading=\"lazy\" \/><\/a>\n\t\t\t<\/dt><\/dl><dl class='gallery-item'>\n\t\t\t<dt class='gallery-icon portrait'>\n\t\t\t\t<a href='https:\/\/www.visit-ulcinj.com\/blog\/wp-content\/uploads\/2011\/05\/KARATE-CLUB-ULQINI-ULCINJ-MONTENEGRO.2.jpg'><img width=\"150\" height=\"150\" src=\"https:\/\/www.visit-ulcinj.com\/blog\/wp-content\/uploads\/2011\/05\/KARATE-CLUB-ULQINI-ULCINJ-MONTENEGRO.2-150x150.jpg\" class=\"attachment-thumbnail size-thumbnail\" alt=\"\" loading=\"lazy\" \/><\/a>\n\t\t\t<\/dt><\/dl><dl class='gallery-item'>\n\t\t\t<dt class='gallery-icon portrait'>\n\t\t\t\t<a href='https:\/\/www.visit-ulcinj.com\/blog\/wp-content\/uploads\/2011\/05\/KARATE-CLUB-ULQINI-ULCINJ-MONTENEGRO.3.jpg'><img width=\"150\" height=\"150\" src=\"https:\/\/www.visit-ulcinj.com\/blog\/wp-content\/uploads\/2011\/05\/KARATE-CLUB-ULQINI-ULCINJ-MONTENEGRO.3-150x150.jpg\" class=\"attachment-thumbnail size-thumbnail\" alt=\"\" loading=\"lazy\" \/><\/a>\n\t\t\t<\/dt><\/dl><br style=\"clear: both\" \/><dl class='gallery-item'>\n\t\t\t<dt class='gallery-icon portrait'>\n\t\t\t\t<a href='https:\/\/www.visit-ulcinj.com\/blog\/wp-content\/uploads\/2011\/05\/KARATE-CLUB-ULQINI-ULCINJ-MONTENEGRO.4.jpg'><img width=\"150\" height=\"150\" src=\"https:\/\/www.visit-ulcinj.com\/blog\/wp-content\/uploads\/2011\/05\/KARATE-CLUB-ULQINI-ULCINJ-MONTENEGRO.4-150x150.jpg\" class=\"attachment-thumbnail size-thumbnail\" alt=\"\" loading=\"lazy\" \/><\/a>\n\t\t\t<\/dt><\/dl><dl class='gallery-item'>\n\t\t\t<dt class='gallery-icon portrait'>\n\t\t\t\t<a href='https:\/\/www.visit-ulcinj.com\/blog\/wp-content\/uploads\/2011\/05\/KARATE-CLUB-ULQINI-ULCINJ-MONTENEGRO.5.jpg'><img width=\"150\" height=\"150\" src=\"https:\/\/www.visit-ulcinj.com\/blog\/wp-content\/uploads\/2011\/05\/KARATE-CLUB-ULQINI-ULCINJ-MONTENEGRO.5-150x150.jpg\" class=\"attachment-thumbnail size-thumbnail\" alt=\"\" loading=\"lazy\" \/><\/a>\n\t\t\t<\/dt><\/dl><dl class='gallery-item'>\n\t\t\t<dt class='gallery-icon portrait'>\n\t\t\t\t<a href='https:\/\/www.visit-ulcinj.com\/blog\/wp-content\/uploads\/2011\/05\/KARATE-CLUB-ULQINI-ULCINJ-MONTENEGRO.6.jpg'><img width=\"150\" height=\"150\" src=\"https:\/\/www.visit-ulcinj.com\/blog\/wp-content\/uploads\/2011\/05\/KARATE-CLUB-ULQINI-ULCINJ-MONTENEGRO.6-150x150.jpg\" class=\"attachment-thumbnail size-thumbnail\" alt=\"\" loading=\"lazy\" \/><\/a>\n\t\t\t<\/dt><\/dl><br style=\"clear: both\" \/><dl class='gallery-item'>\n\t\t\t<dt class='gallery-icon landscape'>\n\t\t\t\t<a href='https:\/\/www.visit-ulcinj.com\/blog\/wp-content\/uploads\/2011\/05\/KARATE-CLUB-ULQINI-ULCINJ-MONTENEGRO.7.jpg'><img width=\"150\" height=\"150\" src=\"https:\/\/www.visit-ulcinj.com\/blog\/wp-content\/uploads\/2011\/05\/KARATE-CLUB-ULQINI-ULCINJ-MONTENEGRO.7-150x150.jpg\" class=\"attachment-thumbnail size-thumbnail\" alt=\"\" loading=\"lazy\" \/><\/a>\n\t\t\t<\/dt><\/dl><dl class='gallery-item'>\n\t\t\t<dt class='gallery-icon landscape'>\n\t\t\t\t<a href='https:\/\/www.visit-ulcinj.com\/blog\/wp-content\/uploads\/2011\/05\/KARATE-CLUB-ULQINI-ULCINJ-MONTENEGRO.8.jpg'><img width=\"150\" height=\"150\" src=\"https:\/\/www.visit-ulcinj.com\/blog\/wp-content\/uploads\/2011\/05\/KARATE-CLUB-ULQINI-ULCINJ-MONTENEGRO.8-150x150.jpg\" class=\"attachment-thumbnail size-thumbnail\" alt=\"\" loading=\"lazy\" \/><\/a>\n\t\t\t<\/dt><\/dl><dl class='gallery-item'>\n\t\t\t<dt class='gallery-icon landscape'>\n\t\t\t\t<a href='https:\/\/www.visit-ulcinj.com\/blog\/wp-content\/uploads\/2011\/05\/KARATE-CLUB-ULQINI-ULCINJ-MONTENEGRO.9.jpg'><img width=\"150\" height=\"150\" src=\"https:\/\/www.visit-ulcinj.com\/blog\/wp-content\/uploads\/2011\/05\/KARATE-CLUB-ULQINI-ULCINJ-MONTENEGRO.9-150x150.jpg\" class=\"attachment-thumbnail size-thumbnail\" alt=\"\" loading=\"lazy\" \/><\/a>\n\t\t\t<\/dt><\/dl><br style=\"clear: both\" \/><dl class='gallery-item'>\n\t\t\t<dt class='gallery-icon landscape'>\n\t\t\t\t<a href='https:\/\/www.visit-ulcinj.com\/blog\/wp-content\/uploads\/2011\/05\/KARATE-CLUB-ULQINI-ULCINJ-MONTENEGRO.10.jpg'><img width=\"150\" height=\"150\" src=\"https:\/\/www.visit-ulcinj.com\/blog\/wp-content\/uploads\/2011\/05\/KARATE-CLUB-ULQINI-ULCINJ-MONTENEGRO.10-150x150.jpg\" class=\"attachment-thumbnail size-thumbnail\" alt=\"\" loading=\"lazy\" \/><\/a>\n\t\t\t<\/dt><\/dl><dl class='gallery-item'>\n\t\t\t<dt class='gallery-icon landscape'>\n\t\t\t\t<a href='https:\/\/www.visit-ulcinj.com\/blog\/wp-content\/uploads\/2011\/05\/KARATE-CLUB-ULQINI-ULCINJ-MONTENEGRO.jpg'><img width=\"150\" height=\"150\" src=\"https:\/\/www.visit-ulcinj.com\/blog\/wp-content\/uploads\/2011\/05\/KARATE-CLUB-ULQINI-ULCINJ-MONTENEGRO-150x150.jpg\" class=\"attachment-thumbnail size-thumbnail\" alt=\"\" loading=\"lazy\" \/><\/a>\n\t\t\t<\/dt><\/dl>\n\t\t\t<br style='clear: both' \/>\n\t\t<\/div>\n<\/strong><br \/>\n<!--YouTube Error: bad URL entered--><\/p>\n","protected":false},"excerpt":{"rendered":"<p>Klubi i karates\u00eb \u201cUlqini\u201d mori pjes\u00eb n\u00eb dy gara: n\u00eb Kampionatin e Malit t\u00eb Zi dhe n\u00eb Turneun nd\u00ebrkomb\u00ebtar \u201cDubrovnik Open 2011&#8243; DIELL\u00cbZA RAMA DHE NDERIM CUCA KAMPION\u00cb T\u00cb MALIT T\u00cb ZI T\u00eb diel\u00ebn, m\u00eb 29 maj 2011 n\u00eb Podgoric\u00eb u mbajt Kampionati i Malit t\u00eb Zi p\u00ebr pionier\u00eb dhe shpresa n\u00eb luft\u00ebra individuale dhe [&hellip;]<\/p>\n","protected":false},"author":1,"featured_media":0,"comment_status":"open","ping_status":"closed","sticky":false,"template":"","format":"standard","meta":{"spay_email":"","jetpack_publicize_message":"","jetpack_is_tweetstorm":false,"jetpack_publicize_feature_enabled":true},"categories":[3],"tags":[18334,18333,9714,79],"jetpack_publicize_connections":[],"yoast_head":"<!-- This site is optimized with the Yoast SEO plugin v19.1 - https:\/\/yoast.com\/wordpress\/plugins\/seo\/ -->\n<title>KK Ulqini mori pjes\u00eb n\u00eb; Kampionatin e Malit t\u00eb Zi dhe n\u00eb Dubrovnik Open 2011 - Lajme nga Ulqini<\/title>\n<meta name=\"description\" content=\"Klubi i karates\u00eb \u201cUlqini\u201d mori pjes\u00eb n\u00eb dy gara: n\u00eb Kampionatin e Malit t\u00eb Zi dhe n\u00eb Turneun nd\u00ebrkomb\u00ebtar \u201cDubrovnik Open 2011&quot; DIELL\u00cbZA RAMA DHE NDERIM\" \/>\n<meta name=\"robots\" content=\"index, follow, max-snippet:-1, max-image-preview:large, max-video-preview:-1\" \/>\n<link rel=\"canonical\" href=\"https:\/\/www.visit-ulcinj.com\/blog\/2011\/05\/31\/kk-ulqini-mori-pjese-ne-kampionatin-e-malit-te-zi-dhe-ne-dubrovnik-open-2011\/\" \/>\n<meta property=\"og:locale\" content=\"en_US\" \/>\n<meta property=\"og:type\" content=\"article\" \/>\n<meta property=\"og:title\" content=\"KK Ulqini mori pjes\u00eb n\u00eb; Kampionatin e Malit t\u00eb Zi dhe n\u00eb Dubrovnik Open 2011 - Lajme nga Ulqini\" \/>\n<meta property=\"og:description\" content=\"Klubi i karates\u00eb \u201cUlqini\u201d mori pjes\u00eb n\u00eb dy gara: n\u00eb Kampionatin e Malit t\u00eb Zi dhe n\u00eb Turneun nd\u00ebrkomb\u00ebtar \u201cDubrovnik Open 2011&quot; DIELL\u00cbZA RAMA DHE NDERIM\" \/>\n<meta property=\"og:url\" content=\"https:\/\/www.visit-ulcinj.com\/blog\/2011\/05\/31\/kk-ulqini-mori-pjese-ne-kampionatin-e-malit-te-zi-dhe-ne-dubrovnik-open-2011\/\" \/>\n<meta property=\"og:site_name\" content=\"Lajme nga Ulqini\" \/>\n<meta property=\"article:published_time\" content=\"2011-05-31T12:21:23+00:00\" \/>\n<meta property=\"article:modified_time\" content=\"2011-05-31T12:24:32+00:00\" \/>\n<meta property=\"og:image\" content=\"https:\/\/www.visit-ulcinj.com\/blog\/wp-content\/uploads\/2011\/05\/KARATE-CLUB-ULQINI-ULCINJ-MONTENEGRO.1-150x150.jpg\" \/>\n<meta name=\"twitter:label1\" content=\"Written by\" \/>\n\t<meta name=\"twitter:data1\" content=\"ulqini\" \/>\n\t<meta name=\"twitter:label2\" content=\"Est. reading time\" \/>\n\t<meta name=\"twitter:data2\" content=\"3 minutes\" \/>\n<script type=\"application\/ld+json\" class=\"yoast-schema-graph\">{\"@context\":\"https:\/\/schema.org\",\"@graph\":[{\"@type\":\"WebSite\",\"@id\":\"https:\/\/www.visit-ulcinj.com\/blog\/#website\",\"url\":\"https:\/\/www.visit-ulcinj.com\/blog\/\",\"name\":\"Lajme nga Ulqini\",\"description\":\"Lajme,Vijesti,Ulqini,Ulqin,Crna Gora,Mali i Zi\",\"potentialAction\":[{\"@type\":\"SearchAction\",\"target\":{\"@type\":\"EntryPoint\",\"urlTemplate\":\"https:\/\/www.visit-ulcinj.com\/blog\/?s={search_term_string}\"},\"query-input\":\"required name=search_term_string\"}],\"inLanguage\":\"en-US\"},{\"@type\":\"ImageObject\",\"inLanguage\":\"en-US\",\"@id\":\"https:\/\/www.visit-ulcinj.com\/blog\/2011\/05\/31\/kk-ulqini-mori-pjese-ne-kampionatin-e-malit-te-zi-dhe-ne-dubrovnik-open-2011\/#primaryimage\",\"url\":\"https:\/\/www.visit-ulcinj.com\/blog\/wp-content\/uploads\/2011\/05\/KARATE-CLUB-ULQINI-ULCINJ-MONTENEGRO.jpg\",\"contentUrl\":\"https:\/\/www.visit-ulcinj.com\/blog\/wp-content\/uploads\/2011\/05\/KARATE-CLUB-ULQINI-ULCINJ-MONTENEGRO.jpg\",\"width\":\"720\",\"height\":\"540\"},{\"@type\":\"WebPage\",\"@id\":\"https:\/\/www.visit-ulcinj.com\/blog\/2011\/05\/31\/kk-ulqini-mori-pjese-ne-kampionatin-e-malit-te-zi-dhe-ne-dubrovnik-open-2011\/#webpage\",\"url\":\"https:\/\/www.visit-ulcinj.com\/blog\/2011\/05\/31\/kk-ulqini-mori-pjese-ne-kampionatin-e-malit-te-zi-dhe-ne-dubrovnik-open-2011\/\",\"name\":\"KK Ulqini mori pjes\u00eb n\u00eb; Kampionatin e Malit t\u00eb Zi dhe n\u00eb Dubrovnik Open 2011 - Lajme nga Ulqini\",\"isPartOf\":{\"@id\":\"https:\/\/www.visit-ulcinj.com\/blog\/#website\"},\"primaryImageOfPage\":{\"@id\":\"https:\/\/www.visit-ulcinj.com\/blog\/2011\/05\/31\/kk-ulqini-mori-pjese-ne-kampionatin-e-malit-te-zi-dhe-ne-dubrovnik-open-2011\/#primaryimage\"},\"datePublished\":\"2011-05-31T12:21:23+00:00\",\"dateModified\":\"2011-05-31T12:24:32+00:00\",\"author\":{\"@id\":\"https:\/\/www.visit-ulcinj.com\/blog\/#\/schema\/person\/dcab619c614d3038751c63bc2aadc06d\"},\"description\":\"Klubi i karates\u00eb \u201cUlqini\u201d mori pjes\u00eb n\u00eb dy gara: n\u00eb Kampionatin e Malit t\u00eb Zi dhe n\u00eb Turneun nd\u00ebrkomb\u00ebtar \u201cDubrovnik Open 2011\\\" DIELL\u00cbZA RAMA DHE NDERIM\",\"breadcrumb\":{\"@id\":\"https:\/\/www.visit-ulcinj.com\/blog\/2011\/05\/31\/kk-ulqini-mori-pjese-ne-kampionatin-e-malit-te-zi-dhe-ne-dubrovnik-open-2011\/#breadcrumb\"},\"inLanguage\":\"en-US\",\"potentialAction\":[{\"@type\":\"ReadAction\",\"target\":[\"https:\/\/www.visit-ulcinj.com\/blog\/2011\/05\/31\/kk-ulqini-mori-pjese-ne-kampionatin-e-malit-te-zi-dhe-ne-dubrovnik-open-2011\/\"]}]},{\"@type\":\"BreadcrumbList\",\"@id\":\"https:\/\/www.visit-ulcinj.com\/blog\/2011\/05\/31\/kk-ulqini-mori-pjese-ne-kampionatin-e-malit-te-zi-dhe-ne-dubrovnik-open-2011\/#breadcrumb\",\"itemListElement\":[{\"@type\":\"ListItem\",\"position\":1,\"name\":\"KK Ulqini mori pjes\u00eb n\u00eb; Kampionatin e Malit t\u00eb Zi dhe n\u00eb Dubrovnik Open 2011\"}]},{\"@type\":\"Person\",\"@id\":\"https:\/\/www.visit-ulcinj.com\/blog\/#\/schema\/person\/dcab619c614d3038751c63bc2aadc06d\",\"name\":\"ulqini\",\"sameAs\":[\"http:\/\/www.visit-ulcinj.com\"],\"url\":\"https:\/\/www.visit-ulcinj.com\/blog\/author\/admin\/\"}]}<\/script>\n<!-- \/ Yoast SEO plugin. -->","yoast_head_json":{"title":"KK Ulqini mori pjes\u00eb n\u00eb; Kampionatin e Malit t\u00eb Zi dhe n\u00eb Dubrovnik Open 2011 - Lajme nga Ulqini","description":"Klubi i karates\u00eb \u201cUlqini\u201d mori pjes\u00eb n\u00eb dy gara: n\u00eb Kampionatin e Malit t\u00eb Zi dhe n\u00eb Turneun nd\u00ebrkomb\u00ebtar \u201cDubrovnik Open 2011\" DIELL\u00cbZA RAMA DHE NDERIM","robots":{"index":"index","follow":"follow","max-snippet":"max-snippet:-1","max-image-preview":"max-image-preview:large","max-video-preview":"max-video-preview:-1"},"canonical":"https:\/\/www.visit-ulcinj.com\/blog\/2011\/05\/31\/kk-ulqini-mori-pjese-ne-kampionatin-e-malit-te-zi-dhe-ne-dubrovnik-open-2011\/","og_locale":"en_US","og_type":"article","og_title":"KK Ulqini mori pjes\u00eb n\u00eb; Kampionatin e Malit t\u00eb Zi dhe n\u00eb Dubrovnik Open 2011 - Lajme nga Ulqini","og_description":"Klubi i karates\u00eb \u201cUlqini\u201d mori pjes\u00eb n\u00eb dy gara: n\u00eb Kampionatin e Malit t\u00eb Zi dhe n\u00eb Turneun nd\u00ebrkomb\u00ebtar \u201cDubrovnik Open 2011\" DIELL\u00cbZA RAMA DHE NDERIM","og_url":"https:\/\/www.visit-ulcinj.com\/blog\/2011\/05\/31\/kk-ulqini-mori-pjese-ne-kampionatin-e-malit-te-zi-dhe-ne-dubrovnik-open-2011\/","og_site_name":"Lajme nga Ulqini","article_published_time":"2011-05-31T12:21:23+00:00","article_modified_time":"2011-05-31T12:24:32+00:00","og_image":[{"url":"https:\/\/www.visit-ulcinj.com\/blog\/wp-content\/uploads\/2011\/05\/KARATE-CLUB-ULQINI-ULCINJ-MONTENEGRO.1-150x150.jpg"}],"twitter_misc":{"Written by":"ulqini","Est. reading time":"3 minutes"},"schema":{"@context":"https:\/\/schema.org","@graph":[{"@type":"WebSite","@id":"https:\/\/www.visit-ulcinj.com\/blog\/#website","url":"https:\/\/www.visit-ulcinj.com\/blog\/","name":"Lajme nga Ulqini","description":"Lajme,Vijesti,Ulqini,Ulqin,Crna Gora,Mali i Zi","potentialAction":[{"@type":"SearchAction","target":{"@type":"EntryPoint","urlTemplate":"https:\/\/www.visit-ulcinj.com\/blog\/?s={search_term_string}"},"query-input":"required name=search_term_string"}],"inLanguage":"en-US"},{"@type":"ImageObject","inLanguage":"en-US","@id":"https:\/\/www.visit-ulcinj.com\/blog\/2011\/05\/31\/kk-ulqini-mori-pjese-ne-kampionatin-e-malit-te-zi-dhe-ne-dubrovnik-open-2011\/#primaryimage","url":"https:\/\/www.visit-ulcinj.com\/blog\/wp-content\/uploads\/2011\/05\/KARATE-CLUB-ULQINI-ULCINJ-MONTENEGRO.jpg","contentUrl":"https:\/\/www.visit-ulcinj.com\/blog\/wp-content\/uploads\/2011\/05\/KARATE-CLUB-ULQINI-ULCINJ-MONTENEGRO.jpg","width":"720","height":"540"},{"@type":"WebPage","@id":"https:\/\/www.visit-ulcinj.com\/blog\/2011\/05\/31\/kk-ulqini-mori-pjese-ne-kampionatin-e-malit-te-zi-dhe-ne-dubrovnik-open-2011\/#webpage","url":"https:\/\/www.visit-ulcinj.com\/blog\/2011\/05\/31\/kk-ulqini-mori-pjese-ne-kampionatin-e-malit-te-zi-dhe-ne-dubrovnik-open-2011\/","name":"KK Ulqini mori pjes\u00eb n\u00eb; Kampionatin e Malit t\u00eb Zi dhe n\u00eb Dubrovnik Open 2011 - Lajme nga Ulqini","isPartOf":{"@id":"https:\/\/www.visit-ulcinj.com\/blog\/#website"},"primaryImageOfPage":{"@id":"https:\/\/www.visit-ulcinj.com\/blog\/2011\/05\/31\/kk-ulqini-mori-pjese-ne-kampionatin-e-malit-te-zi-dhe-ne-dubrovnik-open-2011\/#primaryimage"},"datePublished":"2011-05-31T12:21:23+00:00","dateModified":"2011-05-31T12:24:32+00:00","author":{"@id":"https:\/\/www.visit-ulcinj.com\/blog\/#\/schema\/person\/dcab619c614d3038751c63bc2aadc06d"},"description":"Klubi i karates\u00eb \u201cUlqini\u201d mori pjes\u00eb n\u00eb dy gara: n\u00eb Kampionatin e Malit t\u00eb Zi dhe n\u00eb Turneun nd\u00ebrkomb\u00ebtar \u201cDubrovnik Open 2011\" DIELL\u00cbZA RAMA DHE NDERIM","breadcrumb":{"@id":"https:\/\/www.visit-ulcinj.com\/blog\/2011\/05\/31\/kk-ulqini-mori-pjese-ne-kampionatin-e-malit-te-zi-dhe-ne-dubrovnik-open-2011\/#breadcrumb"},"inLanguage":"en-US","potentialAction":[{"@type":"ReadAction","target":["https:\/\/www.visit-ulcinj.com\/blog\/2011\/05\/31\/kk-ulqini-mori-pjese-ne-kampionatin-e-malit-te-zi-dhe-ne-dubrovnik-open-2011\/"]}]},{"@type":"BreadcrumbList","@id":"https:\/\/www.visit-ulcinj.com\/blog\/2011\/05\/31\/kk-ulqini-mori-pjese-ne-kampionatin-e-malit-te-zi-dhe-ne-dubrovnik-open-2011\/#breadcrumb","itemListElement":[{"@type":"ListItem","position":1,"name":"KK Ulqini mori pjes\u00eb n\u00eb; Kampionatin e Malit t\u00eb Zi dhe n\u00eb Dubrovnik Open 2011"}]},{"@type":"Person","@id":"https:\/\/www.visit-ulcinj.com\/blog\/#\/schema\/person\/dcab619c614d3038751c63bc2aadc06d","name":"ulqini","sameAs":["http:\/\/www.visit-ulcinj.com"],"url":"https:\/\/www.visit-ulcinj.com\/blog\/author\/admin\/"}]}},"jetpack_featured_media_url":"","jetpack_sharing_enabled":true,"jetpack_shortlink":"https:\/\/wp.me\/pe6lTn-cg8","_links":{"self":[{"href":"https:\/\/www.visit-ulcinj.com\/blog\/wp-json\/wp\/v2\/posts\/47128"}],"collection":[{"href":"https:\/\/www.visit-ulcinj.com\/blog\/wp-json\/wp\/v2\/posts"}],"about":[{"href":"https:\/\/www.visit-ulcinj.com\/blog\/wp-json\/wp\/v2\/types\/post"}],"author":[{"embeddable":true,"href":"https:\/\/www.visit-ulcinj.com\/blog\/wp-json\/wp\/v2\/users\/1"}],"replies":[{"embeddable":true,"href":"https:\/\/www.visit-ulcinj.com\/blog\/wp-json\/wp\/v2\/comments?post=47128"}],"version-history":[{"count":0,"href":"https:\/\/www.visit-ulcinj.com\/blog\/wp-json\/wp\/v2\/posts\/47128\/revisions"}],"wp:attachment":[{"href":"https:\/\/www.visit-ulcinj.com\/blog\/wp-json\/wp\/v2\/media?parent=47128"}],"wp:term":[{"taxonomy":"category","embeddable":true,"href":"https:\/\/www.visit-ulcinj.com\/blog\/wp-json\/wp\/v2\/categories?post=47128"},{"taxonomy":"post_tag","embeddable":true,"href":"https:\/\/www.visit-ulcinj.com\/blog\/wp-json\/wp\/v2\/tags?post=47128"}],"curies":[{"name":"wp","href":"https:\/\/api.w.org\/{rel}","templated":true}]}}