{"id":47146,"date":"2011-06-01T15:50:31","date_gmt":"2011-06-01T14:50:31","guid":{"rendered":"http:\/\/www.visit-ulcinj.com\/blog\/?p=47146"},"modified":"2011-06-01T18:06:22","modified_gmt":"2011-06-01T17:06:22","slug":"mali-i-zi-fton-kosovaret-per-pushime","status":"publish","type":"post","link":"https:\/\/www.visit-ulcinj.com\/blog\/2011\/06\/01\/mali-i-zi-fton-kosovaret-per-pushime\/","title":{"rendered":"Mali i Zi fton kosovar\u00ebt p\u00ebr pushime"},"content":{"rendered":"<p><strong><a href=\"http:\/\/www.visit-ulcinj.com\/blog\/wp-content\/uploads\/2011\/06\/Mali-i-Zi-fton-kosovar\u00ebt-p\u00ebr-pushime.jpg\"><img loading=\"lazy\" class=\"alignleft size-full wp-image-47148\" title=\"Mali i Zi fton kosovar\u00ebt p\u00ebr pushime\" src=\"http:\/\/www.visit-ulcinj.com\/blog\/wp-content\/uploads\/2011\/06\/Mali-i-Zi-fton-kosovar\u00ebt-p\u00ebr-pushime.jpg\" alt=\"\" width=\"508\" height=\"332\" \/><\/a>P\u00ebrfaq\u00ebsuese t\u00eb Malit t\u00eb Zi, kan\u00eb shpalosur ofert\u00ebn turistike, ku kan\u00eb ftuar kosovar\u00ebt q\u00eb edhe k\u00ebt\u00eb vit ti kaloj\u00eb pushimet verore n\u00eb bregdetin malazez. Ata kan\u00eb th\u00ebn\u00eb se kan\u00eb p\u00ebrmir\u00ebsuar kushtet dhe sh\u00ebrbimet p\u00ebr turist\u00ebt. <\/strong><strong>Oferta atraktive jan\u00eb prezantuar si tw sektorit privat edhe atij hotelier\u00eb.<\/strong><br \/>\n<strong><a href=\"http:\/\/www.visit-ulcinj.com\/blog\/wp-content\/uploads\/2011\/06\/Liljana-Cukic_Kosova_Mali-i-Zi.jpg\"><img loading=\"lazy\" class=\"alignleft size-full wp-image-47153\" title=\"Liljana Cukic_Kosova_Mali i Zi\" src=\"http:\/\/www.visit-ulcinj.com\/blog\/wp-content\/uploads\/2011\/06\/Liljana-Cukic_Kosova_Mali-i-Zi.jpg\" alt=\"\" width=\"508\" height=\"300\" \/><\/a><br \/>\n<\/strong><br \/>\nOferta turistike e Malit t\u00eb Zi iu \u00ebsht\u00eb prezantuar qytetar\u00ebve t\u00eb Prishtin\u00ebs para Ne\u00eb Born-it, nga ku u \u00ebsht\u00eb b\u00ebr\u00eb thirrje q\u00eb e dhe k\u00ebt\u00eb vit ti kalojn\u00eb pushimet verore atje.<\/p>\n<p>Liljana Cuki\u00e7 tha se aktualisht Mali i Zi ka mbi 300 hotele dhe motele me rreth 40 mij\u00eb shtret\u00ebr t\u00eb klasifikuar me standardet m\u00eb t\u00eb larta nd\u00ebrkomb\u00ebtare.<\/p>\n<p>\u201cFushata e quajtur \u201cDeti i Malit t\u00eb zi ju fton\u201d p\u00ebrmban dy pako aranzhmanesh, pakoja e par\u00eb n\u00eb sektorin privat ka \u00e7mim mjaft t\u00eb favorsh\u00ebm, p\u00ebr shtat\u00eb dit\u00eb \u00ebsht\u00eb prej 42 deri n\u00eb 49 euro jasht\u00eb sezonit, nd\u00ebrkaq gjat\u00eb pikut nga 70 deri n\u00eb 77 euro p\u00ebr shtat\u00eb dit\u00eb. Kurse paket aranzhmani n\u00eb sektorin hotelier jasht\u00eb sezonit nga 72 deri n\u00eb 154 euro, kurse gjat\u00eb sezonit nga 1 korriku deri m\u00eb 31 gusht nga 155 deri n\u00eb 280 euro\u201d, ka treguar Cuki\u00e7.<br \/>\n<a href=\"http:\/\/www.visit-ulcinj.com\/blog\/wp-content\/uploads\/2011\/06\/Mali-i-Zi-fton-kosovar\u00ebt-p\u00ebr-pushime.1.jpg\"><img loading=\"lazy\" class=\"alignleft size-full wp-image-47149\" title=\"Mali i Zi fton kosovar\u00ebt p\u00ebr pushime.1\" src=\"http:\/\/www.visit-ulcinj.com\/blog\/wp-content\/uploads\/2011\/06\/Mali-i-Zi-fton-kosovar\u00ebt-p\u00ebr-pushime.1.jpg\" alt=\"\" width=\"531\" height=\"250\" srcset=\"https:\/\/www.visit-ulcinj.com\/blog\/wp-content\/uploads\/2011\/06\/Mali-i-Zi-fton-kosovar\u00ebt-p\u00ebr-pushime.1.jpg 531w, https:\/\/www.visit-ulcinj.com\/blog\/wp-content\/uploads\/2011\/06\/Mali-i-Zi-fton-kosovar\u00ebt-p\u00ebr-pushime.1-300x141.jpg 300w\" sizes=\"(max-width: 531px) 100vw, 531px\" \/><\/a><br \/>\nKurse Merita Rexha, nga organizata turistike e Ulqinit, ftoi kosovar\u00ebt t\u00eb kalojn\u00eb pushimet n\u00eb Ulqin.\u201c\u00c7mimet n\u00eb Ulqin jan\u00eb n\u00eb nivelin e vitit t\u00eb kaluar, n\u00eb ato t\u00eb akomodimeve private, shtet\u00ebrore, gjithashtu t\u00eb ushqimeve. Nj\u00ebkoh\u00ebsisht siguria do t\u00eb jet\u00eb maksimale p\u00ebr t\u00eb gjith\u00eb turist\u00ebt q\u00eb vijn\u00eb n\u00eb Mal t\u00eb Zi\u201d, tha Rexha.<\/p>\n<p><strong>Telegrafi<br \/>\n<!--YouTube Error: bad URL entered--><\/strong><\/p>\n<p><strong><br \/>\n<\/strong><\/p>\n","protected":false},"excerpt":{"rendered":"<p>P\u00ebrfaq\u00ebsuese t\u00eb Malit t\u00eb Zi, kan\u00eb shpalosur ofert\u00ebn turistike, ku kan\u00eb ftuar kosovar\u00ebt q\u00eb edhe k\u00ebt\u00eb vit ti kaloj\u00eb pushimet verore n\u00eb bregdetin malazez. Ata kan\u00eb th\u00ebn\u00eb se kan\u00eb p\u00ebrmir\u00ebsuar kushtet dhe sh\u00ebrbimet p\u00ebr turist\u00ebt. Oferta atraktive jan\u00eb prezantuar si tw sektorit privat edhe atij hotelier\u00eb. Oferta turistike e Malit t\u00eb Zi iu \u00ebsht\u00eb prezantuar [&hellip;]<\/p>\n","protected":false},"author":1,"featured_media":0,"comment_status":"open","ping_status":"closed","sticky":false,"template":"","format":"standard","meta":{"spay_email":"","jetpack_publicize_message":"","jetpack_is_tweetstorm":false,"jetpack_publicize_feature_enabled":true},"categories":[10],"tags":[49,95,18335,200,18],"jetpack_publicize_connections":[],"yoast_head":"<!-- This site is optimized with the Yoast SEO plugin v19.1 - https:\/\/yoast.com\/wordpress\/plugins\/seo\/ -->\n<title>Mali i Zi fton kosovar\u00ebt p\u00ebr pushime - Lajme nga Ulqini<\/title>\n<meta name=\"description\" content=\"P\u00ebrfaq\u00ebsuese t\u00eb Malit t\u00eb Zi, kan\u00eb shpalosur ofert\u00ebn turistike, ku kan\u00eb ftuar kosovar\u00ebt q\u00eb edhe k\u00ebt\u00eb vit ti kaloj\u00eb pushimet verore n\u00eb bregdetin malazez.\" \/>\n<meta name=\"robots\" content=\"index, follow, max-snippet:-1, max-image-preview:large, max-video-preview:-1\" \/>\n<link rel=\"canonical\" href=\"https:\/\/www.visit-ulcinj.com\/blog\/2011\/06\/01\/mali-i-zi-fton-kosovaret-per-pushime\/\" \/>\n<meta property=\"og:locale\" content=\"en_US\" \/>\n<meta property=\"og:type\" content=\"article\" \/>\n<meta property=\"og:title\" content=\"Mali i Zi fton kosovar\u00ebt p\u00ebr pushime - Lajme nga Ulqini\" \/>\n<meta property=\"og:description\" content=\"P\u00ebrfaq\u00ebsuese t\u00eb Malit t\u00eb Zi, kan\u00eb shpalosur ofert\u00ebn turistike, ku kan\u00eb ftuar kosovar\u00ebt q\u00eb edhe k\u00ebt\u00eb vit ti kaloj\u00eb pushimet verore n\u00eb bregdetin malazez.\" \/>\n<meta property=\"og:url\" content=\"https:\/\/www.visit-ulcinj.com\/blog\/2011\/06\/01\/mali-i-zi-fton-kosovaret-per-pushime\/\" \/>\n<meta property=\"og:site_name\" content=\"Lajme nga Ulqini\" \/>\n<meta property=\"article:published_time\" content=\"2011-06-01T14:50:31+00:00\" \/>\n<meta property=\"article:modified_time\" content=\"2011-06-01T17:06:22+00:00\" \/>\n<meta property=\"og:image\" content=\"http:\/\/www.visit-ulcinj.com\/blog\/wp-content\/uploads\/2011\/06\/Liljana-Cukic_Kosova_Mali-i-Zi.jpg\" \/>\n<meta name=\"twitter:label1\" content=\"Written by\" \/>\n\t<meta name=\"twitter:data1\" content=\"ulqini\" \/>\n\t<meta name=\"twitter:label2\" content=\"Est. reading time\" \/>\n\t<meta name=\"twitter:data2\" content=\"1 minute\" \/>\n<script type=\"application\/ld+json\" class=\"yoast-schema-graph\">{\"@context\":\"https:\/\/schema.org\",\"@graph\":[{\"@type\":\"WebSite\",\"@id\":\"https:\/\/www.visit-ulcinj.com\/blog\/#website\",\"url\":\"https:\/\/www.visit-ulcinj.com\/blog\/\",\"name\":\"Lajme nga Ulqini\",\"description\":\"Lajme,Vijesti,Ulqini,Ulqin,Crna Gora,Mali i Zi\",\"potentialAction\":[{\"@type\":\"SearchAction\",\"target\":{\"@type\":\"EntryPoint\",\"urlTemplate\":\"https:\/\/www.visit-ulcinj.com\/blog\/?s={search_term_string}\"},\"query-input\":\"required name=search_term_string\"}],\"inLanguage\":\"en-US\"},{\"@type\":\"ImageObject\",\"inLanguage\":\"en-US\",\"@id\":\"https:\/\/www.visit-ulcinj.com\/blog\/2011\/06\/01\/mali-i-zi-fton-kosovaret-per-pushime\/#primaryimage\",\"url\":\"https:\/\/www.visit-ulcinj.com\/blog\/wp-content\/uploads\/2011\/06\/Liljana-Cukic_Kosova_Mali-i-Zi.jpg\",\"contentUrl\":\"https:\/\/www.visit-ulcinj.com\/blog\/wp-content\/uploads\/2011\/06\/Liljana-Cukic_Kosova_Mali-i-Zi.jpg\",\"width\":\"508\",\"height\":\"381\"},{\"@type\":\"WebPage\",\"@id\":\"https:\/\/www.visit-ulcinj.com\/blog\/2011\/06\/01\/mali-i-zi-fton-kosovaret-per-pushime\/#webpage\",\"url\":\"https:\/\/www.visit-ulcinj.com\/blog\/2011\/06\/01\/mali-i-zi-fton-kosovaret-per-pushime\/\",\"name\":\"Mali i Zi fton kosovar\u00ebt p\u00ebr pushime - Lajme nga Ulqini\",\"isPartOf\":{\"@id\":\"https:\/\/www.visit-ulcinj.com\/blog\/#website\"},\"primaryImageOfPage\":{\"@id\":\"https:\/\/www.visit-ulcinj.com\/blog\/2011\/06\/01\/mali-i-zi-fton-kosovaret-per-pushime\/#primaryimage\"},\"datePublished\":\"2011-06-01T14:50:31+00:00\",\"dateModified\":\"2011-06-01T17:06:22+00:00\",\"author\":{\"@id\":\"https:\/\/www.visit-ulcinj.com\/blog\/#\/schema\/person\/dcab619c614d3038751c63bc2aadc06d\"},\"description\":\"P\u00ebrfaq\u00ebsuese t\u00eb Malit t\u00eb Zi, kan\u00eb shpalosur ofert\u00ebn turistike, ku kan\u00eb ftuar kosovar\u00ebt q\u00eb edhe k\u00ebt\u00eb vit ti kaloj\u00eb pushimet verore n\u00eb bregdetin malazez.\",\"breadcrumb\":{\"@id\":\"https:\/\/www.visit-ulcinj.com\/blog\/2011\/06\/01\/mali-i-zi-fton-kosovaret-per-pushime\/#breadcrumb\"},\"inLanguage\":\"en-US\",\"potentialAction\":[{\"@type\":\"ReadAction\",\"target\":[\"https:\/\/www.visit-ulcinj.com\/blog\/2011\/06\/01\/mali-i-zi-fton-kosovaret-per-pushime\/\"]}]},{\"@type\":\"BreadcrumbList\",\"@id\":\"https:\/\/www.visit-ulcinj.com\/blog\/2011\/06\/01\/mali-i-zi-fton-kosovaret-per-pushime\/#breadcrumb\",\"itemListElement\":[{\"@type\":\"ListItem\",\"position\":1,\"name\":\"Mali i Zi fton kosovar\u00ebt p\u00ebr pushime\"}]},{\"@type\":\"Person\",\"@id\":\"https:\/\/www.visit-ulcinj.com\/blog\/#\/schema\/person\/dcab619c614d3038751c63bc2aadc06d\",\"name\":\"ulqini\",\"sameAs\":[\"http:\/\/www.visit-ulcinj.com\"],\"url\":\"https:\/\/www.visit-ulcinj.com\/blog\/author\/admin\/\"}]}<\/script>\n<!-- \/ Yoast SEO plugin. -->","yoast_head_json":{"title":"Mali i Zi fton kosovar\u00ebt p\u00ebr pushime - Lajme nga Ulqini","description":"P\u00ebrfaq\u00ebsuese t\u00eb Malit t\u00eb Zi, kan\u00eb shpalosur ofert\u00ebn turistike, ku kan\u00eb ftuar kosovar\u00ebt q\u00eb edhe k\u00ebt\u00eb vit ti kaloj\u00eb pushimet verore n\u00eb bregdetin malazez.","robots":{"index":"index","follow":"follow","max-snippet":"max-snippet:-1","max-image-preview":"max-image-preview:large","max-video-preview":"max-video-preview:-1"},"canonical":"https:\/\/www.visit-ulcinj.com\/blog\/2011\/06\/01\/mali-i-zi-fton-kosovaret-per-pushime\/","og_locale":"en_US","og_type":"article","og_title":"Mali i Zi fton kosovar\u00ebt p\u00ebr pushime - Lajme nga Ulqini","og_description":"P\u00ebrfaq\u00ebsuese t\u00eb Malit t\u00eb Zi, kan\u00eb shpalosur ofert\u00ebn turistike, ku kan\u00eb ftuar kosovar\u00ebt q\u00eb edhe k\u00ebt\u00eb vit ti kaloj\u00eb pushimet verore n\u00eb bregdetin malazez.","og_url":"https:\/\/www.visit-ulcinj.com\/blog\/2011\/06\/01\/mali-i-zi-fton-kosovaret-per-pushime\/","og_site_name":"Lajme nga Ulqini","article_published_time":"2011-06-01T14:50:31+00:00","article_modified_time":"2011-06-01T17:06:22+00:00","og_image":[{"url":"http:\/\/www.visit-ulcinj.com\/blog\/wp-content\/uploads\/2011\/06\/Liljana-Cukic_Kosova_Mali-i-Zi.jpg"}],"twitter_misc":{"Written by":"ulqini","Est. reading time":"1 minute"},"schema":{"@context":"https:\/\/schema.org","@graph":[{"@type":"WebSite","@id":"https:\/\/www.visit-ulcinj.com\/blog\/#website","url":"https:\/\/www.visit-ulcinj.com\/blog\/","name":"Lajme nga Ulqini","description":"Lajme,Vijesti,Ulqini,Ulqin,Crna Gora,Mali i Zi","potentialAction":[{"@type":"SearchAction","target":{"@type":"EntryPoint","urlTemplate":"https:\/\/www.visit-ulcinj.com\/blog\/?s={search_term_string}"},"query-input":"required name=search_term_string"}],"inLanguage":"en-US"},{"@type":"ImageObject","inLanguage":"en-US","@id":"https:\/\/www.visit-ulcinj.com\/blog\/2011\/06\/01\/mali-i-zi-fton-kosovaret-per-pushime\/#primaryimage","url":"https:\/\/www.visit-ulcinj.com\/blog\/wp-content\/uploads\/2011\/06\/Liljana-Cukic_Kosova_Mali-i-Zi.jpg","contentUrl":"https:\/\/www.visit-ulcinj.com\/blog\/wp-content\/uploads\/2011\/06\/Liljana-Cukic_Kosova_Mali-i-Zi.jpg","width":"508","height":"381"},{"@type":"WebPage","@id":"https:\/\/www.visit-ulcinj.com\/blog\/2011\/06\/01\/mali-i-zi-fton-kosovaret-per-pushime\/#webpage","url":"https:\/\/www.visit-ulcinj.com\/blog\/2011\/06\/01\/mali-i-zi-fton-kosovaret-per-pushime\/","name":"Mali i Zi fton kosovar\u00ebt p\u00ebr pushime - Lajme nga Ulqini","isPartOf":{"@id":"https:\/\/www.visit-ulcinj.com\/blog\/#website"},"primaryImageOfPage":{"@id":"https:\/\/www.visit-ulcinj.com\/blog\/2011\/06\/01\/mali-i-zi-fton-kosovaret-per-pushime\/#primaryimage"},"datePublished":"2011-06-01T14:50:31+00:00","dateModified":"2011-06-01T17:06:22+00:00","author":{"@id":"https:\/\/www.visit-ulcinj.com\/blog\/#\/schema\/person\/dcab619c614d3038751c63bc2aadc06d"},"description":"P\u00ebrfaq\u00ebsuese t\u00eb Malit t\u00eb Zi, kan\u00eb shpalosur ofert\u00ebn turistike, ku kan\u00eb ftuar kosovar\u00ebt q\u00eb edhe k\u00ebt\u00eb vit ti kaloj\u00eb pushimet verore n\u00eb bregdetin malazez.","breadcrumb":{"@id":"https:\/\/www.visit-ulcinj.com\/blog\/2011\/06\/01\/mali-i-zi-fton-kosovaret-per-pushime\/#breadcrumb"},"inLanguage":"en-US","potentialAction":[{"@type":"ReadAction","target":["https:\/\/www.visit-ulcinj.com\/blog\/2011\/06\/01\/mali-i-zi-fton-kosovaret-per-pushime\/"]}]},{"@type":"BreadcrumbList","@id":"https:\/\/www.visit-ulcinj.com\/blog\/2011\/06\/01\/mali-i-zi-fton-kosovaret-per-pushime\/#breadcrumb","itemListElement":[{"@type":"ListItem","position":1,"name":"Mali i Zi fton kosovar\u00ebt p\u00ebr pushime"}]},{"@type":"Person","@id":"https:\/\/www.visit-ulcinj.com\/blog\/#\/schema\/person\/dcab619c614d3038751c63bc2aadc06d","name":"ulqini","sameAs":["http:\/\/www.visit-ulcinj.com"],"url":"https:\/\/www.visit-ulcinj.com\/blog\/author\/admin\/"}]}},"jetpack_featured_media_url":"","jetpack_sharing_enabled":true,"jetpack_shortlink":"https:\/\/wp.me\/pe6lTn-cgq","_links":{"self":[{"href":"https:\/\/www.visit-ulcinj.com\/blog\/wp-json\/wp\/v2\/posts\/47146"}],"collection":[{"href":"https:\/\/www.visit-ulcinj.com\/blog\/wp-json\/wp\/v2\/posts"}],"about":[{"href":"https:\/\/www.visit-ulcinj.com\/blog\/wp-json\/wp\/v2\/types\/post"}],"author":[{"embeddable":true,"href":"https:\/\/www.visit-ulcinj.com\/blog\/wp-json\/wp\/v2\/users\/1"}],"replies":[{"embeddable":true,"href":"https:\/\/www.visit-ulcinj.com\/blog\/wp-json\/wp\/v2\/comments?post=47146"}],"version-history":[{"count":0,"href":"https:\/\/www.visit-ulcinj.com\/blog\/wp-json\/wp\/v2\/posts\/47146\/revisions"}],"wp:attachment":[{"href":"https:\/\/www.visit-ulcinj.com\/blog\/wp-json\/wp\/v2\/media?parent=47146"}],"wp:term":[{"taxonomy":"category","embeddable":true,"href":"https:\/\/www.visit-ulcinj.com\/blog\/wp-json\/wp\/v2\/categories?post=47146"},{"taxonomy":"post_tag","embeddable":true,"href":"https:\/\/www.visit-ulcinj.com\/blog\/wp-json\/wp\/v2\/tags?post=47146"}],"curies":[{"name":"wp","href":"https:\/\/api.w.org\/{rel}","templated":true}]}}