{"id":47217,"date":"2011-06-01T18:09:10","date_gmt":"2011-06-01T17:09:10","guid":{"rendered":"http:\/\/www.visit-ulcinj.com\/blog\/?p=47217"},"modified":"2011-06-01T18:18:47","modified_gmt":"2011-06-01T17:18:47","slug":"vise-turista-s-kosova","status":"publish","type":"post","link":"https:\/\/www.visit-ulcinj.com\/blog\/2011\/06\/01\/vise-turista-s-kosova\/","title":{"rendered":"Vi\u0161e turista s Kosova"},"content":{"rendered":"<p><a href=\"http:\/\/www.visit-ulcinj.com\/blog\/wp-content\/uploads\/2011\/06\/TURISTICKA-ORGANIZACIJA-CRNE-GORE.jpg\"><img loading=\"lazy\" class=\"alignleft size-full wp-image-47231\" title=\"TURISTICKA ORGANIZACIJA CRNE GORE\" src=\"http:\/\/www.visit-ulcinj.com\/blog\/wp-content\/uploads\/2011\/06\/TURISTICKA-ORGANIZACIJA-CRNE-GORE.jpg\" alt=\"\" width=\"508\" height=\"271\" srcset=\"https:\/\/www.visit-ulcinj.com\/blog\/wp-content\/uploads\/2011\/06\/TURISTICKA-ORGANIZACIJA-CRNE-GORE.jpg 508w, https:\/\/www.visit-ulcinj.com\/blog\/wp-content\/uploads\/2011\/06\/TURISTICKA-ORGANIZACIJA-CRNE-GORE-300x160.jpg 300w\" sizes=\"(max-width: 508px) 100vw, 508px\" \/><\/a>Nacionalna turisti\u010dka organizacija Crne Gore je danas, u okviru regionalne kampanje \u201eZove more \u2013 Crna Gora&#8221;, zajedno sa TO Ulcinja, predstavila turisti\u010dku ponudu Crne Gore za ovu sezonu, na tr\u017ei\u0161tu Kosova.<br \/>\nPromociju je, na glavnom gradskom trgu Pri\u0161tine, propratio veliki broj gra\u0111ana i medija, zainteresovanih za novitete u ponudi pojedinih turisti\u010dkih mjesta, cijene u privatnom smje\u0161taju kao i za aran\u017emane na bazi polupansiona u hotelima.<br \/>\nPredstavnici NTO-a i Ulcinja su turiste sa ovog tr\u017ei\u0161ta podsjetili na sedmodnevne paket aran\u017emane, koji su obuhva\u0107eni kampanjom \u201e Zove more- Crna Gora&#8221;, u privatnom smje\u0161taju po cijeni od 70 do 77 eura, i u hotelima kategorisanim od dvije do \u010detiri zvjezdice, sa rasponom cijena od 155 do 280 \u20ac. Ovakvi aran\u017emani nose sa sobom i povoljnosti u vidu posebnih popusta na dodatne usluge.<br \/>\nNovinari brojnih kosovskih medija su, postavljaju\u0107i brojna pitanja i u posebnim intervjuima za svoj informativni program, pokazali najve\u0107e interesovanje za cijene usluga tokom ovogodi\u0161nje sezone, zatim za ponudu Ulcinja, Bara i Budve, putnu infrastrukturu, kao i za novitete u ovogodi\u0161njoj ponudi.<br \/>\nMenad\u017eer u NTO-u, Ljiljana \u010cuki\u0107 upoznala je medije sa na\u010dinom rezervacije smje\u0161taja, web portalom www.montenegro.travel koji pru\u017ea detaljne informicije, kao i turisti\u010dkom ponudom Primorja i planinskih centara Crne Gore.<br \/>\nOsim prezentacija, ovogodi\u0161nja kampanja NTO CG i CTU bi\u0107e promovisana i putem kampanje na najzna\u010dajnijim kosovskim medijima. Promocija Crne Gore u Pri\u0161tini je nai\u0161la na izuzetno interesovanje televizijskih, \u0161tampanih, online medija i agencija.<br \/>\nPrema zvani\u010dnim statisti\u010dkim podacima, u 2010. godini, Crnu Goru je posjetilo blizu 50.000 turista sa Kosova, koji su ostvarili 410.000 no\u0107enja, \u0161to je za 40 procenata vi\u0161e u odnosu na prethodnu godinu.<\/p>\n<p><strong>RTCG<br \/>\n<\/strong><!--YouTube Error: bad URL entered--><\/p>\n","protected":false},"excerpt":{"rendered":"<p>Nacionalna turisti\u010dka organizacija Crne Gore je danas, u okviru regionalne kampanje \u201eZove more \u2013 Crna Gora&#8221;, zajedno sa TO Ulcinja, predstavila turisti\u010dku ponudu Crne Gore za ovu sezonu, na tr\u017ei\u0161tu Kosova. Promociju je, na glavnom gradskom trgu Pri\u0161tine, propratio veliki broj gra\u0111ana i medija, zainteresovanih za novitete u ponudi pojedinih turisti\u010dkih mjesta, cijene u privatnom [&hellip;]<\/p>\n","protected":false},"author":1,"featured_media":0,"comment_status":"open","ping_status":"closed","sticky":false,"template":"","format":"standard","meta":{"spay_email":"","jetpack_publicize_message":"","jetpack_is_tweetstorm":false,"jetpack_publicize_feature_enabled":true},"categories":[8337],"tags":[19,18340,18339],"jetpack_publicize_connections":[],"yoast_head":"<!-- This site is optimized with the Yoast SEO plugin v19.1 - https:\/\/yoast.com\/wordpress\/plugins\/seo\/ -->\n<title>Vi\u0161e turista s Kosova - Lajme nga Ulqini<\/title>\n<meta name=\"description\" content=\"Nacionalna turisti\u010dka organizacija Crne Gore je danas, u okviru regionalne kampanje \u201eZove more \u2013 Crna Gora&quot;, zajedno sa TO Ulcinja, predstavila turisti\u010dku\" \/>\n<meta name=\"robots\" content=\"index, follow, max-snippet:-1, max-image-preview:large, max-video-preview:-1\" \/>\n<link rel=\"canonical\" href=\"https:\/\/www.visit-ulcinj.com\/blog\/2011\/06\/01\/vise-turista-s-kosova\/\" \/>\n<meta property=\"og:locale\" content=\"en_US\" \/>\n<meta property=\"og:type\" content=\"article\" \/>\n<meta property=\"og:title\" content=\"Vi\u0161e turista s Kosova - Lajme nga Ulqini\" \/>\n<meta property=\"og:description\" content=\"Nacionalna turisti\u010dka organizacija Crne Gore je danas, u okviru regionalne kampanje \u201eZove more \u2013 Crna Gora&quot;, zajedno sa TO Ulcinja, predstavila turisti\u010dku\" \/>\n<meta property=\"og:url\" content=\"https:\/\/www.visit-ulcinj.com\/blog\/2011\/06\/01\/vise-turista-s-kosova\/\" \/>\n<meta property=\"og:site_name\" content=\"Lajme nga Ulqini\" \/>\n<meta property=\"article:published_time\" content=\"2011-06-01T17:09:10+00:00\" \/>\n<meta property=\"article:modified_time\" content=\"2011-06-01T17:18:47+00:00\" \/>\n<meta property=\"og:image\" content=\"http:\/\/www.visit-ulcinj.com\/blog\/wp-content\/uploads\/2011\/06\/TURISTICKA-ORGANIZACIJA-CRNE-GORE.jpg\" \/>\n<meta name=\"twitter:label1\" content=\"Written by\" \/>\n\t<meta name=\"twitter:data1\" content=\"ulqini\" \/>\n\t<meta name=\"twitter:label2\" content=\"Est. reading time\" \/>\n\t<meta name=\"twitter:data2\" content=\"2 minutes\" \/>\n<script type=\"application\/ld+json\" class=\"yoast-schema-graph\">{\"@context\":\"https:\/\/schema.org\",\"@graph\":[{\"@type\":\"WebSite\",\"@id\":\"https:\/\/www.visit-ulcinj.com\/blog\/#website\",\"url\":\"https:\/\/www.visit-ulcinj.com\/blog\/\",\"name\":\"Lajme nga Ulqini\",\"description\":\"Lajme,Vijesti,Ulqini,Ulqin,Crna Gora,Mali i Zi\",\"potentialAction\":[{\"@type\":\"SearchAction\",\"target\":{\"@type\":\"EntryPoint\",\"urlTemplate\":\"https:\/\/www.visit-ulcinj.com\/blog\/?s={search_term_string}\"},\"query-input\":\"required name=search_term_string\"}],\"inLanguage\":\"en-US\"},{\"@type\":\"ImageObject\",\"inLanguage\":\"en-US\",\"@id\":\"https:\/\/www.visit-ulcinj.com\/blog\/2011\/06\/01\/vise-turista-s-kosova\/#primaryimage\",\"url\":\"https:\/\/www.visit-ulcinj.com\/blog\/wp-content\/uploads\/2011\/06\/TURISTICKA-ORGANIZACIJA-CRNE-GORE.jpg\",\"contentUrl\":\"https:\/\/www.visit-ulcinj.com\/blog\/wp-content\/uploads\/2011\/06\/TURISTICKA-ORGANIZACIJA-CRNE-GORE.jpg\",\"width\":\"508\",\"height\":\"271\"},{\"@type\":\"WebPage\",\"@id\":\"https:\/\/www.visit-ulcinj.com\/blog\/2011\/06\/01\/vise-turista-s-kosova\/#webpage\",\"url\":\"https:\/\/www.visit-ulcinj.com\/blog\/2011\/06\/01\/vise-turista-s-kosova\/\",\"name\":\"Vi\u0161e turista s Kosova - Lajme nga Ulqini\",\"isPartOf\":{\"@id\":\"https:\/\/www.visit-ulcinj.com\/blog\/#website\"},\"primaryImageOfPage\":{\"@id\":\"https:\/\/www.visit-ulcinj.com\/blog\/2011\/06\/01\/vise-turista-s-kosova\/#primaryimage\"},\"datePublished\":\"2011-06-01T17:09:10+00:00\",\"dateModified\":\"2011-06-01T17:18:47+00:00\",\"author\":{\"@id\":\"https:\/\/www.visit-ulcinj.com\/blog\/#\/schema\/person\/dcab619c614d3038751c63bc2aadc06d\"},\"description\":\"Nacionalna turisti\u010dka organizacija Crne Gore je danas, u okviru regionalne kampanje \u201eZove more \u2013 Crna Gora\\\", zajedno sa TO Ulcinja, predstavila turisti\u010dku\",\"breadcrumb\":{\"@id\":\"https:\/\/www.visit-ulcinj.com\/blog\/2011\/06\/01\/vise-turista-s-kosova\/#breadcrumb\"},\"inLanguage\":\"en-US\",\"potentialAction\":[{\"@type\":\"ReadAction\",\"target\":[\"https:\/\/www.visit-ulcinj.com\/blog\/2011\/06\/01\/vise-turista-s-kosova\/\"]}]},{\"@type\":\"BreadcrumbList\",\"@id\":\"https:\/\/www.visit-ulcinj.com\/blog\/2011\/06\/01\/vise-turista-s-kosova\/#breadcrumb\",\"itemListElement\":[{\"@type\":\"ListItem\",\"position\":1,\"name\":\"Vi\u0161e turista s Kosova\"}]},{\"@type\":\"Person\",\"@id\":\"https:\/\/www.visit-ulcinj.com\/blog\/#\/schema\/person\/dcab619c614d3038751c63bc2aadc06d\",\"name\":\"ulqini\",\"sameAs\":[\"http:\/\/www.visit-ulcinj.com\"],\"url\":\"https:\/\/www.visit-ulcinj.com\/blog\/author\/admin\/\"}]}<\/script>\n<!-- \/ Yoast SEO plugin. -->","yoast_head_json":{"title":"Vi\u0161e turista s Kosova - Lajme nga Ulqini","description":"Nacionalna turisti\u010dka organizacija Crne Gore je danas, u okviru regionalne kampanje \u201eZove more \u2013 Crna Gora\", zajedno sa TO Ulcinja, predstavila turisti\u010dku","robots":{"index":"index","follow":"follow","max-snippet":"max-snippet:-1","max-image-preview":"max-image-preview:large","max-video-preview":"max-video-preview:-1"},"canonical":"https:\/\/www.visit-ulcinj.com\/blog\/2011\/06\/01\/vise-turista-s-kosova\/","og_locale":"en_US","og_type":"article","og_title":"Vi\u0161e turista s Kosova - Lajme nga Ulqini","og_description":"Nacionalna turisti\u010dka organizacija Crne Gore je danas, u okviru regionalne kampanje \u201eZove more \u2013 Crna Gora\", zajedno sa TO Ulcinja, predstavila turisti\u010dku","og_url":"https:\/\/www.visit-ulcinj.com\/blog\/2011\/06\/01\/vise-turista-s-kosova\/","og_site_name":"Lajme nga Ulqini","article_published_time":"2011-06-01T17:09:10+00:00","article_modified_time":"2011-06-01T17:18:47+00:00","og_image":[{"url":"http:\/\/www.visit-ulcinj.com\/blog\/wp-content\/uploads\/2011\/06\/TURISTICKA-ORGANIZACIJA-CRNE-GORE.jpg"}],"twitter_misc":{"Written by":"ulqini","Est. reading time":"2 minutes"},"schema":{"@context":"https:\/\/schema.org","@graph":[{"@type":"WebSite","@id":"https:\/\/www.visit-ulcinj.com\/blog\/#website","url":"https:\/\/www.visit-ulcinj.com\/blog\/","name":"Lajme nga Ulqini","description":"Lajme,Vijesti,Ulqini,Ulqin,Crna Gora,Mali i Zi","potentialAction":[{"@type":"SearchAction","target":{"@type":"EntryPoint","urlTemplate":"https:\/\/www.visit-ulcinj.com\/blog\/?s={search_term_string}"},"query-input":"required name=search_term_string"}],"inLanguage":"en-US"},{"@type":"ImageObject","inLanguage":"en-US","@id":"https:\/\/www.visit-ulcinj.com\/blog\/2011\/06\/01\/vise-turista-s-kosova\/#primaryimage","url":"https:\/\/www.visit-ulcinj.com\/blog\/wp-content\/uploads\/2011\/06\/TURISTICKA-ORGANIZACIJA-CRNE-GORE.jpg","contentUrl":"https:\/\/www.visit-ulcinj.com\/blog\/wp-content\/uploads\/2011\/06\/TURISTICKA-ORGANIZACIJA-CRNE-GORE.jpg","width":"508","height":"271"},{"@type":"WebPage","@id":"https:\/\/www.visit-ulcinj.com\/blog\/2011\/06\/01\/vise-turista-s-kosova\/#webpage","url":"https:\/\/www.visit-ulcinj.com\/blog\/2011\/06\/01\/vise-turista-s-kosova\/","name":"Vi\u0161e turista s Kosova - Lajme nga Ulqini","isPartOf":{"@id":"https:\/\/www.visit-ulcinj.com\/blog\/#website"},"primaryImageOfPage":{"@id":"https:\/\/www.visit-ulcinj.com\/blog\/2011\/06\/01\/vise-turista-s-kosova\/#primaryimage"},"datePublished":"2011-06-01T17:09:10+00:00","dateModified":"2011-06-01T17:18:47+00:00","author":{"@id":"https:\/\/www.visit-ulcinj.com\/blog\/#\/schema\/person\/dcab619c614d3038751c63bc2aadc06d"},"description":"Nacionalna turisti\u010dka organizacija Crne Gore je danas, u okviru regionalne kampanje \u201eZove more \u2013 Crna Gora\", zajedno sa TO Ulcinja, predstavila turisti\u010dku","breadcrumb":{"@id":"https:\/\/www.visit-ulcinj.com\/blog\/2011\/06\/01\/vise-turista-s-kosova\/#breadcrumb"},"inLanguage":"en-US","potentialAction":[{"@type":"ReadAction","target":["https:\/\/www.visit-ulcinj.com\/blog\/2011\/06\/01\/vise-turista-s-kosova\/"]}]},{"@type":"BreadcrumbList","@id":"https:\/\/www.visit-ulcinj.com\/blog\/2011\/06\/01\/vise-turista-s-kosova\/#breadcrumb","itemListElement":[{"@type":"ListItem","position":1,"name":"Vi\u0161e turista s Kosova"}]},{"@type":"Person","@id":"https:\/\/www.visit-ulcinj.com\/blog\/#\/schema\/person\/dcab619c614d3038751c63bc2aadc06d","name":"ulqini","sameAs":["http:\/\/www.visit-ulcinj.com"],"url":"https:\/\/www.visit-ulcinj.com\/blog\/author\/admin\/"}]}},"jetpack_featured_media_url":"","jetpack_sharing_enabled":true,"jetpack_shortlink":"https:\/\/wp.me\/pe6lTn-chz","_links":{"self":[{"href":"https:\/\/www.visit-ulcinj.com\/blog\/wp-json\/wp\/v2\/posts\/47217"}],"collection":[{"href":"https:\/\/www.visit-ulcinj.com\/blog\/wp-json\/wp\/v2\/posts"}],"about":[{"href":"https:\/\/www.visit-ulcinj.com\/blog\/wp-json\/wp\/v2\/types\/post"}],"author":[{"embeddable":true,"href":"https:\/\/www.visit-ulcinj.com\/blog\/wp-json\/wp\/v2\/users\/1"}],"replies":[{"embeddable":true,"href":"https:\/\/www.visit-ulcinj.com\/blog\/wp-json\/wp\/v2\/comments?post=47217"}],"version-history":[{"count":0,"href":"https:\/\/www.visit-ulcinj.com\/blog\/wp-json\/wp\/v2\/posts\/47217\/revisions"}],"wp:attachment":[{"href":"https:\/\/www.visit-ulcinj.com\/blog\/wp-json\/wp\/v2\/media?parent=47217"}],"wp:term":[{"taxonomy":"category","embeddable":true,"href":"https:\/\/www.visit-ulcinj.com\/blog\/wp-json\/wp\/v2\/categories?post=47217"},{"taxonomy":"post_tag","embeddable":true,"href":"https:\/\/www.visit-ulcinj.com\/blog\/wp-json\/wp\/v2\/tags?post=47217"}],"curies":[{"name":"wp","href":"https:\/\/api.w.org\/{rel}","templated":true}]}}