{"id":47241,"date":"2011-06-02T17:54:46","date_gmt":"2011-06-02T16:54:46","guid":{"rendered":"http:\/\/www.visit-ulcinj.com\/blog\/?p=47241"},"modified":"2011-06-05T11:47:22","modified_gmt":"2011-06-05T10:47:22","slug":"kampanja-zove-more-%e2%80%93-crna-gorapredstavljena-i-u-albaniji","status":"publish","type":"post","link":"https:\/\/www.visit-ulcinj.com\/blog\/2011\/06\/02\/kampanja-zove-more-%e2%80%93-crna-gorapredstavljena-i-u-albaniji\/","title":{"rendered":"Kampanja &#8211; Zove more \u2013 Crna Gora,predstavljena i u Albaniji"},"content":{"rendered":"<p><a href=\"http:\/\/www.visit-ulcinj.com\/blog\/wp-content\/uploads\/2011\/06\/Kampanja-Zove-more-_predstavljena-i-u-Albaniji.1.jpg\"><img loading=\"lazy\" class=\"alignleft size-full wp-image-47242\" title=\"Kampanja - Zove more _predstavljena i u Albaniji.1\" src=\"http:\/\/www.visit-ulcinj.com\/blog\/wp-content\/uploads\/2011\/06\/Kampanja-Zove-more-_predstavljena-i-u-Albaniji.1.jpg\" alt=\"\" width=\"490\" height=\"328\" \/><\/a>Nacionalna turisti\u010dka organizacija Crne Gore i Turisti\u010dka organizacija Ulcinja su, u saradnji sa Ambasadom Crne Gore u Albaniji, su danas u Tirani predstavili promotivnu kampanju &#8220;Zove more-Crna Gora\u201d.<\/p>\n<p>\u017ditelji Tirane i albanski mediji su se i ove, kao i pro\u0161le godine interesovaali za paket aran\u017emane koji su obuhva\u0107eni ovom kampanjom.<\/p>\n<p>Podsje\u0107amo da se cijena aran\u017emana u privatnom smje\u0161taju\u00a0 kre\u0107e ve\u0107 od 42 eura, a za sedam dana u \u0161picu sezone po cijeni od 70 do 77\u00a0 eur. Drugi paket se odnosi na smje\u0161taj u malim hotelima po cijeni od 155 do 280 eura.<\/p>\n<p>Tokom promocije brojnim medijima, dobrodo\u0161licu je po\u017eelio ambasador Crne Gore u Albaniji, \u017deljko Perovi\u0107, gradona\u010delnik Ulcinja Gzim Hajdinaga, menad\u017eer u NTO, Ljiljana \u010cuki\u0107 i direktor TO Ulcinja, Ali Rexha.<br \/>\n<a href=\"http:\/\/www.visit-ulcinj.com\/blog\/wp-content\/uploads\/2011\/06\/Kampanja-Zove-more-_predstavljena-i-u-Albaniji.jpg\"><img loading=\"lazy\" class=\"alignleft size-full wp-image-47243\" title=\"Kampanja - Zove more _predstavljena i u Albaniji\" src=\"http:\/\/www.visit-ulcinj.com\/blog\/wp-content\/uploads\/2011\/06\/Kampanja-Zove-more-_predstavljena-i-u-Albaniji.jpg\" alt=\"\" width=\"490\" height=\"285\" \/><\/a><br \/>\nDirektor Turisti\u010dke organizacije Ulcinja Ali Rexha je istakao da gosti iz Albanije koji se odlu\u010de da svoj odmor provedu u Crnoj Gori, osim u\u017eivanja na ure\u0111enim pla\u017eama mogu za kratko vrijeme otkriti i do\u017eivjeti ostale raznolikosti turisti\u010dke ponude Crne Gore i u drugim mjestima.<\/p>\n<table border=\"0\" cellspacing=\"0\" cellpadding=\"0\" width=\"100%\">\n<tbody>\n<tr>\n<td><\/td>\n<\/tr>\n<\/tbody>\n<\/table>\n<p>O tradicionalnoj dobroj posjeti grada Ulcinja od strane turista iz ove zemlje govorio je predsjednik op\u0161tine Ulcinj, Gzim Hajdinaga koji je istakao zna\u010daj otvaranja nove putne veze sa Cnom Gorom preko mosta na Bojani koja \u0107e omogu\u0107iti da gosti iz Albanije intezivnije i tokom godine posje\u0107uju Crnu Goru.<br \/>\nNovinari su, postavljaju\u0107i brojna pitanja pokazali najve\u0107e interesovanje za cijene usluga tokom ovogodi\u0161nje sezone, zatim za ponudu Ulcinja kao i cjelokupnu ponudu ostalih primorskih mjesta a primjetno je bilo i intersovanje za ponudom planinskih centara koji su tokom zimske sezone sve vi\u0161e posje\u0107eni od strane turista sa ovog tr\u017ei\u0161ta.<\/p>\n<p>Menad\u017eer u NTO-u, Ljiljana \u010cuki\u0107 upoznala je medije sa na\u010dinom rezervacije smje\u0161taja, web portalom koji pru\u017ea detaljne informicije kao i turisti\u010dkom ponudom sjevera Crne Gore.<br \/>\nPrema zvani\u010dnim statisti\u010dkim podacima u 2010. god. Crnu Goru je posjetilo blizu 40.000 turista iz Albanije, koji su tom prilikom ostvarili preko 190.000 no\u0107enja.<\/p>\n<p><strong>Montenegro.travel<\/strong><\/p>\n<!--YouTube Error: bad URL entered-->\n","protected":false},"excerpt":{"rendered":"<p>Nacionalna turisti\u010dka organizacija Crne Gore i Turisti\u010dka organizacija Ulcinja su, u saradnji sa Ambasadom Crne Gore u Albaniji, su danas u Tirani predstavili promotivnu kampanju &#8220;Zove more-Crna Gora\u201d. \u017ditelji Tirane i albanski mediji su se i ove, kao i pro\u0161le godine interesovaali za paket aran\u017emane koji su obuhva\u0107eni ovom kampanjom. Podsje\u0107amo da se cijena aran\u017emana [&hellip;]<\/p>\n","protected":false},"author":1,"featured_media":0,"comment_status":"open","ping_status":"closed","sticky":false,"template":"","format":"standard","meta":{"spay_email":"","jetpack_publicize_message":"","jetpack_is_tweetstorm":false,"jetpack_publicize_feature_enabled":true},"categories":[8337],"tags":[20,18342,12146,19,18343],"jetpack_publicize_connections":[],"yoast_head":"<!-- This site is optimized with the Yoast SEO plugin v19.1 - https:\/\/yoast.com\/wordpress\/plugins\/seo\/ -->\n<title>Kampanja - Zove more \u2013 Crna Gora,predstavljena i u Albaniji - Lajme nga Ulqini<\/title>\n<meta name=\"description\" content=\"Nacionalna turisti\u010dka organizacija Crne Gore i Turisti\u010dka organizacija Ulcinja su, u saradnji sa Ambasadom Crne Gore u Albaniji, su danas u Tirani\" \/>\n<meta name=\"robots\" content=\"index, follow, max-snippet:-1, max-image-preview:large, max-video-preview:-1\" \/>\n<link rel=\"canonical\" href=\"https:\/\/www.visit-ulcinj.com\/blog\/2011\/06\/02\/kampanja-zove-more-\u2013-crna-gorapredstavljena-i-u-albaniji\/\" \/>\n<meta property=\"og:locale\" content=\"en_US\" \/>\n<meta property=\"og:type\" content=\"article\" \/>\n<meta property=\"og:title\" content=\"Kampanja - Zove more \u2013 Crna Gora,predstavljena i u Albaniji - Lajme nga Ulqini\" \/>\n<meta property=\"og:description\" content=\"Nacionalna turisti\u010dka organizacija Crne Gore i Turisti\u010dka organizacija Ulcinja su, u saradnji sa Ambasadom Crne Gore u Albaniji, su danas u Tirani\" \/>\n<meta property=\"og:url\" content=\"https:\/\/www.visit-ulcinj.com\/blog\/2011\/06\/02\/kampanja-zove-more-\u2013-crna-gorapredstavljena-i-u-albaniji\/\" \/>\n<meta property=\"og:site_name\" content=\"Lajme nga Ulqini\" \/>\n<meta property=\"article:published_time\" content=\"2011-06-02T16:54:46+00:00\" \/>\n<meta property=\"article:modified_time\" content=\"2011-06-05T10:47:22+00:00\" \/>\n<meta property=\"og:image\" content=\"http:\/\/www.visit-ulcinj.com\/blog\/wp-content\/uploads\/2011\/06\/Kampanja-Zove-more-_predstavljena-i-u-Albaniji.1.jpg\" \/>\n<meta name=\"twitter:label1\" content=\"Written by\" \/>\n\t<meta name=\"twitter:data1\" content=\"ulqini\" \/>\n\t<meta name=\"twitter:label2\" content=\"Est. reading time\" \/>\n\t<meta name=\"twitter:data2\" content=\"2 minutes\" \/>\n<script type=\"application\/ld+json\" class=\"yoast-schema-graph\">{\"@context\":\"https:\/\/schema.org\",\"@graph\":[{\"@type\":\"WebSite\",\"@id\":\"https:\/\/www.visit-ulcinj.com\/blog\/#website\",\"url\":\"https:\/\/www.visit-ulcinj.com\/blog\/\",\"name\":\"Lajme nga Ulqini\",\"description\":\"Lajme,Vijesti,Ulqini,Ulqin,Crna Gora,Mali i Zi\",\"potentialAction\":[{\"@type\":\"SearchAction\",\"target\":{\"@type\":\"EntryPoint\",\"urlTemplate\":\"https:\/\/www.visit-ulcinj.com\/blog\/?s={search_term_string}\"},\"query-input\":\"required name=search_term_string\"}],\"inLanguage\":\"en-US\"},{\"@type\":\"ImageObject\",\"inLanguage\":\"en-US\",\"@id\":\"https:\/\/www.visit-ulcinj.com\/blog\/2011\/06\/02\/kampanja-zove-more-%e2%80%93-crna-gorapredstavljena-i-u-albaniji\/#primaryimage\",\"url\":\"https:\/\/www.visit-ulcinj.com\/blog\/wp-content\/uploads\/2011\/06\/Kampanja-Zove-more-_predstavljena-i-u-Albaniji.1.jpg\",\"contentUrl\":\"https:\/\/www.visit-ulcinj.com\/blog\/wp-content\/uploads\/2011\/06\/Kampanja-Zove-more-_predstavljena-i-u-Albaniji.1.jpg\",\"width\":\"470\",\"height\":\"328\"},{\"@type\":\"WebPage\",\"@id\":\"https:\/\/www.visit-ulcinj.com\/blog\/2011\/06\/02\/kampanja-zove-more-%e2%80%93-crna-gorapredstavljena-i-u-albaniji\/#webpage\",\"url\":\"https:\/\/www.visit-ulcinj.com\/blog\/2011\/06\/02\/kampanja-zove-more-%e2%80%93-crna-gorapredstavljena-i-u-albaniji\/\",\"name\":\"Kampanja - Zove more \u2013 Crna Gora,predstavljena i u Albaniji - Lajme nga Ulqini\",\"isPartOf\":{\"@id\":\"https:\/\/www.visit-ulcinj.com\/blog\/#website\"},\"primaryImageOfPage\":{\"@id\":\"https:\/\/www.visit-ulcinj.com\/blog\/2011\/06\/02\/kampanja-zove-more-%e2%80%93-crna-gorapredstavljena-i-u-albaniji\/#primaryimage\"},\"datePublished\":\"2011-06-02T16:54:46+00:00\",\"dateModified\":\"2011-06-05T10:47:22+00:00\",\"author\":{\"@id\":\"https:\/\/www.visit-ulcinj.com\/blog\/#\/schema\/person\/dcab619c614d3038751c63bc2aadc06d\"},\"description\":\"Nacionalna turisti\u010dka organizacija Crne Gore i Turisti\u010dka organizacija Ulcinja su, u saradnji sa Ambasadom Crne Gore u Albaniji, su danas u Tirani\",\"breadcrumb\":{\"@id\":\"https:\/\/www.visit-ulcinj.com\/blog\/2011\/06\/02\/kampanja-zove-more-%e2%80%93-crna-gorapredstavljena-i-u-albaniji\/#breadcrumb\"},\"inLanguage\":\"en-US\",\"potentialAction\":[{\"@type\":\"ReadAction\",\"target\":[\"https:\/\/www.visit-ulcinj.com\/blog\/2011\/06\/02\/kampanja-zove-more-%e2%80%93-crna-gorapredstavljena-i-u-albaniji\/\"]}]},{\"@type\":\"BreadcrumbList\",\"@id\":\"https:\/\/www.visit-ulcinj.com\/blog\/2011\/06\/02\/kampanja-zove-more-%e2%80%93-crna-gorapredstavljena-i-u-albaniji\/#breadcrumb\",\"itemListElement\":[{\"@type\":\"ListItem\",\"position\":1,\"name\":\"Kampanja &#8211; Zove more \u2013 Crna Gora,predstavljena i u Albaniji\"}]},{\"@type\":\"Person\",\"@id\":\"https:\/\/www.visit-ulcinj.com\/blog\/#\/schema\/person\/dcab619c614d3038751c63bc2aadc06d\",\"name\":\"ulqini\",\"sameAs\":[\"http:\/\/www.visit-ulcinj.com\"],\"url\":\"https:\/\/www.visit-ulcinj.com\/blog\/author\/admin\/\"}]}<\/script>\n<!-- \/ Yoast SEO plugin. -->","yoast_head_json":{"title":"Kampanja - Zove more \u2013 Crna Gora,predstavljena i u Albaniji - Lajme nga Ulqini","description":"Nacionalna turisti\u010dka organizacija Crne Gore i Turisti\u010dka organizacija Ulcinja su, u saradnji sa Ambasadom Crne Gore u Albaniji, su danas u Tirani","robots":{"index":"index","follow":"follow","max-snippet":"max-snippet:-1","max-image-preview":"max-image-preview:large","max-video-preview":"max-video-preview:-1"},"canonical":"https:\/\/www.visit-ulcinj.com\/blog\/2011\/06\/02\/kampanja-zove-more-\u2013-crna-gorapredstavljena-i-u-albaniji\/","og_locale":"en_US","og_type":"article","og_title":"Kampanja - Zove more \u2013 Crna Gora,predstavljena i u Albaniji - Lajme nga Ulqini","og_description":"Nacionalna turisti\u010dka organizacija Crne Gore i Turisti\u010dka organizacija Ulcinja su, u saradnji sa Ambasadom Crne Gore u Albaniji, su danas u Tirani","og_url":"https:\/\/www.visit-ulcinj.com\/blog\/2011\/06\/02\/kampanja-zove-more-\u2013-crna-gorapredstavljena-i-u-albaniji\/","og_site_name":"Lajme nga Ulqini","article_published_time":"2011-06-02T16:54:46+00:00","article_modified_time":"2011-06-05T10:47:22+00:00","og_image":[{"url":"http:\/\/www.visit-ulcinj.com\/blog\/wp-content\/uploads\/2011\/06\/Kampanja-Zove-more-_predstavljena-i-u-Albaniji.1.jpg"}],"twitter_misc":{"Written by":"ulqini","Est. reading time":"2 minutes"},"schema":{"@context":"https:\/\/schema.org","@graph":[{"@type":"WebSite","@id":"https:\/\/www.visit-ulcinj.com\/blog\/#website","url":"https:\/\/www.visit-ulcinj.com\/blog\/","name":"Lajme nga Ulqini","description":"Lajme,Vijesti,Ulqini,Ulqin,Crna Gora,Mali i Zi","potentialAction":[{"@type":"SearchAction","target":{"@type":"EntryPoint","urlTemplate":"https:\/\/www.visit-ulcinj.com\/blog\/?s={search_term_string}"},"query-input":"required name=search_term_string"}],"inLanguage":"en-US"},{"@type":"ImageObject","inLanguage":"en-US","@id":"https:\/\/www.visit-ulcinj.com\/blog\/2011\/06\/02\/kampanja-zove-more-%e2%80%93-crna-gorapredstavljena-i-u-albaniji\/#primaryimage","url":"https:\/\/www.visit-ulcinj.com\/blog\/wp-content\/uploads\/2011\/06\/Kampanja-Zove-more-_predstavljena-i-u-Albaniji.1.jpg","contentUrl":"https:\/\/www.visit-ulcinj.com\/blog\/wp-content\/uploads\/2011\/06\/Kampanja-Zove-more-_predstavljena-i-u-Albaniji.1.jpg","width":"470","height":"328"},{"@type":"WebPage","@id":"https:\/\/www.visit-ulcinj.com\/blog\/2011\/06\/02\/kampanja-zove-more-%e2%80%93-crna-gorapredstavljena-i-u-albaniji\/#webpage","url":"https:\/\/www.visit-ulcinj.com\/blog\/2011\/06\/02\/kampanja-zove-more-%e2%80%93-crna-gorapredstavljena-i-u-albaniji\/","name":"Kampanja - Zove more \u2013 Crna Gora,predstavljena i u Albaniji - Lajme nga Ulqini","isPartOf":{"@id":"https:\/\/www.visit-ulcinj.com\/blog\/#website"},"primaryImageOfPage":{"@id":"https:\/\/www.visit-ulcinj.com\/blog\/2011\/06\/02\/kampanja-zove-more-%e2%80%93-crna-gorapredstavljena-i-u-albaniji\/#primaryimage"},"datePublished":"2011-06-02T16:54:46+00:00","dateModified":"2011-06-05T10:47:22+00:00","author":{"@id":"https:\/\/www.visit-ulcinj.com\/blog\/#\/schema\/person\/dcab619c614d3038751c63bc2aadc06d"},"description":"Nacionalna turisti\u010dka organizacija Crne Gore i Turisti\u010dka organizacija Ulcinja su, u saradnji sa Ambasadom Crne Gore u Albaniji, su danas u Tirani","breadcrumb":{"@id":"https:\/\/www.visit-ulcinj.com\/blog\/2011\/06\/02\/kampanja-zove-more-%e2%80%93-crna-gorapredstavljena-i-u-albaniji\/#breadcrumb"},"inLanguage":"en-US","potentialAction":[{"@type":"ReadAction","target":["https:\/\/www.visit-ulcinj.com\/blog\/2011\/06\/02\/kampanja-zove-more-%e2%80%93-crna-gorapredstavljena-i-u-albaniji\/"]}]},{"@type":"BreadcrumbList","@id":"https:\/\/www.visit-ulcinj.com\/blog\/2011\/06\/02\/kampanja-zove-more-%e2%80%93-crna-gorapredstavljena-i-u-albaniji\/#breadcrumb","itemListElement":[{"@type":"ListItem","position":1,"name":"Kampanja &#8211; Zove more \u2013 Crna Gora,predstavljena i u Albaniji"}]},{"@type":"Person","@id":"https:\/\/www.visit-ulcinj.com\/blog\/#\/schema\/person\/dcab619c614d3038751c63bc2aadc06d","name":"ulqini","sameAs":["http:\/\/www.visit-ulcinj.com"],"url":"https:\/\/www.visit-ulcinj.com\/blog\/author\/admin\/"}]}},"jetpack_featured_media_url":"","jetpack_sharing_enabled":true,"jetpack_shortlink":"https:\/\/wp.me\/pe6lTn-chX","_links":{"self":[{"href":"https:\/\/www.visit-ulcinj.com\/blog\/wp-json\/wp\/v2\/posts\/47241"}],"collection":[{"href":"https:\/\/www.visit-ulcinj.com\/blog\/wp-json\/wp\/v2\/posts"}],"about":[{"href":"https:\/\/www.visit-ulcinj.com\/blog\/wp-json\/wp\/v2\/types\/post"}],"author":[{"embeddable":true,"href":"https:\/\/www.visit-ulcinj.com\/blog\/wp-json\/wp\/v2\/users\/1"}],"replies":[{"embeddable":true,"href":"https:\/\/www.visit-ulcinj.com\/blog\/wp-json\/wp\/v2\/comments?post=47241"}],"version-history":[{"count":0,"href":"https:\/\/www.visit-ulcinj.com\/blog\/wp-json\/wp\/v2\/posts\/47241\/revisions"}],"wp:attachment":[{"href":"https:\/\/www.visit-ulcinj.com\/blog\/wp-json\/wp\/v2\/media?parent=47241"}],"wp:term":[{"taxonomy":"category","embeddable":true,"href":"https:\/\/www.visit-ulcinj.com\/blog\/wp-json\/wp\/v2\/categories?post=47241"},{"taxonomy":"post_tag","embeddable":true,"href":"https:\/\/www.visit-ulcinj.com\/blog\/wp-json\/wp\/v2\/tags?post=47241"}],"curies":[{"name":"wp","href":"https:\/\/api.w.org\/{rel}","templated":true}]}}