{"id":47258,"date":"2011-06-04T15:45:33","date_gmt":"2011-06-04T14:45:33","guid":{"rendered":"http:\/\/www.visit-ulcinj.com\/blog\/?p=47258"},"modified":"2011-06-04T15:47:19","modified_gmt":"2011-06-04T14:47:19","slug":"polaznici-mekteba-iz-ulcinja-posjetili-medresu","status":"publish","type":"post","link":"https:\/\/www.visit-ulcinj.com\/blog\/2011\/06\/04\/polaznici-mekteba-iz-ulcinja-posjetili-medresu\/","title":{"rendered":"Polaznici mekteba iz Ulcinja posjetili Medresu"},"content":{"rendered":"<p><strong><a href=\"http:\/\/www.visit-ulcinj.com\/blog\/wp-content\/uploads\/2011\/06\/Polaznici-mekteba-iz-Ulcinja-posjetili-Medresu.12.jpg\"><img loading=\"lazy\" class=\"alignleft size-full wp-image-47270\" title=\"Polaznici mekteba iz Ulcinja posjetili Medresu.12\" src=\"http:\/\/www.visit-ulcinj.com\/blog\/wp-content\/uploads\/2011\/06\/Polaznici-mekteba-iz-Ulcinja-posjetili-Medresu.12.jpg\" alt=\"\" width=\"508\" height=\"325\" srcset=\"https:\/\/www.visit-ulcinj.com\/blog\/wp-content\/uploads\/2011\/06\/Polaznici-mekteba-iz-Ulcinja-posjetili-Medresu.12.jpg 508w, https:\/\/www.visit-ulcinj.com\/blog\/wp-content\/uploads\/2011\/06\/Polaznici-mekteba-iz-Ulcinja-posjetili-Medresu.12-300x191.jpg 300w\" sizes=\"(max-width: 508px) 100vw, 508px\" \/><\/a>Podgorica<\/strong> &#8211; U organizaciji Odbora IZ-e Ulcinj, u subotu, 28.05.2011. god., organizirana je ekskurzija polaznika mekteba sa podru\u010dja ovog Odbora. Grupu od oko 130 u\u010denika pratili su v.d. glavnog imama <strong>Rifat ef. Jusufi, Suad ef. Ukoshata, Mirsad ef. Mu\u00e7aj, Senad ef. Maku, Nusret ef. Cenaj, Edin ef. Veliq i Rexhep ef. Lika<\/strong>.<\/p>\n<p>Polazak je priredjen u 8.30 sati. U\u010denici su najprije posjetili Medresu &#8220;Mehmed Fatih&#8221; u Podgorici, gdje su srda\u010dno i musafirski primljeni od osoblja Medrese.<\/p>\n<p>Vodi\u010dima i u\u010denicima je ponu\u010den jedan prigodan doru\u010dak u restoranu Medrese, da bi kasnije bili upoznati i sa u\u010deni\u010dkim blokom Medrese. Dio vremena u\u010denici su proveli u amfiteatru Medrese, gdje su pojedini u\u010denici u\u010dili ilahije i recitacije. Zatim su u\u010denici posjetili vodopade Cijevne kod restorana &#8220;Niagara&#8221;, i na kraju su posjetili islamski centar u izgradnji u Baru, gdje su se u\u010denici upoznali sa sadr\u017eajima ovog budu\u0107eg centra. Ova jednodnevna ekskurzija okon\u010dana je povratkom u Ulcinj u 15.00 sati.<\/p>\n<p><strong>Islamska Zajednica u Crnoj Gori<\/strong><\/p>\n<p><strong>Foto<\/strong><a href=\"http:\/\/www.facebook.com\/senadmaku\"><strong> Senad Maku Facebook<\/strong><br \/>\n<\/a><\/p>\n<p><strong>\n\t\t<style type=\"text\/css\">\n\t\t\t#gallery-1 {\n\t\t\t\tmargin: auto;\n\t\t\t}\n\t\t\t#gallery-1 .gallery-item {\n\t\t\t\tfloat: left;\n\t\t\t\tmargin-top: 10px;\n\t\t\t\ttext-align: center;\n\t\t\t\twidth: 33%;\n\t\t\t}\n\t\t\t#gallery-1 img {\n\t\t\t\tborder: 2px solid #cfcfcf;\n\t\t\t}\n\t\t\t#gallery-1 .gallery-caption {\n\t\t\t\tmargin-left: 0;\n\t\t\t}\n\t\t\t\/* see gallery_shortcode() in wp-includes\/media.php *\/\n\t\t<\/style>\n\t\t<div id='gallery-1' class='gallery galleryid-47258 gallery-columns-3 gallery-size-thumbnail'><dl class='gallery-item'>\n\t\t\t<dt class='gallery-icon landscape'>\n\t\t\t\t<a href='https:\/\/www.visit-ulcinj.com\/blog\/wp-content\/uploads\/2011\/06\/Polaznici-mekteba-iz-Ulcinja-posjetili-Medresu.1.jpg'><img width=\"150\" height=\"150\" src=\"https:\/\/www.visit-ulcinj.com\/blog\/wp-content\/uploads\/2011\/06\/Polaznici-mekteba-iz-Ulcinja-posjetili-Medresu.1-150x150.jpg\" class=\"attachment-thumbnail size-thumbnail\" alt=\"\" loading=\"lazy\" \/><\/a>\n\t\t\t<\/dt><\/dl><dl class='gallery-item'>\n\t\t\t<dt class='gallery-icon landscape'>\n\t\t\t\t<a href='https:\/\/www.visit-ulcinj.com\/blog\/wp-content\/uploads\/2011\/06\/Polaznici-mekteba-iz-Ulcinja-posjetili-Medresu.3.jpg'><img width=\"150\" height=\"150\" src=\"https:\/\/www.visit-ulcinj.com\/blog\/wp-content\/uploads\/2011\/06\/Polaznici-mekteba-iz-Ulcinja-posjetili-Medresu.3-150x150.jpg\" class=\"attachment-thumbnail size-thumbnail\" alt=\"\" loading=\"lazy\" \/><\/a>\n\t\t\t<\/dt><\/dl><dl class='gallery-item'>\n\t\t\t<dt class='gallery-icon landscape'>\n\t\t\t\t<a href='https:\/\/www.visit-ulcinj.com\/blog\/wp-content\/uploads\/2011\/06\/Polaznici-mekteba-iz-Ulcinja-posjetili-Medresu.4.jpg'><img width=\"150\" height=\"150\" src=\"https:\/\/www.visit-ulcinj.com\/blog\/wp-content\/uploads\/2011\/06\/Polaznici-mekteba-iz-Ulcinja-posjetili-Medresu.4-150x150.jpg\" class=\"attachment-thumbnail size-thumbnail\" alt=\"\" loading=\"lazy\" \/><\/a>\n\t\t\t<\/dt><\/dl><br style=\"clear: both\" \/><dl class='gallery-item'>\n\t\t\t<dt class='gallery-icon landscape'>\n\t\t\t\t<a href='https:\/\/www.visit-ulcinj.com\/blog\/wp-content\/uploads\/2011\/06\/Polaznici-mekteba-iz-Ulcinja-posjetili-Medresu.5.jpg'><img width=\"150\" height=\"150\" src=\"https:\/\/www.visit-ulcinj.com\/blog\/wp-content\/uploads\/2011\/06\/Polaznici-mekteba-iz-Ulcinja-posjetili-Medresu.5-150x150.jpg\" class=\"attachment-thumbnail size-thumbnail\" alt=\"\" loading=\"lazy\" \/><\/a>\n\t\t\t<\/dt><\/dl><dl class='gallery-item'>\n\t\t\t<dt class='gallery-icon landscape'>\n\t\t\t\t<a href='https:\/\/www.visit-ulcinj.com\/blog\/wp-content\/uploads\/2011\/06\/Polaznici-mekteba-iz-Ulcinja-posjetili-Medresu.6.jpg'><img width=\"150\" height=\"150\" src=\"https:\/\/www.visit-ulcinj.com\/blog\/wp-content\/uploads\/2011\/06\/Polaznici-mekteba-iz-Ulcinja-posjetili-Medresu.6-150x150.jpg\" class=\"attachment-thumbnail size-thumbnail\" alt=\"\" loading=\"lazy\" \/><\/a>\n\t\t\t<\/dt><\/dl><dl class='gallery-item'>\n\t\t\t<dt class='gallery-icon landscape'>\n\t\t\t\t<a href='https:\/\/www.visit-ulcinj.com\/blog\/wp-content\/uploads\/2011\/06\/Polaznici-mekteba-iz-Ulcinja-posjetili-Medresu.7.jpg'><img width=\"150\" height=\"150\" src=\"https:\/\/www.visit-ulcinj.com\/blog\/wp-content\/uploads\/2011\/06\/Polaznici-mekteba-iz-Ulcinja-posjetili-Medresu.7-150x150.jpg\" class=\"attachment-thumbnail size-thumbnail\" alt=\"\" loading=\"lazy\" \/><\/a>\n\t\t\t<\/dt><\/dl><br style=\"clear: both\" \/><dl class='gallery-item'>\n\t\t\t<dt class='gallery-icon landscape'>\n\t\t\t\t<a href='https:\/\/www.visit-ulcinj.com\/blog\/wp-content\/uploads\/2011\/06\/Polaznici-mekteba-iz-Ulcinja-posjetili-Medresu.8.jpg'><img width=\"150\" height=\"150\" src=\"https:\/\/www.visit-ulcinj.com\/blog\/wp-content\/uploads\/2011\/06\/Polaznici-mekteba-iz-Ulcinja-posjetili-Medresu.8-150x150.jpg\" class=\"attachment-thumbnail size-thumbnail\" alt=\"\" loading=\"lazy\" \/><\/a>\n\t\t\t<\/dt><\/dl><dl class='gallery-item'>\n\t\t\t<dt class='gallery-icon landscape'>\n\t\t\t\t<a href='https:\/\/www.visit-ulcinj.com\/blog\/wp-content\/uploads\/2011\/06\/Polaznici-mekteba-iz-Ulcinja-posjetili-Medresu.9.jpg'><img width=\"150\" height=\"150\" src=\"https:\/\/www.visit-ulcinj.com\/blog\/wp-content\/uploads\/2011\/06\/Polaznici-mekteba-iz-Ulcinja-posjetili-Medresu.9-150x150.jpg\" class=\"attachment-thumbnail size-thumbnail\" alt=\"\" loading=\"lazy\" \/><\/a>\n\t\t\t<\/dt><\/dl><dl class='gallery-item'>\n\t\t\t<dt class='gallery-icon landscape'>\n\t\t\t\t<a href='https:\/\/www.visit-ulcinj.com\/blog\/wp-content\/uploads\/2011\/06\/Polaznici-mekteba-iz-Ulcinja-posjetili-Medresu.10.jpg'><img width=\"150\" height=\"150\" src=\"https:\/\/www.visit-ulcinj.com\/blog\/wp-content\/uploads\/2011\/06\/Polaznici-mekteba-iz-Ulcinja-posjetili-Medresu.10-150x150.jpg\" class=\"attachment-thumbnail size-thumbnail\" alt=\"\" loading=\"lazy\" \/><\/a>\n\t\t\t<\/dt><\/dl><br style=\"clear: both\" \/><dl class='gallery-item'>\n\t\t\t<dt class='gallery-icon landscape'>\n\t\t\t\t<a href='https:\/\/www.visit-ulcinj.com\/blog\/wp-content\/uploads\/2011\/06\/Polaznici-mekteba-iz-Ulcinja-posjetili-Medresu.11.jpg'><img width=\"150\" height=\"150\" src=\"https:\/\/www.visit-ulcinj.com\/blog\/wp-content\/uploads\/2011\/06\/Polaznici-mekteba-iz-Ulcinja-posjetili-Medresu.11-150x150.jpg\" class=\"attachment-thumbnail size-thumbnail\" alt=\"\" loading=\"lazy\" \/><\/a>\n\t\t\t<\/dt><\/dl><dl class='gallery-item'>\n\t\t\t<dt class='gallery-icon landscape'>\n\t\t\t\t<a href='https:\/\/www.visit-ulcinj.com\/blog\/wp-content\/uploads\/2011\/06\/Polaznici-mekteba-iz-Ulcinja-posjetili-Medresu.12.jpg'><img width=\"150\" height=\"150\" src=\"https:\/\/www.visit-ulcinj.com\/blog\/wp-content\/uploads\/2011\/06\/Polaznici-mekteba-iz-Ulcinja-posjetili-Medresu.12-150x150.jpg\" class=\"attachment-thumbnail size-thumbnail\" alt=\"\" loading=\"lazy\" \/><\/a>\n\t\t\t<\/dt><\/dl><dl class='gallery-item'>\n\t\t\t<dt class='gallery-icon landscape'>\n\t\t\t\t<a href='https:\/\/www.visit-ulcinj.com\/blog\/wp-content\/uploads\/2011\/06\/Polaznici-mekteba-iz-Ulcinja-posjetili-Medresu.jpg'><img width=\"150\" height=\"150\" src=\"https:\/\/www.visit-ulcinj.com\/blog\/wp-content\/uploads\/2011\/06\/Polaznici-mekteba-iz-Ulcinja-posjetili-Medresu-150x150.jpg\" class=\"attachment-thumbnail size-thumbnail\" alt=\"\" loading=\"lazy\" \/><\/a>\n\t\t\t<\/dt><\/dl><br style=\"clear: both\" \/>\n\t\t<\/div>\n<br \/>\n<\/strong><\/p>\n","protected":false},"excerpt":{"rendered":"<p>Podgorica &#8211; U organizaciji Odbora IZ-e Ulcinj, u subotu, 28.05.2011. god., organizirana je ekskurzija polaznika mekteba sa podru\u010dja ovog Odbora. Grupu od oko 130 u\u010denika pratili su v.d. glavnog imama Rifat ef. Jusufi, Suad ef. Ukoshata, Mirsad ef. Mu\u00e7aj, Senad ef. Maku, Nusret ef. Cenaj, Edin ef. Veliq i Rexhep ef. Lika. Polazak je priredjen [&hellip;]<\/p>\n","protected":false},"author":1,"featured_media":0,"comment_status":"open","ping_status":"closed","sticky":false,"template":"","format":"standard","meta":{"spay_email":"","jetpack_publicize_message":"","jetpack_is_tweetstorm":false,"jetpack_publicize_feature_enabled":true},"categories":[8337],"tags":[18352,18345,10145,18349,18351,18346,5173,18347,18350,18348],"jetpack_publicize_connections":[],"yoast_head":"<!-- This site is optimized with the Yoast SEO plugin v19.1 - https:\/\/yoast.com\/wordpress\/plugins\/seo\/ -->\n<title>Polaznici mekteba iz Ulcinja posjetili Medresu - Lajme nga Ulqini<\/title>\n<meta name=\"description\" content=\"Podgorica - U organizaciji Odbora IZ-e Ulcinj, u subotu, 28.05.2011. god., organizirana je ekskurzija polaznika mekteba sa podru\u010dja ovog Odbora. Grupu od\" \/>\n<meta name=\"robots\" content=\"index, follow, max-snippet:-1, max-image-preview:large, max-video-preview:-1\" \/>\n<link rel=\"canonical\" href=\"https:\/\/www.visit-ulcinj.com\/blog\/2011\/06\/04\/polaznici-mekteba-iz-ulcinja-posjetili-medresu\/\" \/>\n<meta property=\"og:locale\" content=\"en_US\" \/>\n<meta property=\"og:type\" content=\"article\" \/>\n<meta property=\"og:title\" content=\"Polaznici mekteba iz Ulcinja posjetili Medresu - Lajme nga Ulqini\" \/>\n<meta property=\"og:description\" content=\"Podgorica - U organizaciji Odbora IZ-e Ulcinj, u subotu, 28.05.2011. god., organizirana je ekskurzija polaznika mekteba sa podru\u010dja ovog Odbora. Grupu od\" \/>\n<meta property=\"og:url\" content=\"https:\/\/www.visit-ulcinj.com\/blog\/2011\/06\/04\/polaznici-mekteba-iz-ulcinja-posjetili-medresu\/\" \/>\n<meta property=\"og:site_name\" content=\"Lajme nga Ulqini\" \/>\n<meta property=\"article:published_time\" content=\"2011-06-04T14:45:33+00:00\" \/>\n<meta property=\"article:modified_time\" content=\"2011-06-04T14:47:19+00:00\" \/>\n<meta property=\"og:image\" content=\"https:\/\/www.visit-ulcinj.com\/blog\/wp-content\/uploads\/2011\/06\/Polaznici-mekteba-iz-Ulcinja-posjetili-Medresu.1-150x150.jpg\" \/>\n<meta name=\"twitter:label1\" content=\"Written by\" \/>\n\t<meta name=\"twitter:data1\" content=\"ulqini\" \/>\n\t<meta name=\"twitter:label2\" content=\"Est. reading time\" \/>\n\t<meta name=\"twitter:data2\" content=\"1 minute\" \/>\n<script type=\"application\/ld+json\" class=\"yoast-schema-graph\">{\"@context\":\"https:\/\/schema.org\",\"@graph\":[{\"@type\":\"WebSite\",\"@id\":\"https:\/\/www.visit-ulcinj.com\/blog\/#website\",\"url\":\"https:\/\/www.visit-ulcinj.com\/blog\/\",\"name\":\"Lajme nga Ulqini\",\"description\":\"Lajme,Vijesti,Ulqini,Ulqin,Crna Gora,Mali i Zi\",\"potentialAction\":[{\"@type\":\"SearchAction\",\"target\":{\"@type\":\"EntryPoint\",\"urlTemplate\":\"https:\/\/www.visit-ulcinj.com\/blog\/?s={search_term_string}\"},\"query-input\":\"required name=search_term_string\"}],\"inLanguage\":\"en-US\"},{\"@type\":\"ImageObject\",\"inLanguage\":\"en-US\",\"@id\":\"https:\/\/www.visit-ulcinj.com\/blog\/2011\/06\/04\/polaznici-mekteba-iz-ulcinja-posjetili-medresu\/#primaryimage\",\"url\":\"https:\/\/www.visit-ulcinj.com\/blog\/wp-content\/uploads\/2011\/06\/Polaznici-mekteba-iz-Ulcinja-posjetili-Medresu.12.jpg\",\"contentUrl\":\"https:\/\/www.visit-ulcinj.com\/blog\/wp-content\/uploads\/2011\/06\/Polaznici-mekteba-iz-Ulcinja-posjetili-Medresu.12.jpg\",\"width\":\"508\",\"height\":\"325\"},{\"@type\":\"WebPage\",\"@id\":\"https:\/\/www.visit-ulcinj.com\/blog\/2011\/06\/04\/polaznici-mekteba-iz-ulcinja-posjetili-medresu\/#webpage\",\"url\":\"https:\/\/www.visit-ulcinj.com\/blog\/2011\/06\/04\/polaznici-mekteba-iz-ulcinja-posjetili-medresu\/\",\"name\":\"Polaznici mekteba iz Ulcinja posjetili Medresu - Lajme nga Ulqini\",\"isPartOf\":{\"@id\":\"https:\/\/www.visit-ulcinj.com\/blog\/#website\"},\"primaryImageOfPage\":{\"@id\":\"https:\/\/www.visit-ulcinj.com\/blog\/2011\/06\/04\/polaznici-mekteba-iz-ulcinja-posjetili-medresu\/#primaryimage\"},\"datePublished\":\"2011-06-04T14:45:33+00:00\",\"dateModified\":\"2011-06-04T14:47:19+00:00\",\"author\":{\"@id\":\"https:\/\/www.visit-ulcinj.com\/blog\/#\/schema\/person\/dcab619c614d3038751c63bc2aadc06d\"},\"description\":\"Podgorica - U organizaciji Odbora IZ-e Ulcinj, u subotu, 28.05.2011. god., organizirana je ekskurzija polaznika mekteba sa podru\u010dja ovog Odbora. Grupu od\",\"breadcrumb\":{\"@id\":\"https:\/\/www.visit-ulcinj.com\/blog\/2011\/06\/04\/polaznici-mekteba-iz-ulcinja-posjetili-medresu\/#breadcrumb\"},\"inLanguage\":\"en-US\",\"potentialAction\":[{\"@type\":\"ReadAction\",\"target\":[\"https:\/\/www.visit-ulcinj.com\/blog\/2011\/06\/04\/polaznici-mekteba-iz-ulcinja-posjetili-medresu\/\"]}]},{\"@type\":\"BreadcrumbList\",\"@id\":\"https:\/\/www.visit-ulcinj.com\/blog\/2011\/06\/04\/polaznici-mekteba-iz-ulcinja-posjetili-medresu\/#breadcrumb\",\"itemListElement\":[{\"@type\":\"ListItem\",\"position\":1,\"name\":\"Polaznici mekteba iz Ulcinja posjetili Medresu\"}]},{\"@type\":\"Person\",\"@id\":\"https:\/\/www.visit-ulcinj.com\/blog\/#\/schema\/person\/dcab619c614d3038751c63bc2aadc06d\",\"name\":\"ulqini\",\"sameAs\":[\"http:\/\/www.visit-ulcinj.com\"],\"url\":\"https:\/\/www.visit-ulcinj.com\/blog\/author\/admin\/\"}]}<\/script>\n<!-- \/ Yoast SEO plugin. -->","yoast_head_json":{"title":"Polaznici mekteba iz Ulcinja posjetili Medresu - Lajme nga Ulqini","description":"Podgorica - U organizaciji Odbora IZ-e Ulcinj, u subotu, 28.05.2011. god., organizirana je ekskurzija polaznika mekteba sa podru\u010dja ovog Odbora. Grupu od","robots":{"index":"index","follow":"follow","max-snippet":"max-snippet:-1","max-image-preview":"max-image-preview:large","max-video-preview":"max-video-preview:-1"},"canonical":"https:\/\/www.visit-ulcinj.com\/blog\/2011\/06\/04\/polaznici-mekteba-iz-ulcinja-posjetili-medresu\/","og_locale":"en_US","og_type":"article","og_title":"Polaznici mekteba iz Ulcinja posjetili Medresu - Lajme nga Ulqini","og_description":"Podgorica - U organizaciji Odbora IZ-e Ulcinj, u subotu, 28.05.2011. god., organizirana je ekskurzija polaznika mekteba sa podru\u010dja ovog Odbora. Grupu od","og_url":"https:\/\/www.visit-ulcinj.com\/blog\/2011\/06\/04\/polaznici-mekteba-iz-ulcinja-posjetili-medresu\/","og_site_name":"Lajme nga Ulqini","article_published_time":"2011-06-04T14:45:33+00:00","article_modified_time":"2011-06-04T14:47:19+00:00","og_image":[{"url":"https:\/\/www.visit-ulcinj.com\/blog\/wp-content\/uploads\/2011\/06\/Polaznici-mekteba-iz-Ulcinja-posjetili-Medresu.1-150x150.jpg"}],"twitter_misc":{"Written by":"ulqini","Est. reading time":"1 minute"},"schema":{"@context":"https:\/\/schema.org","@graph":[{"@type":"WebSite","@id":"https:\/\/www.visit-ulcinj.com\/blog\/#website","url":"https:\/\/www.visit-ulcinj.com\/blog\/","name":"Lajme nga Ulqini","description":"Lajme,Vijesti,Ulqini,Ulqin,Crna Gora,Mali i Zi","potentialAction":[{"@type":"SearchAction","target":{"@type":"EntryPoint","urlTemplate":"https:\/\/www.visit-ulcinj.com\/blog\/?s={search_term_string}"},"query-input":"required name=search_term_string"}],"inLanguage":"en-US"},{"@type":"ImageObject","inLanguage":"en-US","@id":"https:\/\/www.visit-ulcinj.com\/blog\/2011\/06\/04\/polaznici-mekteba-iz-ulcinja-posjetili-medresu\/#primaryimage","url":"https:\/\/www.visit-ulcinj.com\/blog\/wp-content\/uploads\/2011\/06\/Polaznici-mekteba-iz-Ulcinja-posjetili-Medresu.12.jpg","contentUrl":"https:\/\/www.visit-ulcinj.com\/blog\/wp-content\/uploads\/2011\/06\/Polaznici-mekteba-iz-Ulcinja-posjetili-Medresu.12.jpg","width":"508","height":"325"},{"@type":"WebPage","@id":"https:\/\/www.visit-ulcinj.com\/blog\/2011\/06\/04\/polaznici-mekteba-iz-ulcinja-posjetili-medresu\/#webpage","url":"https:\/\/www.visit-ulcinj.com\/blog\/2011\/06\/04\/polaznici-mekteba-iz-ulcinja-posjetili-medresu\/","name":"Polaznici mekteba iz Ulcinja posjetili Medresu - Lajme nga Ulqini","isPartOf":{"@id":"https:\/\/www.visit-ulcinj.com\/blog\/#website"},"primaryImageOfPage":{"@id":"https:\/\/www.visit-ulcinj.com\/blog\/2011\/06\/04\/polaznici-mekteba-iz-ulcinja-posjetili-medresu\/#primaryimage"},"datePublished":"2011-06-04T14:45:33+00:00","dateModified":"2011-06-04T14:47:19+00:00","author":{"@id":"https:\/\/www.visit-ulcinj.com\/blog\/#\/schema\/person\/dcab619c614d3038751c63bc2aadc06d"},"description":"Podgorica - U organizaciji Odbora IZ-e Ulcinj, u subotu, 28.05.2011. god., organizirana je ekskurzija polaznika mekteba sa podru\u010dja ovog Odbora. Grupu od","breadcrumb":{"@id":"https:\/\/www.visit-ulcinj.com\/blog\/2011\/06\/04\/polaznici-mekteba-iz-ulcinja-posjetili-medresu\/#breadcrumb"},"inLanguage":"en-US","potentialAction":[{"@type":"ReadAction","target":["https:\/\/www.visit-ulcinj.com\/blog\/2011\/06\/04\/polaznici-mekteba-iz-ulcinja-posjetili-medresu\/"]}]},{"@type":"BreadcrumbList","@id":"https:\/\/www.visit-ulcinj.com\/blog\/2011\/06\/04\/polaznici-mekteba-iz-ulcinja-posjetili-medresu\/#breadcrumb","itemListElement":[{"@type":"ListItem","position":1,"name":"Polaznici mekteba iz Ulcinja posjetili Medresu"}]},{"@type":"Person","@id":"https:\/\/www.visit-ulcinj.com\/blog\/#\/schema\/person\/dcab619c614d3038751c63bc2aadc06d","name":"ulqini","sameAs":["http:\/\/www.visit-ulcinj.com"],"url":"https:\/\/www.visit-ulcinj.com\/blog\/author\/admin\/"}]}},"jetpack_featured_media_url":"","jetpack_sharing_enabled":true,"jetpack_shortlink":"https:\/\/wp.me\/pe6lTn-cie","_links":{"self":[{"href":"https:\/\/www.visit-ulcinj.com\/blog\/wp-json\/wp\/v2\/posts\/47258"}],"collection":[{"href":"https:\/\/www.visit-ulcinj.com\/blog\/wp-json\/wp\/v2\/posts"}],"about":[{"href":"https:\/\/www.visit-ulcinj.com\/blog\/wp-json\/wp\/v2\/types\/post"}],"author":[{"embeddable":true,"href":"https:\/\/www.visit-ulcinj.com\/blog\/wp-json\/wp\/v2\/users\/1"}],"replies":[{"embeddable":true,"href":"https:\/\/www.visit-ulcinj.com\/blog\/wp-json\/wp\/v2\/comments?post=47258"}],"version-history":[{"count":0,"href":"https:\/\/www.visit-ulcinj.com\/blog\/wp-json\/wp\/v2\/posts\/47258\/revisions"}],"wp:attachment":[{"href":"https:\/\/www.visit-ulcinj.com\/blog\/wp-json\/wp\/v2\/media?parent=47258"}],"wp:term":[{"taxonomy":"category","embeddable":true,"href":"https:\/\/www.visit-ulcinj.com\/blog\/wp-json\/wp\/v2\/categories?post=47258"},{"taxonomy":"post_tag","embeddable":true,"href":"https:\/\/www.visit-ulcinj.com\/blog\/wp-json\/wp\/v2\/tags?post=47258"}],"curies":[{"name":"wp","href":"https:\/\/api.w.org\/{rel}","templated":true}]}}