{"id":4726,"date":"2008-10-17T15:17:42","date_gmt":"2008-10-17T20:17:42","guid":{"rendered":"http:\/\/www.visit-ulcinj.com\/blog\/?p=4726"},"modified":"2008-10-27T13:31:56","modified_gmt":"2008-10-27T18:31:56","slug":"gradonacelnik-opstine-ulcinj-u-posjeti-libanu","status":"publish","type":"post","link":"https:\/\/www.visit-ulcinj.com\/blog\/2008\/10\/17\/gradonacelnik-opstine-ulcinj-u-posjeti-libanu\/","title":{"rendered":"Gradona?elnik op\u0161tine Ulcinj u posjeti libanu"},"content":{"rendered":"<p><a href=\"http:\/\/www.visit-ulcinj.com\/blog\/wp-content\/uploads\/2008\/10\/kebe-_gzim-hajdinaga.jpg\"><img loading=\"lazy\" class=\"alignleft size-medium wp-image-4734\" title=\"kebe-_gzim-hajdinaga\" src=\"http:\/\/www.visit-ulcinj.com\/blog\/wp-content\/uploads\/2008\/10\/kebe-_gzim-hajdinaga-300x208.jpg\" alt=\"\" width=\"300\" height=\"208\" srcset=\"https:\/\/www.visit-ulcinj.com\/blog\/wp-content\/uploads\/2008\/10\/kebe-_gzim-hajdinaga-300x208.jpg 300w, https:\/\/www.visit-ulcinj.com\/blog\/wp-content\/uploads\/2008\/10\/kebe-_gzim-hajdinaga.jpg 356w\" sizes=\"(max-width: 300px) 100vw, 300px\" \/><\/a><strong>Ulcinj magnet za Bejrut<\/strong><br \/>\nUlcinj &#8211; Gradona?elnik Ulcinja Gzim Hajdinaga sa saradnicima boravio je u trodnevnoj radnoj posjeti Bejrutu gdje je sa po?asnim konzulom Crne Gore u Libanu i uglednim biznismenom iz tog grada Mervanom Kebeom, razgovarao o uspostavljanju saradnje u oblasti turizma, izgradnji objekata, razvoju infrastrukture i projektovanju enterijera i eksterijera.<br \/>\n&#8211; U kvalitet i ozbiljnost poslovanja konzulove korporacije, delegacija iz Ulcinja uvjerila se prilikom obilaska nekoliko turisti?kih rezorta i stambeno-poslovnih zgrada u njegovom vlasni\u0161tvu. Kebe je naglasio da je Crna Gora izuzetno atraktivna za ulaganje, a posebno op\u0161tina Ulcinj &#8211; isti?e se u saop\u0161tenju iz Hajdinaginog kabineta.<br \/>\nDodaje se da je Hajdinaga, zahvaljuju?i se na srda?nom prijemu, doma?ine upoznao sa investicionom klimom u Crnoj Gori i Ulcinju, razvojnim projektima najju\u017enije op\u0161tine i mogu?nostima ulaganja u turizam i infrastrukturu.<br \/>\n&#8211; Tokom radnih sastanaka, Hajdinaga i Kebe razmijenili su nekoliko interesantnih projekata i ideja i dogovorili se da se anga\u017euju na njihovoj realizaciji. Tako?e, razgovarano je i o mogu?nostima doniranja izgradnje objekata od op\u0161teg zna?aja u op\u0161tini Ulcinj. Kozul Kebe je objasnio da u zemljama Bliskog i Srednjeg istoka postoje fondovi za tu namjenu i obe?ao da ?e iskoristiti svoj ugled i uticaj da Ulcinju pomogne i u tom pravcu &#8211; zaklju?uje se u saop\u0161tenju.<br \/>\n<strong>S.A.<br \/>\nIzvor \/ Vijesti<\/strong><\/p>\n<p align=\"left\"><span style=\"font-family: Times New Roman;\"><span style=\"font-family: Arial,Helvetica,sans-serif; font-size: large;\"><span style=\"font-size: medium;\"><strong>KRYETARI I KOMUN\u00cbS S\u00cb ULQINIT G\u00cbZIM HAJDINAGA Q\u00cbNDROI N\u00cb VIZIT\u00cb PUNE N\u00cb LIBAN<\/strong><span style=\"text-decoration: underline;\"> <\/span><\/span><\/span><\/span><\/p>\n<p align=\"left\"><span style=\"font-family: Times New Roman;\"><span style=\"font-family: Arial,Helvetica,sans-serif; font-size: large;\">Diskutohet p\u00ebr jet\u00ebsimin e disa projekt-ideve<\/span><\/span><a href=\"http:\/\/www.visit-ulcinj.com\/blog\/wp-content\/uploads\/2008\/10\/g-hajdinaga-mervan_kebe.jpg\"><img loading=\"lazy\" class=\"alignright size-medium wp-image-5137\" title=\"g-hajdinaga-mervan_kebe\" src=\"http:\/\/www.visit-ulcinj.com\/blog\/wp-content\/uploads\/2008\/10\/g-hajdinaga-mervan_kebe-215x300.jpg\" alt=\"\" width=\"215\" height=\"300\" srcset=\"https:\/\/www.visit-ulcinj.com\/blog\/wp-content\/uploads\/2008\/10\/g-hajdinaga-mervan_kebe-215x300.jpg 215w, https:\/\/www.visit-ulcinj.com\/blog\/wp-content\/uploads\/2008\/10\/g-hajdinaga-mervan_kebe.jpg 350w\" sizes=\"(max-width: 215px) 100vw, 215px\" \/><\/a><\/p>\n<p><span style=\"font-family: 'Times New Roman'; font-size: 12pt;\"> <\/span><span><span style=\"font-family: Verdana; font-size: x-small;\"> Kryetari i Komun\u00ebs s\u00eb Ulqinit, G\u00ebzim Hajdinaga dhe bashk\u00ebpun\u00ebtor\u00ebt e tij q\u00ebndruan gjat\u00eb jav\u00ebs s\u00eb kaluar p\u00ebr nj\u00eb vizit\u00eb pune n\u00eb Liban. Vizita u inicua nga Konsulli i Nderit i Malit t\u00eb Zi n\u00eb Liban, Mervan Kebe, i cili \u00ebsht\u00eb nj\u00ebkoh\u00ebsisht edhe afarist i njohur n\u00eb Bejrut.<br \/>\nZ. Kebe duke i uruar mir\u00ebseardhje kryetarit Hajdinaga foli p\u00ebr aktivitetet e kompanis\u00eb q\u00eb drejton, t\u00eb cilat jan\u00eb t\u00eb fokusuara n\u00eb fush\u00ebn e turizmit, nd\u00ebrtimtaris\u00eb, infrastruktur\u00ebs si dhe \u00e7\u00ebshtjeve t\u00eb projektimit dhe enterierit. Ai n\u00ebnvizoi se vend t\u00ebrheq\u00ebs dhe atraktiv p\u00ebr investime \u00ebsht\u00eb edhe Mali i Zi e ve\u00e7mas komuna e Ulqinit.<br \/>\nNd\u00ebrkaq kryetari i Komun\u00ebs s\u00eb Ulqinit, G\u00ebzim Hajdinaga, duke i fal\u00ebnderuar mysafir\u00ebt p\u00ebr pritjen e ngroht\u00eb dhe miq\u00ebsore i njoftoi ata m\u00eb p\u00ebr s\u00eb af\u00ebrmi me investimet q\u00eb priten n\u00eb komun\u00ebn ton\u00eb me theks t\u00eb ve\u00e7ant\u00eb n\u00eb fush\u00ebn e turizmit dhe infrastruktur\u00ebs.<br \/>\nN\u00eb deklarat\u00ebn p\u00ebr media t\u00eb Kabinetit t\u00eb kryetarit t\u00eb Komun\u00ebs s\u00eb Ulqinit thuhet se gjat\u00eb bised\u00ebs z.Hajdinaga dhe Konsulli Kebe shk\u00ebmbyen disa projekt-ide interesante dhe fol\u00ebn p\u00ebr jet\u00ebsimin e tyre.<br \/>\nNga ana tjet\u00ebr, z. Kebe preku edhe \u00e7\u00ebshtjen e mund\u00ebsis\u00eb s\u00eb donacioneve p\u00ebr disa objekte t\u00eb interesit t\u00eb p\u00ebrgjithsh\u00ebm n\u00eb Ulqin, duke n\u00ebnvizuar se n\u00eb shtetet e Lindjes s\u00eb Mesme ekzistojn\u00eb nj\u00eb s\u00ebr\u00eb fondesh t\u00eb dedikuara p\u00ebr k\u00ebto q\u00ebllime dhe se ai do t\u00eb angazhohet personalisht n\u00eb k\u00ebt\u00eb drejtim.<\/span><\/span><\/p>\n<p style=\"text-align: left;\"><span><strong><span style=\"font-family: Verdana; font-size: x-small;\">(Kohapress)<\/span><\/strong><\/span><\/p>\n","protected":false},"excerpt":{"rendered":"<p>Ulcinj magnet za Bejrut Ulcinj &#8211; Gradona?elnik Ulcinja Gzim Hajdinaga sa saradnicima boravio je u trodnevnoj radnoj posjeti Bejrutu gdje je sa po?asnim konzulom Crne Gore u Libanu i uglednim biznismenom iz tog grada Mervanom Kebeom, razgovarao o uspostavljanju saradnje u oblasti turizma, izgradnji objekata, razvoju infrastrukture i projektovanju enterijera i eksterijera. &#8211; U kvalitet [&hellip;]<\/p>\n","protected":false},"author":1,"featured_media":0,"comment_status":"open","ping_status":"closed","sticky":false,"template":"","format":"standard","meta":{"spay_email":"","jetpack_publicize_message":"","jetpack_is_tweetstorm":false,"jetpack_publicize_feature_enabled":true},"categories":[6,12],"tags":[20,2775,19],"jetpack_publicize_connections":[],"yoast_head":"<!-- This site is optimized with the Yoast SEO plugin v19.1 - https:\/\/yoast.com\/wordpress\/plugins\/seo\/ -->\n<title>Gradona?elnik op\u0161tine Ulcinj u posjeti libanu - Lajme nga Ulqini<\/title>\n<meta name=\"description\" content=\"Ulcinj magnet za Bejrut Ulcinj - Gradona?elnik Ulcinja Gzim Hajdinaga sa saradnicima boravio je u trodnevnoj radnoj posjeti Bejrutu gdje je sa po?asnim\" \/>\n<meta name=\"robots\" content=\"index, follow, max-snippet:-1, max-image-preview:large, max-video-preview:-1\" \/>\n<link rel=\"canonical\" href=\"https:\/\/www.visit-ulcinj.com\/blog\/2008\/10\/17\/gradonacelnik-opstine-ulcinj-u-posjeti-libanu\/\" \/>\n<meta property=\"og:locale\" content=\"en_US\" \/>\n<meta property=\"og:type\" content=\"article\" \/>\n<meta property=\"og:title\" content=\"Gradona?elnik op\u0161tine Ulcinj u posjeti libanu - Lajme nga Ulqini\" \/>\n<meta property=\"og:description\" content=\"Ulcinj magnet za Bejrut Ulcinj - Gradona?elnik Ulcinja Gzim Hajdinaga sa saradnicima boravio je u trodnevnoj radnoj posjeti Bejrutu gdje je sa po?asnim\" \/>\n<meta property=\"og:url\" content=\"https:\/\/www.visit-ulcinj.com\/blog\/2008\/10\/17\/gradonacelnik-opstine-ulcinj-u-posjeti-libanu\/\" \/>\n<meta property=\"og:site_name\" content=\"Lajme nga Ulqini\" \/>\n<meta property=\"article:published_time\" content=\"2008-10-17T20:17:42+00:00\" \/>\n<meta property=\"article:modified_time\" content=\"2008-10-27T18:31:56+00:00\" \/>\n<meta property=\"og:image\" content=\"http:\/\/www.visit-ulcinj.com\/blog\/wp-content\/uploads\/2008\/10\/kebe-_gzim-hajdinaga-300x208.jpg\" \/>\n<meta name=\"twitter:label1\" content=\"Written by\" \/>\n\t<meta name=\"twitter:data1\" content=\"ulqini\" \/>\n\t<meta name=\"twitter:label2\" content=\"Est. reading time\" \/>\n\t<meta name=\"twitter:data2\" content=\"3 minutes\" \/>\n<script type=\"application\/ld+json\" class=\"yoast-schema-graph\">{\"@context\":\"https:\/\/schema.org\",\"@graph\":[{\"@type\":\"WebSite\",\"@id\":\"https:\/\/www.visit-ulcinj.com\/blog\/#website\",\"url\":\"https:\/\/www.visit-ulcinj.com\/blog\/\",\"name\":\"Lajme nga Ulqini\",\"description\":\"Lajme,Vijesti,Ulqini,Ulqin,Crna Gora,Mali i Zi\",\"potentialAction\":[{\"@type\":\"SearchAction\",\"target\":{\"@type\":\"EntryPoint\",\"urlTemplate\":\"https:\/\/www.visit-ulcinj.com\/blog\/?s={search_term_string}\"},\"query-input\":\"required name=search_term_string\"}],\"inLanguage\":\"en-US\"},{\"@type\":\"ImageObject\",\"inLanguage\":\"en-US\",\"@id\":\"https:\/\/www.visit-ulcinj.com\/blog\/2008\/10\/17\/gradonacelnik-opstine-ulcinj-u-posjeti-libanu\/#primaryimage\",\"url\":\"http:\/\/www.visit-ulcinj.com\/blog\/wp-content\/uploads\/2008\/10\/kebe-_gzim-hajdinaga-300x208.jpg\",\"contentUrl\":\"http:\/\/www.visit-ulcinj.com\/blog\/wp-content\/uploads\/2008\/10\/kebe-_gzim-hajdinaga-300x208.jpg\"},{\"@type\":\"WebPage\",\"@id\":\"https:\/\/www.visit-ulcinj.com\/blog\/2008\/10\/17\/gradonacelnik-opstine-ulcinj-u-posjeti-libanu\/#webpage\",\"url\":\"https:\/\/www.visit-ulcinj.com\/blog\/2008\/10\/17\/gradonacelnik-opstine-ulcinj-u-posjeti-libanu\/\",\"name\":\"Gradona?elnik op\u0161tine Ulcinj u posjeti libanu - Lajme nga Ulqini\",\"isPartOf\":{\"@id\":\"https:\/\/www.visit-ulcinj.com\/blog\/#website\"},\"primaryImageOfPage\":{\"@id\":\"https:\/\/www.visit-ulcinj.com\/blog\/2008\/10\/17\/gradonacelnik-opstine-ulcinj-u-posjeti-libanu\/#primaryimage\"},\"datePublished\":\"2008-10-17T20:17:42+00:00\",\"dateModified\":\"2008-10-27T18:31:56+00:00\",\"author\":{\"@id\":\"https:\/\/www.visit-ulcinj.com\/blog\/#\/schema\/person\/dcab619c614d3038751c63bc2aadc06d\"},\"description\":\"Ulcinj magnet za Bejrut Ulcinj - Gradona?elnik Ulcinja Gzim Hajdinaga sa saradnicima boravio je u trodnevnoj radnoj posjeti Bejrutu gdje je sa po?asnim\",\"breadcrumb\":{\"@id\":\"https:\/\/www.visit-ulcinj.com\/blog\/2008\/10\/17\/gradonacelnik-opstine-ulcinj-u-posjeti-libanu\/#breadcrumb\"},\"inLanguage\":\"en-US\",\"potentialAction\":[{\"@type\":\"ReadAction\",\"target\":[\"https:\/\/www.visit-ulcinj.com\/blog\/2008\/10\/17\/gradonacelnik-opstine-ulcinj-u-posjeti-libanu\/\"]}]},{\"@type\":\"BreadcrumbList\",\"@id\":\"https:\/\/www.visit-ulcinj.com\/blog\/2008\/10\/17\/gradonacelnik-opstine-ulcinj-u-posjeti-libanu\/#breadcrumb\",\"itemListElement\":[{\"@type\":\"ListItem\",\"position\":1,\"name\":\"Gradona?elnik op\u0161tine Ulcinj u posjeti libanu\"}]},{\"@type\":\"Person\",\"@id\":\"https:\/\/www.visit-ulcinj.com\/blog\/#\/schema\/person\/dcab619c614d3038751c63bc2aadc06d\",\"name\":\"ulqini\",\"sameAs\":[\"http:\/\/www.visit-ulcinj.com\"],\"url\":\"https:\/\/www.visit-ulcinj.com\/blog\/author\/admin\/\"}]}<\/script>\n<!-- \/ Yoast SEO plugin. -->","yoast_head_json":{"title":"Gradona?elnik op\u0161tine Ulcinj u posjeti libanu - Lajme nga Ulqini","description":"Ulcinj magnet za Bejrut Ulcinj - Gradona?elnik Ulcinja Gzim Hajdinaga sa saradnicima boravio je u trodnevnoj radnoj posjeti Bejrutu gdje je sa po?asnim","robots":{"index":"index","follow":"follow","max-snippet":"max-snippet:-1","max-image-preview":"max-image-preview:large","max-video-preview":"max-video-preview:-1"},"canonical":"https:\/\/www.visit-ulcinj.com\/blog\/2008\/10\/17\/gradonacelnik-opstine-ulcinj-u-posjeti-libanu\/","og_locale":"en_US","og_type":"article","og_title":"Gradona?elnik op\u0161tine Ulcinj u posjeti libanu - Lajme nga Ulqini","og_description":"Ulcinj magnet za Bejrut Ulcinj - Gradona?elnik Ulcinja Gzim Hajdinaga sa saradnicima boravio je u trodnevnoj radnoj posjeti Bejrutu gdje je sa po?asnim","og_url":"https:\/\/www.visit-ulcinj.com\/blog\/2008\/10\/17\/gradonacelnik-opstine-ulcinj-u-posjeti-libanu\/","og_site_name":"Lajme nga Ulqini","article_published_time":"2008-10-17T20:17:42+00:00","article_modified_time":"2008-10-27T18:31:56+00:00","og_image":[{"url":"http:\/\/www.visit-ulcinj.com\/blog\/wp-content\/uploads\/2008\/10\/kebe-_gzim-hajdinaga-300x208.jpg"}],"twitter_misc":{"Written by":"ulqini","Est. reading time":"3 minutes"},"schema":{"@context":"https:\/\/schema.org","@graph":[{"@type":"WebSite","@id":"https:\/\/www.visit-ulcinj.com\/blog\/#website","url":"https:\/\/www.visit-ulcinj.com\/blog\/","name":"Lajme nga Ulqini","description":"Lajme,Vijesti,Ulqini,Ulqin,Crna Gora,Mali i Zi","potentialAction":[{"@type":"SearchAction","target":{"@type":"EntryPoint","urlTemplate":"https:\/\/www.visit-ulcinj.com\/blog\/?s={search_term_string}"},"query-input":"required name=search_term_string"}],"inLanguage":"en-US"},{"@type":"ImageObject","inLanguage":"en-US","@id":"https:\/\/www.visit-ulcinj.com\/blog\/2008\/10\/17\/gradonacelnik-opstine-ulcinj-u-posjeti-libanu\/#primaryimage","url":"http:\/\/www.visit-ulcinj.com\/blog\/wp-content\/uploads\/2008\/10\/kebe-_gzim-hajdinaga-300x208.jpg","contentUrl":"http:\/\/www.visit-ulcinj.com\/blog\/wp-content\/uploads\/2008\/10\/kebe-_gzim-hajdinaga-300x208.jpg"},{"@type":"WebPage","@id":"https:\/\/www.visit-ulcinj.com\/blog\/2008\/10\/17\/gradonacelnik-opstine-ulcinj-u-posjeti-libanu\/#webpage","url":"https:\/\/www.visit-ulcinj.com\/blog\/2008\/10\/17\/gradonacelnik-opstine-ulcinj-u-posjeti-libanu\/","name":"Gradona?elnik op\u0161tine Ulcinj u posjeti libanu - Lajme nga Ulqini","isPartOf":{"@id":"https:\/\/www.visit-ulcinj.com\/blog\/#website"},"primaryImageOfPage":{"@id":"https:\/\/www.visit-ulcinj.com\/blog\/2008\/10\/17\/gradonacelnik-opstine-ulcinj-u-posjeti-libanu\/#primaryimage"},"datePublished":"2008-10-17T20:17:42+00:00","dateModified":"2008-10-27T18:31:56+00:00","author":{"@id":"https:\/\/www.visit-ulcinj.com\/blog\/#\/schema\/person\/dcab619c614d3038751c63bc2aadc06d"},"description":"Ulcinj magnet za Bejrut Ulcinj - Gradona?elnik Ulcinja Gzim Hajdinaga sa saradnicima boravio je u trodnevnoj radnoj posjeti Bejrutu gdje je sa po?asnim","breadcrumb":{"@id":"https:\/\/www.visit-ulcinj.com\/blog\/2008\/10\/17\/gradonacelnik-opstine-ulcinj-u-posjeti-libanu\/#breadcrumb"},"inLanguage":"en-US","potentialAction":[{"@type":"ReadAction","target":["https:\/\/www.visit-ulcinj.com\/blog\/2008\/10\/17\/gradonacelnik-opstine-ulcinj-u-posjeti-libanu\/"]}]},{"@type":"BreadcrumbList","@id":"https:\/\/www.visit-ulcinj.com\/blog\/2008\/10\/17\/gradonacelnik-opstine-ulcinj-u-posjeti-libanu\/#breadcrumb","itemListElement":[{"@type":"ListItem","position":1,"name":"Gradona?elnik op\u0161tine Ulcinj u posjeti libanu"}]},{"@type":"Person","@id":"https:\/\/www.visit-ulcinj.com\/blog\/#\/schema\/person\/dcab619c614d3038751c63bc2aadc06d","name":"ulqini","sameAs":["http:\/\/www.visit-ulcinj.com"],"url":"https:\/\/www.visit-ulcinj.com\/blog\/author\/admin\/"}]}},"jetpack_featured_media_url":"","jetpack_sharing_enabled":true,"jetpack_shortlink":"https:\/\/wp.me\/pe6lTn-1ee","_links":{"self":[{"href":"https:\/\/www.visit-ulcinj.com\/blog\/wp-json\/wp\/v2\/posts\/4726"}],"collection":[{"href":"https:\/\/www.visit-ulcinj.com\/blog\/wp-json\/wp\/v2\/posts"}],"about":[{"href":"https:\/\/www.visit-ulcinj.com\/blog\/wp-json\/wp\/v2\/types\/post"}],"author":[{"embeddable":true,"href":"https:\/\/www.visit-ulcinj.com\/blog\/wp-json\/wp\/v2\/users\/1"}],"replies":[{"embeddable":true,"href":"https:\/\/www.visit-ulcinj.com\/blog\/wp-json\/wp\/v2\/comments?post=4726"}],"version-history":[{"count":0,"href":"https:\/\/www.visit-ulcinj.com\/blog\/wp-json\/wp\/v2\/posts\/4726\/revisions"}],"wp:attachment":[{"href":"https:\/\/www.visit-ulcinj.com\/blog\/wp-json\/wp\/v2\/media?parent=4726"}],"wp:term":[{"taxonomy":"category","embeddable":true,"href":"https:\/\/www.visit-ulcinj.com\/blog\/wp-json\/wp\/v2\/categories?post=4726"},{"taxonomy":"post_tag","embeddable":true,"href":"https:\/\/www.visit-ulcinj.com\/blog\/wp-json\/wp\/v2\/tags?post=4726"}],"curies":[{"name":"wp","href":"https:\/\/api.w.org\/{rel}","templated":true}]}}