{"id":47276,"date":"2011-06-04T18:11:44","date_gmt":"2011-06-04T17:11:44","guid":{"rendered":"http:\/\/www.visit-ulcinj.com\/blog\/?p=47276"},"modified":"2011-06-04T18:14:33","modified_gmt":"2011-06-04T17:14:33","slug":"tuna-sejdiu-biseksuale-ndahet-nga-rilind-reka","status":"publish","type":"post","link":"https:\/\/www.visit-ulcinj.com\/blog\/2011\/06\/04\/tuna-sejdiu-biseksuale-ndahet-nga-rilind-reka\/","title":{"rendered":"Tuna Sejdiu biseksuale, ndahet nga Rilind Reka"},"content":{"rendered":"<p><a href=\"http:\/\/www.visit-ulcinj.com\/blog\/wp-content\/uploads\/2011\/06\/Tuna-Sejdiu-biseksuale.jpg\"><img loading=\"lazy\" class=\"alignleft size-full wp-image-47283\" title=\"Tuna Sejdiu biseksuale\" src=\"http:\/\/www.visit-ulcinj.com\/blog\/wp-content\/uploads\/2011\/06\/Tuna-Sejdiu-biseksuale.jpg\" alt=\"\" width=\"350\" height=\"265\" \/><\/a>K\u00ebng\u00ebtarja shqiptare nga Maqedonia, Altuna Sejdiu, e cila ndryshe njihet si \u201cTuna\u201d, para nj\u00eb viti ishte martuar me Rilind Rek\u00ebn, djalin e ish-ambasadorit t\u00eb Maqedonis\u00eb n\u00eb Bashkimin Evropian dhe profesorit q\u00eb ligj\u00ebron n\u00eb Universitetin e Evrop\u00ebs Juglindore n\u00eb Tetov\u00eb, Blerim Reka, p\u00ebrfundimisht \u00ebsht\u00eb ndar\u00eb nga ai.<\/p>\n<p>Kishin b\u00ebr\u00eb shum\u00eb plane, kishin v\u00ebn\u00eb unazat, ishin martuar, ishin zhvendosur p\u00ebr t\u00eb jetuar n\u00eb Prishtin\u00eb, madje kishin bler\u00eb edhe nj\u00eb apartament, kishin b\u00ebr\u00eb shum\u00eb plane, por ja q\u00eb gjith\u00e7ka u ka rezultuar aspak e suksesshme.<\/p>\n<p>Sipas informacioneve t\u00eb Lajmeshqip.com, jav\u00ebn q\u00eb lam\u00eb pas, lidhjes s\u00eb tyre i ka ardhur fundi. Ata t\u00eb dy jan\u00eb ndar\u00eb, sepse nuk e kan\u00eb duruar dot m\u00eb nj\u00ebri-tjetrin, dhe sipas disa thashethemeve nga njer\u00ebz t\u00eb af\u00ebrt t\u00eb \u00e7iftit, p\u00ebr shkak t\u00eb \u201cbaticave\u201d dhe \u201czbaticave\u201d dhe p\u00ebr shkak se edhe pas martes\u00ebs, Altuna Sejdiu \u201cTuna\u201d s\u00ebrish e kishte t\u00eb v\u00ebshtir\u00eb t\u2019iu rezistoj\u00eb shikimeve dhe provokimeve t\u00eb vazhdueshme me persona t\u00eb t\u00eb nj\u00ebjtit seks.<\/p>\n<p>K\u00ebt\u00eb e v\u00ebrteton m\u00eb s\u00eb miri edhe fotoja q\u00eb flet se biseksualiteti i Tun\u00ebs e ka detyruar \u00e7iftin t\u00eb marr\u00eb nj\u00eb hap drejt ndarjes, duke ngjallur k\u00ebshtu mjaft dyshime p\u00ebr prirjet e saj (Altuna Sejdiu \u201cTuna\u201d) biseksuale.<\/p>\n<p>Edhe pse asnj\u00ebri prej tyre nuk e ka konfirmuar lajmin, burime t\u00eb sigurta t\u00eb portalit Lajmeshqip.com b\u00ebjn\u00eb t\u00eb ditur se \u00e7ifti \u00ebsht\u00eb ndar\u00eb p\u00ebrfundimisht dhe se k\u00ebng\u00ebtarja shqiptare nga Maqedonia, Altuna Sejdiu \u201cTuna\u201d, po jeton n\u00eb Shkup nd\u00ebrsa Rilind Reka n\u00eb Prishtin\u00eb.<\/p>\n<p>Duke b\u00ebr\u00eb pjes\u00eb n\u00eb mesin e k\u00ebng\u00ebtar\u00ebve m\u00eb t\u00eb p\u00ebrfolur t\u00eb estrad\u00ebs, ajo gjithmon\u00eb ka qen\u00eb pjes\u00eb e shtypit roz\u00eb p\u00ebr thashetheme t\u00eb ndryshme. Ndarjen me Rilindin deri tani e ka mbajtur t\u00eb fshehur, duke mos u prononcuar zyrtarisht asnj\u00ebher\u00eb, e medieve u ka dh\u00ebn\u00eb hap\u00ebsir\u00eb p\u00ebr manipulim.<\/p>\n<p>Para se t\u00eb martohej flitej p\u00ebr nj\u00eb shtatz\u00ebni t\u00eb mundshme t\u00eb Tun\u00ebs, por ajo n\u00eb at\u00eb koh\u00eb hodhi posht\u00eb thashethemet, duke mohuar nj\u00eb gj\u00eb t\u00eb till\u00eb kategorikisht dhe ua mbylli goj\u00ebn t\u00eb gjith\u00ebve me martes\u00eb. K\u00ebtu lind\u00ebn dhe dyshimet e para p\u00ebr nj\u00eb hap aq t\u00eb shpejtuar p\u00ebr martes\u00eb. \u00c7ifti nuk ishte fejuar fare, por vet\u00ebm kan\u00eb pasur nj\u00eb lidhje dashurie e cila u kuror\u00ebzua me martes\u00eb dhe q\u00eb zgjati thuaj se nj\u00eb vit dhe p\u00ebrfundoj me ndarje.<\/p>\n<p>P\u00ebr shkak t\u00eb dyshimeve n\u00eb lidhje me thashethemet e lart\u00eb-p\u00ebrmendura \u00a0pritet q\u00eb Tuna dhe Rilindi t\u00eb dalin zyrtarisht dhe t\u00eb pranojn\u00eb ndarjen.<\/p>\n<p><strong>Lajmeshqip<br \/>\n<\/strong><br \/>\n<!--YouTube Error: bad URL entered--><\/p>\n","protected":false},"excerpt":{"rendered":"<p>K\u00ebng\u00ebtarja shqiptare nga Maqedonia, Altuna Sejdiu, e cila ndryshe njihet si \u201cTuna\u201d, para nj\u00eb viti ishte martuar me Rilind Rek\u00ebn, djalin e ish-ambasadorit t\u00eb Maqedonis\u00eb n\u00eb Bashkimin Evropian dhe profesorit q\u00eb ligj\u00ebron n\u00eb Universitetin e Evrop\u00ebs Juglindore n\u00eb Tetov\u00eb, Blerim Reka, p\u00ebrfundimisht \u00ebsht\u00eb ndar\u00eb nga ai. Kishin b\u00ebr\u00eb shum\u00eb plane, kishin v\u00ebn\u00eb unazat, ishin martuar, [&hellip;]<\/p>\n","protected":false},"author":1,"featured_media":0,"comment_status":"open","ping_status":"closed","sticky":false,"template":"","format":"standard","meta":{"spay_email":"","jetpack_publicize_message":"","jetpack_is_tweetstorm":false,"jetpack_publicize_feature_enabled":true},"categories":[1],"tags":[18353,13409,4970],"jetpack_publicize_connections":[],"yoast_head":"<!-- This site is optimized with the Yoast SEO plugin v19.1 - https:\/\/yoast.com\/wordpress\/plugins\/seo\/ -->\n<title>Tuna Sejdiu biseksuale, ndahet nga Rilind Reka - Lajme nga Ulqini<\/title>\n<meta name=\"description\" content=\"K\u00ebng\u00ebtarja shqiptare nga Maqedonia, Altuna Sejdiu, e cila ndryshe njihet si \u201cTuna\u201d, para nj\u00eb viti ishte martuar me Rilind Rek\u00ebn, djalin e ish-ambasadorit\" \/>\n<meta name=\"robots\" content=\"index, follow, max-snippet:-1, max-image-preview:large, max-video-preview:-1\" \/>\n<link rel=\"canonical\" href=\"https:\/\/www.visit-ulcinj.com\/blog\/2011\/06\/04\/tuna-sejdiu-biseksuale-ndahet-nga-rilind-reka\/\" \/>\n<meta property=\"og:locale\" content=\"en_US\" \/>\n<meta property=\"og:type\" content=\"article\" \/>\n<meta property=\"og:title\" content=\"Tuna Sejdiu biseksuale, ndahet nga Rilind Reka - Lajme nga Ulqini\" \/>\n<meta property=\"og:description\" content=\"K\u00ebng\u00ebtarja shqiptare nga Maqedonia, Altuna Sejdiu, e cila ndryshe njihet si \u201cTuna\u201d, para nj\u00eb viti ishte martuar me Rilind Rek\u00ebn, djalin e ish-ambasadorit\" \/>\n<meta property=\"og:url\" content=\"https:\/\/www.visit-ulcinj.com\/blog\/2011\/06\/04\/tuna-sejdiu-biseksuale-ndahet-nga-rilind-reka\/\" \/>\n<meta property=\"og:site_name\" content=\"Lajme nga Ulqini\" \/>\n<meta property=\"article:published_time\" content=\"2011-06-04T17:11:44+00:00\" \/>\n<meta property=\"article:modified_time\" content=\"2011-06-04T17:14:33+00:00\" \/>\n<meta property=\"og:image\" content=\"https:\/\/www.visit-ulcinj.com\/blog\/wp-content\/uploads\/2011\/06\/Tuna-Sejdiu-biseksuale.2-150x150.jpg\" \/>\n<meta name=\"twitter:label1\" content=\"Written by\" \/>\n\t<meta name=\"twitter:data1\" content=\"ulqini\" \/>\n\t<meta name=\"twitter:label2\" content=\"Est. reading time\" \/>\n\t<meta name=\"twitter:data2\" content=\"2 minutes\" \/>\n<script type=\"application\/ld+json\" class=\"yoast-schema-graph\">{\"@context\":\"https:\/\/schema.org\",\"@graph\":[{\"@type\":\"WebSite\",\"@id\":\"https:\/\/www.visit-ulcinj.com\/blog\/#website\",\"url\":\"https:\/\/www.visit-ulcinj.com\/blog\/\",\"name\":\"Lajme nga Ulqini\",\"description\":\"Lajme,Vijesti,Ulqini,Ulqin,Crna Gora,Mali i Zi\",\"potentialAction\":[{\"@type\":\"SearchAction\",\"target\":{\"@type\":\"EntryPoint\",\"urlTemplate\":\"https:\/\/www.visit-ulcinj.com\/blog\/?s={search_term_string}\"},\"query-input\":\"required name=search_term_string\"}],\"inLanguage\":\"en-US\"},{\"@type\":\"ImageObject\",\"inLanguage\":\"en-US\",\"@id\":\"https:\/\/www.visit-ulcinj.com\/blog\/2011\/06\/04\/tuna-sejdiu-biseksuale-ndahet-nga-rilind-reka\/#primaryimage\",\"url\":\"http:\/\/www.visit-ulcinj.com\/blog\/wp-content\/uploads\/2011\/06\/Tuna-Sejdiu-biseksuale.jpg\",\"contentUrl\":\"http:\/\/www.visit-ulcinj.com\/blog\/wp-content\/uploads\/2011\/06\/Tuna-Sejdiu-biseksuale.jpg\"},{\"@type\":\"WebPage\",\"@id\":\"https:\/\/www.visit-ulcinj.com\/blog\/2011\/06\/04\/tuna-sejdiu-biseksuale-ndahet-nga-rilind-reka\/#webpage\",\"url\":\"https:\/\/www.visit-ulcinj.com\/blog\/2011\/06\/04\/tuna-sejdiu-biseksuale-ndahet-nga-rilind-reka\/\",\"name\":\"Tuna Sejdiu biseksuale, ndahet nga Rilind Reka - Lajme nga Ulqini\",\"isPartOf\":{\"@id\":\"https:\/\/www.visit-ulcinj.com\/blog\/#website\"},\"primaryImageOfPage\":{\"@id\":\"https:\/\/www.visit-ulcinj.com\/blog\/2011\/06\/04\/tuna-sejdiu-biseksuale-ndahet-nga-rilind-reka\/#primaryimage\"},\"datePublished\":\"2011-06-04T17:11:44+00:00\",\"dateModified\":\"2011-06-04T17:14:33+00:00\",\"author\":{\"@id\":\"https:\/\/www.visit-ulcinj.com\/blog\/#\/schema\/person\/dcab619c614d3038751c63bc2aadc06d\"},\"description\":\"K\u00ebng\u00ebtarja shqiptare nga Maqedonia, Altuna Sejdiu, e cila ndryshe njihet si \u201cTuna\u201d, para nj\u00eb viti ishte martuar me Rilind Rek\u00ebn, djalin e ish-ambasadorit\",\"breadcrumb\":{\"@id\":\"https:\/\/www.visit-ulcinj.com\/blog\/2011\/06\/04\/tuna-sejdiu-biseksuale-ndahet-nga-rilind-reka\/#breadcrumb\"},\"inLanguage\":\"en-US\",\"potentialAction\":[{\"@type\":\"ReadAction\",\"target\":[\"https:\/\/www.visit-ulcinj.com\/blog\/2011\/06\/04\/tuna-sejdiu-biseksuale-ndahet-nga-rilind-reka\/\"]}]},{\"@type\":\"BreadcrumbList\",\"@id\":\"https:\/\/www.visit-ulcinj.com\/blog\/2011\/06\/04\/tuna-sejdiu-biseksuale-ndahet-nga-rilind-reka\/#breadcrumb\",\"itemListElement\":[{\"@type\":\"ListItem\",\"position\":1,\"name\":\"Tuna Sejdiu biseksuale, ndahet nga Rilind Reka\"}]},{\"@type\":\"Person\",\"@id\":\"https:\/\/www.visit-ulcinj.com\/blog\/#\/schema\/person\/dcab619c614d3038751c63bc2aadc06d\",\"name\":\"ulqini\",\"sameAs\":[\"http:\/\/www.visit-ulcinj.com\"],\"url\":\"https:\/\/www.visit-ulcinj.com\/blog\/author\/admin\/\"}]}<\/script>\n<!-- \/ Yoast SEO plugin. -->","yoast_head_json":{"title":"Tuna Sejdiu biseksuale, ndahet nga Rilind Reka - Lajme nga Ulqini","description":"K\u00ebng\u00ebtarja shqiptare nga Maqedonia, Altuna Sejdiu, e cila ndryshe njihet si \u201cTuna\u201d, para nj\u00eb viti ishte martuar me Rilind Rek\u00ebn, djalin e ish-ambasadorit","robots":{"index":"index","follow":"follow","max-snippet":"max-snippet:-1","max-image-preview":"max-image-preview:large","max-video-preview":"max-video-preview:-1"},"canonical":"https:\/\/www.visit-ulcinj.com\/blog\/2011\/06\/04\/tuna-sejdiu-biseksuale-ndahet-nga-rilind-reka\/","og_locale":"en_US","og_type":"article","og_title":"Tuna Sejdiu biseksuale, ndahet nga Rilind Reka - Lajme nga Ulqini","og_description":"K\u00ebng\u00ebtarja shqiptare nga Maqedonia, Altuna Sejdiu, e cila ndryshe njihet si \u201cTuna\u201d, para nj\u00eb viti ishte martuar me Rilind Rek\u00ebn, djalin e ish-ambasadorit","og_url":"https:\/\/www.visit-ulcinj.com\/blog\/2011\/06\/04\/tuna-sejdiu-biseksuale-ndahet-nga-rilind-reka\/","og_site_name":"Lajme nga Ulqini","article_published_time":"2011-06-04T17:11:44+00:00","article_modified_time":"2011-06-04T17:14:33+00:00","og_image":[{"url":"https:\/\/www.visit-ulcinj.com\/blog\/wp-content\/uploads\/2011\/06\/Tuna-Sejdiu-biseksuale.2-150x150.jpg"}],"twitter_misc":{"Written by":"ulqini","Est. reading time":"2 minutes"},"schema":{"@context":"https:\/\/schema.org","@graph":[{"@type":"WebSite","@id":"https:\/\/www.visit-ulcinj.com\/blog\/#website","url":"https:\/\/www.visit-ulcinj.com\/blog\/","name":"Lajme nga Ulqini","description":"Lajme,Vijesti,Ulqini,Ulqin,Crna Gora,Mali i Zi","potentialAction":[{"@type":"SearchAction","target":{"@type":"EntryPoint","urlTemplate":"https:\/\/www.visit-ulcinj.com\/blog\/?s={search_term_string}"},"query-input":"required name=search_term_string"}],"inLanguage":"en-US"},{"@type":"ImageObject","inLanguage":"en-US","@id":"https:\/\/www.visit-ulcinj.com\/blog\/2011\/06\/04\/tuna-sejdiu-biseksuale-ndahet-nga-rilind-reka\/#primaryimage","url":"http:\/\/www.visit-ulcinj.com\/blog\/wp-content\/uploads\/2011\/06\/Tuna-Sejdiu-biseksuale.jpg","contentUrl":"http:\/\/www.visit-ulcinj.com\/blog\/wp-content\/uploads\/2011\/06\/Tuna-Sejdiu-biseksuale.jpg"},{"@type":"WebPage","@id":"https:\/\/www.visit-ulcinj.com\/blog\/2011\/06\/04\/tuna-sejdiu-biseksuale-ndahet-nga-rilind-reka\/#webpage","url":"https:\/\/www.visit-ulcinj.com\/blog\/2011\/06\/04\/tuna-sejdiu-biseksuale-ndahet-nga-rilind-reka\/","name":"Tuna Sejdiu biseksuale, ndahet nga Rilind Reka - Lajme nga Ulqini","isPartOf":{"@id":"https:\/\/www.visit-ulcinj.com\/blog\/#website"},"primaryImageOfPage":{"@id":"https:\/\/www.visit-ulcinj.com\/blog\/2011\/06\/04\/tuna-sejdiu-biseksuale-ndahet-nga-rilind-reka\/#primaryimage"},"datePublished":"2011-06-04T17:11:44+00:00","dateModified":"2011-06-04T17:14:33+00:00","author":{"@id":"https:\/\/www.visit-ulcinj.com\/blog\/#\/schema\/person\/dcab619c614d3038751c63bc2aadc06d"},"description":"K\u00ebng\u00ebtarja shqiptare nga Maqedonia, Altuna Sejdiu, e cila ndryshe njihet si \u201cTuna\u201d, para nj\u00eb viti ishte martuar me Rilind Rek\u00ebn, djalin e ish-ambasadorit","breadcrumb":{"@id":"https:\/\/www.visit-ulcinj.com\/blog\/2011\/06\/04\/tuna-sejdiu-biseksuale-ndahet-nga-rilind-reka\/#breadcrumb"},"inLanguage":"en-US","potentialAction":[{"@type":"ReadAction","target":["https:\/\/www.visit-ulcinj.com\/blog\/2011\/06\/04\/tuna-sejdiu-biseksuale-ndahet-nga-rilind-reka\/"]}]},{"@type":"BreadcrumbList","@id":"https:\/\/www.visit-ulcinj.com\/blog\/2011\/06\/04\/tuna-sejdiu-biseksuale-ndahet-nga-rilind-reka\/#breadcrumb","itemListElement":[{"@type":"ListItem","position":1,"name":"Tuna Sejdiu biseksuale, ndahet nga Rilind Reka"}]},{"@type":"Person","@id":"https:\/\/www.visit-ulcinj.com\/blog\/#\/schema\/person\/dcab619c614d3038751c63bc2aadc06d","name":"ulqini","sameAs":["http:\/\/www.visit-ulcinj.com"],"url":"https:\/\/www.visit-ulcinj.com\/blog\/author\/admin\/"}]}},"jetpack_featured_media_url":"","jetpack_sharing_enabled":true,"jetpack_shortlink":"https:\/\/wp.me\/pe6lTn-ciw","_links":{"self":[{"href":"https:\/\/www.visit-ulcinj.com\/blog\/wp-json\/wp\/v2\/posts\/47276"}],"collection":[{"href":"https:\/\/www.visit-ulcinj.com\/blog\/wp-json\/wp\/v2\/posts"}],"about":[{"href":"https:\/\/www.visit-ulcinj.com\/blog\/wp-json\/wp\/v2\/types\/post"}],"author":[{"embeddable":true,"href":"https:\/\/www.visit-ulcinj.com\/blog\/wp-json\/wp\/v2\/users\/1"}],"replies":[{"embeddable":true,"href":"https:\/\/www.visit-ulcinj.com\/blog\/wp-json\/wp\/v2\/comments?post=47276"}],"version-history":[{"count":0,"href":"https:\/\/www.visit-ulcinj.com\/blog\/wp-json\/wp\/v2\/posts\/47276\/revisions"}],"wp:attachment":[{"href":"https:\/\/www.visit-ulcinj.com\/blog\/wp-json\/wp\/v2\/media?parent=47276"}],"wp:term":[{"taxonomy":"category","embeddable":true,"href":"https:\/\/www.visit-ulcinj.com\/blog\/wp-json\/wp\/v2\/categories?post=47276"},{"taxonomy":"post_tag","embeddable":true,"href":"https:\/\/www.visit-ulcinj.com\/blog\/wp-json\/wp\/v2\/tags?post=47276"}],"curies":[{"name":"wp","href":"https:\/\/api.w.org\/{rel}","templated":true}]}}