{"id":47290,"date":"2011-06-04T19:01:48","date_gmt":"2011-06-04T18:01:48","guid":{"rendered":"http:\/\/www.visit-ulcinj.com\/blog\/?p=47290"},"modified":"2011-06-04T19:02:32","modified_gmt":"2011-06-04T18:02:32","slug":"interviste-agim-ceku-tv-vijesti-nuk-ka-ide-per-shqiperine-e-madhe-video","status":"publish","type":"post","link":"https:\/\/www.visit-ulcinj.com\/blog\/2011\/06\/04\/interviste-agim-ceku-tv-vijesti-nuk-ka-ide-per-shqiperine-e-madhe-video\/","title":{"rendered":"Intervist\u00eb Agim \u00c7eku &#8211; TV Vijesti: Nuk ka ide p\u00ebr Shqip\u00ebrin\u00eb e Madhe &#8211; Video"},"content":{"rendered":"<p><a href=\"http:\/\/www.visit-ulcinj.com\/blog\/wp-content\/uploads\/2011\/06\/Agim-Ceku.jpg\"><img loading=\"lazy\" class=\"alignleft size-full wp-image-47291\" title=\"Agim Ceku\" src=\"http:\/\/www.visit-ulcinj.com\/blog\/wp-content\/uploads\/2011\/06\/Agim-Ceku.jpg\" alt=\"\" width=\"508\" height=\"380\" \/><\/a>Podgoric\u00eb, 3 qershor\u00a0 &#8211;\u00a0 Agim \u00c7eku, n\u00eb intervist\u00ebn TV &#8220;Vijesti&#8221; t\u00eb Podgoric\u00ebs, t\u00eb cil\u00ebn e transmeton QIK-u, ka kritikuar efektin e EULEX-it, duke i b\u00ebr\u00eb thirrje q\u00eb t\u00eb angazhohet m\u00eb shum\u00eb n\u00eb veri t\u00eb Kosov\u00ebs, si\u00e7 tha, &#8220;n\u00eb tok\u00ebn e askujt, ku lul\u00ebzon krimi i organizuar&#8221;.<br \/>\nSipas \u00c7ekut, misioni BE-s\u00eb &#8220;nuk ka dh\u00ebn\u00eb rezultate t\u00eb pritura&#8221;, sepse p\u00ebr tri vjet &#8220;askush nuk \u00ebsht\u00eb arrestuar&#8221; p\u00ebr krim t\u00eb organizuar dhe korrupsion. Gjithashtu \u00c7eku ka th\u00ebn\u00eb se Serbia po b\u00ebhet &#8220;penges\u00eb e bashk\u00ebpunimit rajonal, nd\u00ebrtimit t\u00eb marr\u00ebdh\u00ebnieve t\u00eb mira fqinj\u00ebsore dhe se po i ngadal\u00ebson p\u00ebrpjekjet p\u00ebr krijimin e paqes dhe siguris\u00eb n\u00eb rajon&#8221;. M\u00eb tutje, ministri \u00c7eku theksoi se nuk ishte n\u00eb rregull q\u00eb ministri i Mbrojtjes i Serbis\u00eb, Dragan Shutanovac, jav\u00ebn e kaluar, nuk mori pjes\u00eb n\u00eb takimin e ministrave t\u00eb mbrojtjes s\u00eb vendeve an\u00ebtare t\u00eb &#8220;Kart\u00ebs s\u00eb Adriatikut&#8221;.<br \/>\n&#8220;Serbia gjithnj\u00eb veten e vendos n\u00eb an\u00ebn e problemit&#8221;, tha Agim \u00c7eku, n\u00eb intervist\u00ebn p\u00ebr nj\u00eb kanal televiziv n\u00eb Podgoric\u00eb. Ai vler\u00ebsoi se &#8220;ka kaluar koha e konflikteve n\u00eb rajon&#8221; dhe se &#8220;nuk ka ide p\u00ebr Shqip\u00ebrin\u00eb e Madhe, nuk ka ndarje t\u00eb Kosov\u00ebs, nuk ka kthim t\u00eb gjendjen para vitit 1999 dhe nuk ka bashkim me cilindo shtet tjet\u00ebr&#8221;.<\/p>\n<p><strong>KOHA NET<br \/>\n[flv]http:\/\/a15.video2.blip.tv\/10300008663150\/Rtvvijesti-nacisto020611137.flv[\/flv]<\/strong><\/p>\n","protected":false},"excerpt":{"rendered":"<p>Podgoric\u00eb, 3 qershor\u00a0 &#8211;\u00a0 Agim \u00c7eku, n\u00eb intervist\u00ebn TV &#8220;Vijesti&#8221; t\u00eb Podgoric\u00ebs, t\u00eb cil\u00ebn e transmeton QIK-u, ka kritikuar efektin e EULEX-it, duke i b\u00ebr\u00eb thirrje q\u00eb t\u00eb angazhohet m\u00eb shum\u00eb n\u00eb veri t\u00eb Kosov\u00ebs, si\u00e7 tha, &#8220;n\u00eb tok\u00ebn e askujt, ku lul\u00ebzon krimi i organizuar&#8221;. Sipas \u00c7ekut, misioni BE-s\u00eb &#8220;nuk ka dh\u00ebn\u00eb rezultate t\u00eb [&hellip;]<\/p>\n","protected":false},"author":1,"featured_media":0,"comment_status":"open","ping_status":"closed","sticky":false,"template":"","format":"standard","meta":{"spay_email":"","jetpack_publicize_message":"","jetpack_is_tweetstorm":false,"jetpack_publicize_feature_enabled":true},"categories":[14],"tags":[931,18354,2518,18355,1388],"jetpack_publicize_connections":[],"yoast_head":"<!-- This site is optimized with the Yoast SEO plugin v19.1 - https:\/\/yoast.com\/wordpress\/plugins\/seo\/ -->\n<title>Intervist\u00eb Agim \u00c7eku - TV Vijesti: Nuk ka ide p\u00ebr Shqip\u00ebrin\u00eb e Madhe - Video - Lajme nga Ulqini<\/title>\n<meta name=\"description\" content=\"Podgoric\u00eb, 3 qershor\u00a0 -\u00a0 Agim \u00c7eku, n\u00eb intervist\u00ebn TV &quot;Vijesti&quot; t\u00eb Podgoric\u00ebs, t\u00eb cil\u00ebn e transmeton QIK-u, ka kritikuar efektin e EULEX-it, duke i b\u00ebr\u00eb\" \/>\n<meta name=\"robots\" content=\"index, follow, max-snippet:-1, max-image-preview:large, max-video-preview:-1\" \/>\n<link rel=\"canonical\" href=\"https:\/\/www.visit-ulcinj.com\/blog\/2011\/06\/04\/interviste-agim-ceku-tv-vijesti-nuk-ka-ide-per-shqiperine-e-madhe-video\/\" \/>\n<meta property=\"og:locale\" content=\"en_US\" \/>\n<meta property=\"og:type\" content=\"article\" \/>\n<meta property=\"og:title\" content=\"Intervist\u00eb Agim \u00c7eku - TV Vijesti: Nuk ka ide p\u00ebr Shqip\u00ebrin\u00eb e Madhe - Video - Lajme nga Ulqini\" \/>\n<meta property=\"og:description\" content=\"Podgoric\u00eb, 3 qershor\u00a0 -\u00a0 Agim \u00c7eku, n\u00eb intervist\u00ebn TV &quot;Vijesti&quot; t\u00eb Podgoric\u00ebs, t\u00eb cil\u00ebn e transmeton QIK-u, ka kritikuar efektin e EULEX-it, duke i b\u00ebr\u00eb\" \/>\n<meta property=\"og:url\" content=\"https:\/\/www.visit-ulcinj.com\/blog\/2011\/06\/04\/interviste-agim-ceku-tv-vijesti-nuk-ka-ide-per-shqiperine-e-madhe-video\/\" \/>\n<meta property=\"og:site_name\" content=\"Lajme nga Ulqini\" \/>\n<meta property=\"article:published_time\" content=\"2011-06-04T18:01:48+00:00\" \/>\n<meta property=\"article:modified_time\" content=\"2011-06-04T18:02:32+00:00\" \/>\n<meta property=\"og:image\" content=\"http:\/\/www.visit-ulcinj.com\/blog\/wp-content\/uploads\/2011\/06\/Agim-Ceku.jpg\" \/>\n<meta name=\"twitter:label1\" content=\"Written by\" \/>\n\t<meta name=\"twitter:data1\" content=\"ulqini\" \/>\n\t<meta name=\"twitter:label2\" content=\"Est. reading time\" \/>\n\t<meta name=\"twitter:data2\" content=\"1 minute\" \/>\n<script type=\"application\/ld+json\" class=\"yoast-schema-graph\">{\"@context\":\"https:\/\/schema.org\",\"@graph\":[{\"@type\":\"WebSite\",\"@id\":\"https:\/\/www.visit-ulcinj.com\/blog\/#website\",\"url\":\"https:\/\/www.visit-ulcinj.com\/blog\/\",\"name\":\"Lajme nga Ulqini\",\"description\":\"Lajme,Vijesti,Ulqini,Ulqin,Crna Gora,Mali i Zi\",\"potentialAction\":[{\"@type\":\"SearchAction\",\"target\":{\"@type\":\"EntryPoint\",\"urlTemplate\":\"https:\/\/www.visit-ulcinj.com\/blog\/?s={search_term_string}\"},\"query-input\":\"required name=search_term_string\"}],\"inLanguage\":\"en-US\"},{\"@type\":\"ImageObject\",\"inLanguage\":\"en-US\",\"@id\":\"https:\/\/www.visit-ulcinj.com\/blog\/2011\/06\/04\/interviste-agim-ceku-tv-vijesti-nuk-ka-ide-per-shqiperine-e-madhe-video\/#primaryimage\",\"url\":\"https:\/\/www.visit-ulcinj.com\/blog\/wp-content\/uploads\/2011\/06\/Agim-Ceku.jpg\",\"contentUrl\":\"https:\/\/www.visit-ulcinj.com\/blog\/wp-content\/uploads\/2011\/06\/Agim-Ceku.jpg\",\"width\":\"800\",\"height\":\"533\"},{\"@type\":\"WebPage\",\"@id\":\"https:\/\/www.visit-ulcinj.com\/blog\/2011\/06\/04\/interviste-agim-ceku-tv-vijesti-nuk-ka-ide-per-shqiperine-e-madhe-video\/#webpage\",\"url\":\"https:\/\/www.visit-ulcinj.com\/blog\/2011\/06\/04\/interviste-agim-ceku-tv-vijesti-nuk-ka-ide-per-shqiperine-e-madhe-video\/\",\"name\":\"Intervist\u00eb Agim \u00c7eku - TV Vijesti: Nuk ka ide p\u00ebr Shqip\u00ebrin\u00eb e Madhe - Video - Lajme nga Ulqini\",\"isPartOf\":{\"@id\":\"https:\/\/www.visit-ulcinj.com\/blog\/#website\"},\"primaryImageOfPage\":{\"@id\":\"https:\/\/www.visit-ulcinj.com\/blog\/2011\/06\/04\/interviste-agim-ceku-tv-vijesti-nuk-ka-ide-per-shqiperine-e-madhe-video\/#primaryimage\"},\"datePublished\":\"2011-06-04T18:01:48+00:00\",\"dateModified\":\"2011-06-04T18:02:32+00:00\",\"author\":{\"@id\":\"https:\/\/www.visit-ulcinj.com\/blog\/#\/schema\/person\/dcab619c614d3038751c63bc2aadc06d\"},\"description\":\"Podgoric\u00eb, 3 qershor\u00a0 -\u00a0 Agim \u00c7eku, n\u00eb intervist\u00ebn TV \\\"Vijesti\\\" t\u00eb Podgoric\u00ebs, t\u00eb cil\u00ebn e transmeton QIK-u, ka kritikuar efektin e EULEX-it, duke i b\u00ebr\u00eb\",\"breadcrumb\":{\"@id\":\"https:\/\/www.visit-ulcinj.com\/blog\/2011\/06\/04\/interviste-agim-ceku-tv-vijesti-nuk-ka-ide-per-shqiperine-e-madhe-video\/#breadcrumb\"},\"inLanguage\":\"en-US\",\"potentialAction\":[{\"@type\":\"ReadAction\",\"target\":[\"https:\/\/www.visit-ulcinj.com\/blog\/2011\/06\/04\/interviste-agim-ceku-tv-vijesti-nuk-ka-ide-per-shqiperine-e-madhe-video\/\"]}]},{\"@type\":\"BreadcrumbList\",\"@id\":\"https:\/\/www.visit-ulcinj.com\/blog\/2011\/06\/04\/interviste-agim-ceku-tv-vijesti-nuk-ka-ide-per-shqiperine-e-madhe-video\/#breadcrumb\",\"itemListElement\":[{\"@type\":\"ListItem\",\"position\":1,\"name\":\"Intervist\u00eb Agim \u00c7eku &#8211; TV Vijesti: Nuk ka ide p\u00ebr Shqip\u00ebrin\u00eb e Madhe &#8211; Video\"}]},{\"@type\":\"Person\",\"@id\":\"https:\/\/www.visit-ulcinj.com\/blog\/#\/schema\/person\/dcab619c614d3038751c63bc2aadc06d\",\"name\":\"ulqini\",\"sameAs\":[\"http:\/\/www.visit-ulcinj.com\"],\"url\":\"https:\/\/www.visit-ulcinj.com\/blog\/author\/admin\/\"}]}<\/script>\n<!-- \/ Yoast SEO plugin. -->","yoast_head_json":{"title":"Intervist\u00eb Agim \u00c7eku - TV Vijesti: Nuk ka ide p\u00ebr Shqip\u00ebrin\u00eb e Madhe - Video - Lajme nga Ulqini","description":"Podgoric\u00eb, 3 qershor\u00a0 -\u00a0 Agim \u00c7eku, n\u00eb intervist\u00ebn TV \"Vijesti\" t\u00eb Podgoric\u00ebs, t\u00eb cil\u00ebn e transmeton QIK-u, ka kritikuar efektin e EULEX-it, duke i b\u00ebr\u00eb","robots":{"index":"index","follow":"follow","max-snippet":"max-snippet:-1","max-image-preview":"max-image-preview:large","max-video-preview":"max-video-preview:-1"},"canonical":"https:\/\/www.visit-ulcinj.com\/blog\/2011\/06\/04\/interviste-agim-ceku-tv-vijesti-nuk-ka-ide-per-shqiperine-e-madhe-video\/","og_locale":"en_US","og_type":"article","og_title":"Intervist\u00eb Agim \u00c7eku - TV Vijesti: Nuk ka ide p\u00ebr Shqip\u00ebrin\u00eb e Madhe - Video - Lajme nga Ulqini","og_description":"Podgoric\u00eb, 3 qershor\u00a0 -\u00a0 Agim \u00c7eku, n\u00eb intervist\u00ebn TV \"Vijesti\" t\u00eb Podgoric\u00ebs, t\u00eb cil\u00ebn e transmeton QIK-u, ka kritikuar efektin e EULEX-it, duke i b\u00ebr\u00eb","og_url":"https:\/\/www.visit-ulcinj.com\/blog\/2011\/06\/04\/interviste-agim-ceku-tv-vijesti-nuk-ka-ide-per-shqiperine-e-madhe-video\/","og_site_name":"Lajme nga Ulqini","article_published_time":"2011-06-04T18:01:48+00:00","article_modified_time":"2011-06-04T18:02:32+00:00","og_image":[{"url":"http:\/\/www.visit-ulcinj.com\/blog\/wp-content\/uploads\/2011\/06\/Agim-Ceku.jpg"}],"twitter_misc":{"Written by":"ulqini","Est. reading time":"1 minute"},"schema":{"@context":"https:\/\/schema.org","@graph":[{"@type":"WebSite","@id":"https:\/\/www.visit-ulcinj.com\/blog\/#website","url":"https:\/\/www.visit-ulcinj.com\/blog\/","name":"Lajme nga Ulqini","description":"Lajme,Vijesti,Ulqini,Ulqin,Crna Gora,Mali i Zi","potentialAction":[{"@type":"SearchAction","target":{"@type":"EntryPoint","urlTemplate":"https:\/\/www.visit-ulcinj.com\/blog\/?s={search_term_string}"},"query-input":"required name=search_term_string"}],"inLanguage":"en-US"},{"@type":"ImageObject","inLanguage":"en-US","@id":"https:\/\/www.visit-ulcinj.com\/blog\/2011\/06\/04\/interviste-agim-ceku-tv-vijesti-nuk-ka-ide-per-shqiperine-e-madhe-video\/#primaryimage","url":"https:\/\/www.visit-ulcinj.com\/blog\/wp-content\/uploads\/2011\/06\/Agim-Ceku.jpg","contentUrl":"https:\/\/www.visit-ulcinj.com\/blog\/wp-content\/uploads\/2011\/06\/Agim-Ceku.jpg","width":"800","height":"533"},{"@type":"WebPage","@id":"https:\/\/www.visit-ulcinj.com\/blog\/2011\/06\/04\/interviste-agim-ceku-tv-vijesti-nuk-ka-ide-per-shqiperine-e-madhe-video\/#webpage","url":"https:\/\/www.visit-ulcinj.com\/blog\/2011\/06\/04\/interviste-agim-ceku-tv-vijesti-nuk-ka-ide-per-shqiperine-e-madhe-video\/","name":"Intervist\u00eb Agim \u00c7eku - TV Vijesti: Nuk ka ide p\u00ebr Shqip\u00ebrin\u00eb e Madhe - Video - Lajme nga Ulqini","isPartOf":{"@id":"https:\/\/www.visit-ulcinj.com\/blog\/#website"},"primaryImageOfPage":{"@id":"https:\/\/www.visit-ulcinj.com\/blog\/2011\/06\/04\/interviste-agim-ceku-tv-vijesti-nuk-ka-ide-per-shqiperine-e-madhe-video\/#primaryimage"},"datePublished":"2011-06-04T18:01:48+00:00","dateModified":"2011-06-04T18:02:32+00:00","author":{"@id":"https:\/\/www.visit-ulcinj.com\/blog\/#\/schema\/person\/dcab619c614d3038751c63bc2aadc06d"},"description":"Podgoric\u00eb, 3 qershor\u00a0 -\u00a0 Agim \u00c7eku, n\u00eb intervist\u00ebn TV \"Vijesti\" t\u00eb Podgoric\u00ebs, t\u00eb cil\u00ebn e transmeton QIK-u, ka kritikuar efektin e EULEX-it, duke i b\u00ebr\u00eb","breadcrumb":{"@id":"https:\/\/www.visit-ulcinj.com\/blog\/2011\/06\/04\/interviste-agim-ceku-tv-vijesti-nuk-ka-ide-per-shqiperine-e-madhe-video\/#breadcrumb"},"inLanguage":"en-US","potentialAction":[{"@type":"ReadAction","target":["https:\/\/www.visit-ulcinj.com\/blog\/2011\/06\/04\/interviste-agim-ceku-tv-vijesti-nuk-ka-ide-per-shqiperine-e-madhe-video\/"]}]},{"@type":"BreadcrumbList","@id":"https:\/\/www.visit-ulcinj.com\/blog\/2011\/06\/04\/interviste-agim-ceku-tv-vijesti-nuk-ka-ide-per-shqiperine-e-madhe-video\/#breadcrumb","itemListElement":[{"@type":"ListItem","position":1,"name":"Intervist\u00eb Agim \u00c7eku &#8211; TV Vijesti: Nuk ka ide p\u00ebr Shqip\u00ebrin\u00eb e Madhe &#8211; Video"}]},{"@type":"Person","@id":"https:\/\/www.visit-ulcinj.com\/blog\/#\/schema\/person\/dcab619c614d3038751c63bc2aadc06d","name":"ulqini","sameAs":["http:\/\/www.visit-ulcinj.com"],"url":"https:\/\/www.visit-ulcinj.com\/blog\/author\/admin\/"}]}},"jetpack_featured_media_url":"","jetpack_sharing_enabled":true,"jetpack_shortlink":"https:\/\/wp.me\/pe6lTn-ciK","_links":{"self":[{"href":"https:\/\/www.visit-ulcinj.com\/blog\/wp-json\/wp\/v2\/posts\/47290"}],"collection":[{"href":"https:\/\/www.visit-ulcinj.com\/blog\/wp-json\/wp\/v2\/posts"}],"about":[{"href":"https:\/\/www.visit-ulcinj.com\/blog\/wp-json\/wp\/v2\/types\/post"}],"author":[{"embeddable":true,"href":"https:\/\/www.visit-ulcinj.com\/blog\/wp-json\/wp\/v2\/users\/1"}],"replies":[{"embeddable":true,"href":"https:\/\/www.visit-ulcinj.com\/blog\/wp-json\/wp\/v2\/comments?post=47290"}],"version-history":[{"count":0,"href":"https:\/\/www.visit-ulcinj.com\/blog\/wp-json\/wp\/v2\/posts\/47290\/revisions"}],"wp:attachment":[{"href":"https:\/\/www.visit-ulcinj.com\/blog\/wp-json\/wp\/v2\/media?parent=47290"}],"wp:term":[{"taxonomy":"category","embeddable":true,"href":"https:\/\/www.visit-ulcinj.com\/blog\/wp-json\/wp\/v2\/categories?post=47290"},{"taxonomy":"post_tag","embeddable":true,"href":"https:\/\/www.visit-ulcinj.com\/blog\/wp-json\/wp\/v2\/tags?post=47290"}],"curies":[{"name":"wp","href":"https:\/\/api.w.org\/{rel}","templated":true}]}}