{"id":47303,"date":"2011-06-05T08:14:01","date_gmt":"2011-06-05T07:14:01","guid":{"rendered":"http:\/\/www.visit-ulcinj.com\/blog\/?p=47303"},"modified":"2011-06-06T17:23:09","modified_gmt":"2011-06-06T16:23:09","slug":"te-krijohet-albumi-dhe-video-ana-mali-nga-ajri","status":"publish","type":"post","link":"https:\/\/www.visit-ulcinj.com\/blog\/2011\/06\/05\/te-krijohet-albumi-dhe-video-ana-mali-nga-ajri\/","title":{"rendered":"T\u00eb krijohet Albumi dhe video &#8211; Ana Malit nga ajri"},"content":{"rendered":"<p><a href=\"http:\/\/www.visit-ulcinj.com\/blog\/wp-content\/uploads\/2011\/06\/Ana-Malit-nga-ajri_-Albumi-dhe-video.15.jpg\"><img loading=\"lazy\" class=\"alignleft size-full wp-image-47318\" title=\"Ana Malit nga ajri_ Albumi dhe video.15\" src=\"http:\/\/www.visit-ulcinj.com\/blog\/wp-content\/uploads\/2011\/06\/Ana-Malit-nga-ajri_-Albumi-dhe-video.15.jpg\" alt=\"\" width=\"508\" height=\"380\" \/><\/a>Ana Malit ka shum\u00eb p\u00ebr tu ofruar turist\u00ebve p\u00ebrsa i p\u00ebrket bukuris\u00eb s\u00eb saj natyrore t\u00eb shum\u00ebllojshme, kultur\u00ebs, trash\u00ebgimis\u00eb dhe vendeve arkeologjike. Gjithashtu ajo ka dhe klim\u00eb t\u00eb mrekullueshme Mesdhetare. Ana Malit\u00a0 ofron potencial t\u00eb pafund p\u00ebr investitor\u00ebt t\u00eb cil\u00ebt duan t\u00eb p\u00ebrfitojn\u00eb nga oportunitete t\u00eb paeksploruara n\u00eb turiz\u00ebm dhe t\u00eb ndihmojn\u00eb n\u00eb zhvillimin e k\u00ebsaj industrie dhe ta b\u00ebjn\u00eb at\u00eb sektor ky\u00e7 n\u00eb ekonomin\u00eb e vendit.<\/p>\n<p style=\"text-align: left;\">Sugjerimi i projektit \u201cAna Malit nga ajri\u201d,t\u00eb jet  v\u00ebllimi dhe botimi luksoz q\u00eb do t\u2019i kushtohet vet\u00ebm monumenteve t\u00eb kultur\u00ebs, parqet arkeologjike dhe qendrat historike t\u00eb An\u00ebs Malit kaq t\u00eb r\u00ebnd\u00ebsishme p\u00ebr zhvillimin e turizmit n\u00eb k\u00ebto troje e sidomos p\u00ebr komun\u00ebn e Ulqinit.<br \/>\nAlbumi duhet t\u00eb p\u00ebrmbaj\u00eb shum\u00eb fotografi nga Ana Malit,kurse video vjen sikurse nj\u00eb plus per zhvillimin e turizmit ne An\u00eb t\u00eb Malit.<\/p>\n<p style=\"text-align: left;\">N\u00eb k\u00ebt\u00eb album dhe video,Ana Malit siguron nj\u00eb publikim cil\u00ebsor, por edhe nj\u00eb database fotosh, q\u00eb pasqyrojn\u00eb gjendjen reale t\u00eb monumenteve dhe p\u00ebrve\u00e7 vizitor\u00ebve, ato u sh\u00ebrbejn\u00eb edhe institucioneve t\u00eb trash\u00ebgimis\u00eb dhe turizmit, p\u00ebr promovimin e m\u00ebtejsh\u00ebm t\u00eb tyre, por edhe monitorimin e gjendjes s\u00eb tyre.K\u00ebt\u00eb mbledhje se albumi do evidentoj\u00eb t\u00eb gjith\u00eb potencialin arkeologjik, monumentet e kultur\u00ebs, kishat, manastiret, xhamit\u00eb, sht\u00ebpit\u00eb e vjetra,lumejt\u00eb,liqejt\u00eb,bjeshk\u00ebt,resorantet,hotelet,etj, duke n\u00ebnvizuar se ai \u00ebsht\u00eb i domosdosh\u00ebm p\u00ebr rritjen e numrit t\u00eb turist\u00ebve n\u00eb An\u00eb te Malit dhe n\u00eb Ulqin.<br \/>\nAlbumi dhe video \u201cAna Malit\u201d duhet t\u00eb shoq\u00ebrohet edhe me tekst informativ dygjuh\u00ebsh, q\u00eb do t\u00eb realizohet nga  grupi i pun\u00ebs, n\u00eb shqip dhe anglisht. Gjat\u00eb fotografimit t\u00eb monumenteve, dhe xhirimit,stafi i turizmit t\u00eb Anes Malit dhe i aeronautik\u00ebs do t\u00eb shkoj\u00eb n\u00eb \u00e7do rreth duke q\u00ebndruar me dit\u00eb n\u00eb to,duke xhiruar dhe fotografuar \u00e7do objekt q\u00eb ka r\u00ebndesi p\u00ebr zhvillim turistik t\u00eb rejonit.Po k\u00ebshtu i t\u00ebr\u00eb aksioni i realizimit t\u00eb fotografive dhe p\u00ebr video projektin p\u00ebr albumin \u201cAna Malit nga ajri\u201d duhet t\u00eb jet\u00eb pjes\u00eb e nj\u00eb dokumentari televiziv,ku mediat  vendore duhet t\u00eb luajn rolin kryesor p\u00ebr transmetimin e ofert\u00ebs turistike t\u00eb An\u00ebs s\u00eb Malit ne tregun botror dhe atij rejonal.<\/p>\n<p style=\"text-align: left;\">Duhet ta dini se \u00e7do dite permes pikes se kalimit kufitar Sukubin &#8211; Muriqant nga fillimi i muajit maj mesatarisht ne dite hyjne rreth 150 turist te huaj qe do thote se numri i tyre eshte ne rritje pavaresisht situates se krijuar ne Ane te Malit.Prandaj rajoni i An\u00ebs Malit ne kete sezon turistik duhet t\u00eb synon ofrimin e nje pakete me te pasur turistike.<br \/>\nMonumentet kulturore dhe historike vazhdojne te jene atrakcionet me te medha turistike ne kete rajon, edhe pse mungon nje reklamim i theksuar i resurseve tona turistike ne forme te organizuar dhe nga dikasteret perkatese, serish keto zona jane te vizitueshme dhe te preferuara nga turistet e huaj..<\/p>\n<p style=\"text-align: left;\">Shpresoj se bashkarisht, do ja arijm\u00eb qellimeve,prandaj nj\u00ebherit, dhe presim kontributin e juaj,q\u00eb t\u00eb na shkruani sugjerimet e juaja,t\u00eb na d\u00ebrgoni fotografi dhe video nga Ana Malit me karakter turistik\u00eb.<br \/>\nGjith\u00eb an\u00ebtar\u00ebve t\u00eb vjet\u00ebr dhe t\u00eb rinj u d\u00ebshiroj mir\u00ebseardhje t\u00eb s\u00ebrishme t\u00eb sinqert\u00eb n\u00eb Lajme nga Ulqini  dhe ky\u00e7je t\u00eb menj\u00ebher\u00ebshme t\u00eb talentit t\u00eb juve n\u00eb l\u00ebmi q\u00eb u ka dhuruar zoti i madh\u00ebrish\u00ebm.Mos i leni sugjerimet e juaja n\u00eb fiok\u00eb.Suksese pra dhe bujrum n\u00eb Sofr\u00ebn ton\u00eb t\u00eb madhe shum\u00eb t\u00eb adhuruar.<\/p>\n<p><strong>H.B<br \/>\nLajme nga Ulqini<\/strong><br \/>\n\n\t\t<style type=\"text\/css\">\n\t\t\t#gallery-1 {\n\t\t\t\tmargin: auto;\n\t\t\t}\n\t\t\t#gallery-1 .gallery-item {\n\t\t\t\tfloat: left;\n\t\t\t\tmargin-top: 10px;\n\t\t\t\ttext-align: center;\n\t\t\t\twidth: 33%;\n\t\t\t}\n\t\t\t#gallery-1 img {\n\t\t\t\tborder: 2px solid #cfcfcf;\n\t\t\t}\n\t\t\t#gallery-1 .gallery-caption {\n\t\t\t\tmargin-left: 0;\n\t\t\t}\n\t\t\t\/* see gallery_shortcode() in wp-includes\/media.php *\/\n\t\t<\/style>\n\t\t<div id='gallery-1' class='gallery galleryid-47303 gallery-columns-3 gallery-size-thumbnail'><dl class='gallery-item'>\n\t\t\t<dt class='gallery-icon landscape'>\n\t\t\t\t<a href='https:\/\/www.visit-ulcinj.com\/blog\/wp-content\/uploads\/2011\/06\/Ana-Malit-nga-ajri_-Albumi-dhe-video.1.jpg'><img width=\"150\" height=\"150\" src=\"https:\/\/www.visit-ulcinj.com\/blog\/wp-content\/uploads\/2011\/06\/Ana-Malit-nga-ajri_-Albumi-dhe-video.1-150x150.jpg\" class=\"attachment-thumbnail size-thumbnail\" alt=\"\" loading=\"lazy\" \/><\/a>\n\t\t\t<\/dt><\/dl><dl class='gallery-item'>\n\t\t\t<dt class='gallery-icon landscape'>\n\t\t\t\t<a href='https:\/\/www.visit-ulcinj.com\/blog\/wp-content\/uploads\/2011\/06\/Ana-Malit-nga-ajri_-Albumi-dhe-video.2.jpg'><img width=\"150\" height=\"150\" src=\"https:\/\/www.visit-ulcinj.com\/blog\/wp-content\/uploads\/2011\/06\/Ana-Malit-nga-ajri_-Albumi-dhe-video.2-150x150.jpg\" class=\"attachment-thumbnail size-thumbnail\" alt=\"\" loading=\"lazy\" \/><\/a>\n\t\t\t<\/dt><\/dl><dl class='gallery-item'>\n\t\t\t<dt class='gallery-icon landscape'>\n\t\t\t\t<a href='https:\/\/www.visit-ulcinj.com\/blog\/wp-content\/uploads\/2011\/06\/Ana-Malit-nga-ajri_-Albumi-dhe-video.3.jpg'><img width=\"150\" height=\"150\" src=\"https:\/\/www.visit-ulcinj.com\/blog\/wp-content\/uploads\/2011\/06\/Ana-Malit-nga-ajri_-Albumi-dhe-video.3-150x150.jpg\" class=\"attachment-thumbnail size-thumbnail\" alt=\"\" loading=\"lazy\" \/><\/a>\n\t\t\t<\/dt><\/dl><br style=\"clear: both\" \/><dl class='gallery-item'>\n\t\t\t<dt class='gallery-icon landscape'>\n\t\t\t\t<a href='https:\/\/www.visit-ulcinj.com\/blog\/wp-content\/uploads\/2011\/06\/Ana-Malit-nga-ajri_-Albumi-dhe-video.4.jpg'><img width=\"150\" height=\"150\" src=\"https:\/\/www.visit-ulcinj.com\/blog\/wp-content\/uploads\/2011\/06\/Ana-Malit-nga-ajri_-Albumi-dhe-video.4-150x150.jpg\" class=\"attachment-thumbnail size-thumbnail\" alt=\"\" loading=\"lazy\" \/><\/a>\n\t\t\t<\/dt><\/dl><dl class='gallery-item'>\n\t\t\t<dt class='gallery-icon landscape'>\n\t\t\t\t<a href='https:\/\/www.visit-ulcinj.com\/blog\/wp-content\/uploads\/2011\/06\/Ana-Malit-nga-ajri_-Albumi-dhe-video.5.jpg'><img width=\"150\" height=\"150\" src=\"https:\/\/www.visit-ulcinj.com\/blog\/wp-content\/uploads\/2011\/06\/Ana-Malit-nga-ajri_-Albumi-dhe-video.5-150x150.jpg\" class=\"attachment-thumbnail size-thumbnail\" alt=\"\" loading=\"lazy\" \/><\/a>\n\t\t\t<\/dt><\/dl><dl class='gallery-item'>\n\t\t\t<dt class='gallery-icon landscape'>\n\t\t\t\t<a href='https:\/\/www.visit-ulcinj.com\/blog\/wp-content\/uploads\/2011\/06\/Ana-Malit-nga-ajri_-Albumi-dhe-video.6.jpg'><img width=\"150\" height=\"150\" src=\"https:\/\/www.visit-ulcinj.com\/blog\/wp-content\/uploads\/2011\/06\/Ana-Malit-nga-ajri_-Albumi-dhe-video.6-150x150.jpg\" class=\"attachment-thumbnail size-thumbnail\" alt=\"\" loading=\"lazy\" \/><\/a>\n\t\t\t<\/dt><\/dl><br style=\"clear: both\" \/><dl class='gallery-item'>\n\t\t\t<dt class='gallery-icon landscape'>\n\t\t\t\t<a href='https:\/\/www.visit-ulcinj.com\/blog\/wp-content\/uploads\/2011\/06\/Ana-Malit-nga-ajri_-Albumi-dhe-video.7.jpg'><img width=\"150\" height=\"150\" src=\"https:\/\/www.visit-ulcinj.com\/blog\/wp-content\/uploads\/2011\/06\/Ana-Malit-nga-ajri_-Albumi-dhe-video.7-150x150.jpg\" class=\"attachment-thumbnail size-thumbnail\" alt=\"\" loading=\"lazy\" \/><\/a>\n\t\t\t<\/dt><\/dl><dl class='gallery-item'>\n\t\t\t<dt class='gallery-icon portrait'>\n\t\t\t\t<a href='https:\/\/www.visit-ulcinj.com\/blog\/wp-content\/uploads\/2011\/06\/Ana-Malit-nga-ajri_-Albumi-dhe-video.8.jpg'><img width=\"150\" height=\"150\" src=\"https:\/\/www.visit-ulcinj.com\/blog\/wp-content\/uploads\/2011\/06\/Ana-Malit-nga-ajri_-Albumi-dhe-video.8-150x150.jpg\" class=\"attachment-thumbnail size-thumbnail\" alt=\"\" loading=\"lazy\" \/><\/a>\n\t\t\t<\/dt><\/dl><dl class='gallery-item'>\n\t\t\t<dt class='gallery-icon landscape'>\n\t\t\t\t<a href='https:\/\/www.visit-ulcinj.com\/blog\/wp-content\/uploads\/2011\/06\/Ana-Malit-nga-ajri_-Albumi-dhe-video.9.jpg'><img width=\"150\" height=\"150\" src=\"https:\/\/www.visit-ulcinj.com\/blog\/wp-content\/uploads\/2011\/06\/Ana-Malit-nga-ajri_-Albumi-dhe-video.9-150x150.jpg\" class=\"attachment-thumbnail size-thumbnail\" alt=\"\" loading=\"lazy\" \/><\/a>\n\t\t\t<\/dt><\/dl><br style=\"clear: both\" \/><dl class='gallery-item'>\n\t\t\t<dt class='gallery-icon landscape'>\n\t\t\t\t<a href='https:\/\/www.visit-ulcinj.com\/blog\/wp-content\/uploads\/2011\/06\/Ana-Malit-nga-ajri_-Albumi-dhe-video.10.jpg'><img width=\"150\" height=\"150\" src=\"https:\/\/www.visit-ulcinj.com\/blog\/wp-content\/uploads\/2011\/06\/Ana-Malit-nga-ajri_-Albumi-dhe-video.10-150x150.jpg\" class=\"attachment-thumbnail size-thumbnail\" alt=\"\" loading=\"lazy\" \/><\/a>\n\t\t\t<\/dt><\/dl><dl class='gallery-item'>\n\t\t\t<dt class='gallery-icon landscape'>\n\t\t\t\t<a href='https:\/\/www.visit-ulcinj.com\/blog\/wp-content\/uploads\/2011\/06\/Ana-Malit-nga-ajri_-Albumi-dhe-video.11.jpg'><img width=\"150\" height=\"150\" src=\"https:\/\/www.visit-ulcinj.com\/blog\/wp-content\/uploads\/2011\/06\/Ana-Malit-nga-ajri_-Albumi-dhe-video.11-150x150.jpg\" class=\"attachment-thumbnail size-thumbnail\" alt=\"\" loading=\"lazy\" \/><\/a>\n\t\t\t<\/dt><\/dl><dl class='gallery-item'>\n\t\t\t<dt class='gallery-icon landscape'>\n\t\t\t\t<a href='https:\/\/www.visit-ulcinj.com\/blog\/wp-content\/uploads\/2011\/06\/Ana-Malit-nga-ajri_-Albumi-dhe-video.12.jpg'><img width=\"150\" height=\"150\" src=\"https:\/\/www.visit-ulcinj.com\/blog\/wp-content\/uploads\/2011\/06\/Ana-Malit-nga-ajri_-Albumi-dhe-video.12-150x150.jpg\" class=\"attachment-thumbnail size-thumbnail\" alt=\"\" loading=\"lazy\" \/><\/a>\n\t\t\t<\/dt><\/dl><br style=\"clear: both\" \/><dl class='gallery-item'>\n\t\t\t<dt class='gallery-icon landscape'>\n\t\t\t\t<a href='https:\/\/www.visit-ulcinj.com\/blog\/wp-content\/uploads\/2011\/06\/Ana-Malit-nga-ajri_-Albumi-dhe-video.13.jpg'><img width=\"150\" height=\"150\" src=\"https:\/\/www.visit-ulcinj.com\/blog\/wp-content\/uploads\/2011\/06\/Ana-Malit-nga-ajri_-Albumi-dhe-video.13-150x150.jpg\" class=\"attachment-thumbnail size-thumbnail\" alt=\"\" loading=\"lazy\" \/><\/a>\n\t\t\t<\/dt><\/dl><dl class='gallery-item'>\n\t\t\t<dt class='gallery-icon landscape'>\n\t\t\t\t<a href='https:\/\/www.visit-ulcinj.com\/blog\/wp-content\/uploads\/2011\/06\/Ana-Malit-nga-ajri_-Albumi-dhe-video.15.jpg'><img width=\"150\" height=\"150\" src=\"https:\/\/www.visit-ulcinj.com\/blog\/wp-content\/uploads\/2011\/06\/Ana-Malit-nga-ajri_-Albumi-dhe-video.15-150x150.jpg\" class=\"attachment-thumbnail size-thumbnail\" alt=\"\" loading=\"lazy\" \/><\/a>\n\t\t\t<\/dt><\/dl><dl class='gallery-item'>\n\t\t\t<dt class='gallery-icon landscape'>\n\t\t\t\t<a href='https:\/\/www.visit-ulcinj.com\/blog\/wp-content\/uploads\/2011\/06\/Ana-Malit-nga-ajri_-Albumi-dhe-video.jpg'><img width=\"150\" height=\"150\" src=\"https:\/\/www.visit-ulcinj.com\/blog\/wp-content\/uploads\/2011\/06\/Ana-Malit-nga-ajri_-Albumi-dhe-video-150x150.jpg\" class=\"attachment-thumbnail size-thumbnail\" alt=\"\" loading=\"lazy\" \/><\/a>\n\t\t\t<\/dt><\/dl><br style=\"clear: both\" \/>\n\t\t<\/div>\n<br \/>\n<!--YouTube Error: bad URL entered--><\/p>\n","protected":false},"excerpt":{"rendered":"<p>Ana Malit ka shum\u00eb p\u00ebr tu ofruar turist\u00ebve p\u00ebrsa i p\u00ebrket bukuris\u00eb s\u00eb saj natyrore t\u00eb shum\u00ebllojshme, kultur\u00ebs, trash\u00ebgimis\u00eb dhe vendeve arkeologjike. Gjithashtu ajo ka dhe klim\u00eb t\u00eb mrekullueshme Mesdhetare. Ana Malit\u00a0 ofron potencial t\u00eb pafund p\u00ebr investitor\u00ebt t\u00eb cil\u00ebt duan t\u00eb p\u00ebrfitojn\u00eb nga oportunitete t\u00eb paeksploruara n\u00eb turiz\u00ebm dhe t\u00eb ndihmojn\u00eb n\u00eb zhvillimin e [&hellip;]<\/p>\n","protected":false},"author":1,"featured_media":0,"comment_status":"open","ping_status":"closed","sticky":false,"template":"","format":"standard","meta":{"spay_email":"","jetpack_publicize_message":"","jetpack_is_tweetstorm":false,"jetpack_publicize_feature_enabled":true},"categories":[1,14249],"tags":[212,17828,17834,17811,17831,18362,14353,17808,14354,12340,17840,17839,18363,17835,17814,17810,17816,17071,17807,3516,14652,17837,17827,14358,3927,222,17802,17812,17803,18266,17820,17825,17817,17805,3713,17823,17832,3506,17818,214,17680,14362,14363,3507,17800,498,3500,2668,18290,14364,17799,3327,17841,17826,15213,18236,3512,17806,11648,18289,17838,95,17813,17804,15141,17836,14366,18292,79,17073,18294,1653,1909,14367,17801,18360,18361,18322,14663,17822,14368,14369,17824,14370,18291,2083,3231,14371,41,3617,14372,17844,17821,13413,17830,17077,18295,14375,17833,17829,18293,200,18,17819,17809,14376],"jetpack_publicize_connections":[],"yoast_head":"<!-- This site is optimized with the Yoast SEO plugin v19.1 - https:\/\/yoast.com\/wordpress\/plugins\/seo\/ -->\n<title>T\u00eb krijohet Albumi dhe video - Ana Malit nga ajri - Lajme nga Ulqini<\/title>\n<meta name=\"description\" content=\"Ana Malit ka shum\u00eb p\u00ebr tu ofruar turist\u00ebve p\u00ebrsa i p\u00ebrket bukuris\u00eb s\u00eb saj natyrore t\u00eb shum\u00ebllojshme, kultur\u00ebs, trash\u00ebgimis\u00eb dhe vendeve arkeologjike.\" \/>\n<meta name=\"robots\" content=\"index, follow, max-snippet:-1, max-image-preview:large, max-video-preview:-1\" \/>\n<link rel=\"canonical\" href=\"https:\/\/www.visit-ulcinj.com\/blog\/2011\/06\/05\/te-krijohet-albumi-dhe-video-ana-mali-nga-ajri\/\" \/>\n<meta property=\"og:locale\" content=\"en_US\" \/>\n<meta property=\"og:type\" content=\"article\" \/>\n<meta property=\"og:title\" content=\"T\u00eb krijohet Albumi dhe video - Ana Malit nga ajri - Lajme nga Ulqini\" \/>\n<meta property=\"og:description\" content=\"Ana Malit ka shum\u00eb p\u00ebr tu ofruar turist\u00ebve p\u00ebrsa i p\u00ebrket bukuris\u00eb s\u00eb saj natyrore t\u00eb shum\u00ebllojshme, kultur\u00ebs, trash\u00ebgimis\u00eb dhe vendeve arkeologjike.\" \/>\n<meta property=\"og:url\" content=\"https:\/\/www.visit-ulcinj.com\/blog\/2011\/06\/05\/te-krijohet-albumi-dhe-video-ana-mali-nga-ajri\/\" \/>\n<meta property=\"og:site_name\" content=\"Lajme nga Ulqini\" \/>\n<meta property=\"article:published_time\" content=\"2011-06-05T07:14:01+00:00\" \/>\n<meta property=\"article:modified_time\" content=\"2011-06-06T16:23:09+00:00\" \/>\n<meta property=\"og:image\" content=\"https:\/\/www.visit-ulcinj.com\/blog\/wp-content\/uploads\/2011\/06\/Ana-Malit-nga-ajri_-Albumi-dhe-video.1-150x150.jpg\" \/>\n<meta name=\"twitter:label1\" content=\"Written by\" \/>\n\t<meta name=\"twitter:data1\" content=\"ulqini\" \/>\n\t<meta name=\"twitter:label2\" content=\"Est. reading time\" \/>\n\t<meta name=\"twitter:data2\" content=\"3 minutes\" \/>\n<script type=\"application\/ld+json\" class=\"yoast-schema-graph\">{\"@context\":\"https:\/\/schema.org\",\"@graph\":[{\"@type\":\"WebSite\",\"@id\":\"https:\/\/www.visit-ulcinj.com\/blog\/#website\",\"url\":\"https:\/\/www.visit-ulcinj.com\/blog\/\",\"name\":\"Lajme nga Ulqini\",\"description\":\"Lajme,Vijesti,Ulqini,Ulqin,Crna Gora,Mali i Zi\",\"potentialAction\":[{\"@type\":\"SearchAction\",\"target\":{\"@type\":\"EntryPoint\",\"urlTemplate\":\"https:\/\/www.visit-ulcinj.com\/blog\/?s={search_term_string}\"},\"query-input\":\"required name=search_term_string\"}],\"inLanguage\":\"en-US\"},{\"@type\":\"ImageObject\",\"inLanguage\":\"en-US\",\"@id\":\"https:\/\/www.visit-ulcinj.com\/blog\/2011\/06\/05\/te-krijohet-albumi-dhe-video-ana-mali-nga-ajri\/#primaryimage\",\"url\":\"https:\/\/www.visit-ulcinj.com\/blog\/wp-content\/uploads\/2011\/06\/Ana-Malit-nga-ajri_-Albumi-dhe-video.15.jpg\",\"contentUrl\":\"https:\/\/www.visit-ulcinj.com\/blog\/wp-content\/uploads\/2011\/06\/Ana-Malit-nga-ajri_-Albumi-dhe-video.15.jpg\",\"width\":\"720\",\"height\":\"480\"},{\"@type\":\"WebPage\",\"@id\":\"https:\/\/www.visit-ulcinj.com\/blog\/2011\/06\/05\/te-krijohet-albumi-dhe-video-ana-mali-nga-ajri\/#webpage\",\"url\":\"https:\/\/www.visit-ulcinj.com\/blog\/2011\/06\/05\/te-krijohet-albumi-dhe-video-ana-mali-nga-ajri\/\",\"name\":\"T\u00eb krijohet Albumi dhe video - Ana Malit nga ajri - Lajme nga Ulqini\",\"isPartOf\":{\"@id\":\"https:\/\/www.visit-ulcinj.com\/blog\/#website\"},\"primaryImageOfPage\":{\"@id\":\"https:\/\/www.visit-ulcinj.com\/blog\/2011\/06\/05\/te-krijohet-albumi-dhe-video-ana-mali-nga-ajri\/#primaryimage\"},\"datePublished\":\"2011-06-05T07:14:01+00:00\",\"dateModified\":\"2011-06-06T16:23:09+00:00\",\"author\":{\"@id\":\"https:\/\/www.visit-ulcinj.com\/blog\/#\/schema\/person\/dcab619c614d3038751c63bc2aadc06d\"},\"description\":\"Ana Malit ka shum\u00eb p\u00ebr tu ofruar turist\u00ebve p\u00ebrsa i p\u00ebrket bukuris\u00eb s\u00eb saj natyrore t\u00eb shum\u00ebllojshme, kultur\u00ebs, trash\u00ebgimis\u00eb dhe vendeve arkeologjike.\",\"breadcrumb\":{\"@id\":\"https:\/\/www.visit-ulcinj.com\/blog\/2011\/06\/05\/te-krijohet-albumi-dhe-video-ana-mali-nga-ajri\/#breadcrumb\"},\"inLanguage\":\"en-US\",\"potentialAction\":[{\"@type\":\"ReadAction\",\"target\":[\"https:\/\/www.visit-ulcinj.com\/blog\/2011\/06\/05\/te-krijohet-albumi-dhe-video-ana-mali-nga-ajri\/\"]}]},{\"@type\":\"BreadcrumbList\",\"@id\":\"https:\/\/www.visit-ulcinj.com\/blog\/2011\/06\/05\/te-krijohet-albumi-dhe-video-ana-mali-nga-ajri\/#breadcrumb\",\"itemListElement\":[{\"@type\":\"ListItem\",\"position\":1,\"name\":\"T\u00eb krijohet Albumi dhe video &#8211; Ana Malit nga ajri\"}]},{\"@type\":\"Person\",\"@id\":\"https:\/\/www.visit-ulcinj.com\/blog\/#\/schema\/person\/dcab619c614d3038751c63bc2aadc06d\",\"name\":\"ulqini\",\"sameAs\":[\"http:\/\/www.visit-ulcinj.com\"],\"url\":\"https:\/\/www.visit-ulcinj.com\/blog\/author\/admin\/\"}]}<\/script>\n<!-- \/ Yoast SEO plugin. -->","yoast_head_json":{"title":"T\u00eb krijohet Albumi dhe video - Ana Malit nga ajri - Lajme nga Ulqini","description":"Ana Malit ka shum\u00eb p\u00ebr tu ofruar turist\u00ebve p\u00ebrsa i p\u00ebrket bukuris\u00eb s\u00eb saj natyrore t\u00eb shum\u00ebllojshme, kultur\u00ebs, trash\u00ebgimis\u00eb dhe vendeve arkeologjike.","robots":{"index":"index","follow":"follow","max-snippet":"max-snippet:-1","max-image-preview":"max-image-preview:large","max-video-preview":"max-video-preview:-1"},"canonical":"https:\/\/www.visit-ulcinj.com\/blog\/2011\/06\/05\/te-krijohet-albumi-dhe-video-ana-mali-nga-ajri\/","og_locale":"en_US","og_type":"article","og_title":"T\u00eb krijohet Albumi dhe video - Ana Malit nga ajri - Lajme nga Ulqini","og_description":"Ana Malit ka shum\u00eb p\u00ebr tu ofruar turist\u00ebve p\u00ebrsa i p\u00ebrket bukuris\u00eb s\u00eb saj natyrore t\u00eb shum\u00ebllojshme, kultur\u00ebs, trash\u00ebgimis\u00eb dhe vendeve arkeologjike.","og_url":"https:\/\/www.visit-ulcinj.com\/blog\/2011\/06\/05\/te-krijohet-albumi-dhe-video-ana-mali-nga-ajri\/","og_site_name":"Lajme nga Ulqini","article_published_time":"2011-06-05T07:14:01+00:00","article_modified_time":"2011-06-06T16:23:09+00:00","og_image":[{"url":"https:\/\/www.visit-ulcinj.com\/blog\/wp-content\/uploads\/2011\/06\/Ana-Malit-nga-ajri_-Albumi-dhe-video.1-150x150.jpg"}],"twitter_misc":{"Written by":"ulqini","Est. reading time":"3 minutes"},"schema":{"@context":"https:\/\/schema.org","@graph":[{"@type":"WebSite","@id":"https:\/\/www.visit-ulcinj.com\/blog\/#website","url":"https:\/\/www.visit-ulcinj.com\/blog\/","name":"Lajme nga Ulqini","description":"Lajme,Vijesti,Ulqini,Ulqin,Crna Gora,Mali i Zi","potentialAction":[{"@type":"SearchAction","target":{"@type":"EntryPoint","urlTemplate":"https:\/\/www.visit-ulcinj.com\/blog\/?s={search_term_string}"},"query-input":"required name=search_term_string"}],"inLanguage":"en-US"},{"@type":"ImageObject","inLanguage":"en-US","@id":"https:\/\/www.visit-ulcinj.com\/blog\/2011\/06\/05\/te-krijohet-albumi-dhe-video-ana-mali-nga-ajri\/#primaryimage","url":"https:\/\/www.visit-ulcinj.com\/blog\/wp-content\/uploads\/2011\/06\/Ana-Malit-nga-ajri_-Albumi-dhe-video.15.jpg","contentUrl":"https:\/\/www.visit-ulcinj.com\/blog\/wp-content\/uploads\/2011\/06\/Ana-Malit-nga-ajri_-Albumi-dhe-video.15.jpg","width":"720","height":"480"},{"@type":"WebPage","@id":"https:\/\/www.visit-ulcinj.com\/blog\/2011\/06\/05\/te-krijohet-albumi-dhe-video-ana-mali-nga-ajri\/#webpage","url":"https:\/\/www.visit-ulcinj.com\/blog\/2011\/06\/05\/te-krijohet-albumi-dhe-video-ana-mali-nga-ajri\/","name":"T\u00eb krijohet Albumi dhe video - Ana Malit nga ajri - Lajme nga Ulqini","isPartOf":{"@id":"https:\/\/www.visit-ulcinj.com\/blog\/#website"},"primaryImageOfPage":{"@id":"https:\/\/www.visit-ulcinj.com\/blog\/2011\/06\/05\/te-krijohet-albumi-dhe-video-ana-mali-nga-ajri\/#primaryimage"},"datePublished":"2011-06-05T07:14:01+00:00","dateModified":"2011-06-06T16:23:09+00:00","author":{"@id":"https:\/\/www.visit-ulcinj.com\/blog\/#\/schema\/person\/dcab619c614d3038751c63bc2aadc06d"},"description":"Ana Malit ka shum\u00eb p\u00ebr tu ofruar turist\u00ebve p\u00ebrsa i p\u00ebrket bukuris\u00eb s\u00eb saj natyrore t\u00eb shum\u00ebllojshme, kultur\u00ebs, trash\u00ebgimis\u00eb dhe vendeve arkeologjike.","breadcrumb":{"@id":"https:\/\/www.visit-ulcinj.com\/blog\/2011\/06\/05\/te-krijohet-albumi-dhe-video-ana-mali-nga-ajri\/#breadcrumb"},"inLanguage":"en-US","potentialAction":[{"@type":"ReadAction","target":["https:\/\/www.visit-ulcinj.com\/blog\/2011\/06\/05\/te-krijohet-albumi-dhe-video-ana-mali-nga-ajri\/"]}]},{"@type":"BreadcrumbList","@id":"https:\/\/www.visit-ulcinj.com\/blog\/2011\/06\/05\/te-krijohet-albumi-dhe-video-ana-mali-nga-ajri\/#breadcrumb","itemListElement":[{"@type":"ListItem","position":1,"name":"T\u00eb krijohet Albumi dhe video &#8211; Ana Malit nga ajri"}]},{"@type":"Person","@id":"https:\/\/www.visit-ulcinj.com\/blog\/#\/schema\/person\/dcab619c614d3038751c63bc2aadc06d","name":"ulqini","sameAs":["http:\/\/www.visit-ulcinj.com"],"url":"https:\/\/www.visit-ulcinj.com\/blog\/author\/admin\/"}]}},"jetpack_featured_media_url":"","jetpack_sharing_enabled":true,"jetpack_shortlink":"https:\/\/wp.me\/pe6lTn-ciX","_links":{"self":[{"href":"https:\/\/www.visit-ulcinj.com\/blog\/wp-json\/wp\/v2\/posts\/47303"}],"collection":[{"href":"https:\/\/www.visit-ulcinj.com\/blog\/wp-json\/wp\/v2\/posts"}],"about":[{"href":"https:\/\/www.visit-ulcinj.com\/blog\/wp-json\/wp\/v2\/types\/post"}],"author":[{"embeddable":true,"href":"https:\/\/www.visit-ulcinj.com\/blog\/wp-json\/wp\/v2\/users\/1"}],"replies":[{"embeddable":true,"href":"https:\/\/www.visit-ulcinj.com\/blog\/wp-json\/wp\/v2\/comments?post=47303"}],"version-history":[{"count":0,"href":"https:\/\/www.visit-ulcinj.com\/blog\/wp-json\/wp\/v2\/posts\/47303\/revisions"}],"wp:attachment":[{"href":"https:\/\/www.visit-ulcinj.com\/blog\/wp-json\/wp\/v2\/media?parent=47303"}],"wp:term":[{"taxonomy":"category","embeddable":true,"href":"https:\/\/www.visit-ulcinj.com\/blog\/wp-json\/wp\/v2\/categories?post=47303"},{"taxonomy":"post_tag","embeddable":true,"href":"https:\/\/www.visit-ulcinj.com\/blog\/wp-json\/wp\/v2\/tags?post=47303"}],"curies":[{"name":"wp","href":"https:\/\/api.w.org\/{rel}","templated":true}]}}