{"id":47354,"date":"2011-06-05T14:22:43","date_gmt":"2011-06-05T13:22:43","guid":{"rendered":"http:\/\/www.visit-ulcinj.com\/blog\/?p=47354"},"modified":"2011-06-05T15:19:03","modified_gmt":"2011-06-05T14:19:03","slug":"interviste-me-komisionin-bamires-bereqeti-nga-ulqini","status":"publish","type":"post","link":"https:\/\/www.visit-ulcinj.com\/blog\/2011\/06\/05\/interviste-me-komisionin-bamires-bereqeti-nga-ulqini\/","title":{"rendered":"Intervist\u00eb me Komisionin bamir\u00ebs Bereqeti nga Ulqini"},"content":{"rendered":"<p><strong><a href=\"http:\/\/www.visit-ulcinj.com\/blog\/wp-content\/uploads\/2011\/06\/Komisioni-bamires-Bereqeti_Ulqin.3_picnik.jpg\"><img loading=\"lazy\" class=\"alignleft size-full wp-image-47358\" title=\"Komisioni bamires Bereqeti_Ulqin.3_picnik\" src=\"http:\/\/www.visit-ulcinj.com\/blog\/wp-content\/uploads\/2011\/06\/Komisioni-bamires-Bereqeti_Ulqin.3_picnik.jpg\" alt=\"\" width=\"508\" height=\"380\" srcset=\"https:\/\/www.visit-ulcinj.com\/blog\/wp-content\/uploads\/2011\/06\/Komisioni-bamires-Bereqeti_Ulqin.3_picnik.jpg 991w, https:\/\/www.visit-ulcinj.com\/blog\/wp-content\/uploads\/2011\/06\/Komisioni-bamires-Bereqeti_Ulqin.3_picnik-300x224.jpg 300w\" sizes=\"(max-width: 508px) 100vw, 508px\" \/><\/a>Historiku dhe q\u00ebllimi i <\/strong><strong>Komisionit bamir\u00ebs \u201cBereqeti\u201d<\/strong><\/p>\n<p>Me Vendimin e K\u00ebshillit t\u00eb Bashk\u00ebsis\u00eb islame Ulqin, n\u00eb korrik t\u00eb vitit 2009, \u00ebsht\u00eb themeluar Komisioni bamir\u00ebs \u201cBereqeti\u201d, i cili funksionon n\u00eb kuad\u00ebr t\u00eb k\u00ebti organi t\u00eb Bashk\u00ebsis\u00eb islame n\u00eb Mal t\u00eb Zi. Q\u00ebllimi primar i themelimit t\u00eb k\u00ebti komisioni \u00ebsht\u00eb shp\u00ebrndarja e ndihmave p\u00ebr t\u00eb vobekt\u00ebt (fukarat\u00eb) e trev\u00ebs son\u00eb, inkuadruar Ulqinin, An\u00ebn e Malit dhe Kraj\u00ebn.<\/p>\n<p>Me themelimin e tij, ky komision formoi K\u00ebshillin e vet drejtues n\u00eb krye t\u00eb t\u00eb cilit u em\u00ebrua Mirsad ef. Mu\u00e7aj. P\u00ebrve\u00e7 disa nga an\u00ebtar\u00ebt q\u00eb jan\u00eb direkt t\u00eb ky\u00e7ur n\u00eb pun\u00ebn e K\u00ebshillit t\u00eb BI Ulqin, n\u00eb k\u00ebshillin e shoqat\u00ebs u inkuadruan edhe qytetar\u00eb t\u00eb tjer\u00eb, afarist e t\u00eb ngjajsh\u00ebm.<\/p>\n<p>N\u00eb fokusin e ndihmave q\u00eb ofron kjo shoqat\u00eb mesiguri \u00ebsht\u00eb ndihma themelore n\u00eb ushqim dhe mjete t\u00eb higjien\u00ebs, q\u00eb jan\u00eb t\u00eb nevojshme p\u00ebr \u00e7do dit\u00eb. P\u00ebrve\u00e7 tyre, me an\u00eb t\u00eb t\u00eb hollave ndihmohen edhe disa f\u00ebmi jetima, numri i t\u00eb cil\u00ebve sillet prej 43 deri 48, e poashtu ndihmohen edhe n\u00eb form\u00eb t\u00eb stipendimi dy studente t\u00eb mira.<\/p>\n<p>N\u00eb prag t\u00eb fest\u00ebs s\u00eb Bajramit t\u00eb ramazanit, n\u00eb shtator 2010, komisioni ka dhuruar t\u00eb gjith\u00eb 48 jetimat me nga nj\u00eb pako speciale me \u00ebmb\u00eblsira, t\u00eb pregaditura enkas p\u00ebr k\u00ebt\u00eb fest\u00eb.<br \/>\nPoashtu, komisioni ka qen\u00eb mbulues i t\u00eb gjitha shpenzimeve t\u00eb iftareve q\u00eb u jan\u00eb dhan\u00eb falas pun\u00ebtor\u00ebve nevojtar\u00eb t\u00eb cil\u00ebt kan\u00eb agj\u00ebruar, gjat\u00eb ramazanit t\u00eb vitit 1431 h. (2010).<br \/>\n<a rel=\"attachment wp-att-47363\" href=\"http:\/\/www.visit-ulcinj.com\/blog\/2011\/06\/05\/interviste-me-komisionin-bamires-bereqeti-nga-ulqini\/flet-pagesa-e-komisionit-bereqeti_picnik\/\"><img loading=\"lazy\" class=\"alignleft size-full wp-image-47363\" title=\"Flet Pagesa e Komisionit Bereqeti_picnik\" src=\"http:\/\/www.visit-ulcinj.com\/blog\/wp-content\/uploads\/2011\/06\/Flet-Pagesa-e-Komisionit-Bereqeti_picnik.jpg\" alt=\"\" width=\"508\" height=\"340\" \/><\/a><\/p>\n<p><strong>AKTIVITETI I PEST\u00cb<\/strong><strong> &#8211; <strong>SHTATOR (07.09.2010)<\/strong><\/strong><\/p>\n<p>Jan\u00eb shp\u00ebrndar\u00eb 71 pako me artikuj ushqimor\u00eb, ku secila pako ka pasur vler\u00ebn prej 24,71 euro, gjithsej 1754,41 euro, dhe jan\u00eb ndihmuar 48 f\u00ebmij\u00eb jetim\u00eb me nga 15 euro, gjithsej 720 euro. Duke qen\u00eb se k\u00ebto ndihma jan\u00eb shp\u00ebrndar\u00eb n\u00eb prag t\u00eb fest\u00ebs s\u00eb Bajramit t\u00eb Ramazanit, komisioni e ka vler\u00ebsuar q\u00eb t\u00eb gjith\u00eb f\u00ebmij\u00ebve jetim\u00eb t\u2019ia shp\u00ebrndaj\u00eb edhe nga nj\u00eb paqet\u00eb me \u00ebmb\u00eblsira, ku secila ka pasur vler\u00ebn prej 5,11 euro, gjithsej 245,28 euro.\u00a0 Vler\u00ebn e 71 paqetave me artikuj ushqimor\u00eb dhe 48 paqetave me \u00ebmb\u00eblsira i ka paguar nj\u00eb bamir\u00ebs i cili ka pasur d\u00ebshir\u00eb t\u00eb mbetet anonim, por kjo shum\u00eb (1754,41+245,28=1999,69 euro) \u00ebsht\u00eb regjistruar n\u00eb fondin e t\u00eb hyrave t\u00eb Komisionit.<br \/>\nPoashtu, nga fondi i komisionit Bereqeti jan\u00eb paguar gjithsej 136 iftare p\u00ebr pun\u00ebtor\u00ebt nevojtar\u00eb t\u00eb cil\u00ebt kan\u00eb agj\u00ebruar, ku vlera e nj\u00eb iftari ka qen\u00eb 5 euro, gjithsej 680,00 euro. K\u00ebto iftare jan\u00eb shtruar n\u00eb restoranin \u201cUlpiana\u201d, n\u00eb Ulqin.<br \/>\nN\u00ebse i p\u00ebrmbyllim t\u00eb gjitha k\u00ebto, vlera totale e shpenzuar p\u00ebr aktivitete ka qen\u00eb 3399,69 euro, prej t\u00eb cilave nga fondi i komisionit Bereqeti jan\u00eb paguar 1400 euro (3399,69 \u2013 1999,69).<\/p>\n<p><strong>K\u00ebto informata jan t\u00eb marura nga websajti:<a title=\"Komisioni bamir\u00ebs \u201cBereqeti\u201d\" href=\"http:\/\/www.bereqeti.me\/\" target=\"_blank\">http:\/\/www.bereqeti.me\/<\/a><\/strong><\/p>\n<p>P\u00ebr ma tep\u00ebr informata ju lutemi t\u00eb p\u00ebrdorni linkun dhe informatat n\u00eb vijim.<\/p>\n<p><strong>Kontakt<\/strong><\/p>\n<p><strong>Mirsad ef Mucaj \u2013 Predsjednik<\/strong><br \/>\n<strong> tel:+382 69 622 945<\/strong><\/p>\n<p><strong>Suad ef Ukosata \u2013 Sekretar<\/strong><br \/>\n<strong> tel:+382 69 493 832<\/strong><\/p>\n<p>Email: <strong><a href=\"http:\/\/www.bereqeti.me\/islam@t-com.me\">islam@t-com.me<\/a><\/strong><\/p>\n<p><strong><a title=\"Komisioni bamir\u00ebs \u201cBereqeti\u201d\" href=\"http:\/\/www.bereqeti.me\/\" target=\"_blank\">Linku: http:\/\/www.bereqeti.me\/<\/a><\/strong><br \/>\n\n\t\t<style type=\"text\/css\">\n\t\t\t#gallery-1 {\n\t\t\t\tmargin: auto;\n\t\t\t}\n\t\t\t#gallery-1 .gallery-item {\n\t\t\t\tfloat: left;\n\t\t\t\tmargin-top: 10px;\n\t\t\t\ttext-align: center;\n\t\t\t\twidth: 33%;\n\t\t\t}\n\t\t\t#gallery-1 img {\n\t\t\t\tborder: 2px solid #cfcfcf;\n\t\t\t}\n\t\t\t#gallery-1 .gallery-caption {\n\t\t\t\tmargin-left: 0;\n\t\t\t}\n\t\t\t\/* see gallery_shortcode() in wp-includes\/media.php *\/\n\t\t<\/style>\n\t\t<div id='gallery-1' class='gallery galleryid-47354 gallery-columns-3 gallery-size-thumbnail'><dl class='gallery-item'>\n\t\t\t<dt class='gallery-icon landscape'>\n\t\t\t\t<a href='https:\/\/www.visit-ulcinj.com\/blog\/wp-content\/uploads\/2011\/06\/Komisioni-bamires-Bereqeti_Ulqin_picnik.jpg'><img width=\"150\" height=\"150\" src=\"https:\/\/www.visit-ulcinj.com\/blog\/wp-content\/uploads\/2011\/06\/Komisioni-bamires-Bereqeti_Ulqin_picnik-150x150.jpg\" class=\"attachment-thumbnail size-thumbnail\" alt=\"\" loading=\"lazy\" \/><\/a>\n\t\t\t<\/dt><\/dl><dl class='gallery-item'>\n\t\t\t<dt class='gallery-icon landscape'>\n\t\t\t\t<a href='https:\/\/www.visit-ulcinj.com\/blog\/wp-content\/uploads\/2011\/06\/Komisioni-bamires-Bereqeti_Ulqin.4_picnik.jpg'><img width=\"150\" height=\"150\" src=\"https:\/\/www.visit-ulcinj.com\/blog\/wp-content\/uploads\/2011\/06\/Komisioni-bamires-Bereqeti_Ulqin.4_picnik-150x150.jpg\" class=\"attachment-thumbnail size-thumbnail\" alt=\"\" loading=\"lazy\" \/><\/a>\n\t\t\t<\/dt><\/dl><dl class='gallery-item'>\n\t\t\t<dt class='gallery-icon landscape'>\n\t\t\t\t<a href='https:\/\/www.visit-ulcinj.com\/blog\/wp-content\/uploads\/2011\/06\/Komisioni-bamires-Bereqeti_Ulqin.3_picnik.jpg'><img width=\"150\" height=\"150\" src=\"https:\/\/www.visit-ulcinj.com\/blog\/wp-content\/uploads\/2011\/06\/Komisioni-bamires-Bereqeti_Ulqin.3_picnik-150x150.jpg\" class=\"attachment-thumbnail size-thumbnail\" alt=\"\" loading=\"lazy\" \/><\/a>\n\t\t\t<\/dt><\/dl><br style=\"clear: both\" \/><dl class='gallery-item'>\n\t\t\t<dt class='gallery-icon landscape'>\n\t\t\t\t<a href='https:\/\/www.visit-ulcinj.com\/blog\/wp-content\/uploads\/2011\/06\/Komisioni-bamires-Bereqeti_Ulqin.2_picnik.jpg'><img width=\"150\" height=\"150\" src=\"https:\/\/www.visit-ulcinj.com\/blog\/wp-content\/uploads\/2011\/06\/Komisioni-bamires-Bereqeti_Ulqin.2_picnik-150x150.jpg\" class=\"attachment-thumbnail size-thumbnail\" alt=\"\" loading=\"lazy\" \/><\/a>\n\t\t\t<\/dt><\/dl><dl class='gallery-item'>\n\t\t\t<dt class='gallery-icon landscape'>\n\t\t\t\t<a href='https:\/\/www.visit-ulcinj.com\/blog\/wp-content\/uploads\/2011\/06\/Flet-Pagesa-e-Komisionit-Bereqeti_picnik.jpg'><img width=\"150\" height=\"150\" src=\"https:\/\/www.visit-ulcinj.com\/blog\/wp-content\/uploads\/2011\/06\/Flet-Pagesa-e-Komisionit-Bereqeti_picnik-150x150.jpg\" class=\"attachment-thumbnail size-thumbnail\" alt=\"\" loading=\"lazy\" \/><\/a>\n\t\t\t<\/dt><\/dl><dl class='gallery-item'>\n\t\t\t<dt class='gallery-icon landscape'>\n\t\t\t\t<a href='https:\/\/www.visit-ulcinj.com\/blog\/wp-content\/uploads\/2011\/06\/Komisioni-bamires-Bereqeti_Ulqin.1_picnik.jpg'><img width=\"150\" height=\"150\" src=\"https:\/\/www.visit-ulcinj.com\/blog\/wp-content\/uploads\/2011\/06\/Komisioni-bamires-Bereqeti_Ulqin.1_picnik-150x150.jpg\" class=\"attachment-thumbnail size-thumbnail\" alt=\"\" loading=\"lazy\" \/><\/a>\n\t\t\t<\/dt><\/dl><br style=\"clear: both\" \/>\n\t\t<\/div>\n<br \/>\n<!--YouTube Error: bad URL entered--><\/p>\n","protected":false},"excerpt":{"rendered":"<p>Historiku dhe q\u00ebllimi i Komisionit bamir\u00ebs \u201cBereqeti\u201d Me Vendimin e K\u00ebshillit t\u00eb Bashk\u00ebsis\u00eb islame Ulqin, n\u00eb korrik t\u00eb vitit 2009, \u00ebsht\u00eb themeluar Komisioni bamir\u00ebs \u201cBereqeti\u201d, i cili funksionon n\u00eb kuad\u00ebr t\u00eb k\u00ebti organi t\u00eb Bashk\u00ebsis\u00eb islame n\u00eb Mal t\u00eb Zi. Q\u00ebllimi primar i themelimit t\u00eb k\u00ebti komisioni \u00ebsht\u00eb shp\u00ebrndarja e ndihmave p\u00ebr t\u00eb vobekt\u00ebt (fukarat\u00eb) [&hellip;]<\/p>\n","protected":false},"author":1,"featured_media":0,"comment_status":"open","ping_status":"closed","sticky":false,"template":"","format":"standard","meta":{"spay_email":"","jetpack_publicize_message":"","jetpack_is_tweetstorm":false,"jetpack_publicize_feature_enabled":true},"categories":[5],"tags":[212,17828,17834,18370,17811,17831,18362,14353,17808,14354,12340,17840,17839,18363,17835,17814,17810,17816,17071,17807,3516,14652,17837,17827,14358,222,17802,17812,17803,17820,17825,17817,17805,17823,17832,3506,17818,214,17680,14362,14363,18371,3507,17800,498,3500,14364,17799,3327,17841,17826,15213,18236,3512,17806,11648,18289,17838,95,17813,17804,15141,17836,14366,79,17073,18294,18368,18369,1653,1909,14367,17801,18360,17822,14368,14369,17824,14370,18291,2083,3231,14371,41,3617,14372,17844,17821,18372,17830,17077,18295,14375,17833,17829,200,18,17819,17809,14376],"jetpack_publicize_connections":[],"yoast_head":"<!-- This site is optimized with the Yoast SEO plugin v19.1 - https:\/\/yoast.com\/wordpress\/plugins\/seo\/ -->\n<title>Intervist\u00eb me Komisionin bamir\u00ebs Bereqeti nga Ulqini - Lajme nga Ulqini<\/title>\n<meta name=\"description\" content=\"Historiku dhe q\u00ebllimi i Komisionit bamir\u00ebs \u201cBereqeti\u201d Me Vendimin e K\u00ebshillit t\u00eb Bashk\u00ebsis\u00eb islame Ulqin, n\u00eb korrik t\u00eb vitit 2009, \u00ebsht\u00eb themeluar\" \/>\n<meta name=\"robots\" content=\"index, follow, max-snippet:-1, max-image-preview:large, max-video-preview:-1\" \/>\n<link rel=\"canonical\" href=\"https:\/\/www.visit-ulcinj.com\/blog\/2011\/06\/05\/interviste-me-komisionin-bamires-bereqeti-nga-ulqini\/\" \/>\n<meta property=\"og:locale\" content=\"en_US\" \/>\n<meta property=\"og:type\" content=\"article\" \/>\n<meta property=\"og:title\" content=\"Intervist\u00eb me Komisionin bamir\u00ebs Bereqeti nga Ulqini - Lajme nga Ulqini\" \/>\n<meta property=\"og:description\" content=\"Historiku dhe q\u00ebllimi i Komisionit bamir\u00ebs \u201cBereqeti\u201d Me Vendimin e K\u00ebshillit t\u00eb Bashk\u00ebsis\u00eb islame Ulqin, n\u00eb korrik t\u00eb vitit 2009, \u00ebsht\u00eb themeluar\" \/>\n<meta property=\"og:url\" content=\"https:\/\/www.visit-ulcinj.com\/blog\/2011\/06\/05\/interviste-me-komisionin-bamires-bereqeti-nga-ulqini\/\" \/>\n<meta property=\"og:site_name\" content=\"Lajme nga Ulqini\" \/>\n<meta property=\"article:published_time\" content=\"2011-06-05T13:22:43+00:00\" \/>\n<meta property=\"article:modified_time\" content=\"2011-06-05T14:19:03+00:00\" \/>\n<meta property=\"og:image\" content=\"https:\/\/www.visit-ulcinj.com\/blog\/wp-content\/uploads\/2011\/06\/Komisioni-bamires-Bereqeti_Ulqin_picnik-150x150.jpg\" \/>\n<meta name=\"twitter:label1\" content=\"Written by\" \/>\n\t<meta name=\"twitter:data1\" content=\"ulqini\" \/>\n\t<meta name=\"twitter:label2\" content=\"Est. reading time\" \/>\n\t<meta name=\"twitter:data2\" content=\"3 minutes\" \/>\n<script type=\"application\/ld+json\" class=\"yoast-schema-graph\">{\"@context\":\"https:\/\/schema.org\",\"@graph\":[{\"@type\":\"WebSite\",\"@id\":\"https:\/\/www.visit-ulcinj.com\/blog\/#website\",\"url\":\"https:\/\/www.visit-ulcinj.com\/blog\/\",\"name\":\"Lajme nga Ulqini\",\"description\":\"Lajme,Vijesti,Ulqini,Ulqin,Crna Gora,Mali i Zi\",\"potentialAction\":[{\"@type\":\"SearchAction\",\"target\":{\"@type\":\"EntryPoint\",\"urlTemplate\":\"https:\/\/www.visit-ulcinj.com\/blog\/?s={search_term_string}\"},\"query-input\":\"required name=search_term_string\"}],\"inLanguage\":\"en-US\"},{\"@type\":\"ImageObject\",\"inLanguage\":\"en-US\",\"@id\":\"https:\/\/www.visit-ulcinj.com\/blog\/2011\/06\/05\/interviste-me-komisionin-bamires-bereqeti-nga-ulqini\/#primaryimage\",\"url\":\"https:\/\/www.visit-ulcinj.com\/blog\/wp-content\/uploads\/2011\/06\/Komisioni-bamires-Bereqeti_Ulqin.3_picnik.jpg\",\"contentUrl\":\"https:\/\/www.visit-ulcinj.com\/blog\/wp-content\/uploads\/2011\/06\/Komisioni-bamires-Bereqeti_Ulqin.3_picnik.jpg\",\"width\":\"991\",\"height\":\"743\"},{\"@type\":\"WebPage\",\"@id\":\"https:\/\/www.visit-ulcinj.com\/blog\/2011\/06\/05\/interviste-me-komisionin-bamires-bereqeti-nga-ulqini\/#webpage\",\"url\":\"https:\/\/www.visit-ulcinj.com\/blog\/2011\/06\/05\/interviste-me-komisionin-bamires-bereqeti-nga-ulqini\/\",\"name\":\"Intervist\u00eb me Komisionin bamir\u00ebs Bereqeti nga Ulqini - Lajme nga Ulqini\",\"isPartOf\":{\"@id\":\"https:\/\/www.visit-ulcinj.com\/blog\/#website\"},\"primaryImageOfPage\":{\"@id\":\"https:\/\/www.visit-ulcinj.com\/blog\/2011\/06\/05\/interviste-me-komisionin-bamires-bereqeti-nga-ulqini\/#primaryimage\"},\"datePublished\":\"2011-06-05T13:22:43+00:00\",\"dateModified\":\"2011-06-05T14:19:03+00:00\",\"author\":{\"@id\":\"https:\/\/www.visit-ulcinj.com\/blog\/#\/schema\/person\/dcab619c614d3038751c63bc2aadc06d\"},\"description\":\"Historiku dhe q\u00ebllimi i Komisionit bamir\u00ebs \u201cBereqeti\u201d Me Vendimin e K\u00ebshillit t\u00eb Bashk\u00ebsis\u00eb islame Ulqin, n\u00eb korrik t\u00eb vitit 2009, \u00ebsht\u00eb themeluar\",\"breadcrumb\":{\"@id\":\"https:\/\/www.visit-ulcinj.com\/blog\/2011\/06\/05\/interviste-me-komisionin-bamires-bereqeti-nga-ulqini\/#breadcrumb\"},\"inLanguage\":\"en-US\",\"potentialAction\":[{\"@type\":\"ReadAction\",\"target\":[\"https:\/\/www.visit-ulcinj.com\/blog\/2011\/06\/05\/interviste-me-komisionin-bamires-bereqeti-nga-ulqini\/\"]}]},{\"@type\":\"BreadcrumbList\",\"@id\":\"https:\/\/www.visit-ulcinj.com\/blog\/2011\/06\/05\/interviste-me-komisionin-bamires-bereqeti-nga-ulqini\/#breadcrumb\",\"itemListElement\":[{\"@type\":\"ListItem\",\"position\":1,\"name\":\"Intervist\u00eb me Komisionin bamir\u00ebs Bereqeti nga Ulqini\"}]},{\"@type\":\"Person\",\"@id\":\"https:\/\/www.visit-ulcinj.com\/blog\/#\/schema\/person\/dcab619c614d3038751c63bc2aadc06d\",\"name\":\"ulqini\",\"sameAs\":[\"http:\/\/www.visit-ulcinj.com\"],\"url\":\"https:\/\/www.visit-ulcinj.com\/blog\/author\/admin\/\"}]}<\/script>\n<!-- \/ Yoast SEO plugin. -->","yoast_head_json":{"title":"Intervist\u00eb me Komisionin bamir\u00ebs Bereqeti nga Ulqini - Lajme nga Ulqini","description":"Historiku dhe q\u00ebllimi i Komisionit bamir\u00ebs \u201cBereqeti\u201d Me Vendimin e K\u00ebshillit t\u00eb Bashk\u00ebsis\u00eb islame Ulqin, n\u00eb korrik t\u00eb vitit 2009, \u00ebsht\u00eb themeluar","robots":{"index":"index","follow":"follow","max-snippet":"max-snippet:-1","max-image-preview":"max-image-preview:large","max-video-preview":"max-video-preview:-1"},"canonical":"https:\/\/www.visit-ulcinj.com\/blog\/2011\/06\/05\/interviste-me-komisionin-bamires-bereqeti-nga-ulqini\/","og_locale":"en_US","og_type":"article","og_title":"Intervist\u00eb me Komisionin bamir\u00ebs Bereqeti nga Ulqini - Lajme nga Ulqini","og_description":"Historiku dhe q\u00ebllimi i Komisionit bamir\u00ebs \u201cBereqeti\u201d Me Vendimin e K\u00ebshillit t\u00eb Bashk\u00ebsis\u00eb islame Ulqin, n\u00eb korrik t\u00eb vitit 2009, \u00ebsht\u00eb themeluar","og_url":"https:\/\/www.visit-ulcinj.com\/blog\/2011\/06\/05\/interviste-me-komisionin-bamires-bereqeti-nga-ulqini\/","og_site_name":"Lajme nga Ulqini","article_published_time":"2011-06-05T13:22:43+00:00","article_modified_time":"2011-06-05T14:19:03+00:00","og_image":[{"url":"https:\/\/www.visit-ulcinj.com\/blog\/wp-content\/uploads\/2011\/06\/Komisioni-bamires-Bereqeti_Ulqin_picnik-150x150.jpg"}],"twitter_misc":{"Written by":"ulqini","Est. reading time":"3 minutes"},"schema":{"@context":"https:\/\/schema.org","@graph":[{"@type":"WebSite","@id":"https:\/\/www.visit-ulcinj.com\/blog\/#website","url":"https:\/\/www.visit-ulcinj.com\/blog\/","name":"Lajme nga Ulqini","description":"Lajme,Vijesti,Ulqini,Ulqin,Crna Gora,Mali i Zi","potentialAction":[{"@type":"SearchAction","target":{"@type":"EntryPoint","urlTemplate":"https:\/\/www.visit-ulcinj.com\/blog\/?s={search_term_string}"},"query-input":"required name=search_term_string"}],"inLanguage":"en-US"},{"@type":"ImageObject","inLanguage":"en-US","@id":"https:\/\/www.visit-ulcinj.com\/blog\/2011\/06\/05\/interviste-me-komisionin-bamires-bereqeti-nga-ulqini\/#primaryimage","url":"https:\/\/www.visit-ulcinj.com\/blog\/wp-content\/uploads\/2011\/06\/Komisioni-bamires-Bereqeti_Ulqin.3_picnik.jpg","contentUrl":"https:\/\/www.visit-ulcinj.com\/blog\/wp-content\/uploads\/2011\/06\/Komisioni-bamires-Bereqeti_Ulqin.3_picnik.jpg","width":"991","height":"743"},{"@type":"WebPage","@id":"https:\/\/www.visit-ulcinj.com\/blog\/2011\/06\/05\/interviste-me-komisionin-bamires-bereqeti-nga-ulqini\/#webpage","url":"https:\/\/www.visit-ulcinj.com\/blog\/2011\/06\/05\/interviste-me-komisionin-bamires-bereqeti-nga-ulqini\/","name":"Intervist\u00eb me Komisionin bamir\u00ebs Bereqeti nga Ulqini - Lajme nga Ulqini","isPartOf":{"@id":"https:\/\/www.visit-ulcinj.com\/blog\/#website"},"primaryImageOfPage":{"@id":"https:\/\/www.visit-ulcinj.com\/blog\/2011\/06\/05\/interviste-me-komisionin-bamires-bereqeti-nga-ulqini\/#primaryimage"},"datePublished":"2011-06-05T13:22:43+00:00","dateModified":"2011-06-05T14:19:03+00:00","author":{"@id":"https:\/\/www.visit-ulcinj.com\/blog\/#\/schema\/person\/dcab619c614d3038751c63bc2aadc06d"},"description":"Historiku dhe q\u00ebllimi i Komisionit bamir\u00ebs \u201cBereqeti\u201d Me Vendimin e K\u00ebshillit t\u00eb Bashk\u00ebsis\u00eb islame Ulqin, n\u00eb korrik t\u00eb vitit 2009, \u00ebsht\u00eb themeluar","breadcrumb":{"@id":"https:\/\/www.visit-ulcinj.com\/blog\/2011\/06\/05\/interviste-me-komisionin-bamires-bereqeti-nga-ulqini\/#breadcrumb"},"inLanguage":"en-US","potentialAction":[{"@type":"ReadAction","target":["https:\/\/www.visit-ulcinj.com\/blog\/2011\/06\/05\/interviste-me-komisionin-bamires-bereqeti-nga-ulqini\/"]}]},{"@type":"BreadcrumbList","@id":"https:\/\/www.visit-ulcinj.com\/blog\/2011\/06\/05\/interviste-me-komisionin-bamires-bereqeti-nga-ulqini\/#breadcrumb","itemListElement":[{"@type":"ListItem","position":1,"name":"Intervist\u00eb me Komisionin bamir\u00ebs Bereqeti nga Ulqini"}]},{"@type":"Person","@id":"https:\/\/www.visit-ulcinj.com\/blog\/#\/schema\/person\/dcab619c614d3038751c63bc2aadc06d","name":"ulqini","sameAs":["http:\/\/www.visit-ulcinj.com"],"url":"https:\/\/www.visit-ulcinj.com\/blog\/author\/admin\/"}]}},"jetpack_featured_media_url":"","jetpack_sharing_enabled":true,"jetpack_shortlink":"https:\/\/wp.me\/pe6lTn-cjM","_links":{"self":[{"href":"https:\/\/www.visit-ulcinj.com\/blog\/wp-json\/wp\/v2\/posts\/47354"}],"collection":[{"href":"https:\/\/www.visit-ulcinj.com\/blog\/wp-json\/wp\/v2\/posts"}],"about":[{"href":"https:\/\/www.visit-ulcinj.com\/blog\/wp-json\/wp\/v2\/types\/post"}],"author":[{"embeddable":true,"href":"https:\/\/www.visit-ulcinj.com\/blog\/wp-json\/wp\/v2\/users\/1"}],"replies":[{"embeddable":true,"href":"https:\/\/www.visit-ulcinj.com\/blog\/wp-json\/wp\/v2\/comments?post=47354"}],"version-history":[{"count":0,"href":"https:\/\/www.visit-ulcinj.com\/blog\/wp-json\/wp\/v2\/posts\/47354\/revisions"}],"wp:attachment":[{"href":"https:\/\/www.visit-ulcinj.com\/blog\/wp-json\/wp\/v2\/media?parent=47354"}],"wp:term":[{"taxonomy":"category","embeddable":true,"href":"https:\/\/www.visit-ulcinj.com\/blog\/wp-json\/wp\/v2\/categories?post=47354"},{"taxonomy":"post_tag","embeddable":true,"href":"https:\/\/www.visit-ulcinj.com\/blog\/wp-json\/wp\/v2\/tags?post=47354"}],"curies":[{"name":"wp","href":"https:\/\/api.w.org\/{rel}","templated":true}]}}