{"id":47387,"date":"2011-06-06T09:19:09","date_gmt":"2011-06-06T08:19:09","guid":{"rendered":"http:\/\/www.visit-ulcinj.com\/blog\/?p=47387"},"modified":"2011-06-07T15:46:33","modified_gmt":"2011-06-07T14:46:33","slug":"tarik-ramadan-viziton-ulqinin-video","status":"publish","type":"post","link":"https:\/\/www.visit-ulcinj.com\/blog\/2011\/06\/06\/tarik-ramadan-viziton-ulqinin-video\/","title":{"rendered":"Tarik Ramadan viziton Ulqinin &#8211; Video"},"content":{"rendered":"<p><a href=\"http:\/\/www.visit-ulcinj.com\/blog\/wp-content\/uploads\/2011\/06\/Tarik-Ramadan-viziton-Ulqinin.jpg\"><img loading=\"lazy\" class=\"alignleft size-full wp-image-47388\" title=\"Tarik Ramadan viziton Ulqinin\" src=\"http:\/\/www.visit-ulcinj.com\/blog\/wp-content\/uploads\/2011\/06\/Tarik-Ramadan-viziton-Ulqinin.jpg\" alt=\"\" width=\"508\" height=\"380\" srcset=\"https:\/\/www.visit-ulcinj.com\/blog\/wp-content\/uploads\/2011\/06\/Tarik-Ramadan-viziton-Ulqinin.jpg 720w, https:\/\/www.visit-ulcinj.com\/blog\/wp-content\/uploads\/2011\/06\/Tarik-Ramadan-viziton-Ulqinin-300x224.jpg 300w\" sizes=\"(max-width: 508px) 100vw, 508px\" \/><\/a>P\u00ebrgatiti: <strong>Senad Maku &#8211; Ulqin<\/strong>.<\/p>\n<p>Dijetari dhe Filozofi Zviceran Prof. Dr. Tarik Ramadan vizitoi Ulqinin me 02.06.2011, pas nj\u00eb turi vizitash n\u00eb disa vende t\u00eb Ballkanit si Bosnje, Maqedoni, Kosov\u00eb dhe Shqip\u00ebri, duke vazhduar pastaj vizit\u00ebn e tij n\u00eb Ulqin.<\/p>\n<p>Vizita e tij ishte e shkurt\u00ebr n\u00eb bregdetin e Ulqinit i cili d\u00ebshironte q\u00eb k\u00ebt\u00eb qytet ta vizitonte shkurtimisht dhe t\u00eb njihej me musliman\u00ebt e k\u00ebtij vendi.<\/p>\n<p>Profesori i nderuar u prit nga p\u00ebrfaq\u00ebsuesit e Bashk\u00ebsis\u00eb Islame dhe me teolog\u00ebt, imam\u00ebt e k\u00ebtij vendi. Pritja e tij u b\u00eb n\u00eb sall\u00ebn e hotelit Mediteran n\u00eb Ulqin, ku u organizua nj\u00eb pritje e ngroht\u00eb dhe shk\u00ebmbyem disa biseda t\u00eb ndryshme me profesorin e nderuar.<\/p>\n<p>Profesori, Tarik Ramadan, u shpreh mjaft i interesuar p\u00ebr t\u00eb njohur Shqiptar\u00ebt q\u00eb jetojn\u00eb n\u00eb Ballkan, duke qen\u00eb koh\u00ebt e fundit mjaft i pasionuar p\u00ebr zhvillimet q\u00eb jan\u00eb b\u00ebr\u00eb n\u00eb k\u00ebt\u00eb vend gj\u00eb q\u00eb tregon d\u00ebshira dhe vizita e tij n\u00eb k\u00ebto vende.<\/p>\n<p>Po ju njohim shkurtimisht me biografin e profesorit t\u00eb nderuar. Tarik Ramadan u lind n\u00eb Zvic\u00ebr (n\u00eb vitin 1962), ka magjistruar n\u00eb filozofi dhe let\u00ebrsi franceze dhe ka doktoruar p\u00ebr gjuh\u00eb arabe dhe studime islame n\u00eb Universitetin e Gjenev\u00ebs.<br \/>\nAktualisht \u00ebsht\u00eb profesor i Studimeve Bashk\u00ebkohore Islame n\u00eb Universitetin e Oksfordit. Ai gjithashtu mban m\u00ebsime edhe n\u00eb Fakultetin e Teologjis\u00eb n\u00eb Oksoford.<br \/>\nDuke qen\u00eb autor i 28 librave, artikujve e ligj\u00ebratave, ai ka kontribuar ndjesh\u00ebm n\u00eb debatin p\u00ebr \u00e7\u00ebshtjet bashk\u00ebkohore islame, ringjalljen e studimeve t\u00eb thelluara islame n\u00eb bot\u00eb dhe \u00e7\u00ebshtjeve t\u00eb musliman\u00ebve n\u00eb Per\u00ebndim.<\/p>\n<p>Figura e tij, \u00ebsht\u00eb majft e njohur n\u00eb Europ\u00eb, por edhe n\u00eb vendet arabe, p\u00ebr idet\u00eb dhe mendimet e shprehura n\u00eb drejtim t\u00eb gjetjeve t\u00eb urave t\u00eb komunikimit midis Islamit dhe Per\u00ebndimit.<br \/>\n<a href=\"http:\/\/www.visit-ulcinj.com\/blog\/wp-content\/uploads\/2011\/06\/Tarik-Ramadan-viziton-Ulqinin.1.jpg\"><img loading=\"lazy\" class=\"alignleft size-full wp-image-47389\" title=\"Tarik Ramadan viziton Ulqinin.1\" src=\"http:\/\/www.visit-ulcinj.com\/blog\/wp-content\/uploads\/2011\/06\/Tarik-Ramadan-viziton-Ulqinin.1.jpg\" alt=\"\" width=\"508\" height=\"340\" \/><\/a><\/p>\n<p>Tarik Ramadan, \u00ebsht\u00eb aktualisht nj\u00eb nga medimtar\u00ebt m\u00eb t\u00eb r\u00ebnd\u00ebsish\u00ebm t\u00eb Islamit n\u00eb Per\u00ebndim, si dhe nj\u00eb nga aktivist\u00ebt m\u00eb t\u00eb m\u00ebdhenj n\u00eb fush\u00ebn e marr\u00ebdh\u00ebnieve mes Islamit dhe Per\u00ebndimit.<\/p>\n<p>Po ashtu, Tarik Ramadan \u00ebsht\u00eb k\u00ebshilltar i BE-s\u00eb p\u00ebr \u00e7\u00ebshtjet fetare, si dhe \u00ebsht\u00eb Kryetar i Rrjetit Euro-Musliman, me qend\u00ebr n\u00eb Bruksel.<\/p>\n<p>Tariq Ramadan, nj\u00eb nd\u00ebr intelektual\u00ebt m\u00eb me influenc\u00eb sot n\u00eb bot\u00eb, ku \u00ebsht\u00eb renditur nga Revista \u201cForeign Policy\u201d, i teti mes 100 intelektual\u00ebve m\u00eb t\u00eb njohur n\u00eb mbar\u00eb globin.<br \/>\nAi mban leksione n\u00eb universitetet me prestigjoze t\u00eb rruzullit dhe \u00ebsht\u00eb sot nj\u00eb nga mendimtar\u00ebt m\u00eb t\u00eb famsh\u00ebm t\u00eb koh\u00ebs s\u00eb re!<\/p>\n<p>Profesori Tarik Ramadan gjat\u00eb fjalimit t\u00eb tij ai iu drejtua mas\u00ebs me em\u00ebrtimin se ju jeni musliman\u00eb shqiptare. Ku mes tjerash po ashtu tha se Islami ka shum\u00eb kultura, pra \u00ebsht\u00eb heterogjen, ne mund t\u00eb jetojm\u00eb si musliman, por me kultura dhe identitete t\u00eb ndryshme n\u00eb: veshje, gjuh\u00eb, jetes\u00eb, komunikim. Veshja si specifik\u00eb k\u00ebtu ka kuptimin e zgjedhjes s\u00eb\u00a0sharmit dhe ngjyr\u00ebs s\u00eb tesh\u00ebs, por brenda normave Islame.<\/p>\n<p>Kultura dhe Islami jan\u00eb \u00e7\u00ebshtje t\u00eb ndryshme theksoi profesori, duke skicuar iden\u00eb se: Gjuha arabe \u00ebsht\u00eb gjuh\u00eb e Kur\u2019anit, por kultura arabe nuk \u00ebsht\u00eb kultur\u00eb e Islamit. Kjo n\u00ebnkupton se secili popull mund t\u00eb jetoj\u00eb me gjuh\u00ebn, kultur\u00ebn e identitetin e vet brenda struktur\u00ebs Islame.<\/p>\n<p>Porosia e fundit e profesorit n\u00eb aspektin edukativ ishte leximi i librave dhe m\u00ebsimi i sa m\u00eb shum\u00eb gjuh\u00ebve bot\u00ebrore. Dhe gjithashtu shprehi d\u00ebshir\u00ebn q\u00eb edhe n\u00eb t\u00eb ardhmen do t\u00eb vizitoj\u00eb p\u00ebrs\u00ebri k\u00ebto vende.<\/p>\n<p>Mbas takimit, ai u shoq\u00ebrua n\u00eb p\u00ebrcjellje deri n\u00eb kufirin me Kroacin, ku destinacioni i tij n\u00eb vijim ishte Dubrovniku, pastaj vendlindja e tij Zvicrra.<\/p>\n<p>[flv width=&#8221;508&#8243; height=&#8221;300&#8243;]http:\/\/www.fuqiaebesimit.com\/filesrep\/vid\/2e73b04a2.flv[\/flv]<\/p>\n","protected":false},"excerpt":{"rendered":"<p>P\u00ebrgatiti: Senad Maku &#8211; Ulqin. Dijetari dhe Filozofi Zviceran Prof. Dr. Tarik Ramadan vizitoi Ulqinin me 02.06.2011, pas nj\u00eb turi vizitash n\u00eb disa vende t\u00eb Ballkanit si Bosnje, Maqedoni, Kosov\u00eb dhe Shqip\u00ebri, duke vazhduar pastaj vizit\u00ebn e tij n\u00eb Ulqin. Vizita e tij ishte e shkurt\u00ebr n\u00eb bregdetin e Ulqinit i cili d\u00ebshironte q\u00eb k\u00ebt\u00eb [&hellip;]<\/p>\n","protected":false},"author":1,"featured_media":0,"comment_status":"open","ping_status":"closed","sticky":false,"template":"","format":"standard","meta":{"spay_email":"","jetpack_publicize_message":"","jetpack_is_tweetstorm":false,"jetpack_publicize_feature_enabled":true},"categories":[12],"tags":[203,4446,18374,18373,200,18],"jetpack_publicize_connections":[],"yoast_head":"<!-- This site is optimized with the Yoast SEO plugin v19.1 - https:\/\/yoast.com\/wordpress\/plugins\/seo\/ -->\n<title>Tarik Ramadan viziton Ulqinin - Video - Lajme nga Ulqini<\/title>\n<meta name=\"description\" content=\"P\u00ebrgatiti: Senad Maku - Ulqin. Dijetari dhe Filozofi Zviceran Prof. Dr. Tarik Ramadan vizitoi Ulqinin me 02.06.2011, pas nj\u00eb turi vizitash n\u00eb disa vende\" \/>\n<meta name=\"robots\" content=\"index, follow, max-snippet:-1, max-image-preview:large, max-video-preview:-1\" \/>\n<link rel=\"canonical\" href=\"https:\/\/www.visit-ulcinj.com\/blog\/2011\/06\/06\/tarik-ramadan-viziton-ulqinin-video\/\" \/>\n<meta property=\"og:locale\" content=\"en_US\" \/>\n<meta property=\"og:type\" content=\"article\" \/>\n<meta property=\"og:title\" content=\"Tarik Ramadan viziton Ulqinin - Video - Lajme nga Ulqini\" \/>\n<meta property=\"og:description\" content=\"P\u00ebrgatiti: Senad Maku - Ulqin. Dijetari dhe Filozofi Zviceran Prof. Dr. Tarik Ramadan vizitoi Ulqinin me 02.06.2011, pas nj\u00eb turi vizitash n\u00eb disa vende\" \/>\n<meta property=\"og:url\" content=\"https:\/\/www.visit-ulcinj.com\/blog\/2011\/06\/06\/tarik-ramadan-viziton-ulqinin-video\/\" \/>\n<meta property=\"og:site_name\" content=\"Lajme nga Ulqini\" \/>\n<meta property=\"article:published_time\" content=\"2011-06-06T08:19:09+00:00\" \/>\n<meta property=\"article:modified_time\" content=\"2011-06-07T14:46:33+00:00\" \/>\n<meta property=\"og:image\" content=\"http:\/\/www.visit-ulcinj.com\/blog\/wp-content\/uploads\/2011\/06\/Tarik-Ramadan-viziton-Ulqinin.jpg\" \/>\n<meta name=\"twitter:label1\" content=\"Written by\" \/>\n\t<meta name=\"twitter:data1\" content=\"ulqini\" \/>\n\t<meta name=\"twitter:label2\" content=\"Est. reading time\" \/>\n\t<meta name=\"twitter:data2\" content=\"3 minutes\" \/>\n<script type=\"application\/ld+json\" class=\"yoast-schema-graph\">{\"@context\":\"https:\/\/schema.org\",\"@graph\":[{\"@type\":\"WebSite\",\"@id\":\"https:\/\/www.visit-ulcinj.com\/blog\/#website\",\"url\":\"https:\/\/www.visit-ulcinj.com\/blog\/\",\"name\":\"Lajme nga Ulqini\",\"description\":\"Lajme,Vijesti,Ulqini,Ulqin,Crna Gora,Mali i Zi\",\"potentialAction\":[{\"@type\":\"SearchAction\",\"target\":{\"@type\":\"EntryPoint\",\"urlTemplate\":\"https:\/\/www.visit-ulcinj.com\/blog\/?s={search_term_string}\"},\"query-input\":\"required name=search_term_string\"}],\"inLanguage\":\"en-US\"},{\"@type\":\"ImageObject\",\"inLanguage\":\"en-US\",\"@id\":\"https:\/\/www.visit-ulcinj.com\/blog\/2011\/06\/06\/tarik-ramadan-viziton-ulqinin-video\/#primaryimage\",\"url\":\"https:\/\/www.visit-ulcinj.com\/blog\/wp-content\/uploads\/2011\/06\/Tarik-Ramadan-viziton-Ulqinin.jpg\",\"contentUrl\":\"https:\/\/www.visit-ulcinj.com\/blog\/wp-content\/uploads\/2011\/06\/Tarik-Ramadan-viziton-Ulqinin.jpg\",\"width\":\"720\",\"height\":\"538\"},{\"@type\":\"WebPage\",\"@id\":\"https:\/\/www.visit-ulcinj.com\/blog\/2011\/06\/06\/tarik-ramadan-viziton-ulqinin-video\/#webpage\",\"url\":\"https:\/\/www.visit-ulcinj.com\/blog\/2011\/06\/06\/tarik-ramadan-viziton-ulqinin-video\/\",\"name\":\"Tarik Ramadan viziton Ulqinin - Video - Lajme nga Ulqini\",\"isPartOf\":{\"@id\":\"https:\/\/www.visit-ulcinj.com\/blog\/#website\"},\"primaryImageOfPage\":{\"@id\":\"https:\/\/www.visit-ulcinj.com\/blog\/2011\/06\/06\/tarik-ramadan-viziton-ulqinin-video\/#primaryimage\"},\"datePublished\":\"2011-06-06T08:19:09+00:00\",\"dateModified\":\"2011-06-07T14:46:33+00:00\",\"author\":{\"@id\":\"https:\/\/www.visit-ulcinj.com\/blog\/#\/schema\/person\/dcab619c614d3038751c63bc2aadc06d\"},\"description\":\"P\u00ebrgatiti: Senad Maku - Ulqin. Dijetari dhe Filozofi Zviceran Prof. Dr. Tarik Ramadan vizitoi Ulqinin me 02.06.2011, pas nj\u00eb turi vizitash n\u00eb disa vende\",\"breadcrumb\":{\"@id\":\"https:\/\/www.visit-ulcinj.com\/blog\/2011\/06\/06\/tarik-ramadan-viziton-ulqinin-video\/#breadcrumb\"},\"inLanguage\":\"en-US\",\"potentialAction\":[{\"@type\":\"ReadAction\",\"target\":[\"https:\/\/www.visit-ulcinj.com\/blog\/2011\/06\/06\/tarik-ramadan-viziton-ulqinin-video\/\"]}]},{\"@type\":\"BreadcrumbList\",\"@id\":\"https:\/\/www.visit-ulcinj.com\/blog\/2011\/06\/06\/tarik-ramadan-viziton-ulqinin-video\/#breadcrumb\",\"itemListElement\":[{\"@type\":\"ListItem\",\"position\":1,\"name\":\"Tarik Ramadan viziton Ulqinin &#8211; Video\"}]},{\"@type\":\"Person\",\"@id\":\"https:\/\/www.visit-ulcinj.com\/blog\/#\/schema\/person\/dcab619c614d3038751c63bc2aadc06d\",\"name\":\"ulqini\",\"sameAs\":[\"http:\/\/www.visit-ulcinj.com\"],\"url\":\"https:\/\/www.visit-ulcinj.com\/blog\/author\/admin\/\"}]}<\/script>\n<!-- \/ Yoast SEO plugin. -->","yoast_head_json":{"title":"Tarik Ramadan viziton Ulqinin - Video - Lajme nga Ulqini","description":"P\u00ebrgatiti: Senad Maku - Ulqin. Dijetari dhe Filozofi Zviceran Prof. Dr. Tarik Ramadan vizitoi Ulqinin me 02.06.2011, pas nj\u00eb turi vizitash n\u00eb disa vende","robots":{"index":"index","follow":"follow","max-snippet":"max-snippet:-1","max-image-preview":"max-image-preview:large","max-video-preview":"max-video-preview:-1"},"canonical":"https:\/\/www.visit-ulcinj.com\/blog\/2011\/06\/06\/tarik-ramadan-viziton-ulqinin-video\/","og_locale":"en_US","og_type":"article","og_title":"Tarik Ramadan viziton Ulqinin - Video - Lajme nga Ulqini","og_description":"P\u00ebrgatiti: Senad Maku - Ulqin. Dijetari dhe Filozofi Zviceran Prof. Dr. Tarik Ramadan vizitoi Ulqinin me 02.06.2011, pas nj\u00eb turi vizitash n\u00eb disa vende","og_url":"https:\/\/www.visit-ulcinj.com\/blog\/2011\/06\/06\/tarik-ramadan-viziton-ulqinin-video\/","og_site_name":"Lajme nga Ulqini","article_published_time":"2011-06-06T08:19:09+00:00","article_modified_time":"2011-06-07T14:46:33+00:00","og_image":[{"url":"http:\/\/www.visit-ulcinj.com\/blog\/wp-content\/uploads\/2011\/06\/Tarik-Ramadan-viziton-Ulqinin.jpg"}],"twitter_misc":{"Written by":"ulqini","Est. reading time":"3 minutes"},"schema":{"@context":"https:\/\/schema.org","@graph":[{"@type":"WebSite","@id":"https:\/\/www.visit-ulcinj.com\/blog\/#website","url":"https:\/\/www.visit-ulcinj.com\/blog\/","name":"Lajme nga Ulqini","description":"Lajme,Vijesti,Ulqini,Ulqin,Crna Gora,Mali i Zi","potentialAction":[{"@type":"SearchAction","target":{"@type":"EntryPoint","urlTemplate":"https:\/\/www.visit-ulcinj.com\/blog\/?s={search_term_string}"},"query-input":"required name=search_term_string"}],"inLanguage":"en-US"},{"@type":"ImageObject","inLanguage":"en-US","@id":"https:\/\/www.visit-ulcinj.com\/blog\/2011\/06\/06\/tarik-ramadan-viziton-ulqinin-video\/#primaryimage","url":"https:\/\/www.visit-ulcinj.com\/blog\/wp-content\/uploads\/2011\/06\/Tarik-Ramadan-viziton-Ulqinin.jpg","contentUrl":"https:\/\/www.visit-ulcinj.com\/blog\/wp-content\/uploads\/2011\/06\/Tarik-Ramadan-viziton-Ulqinin.jpg","width":"720","height":"538"},{"@type":"WebPage","@id":"https:\/\/www.visit-ulcinj.com\/blog\/2011\/06\/06\/tarik-ramadan-viziton-ulqinin-video\/#webpage","url":"https:\/\/www.visit-ulcinj.com\/blog\/2011\/06\/06\/tarik-ramadan-viziton-ulqinin-video\/","name":"Tarik Ramadan viziton Ulqinin - Video - Lajme nga Ulqini","isPartOf":{"@id":"https:\/\/www.visit-ulcinj.com\/blog\/#website"},"primaryImageOfPage":{"@id":"https:\/\/www.visit-ulcinj.com\/blog\/2011\/06\/06\/tarik-ramadan-viziton-ulqinin-video\/#primaryimage"},"datePublished":"2011-06-06T08:19:09+00:00","dateModified":"2011-06-07T14:46:33+00:00","author":{"@id":"https:\/\/www.visit-ulcinj.com\/blog\/#\/schema\/person\/dcab619c614d3038751c63bc2aadc06d"},"description":"P\u00ebrgatiti: Senad Maku - Ulqin. Dijetari dhe Filozofi Zviceran Prof. Dr. Tarik Ramadan vizitoi Ulqinin me 02.06.2011, pas nj\u00eb turi vizitash n\u00eb disa vende","breadcrumb":{"@id":"https:\/\/www.visit-ulcinj.com\/blog\/2011\/06\/06\/tarik-ramadan-viziton-ulqinin-video\/#breadcrumb"},"inLanguage":"en-US","potentialAction":[{"@type":"ReadAction","target":["https:\/\/www.visit-ulcinj.com\/blog\/2011\/06\/06\/tarik-ramadan-viziton-ulqinin-video\/"]}]},{"@type":"BreadcrumbList","@id":"https:\/\/www.visit-ulcinj.com\/blog\/2011\/06\/06\/tarik-ramadan-viziton-ulqinin-video\/#breadcrumb","itemListElement":[{"@type":"ListItem","position":1,"name":"Tarik Ramadan viziton Ulqinin &#8211; Video"}]},{"@type":"Person","@id":"https:\/\/www.visit-ulcinj.com\/blog\/#\/schema\/person\/dcab619c614d3038751c63bc2aadc06d","name":"ulqini","sameAs":["http:\/\/www.visit-ulcinj.com"],"url":"https:\/\/www.visit-ulcinj.com\/blog\/author\/admin\/"}]}},"jetpack_featured_media_url":"","jetpack_sharing_enabled":true,"jetpack_shortlink":"https:\/\/wp.me\/pe6lTn-ckj","_links":{"self":[{"href":"https:\/\/www.visit-ulcinj.com\/blog\/wp-json\/wp\/v2\/posts\/47387"}],"collection":[{"href":"https:\/\/www.visit-ulcinj.com\/blog\/wp-json\/wp\/v2\/posts"}],"about":[{"href":"https:\/\/www.visit-ulcinj.com\/blog\/wp-json\/wp\/v2\/types\/post"}],"author":[{"embeddable":true,"href":"https:\/\/www.visit-ulcinj.com\/blog\/wp-json\/wp\/v2\/users\/1"}],"replies":[{"embeddable":true,"href":"https:\/\/www.visit-ulcinj.com\/blog\/wp-json\/wp\/v2\/comments?post=47387"}],"version-history":[{"count":0,"href":"https:\/\/www.visit-ulcinj.com\/blog\/wp-json\/wp\/v2\/posts\/47387\/revisions"}],"wp:attachment":[{"href":"https:\/\/www.visit-ulcinj.com\/blog\/wp-json\/wp\/v2\/media?parent=47387"}],"wp:term":[{"taxonomy":"category","embeddable":true,"href":"https:\/\/www.visit-ulcinj.com\/blog\/wp-json\/wp\/v2\/categories?post=47387"},{"taxonomy":"post_tag","embeddable":true,"href":"https:\/\/www.visit-ulcinj.com\/blog\/wp-json\/wp\/v2\/tags?post=47387"}],"curies":[{"name":"wp","href":"https:\/\/api.w.org\/{rel}","templated":true}]}}