{"id":47392,"date":"2011-06-06T10:36:48","date_gmt":"2011-06-06T09:36:48","guid":{"rendered":"http:\/\/www.visit-ulcinj.com\/blog\/?p=47392"},"modified":"2011-06-06T11:29:31","modified_gmt":"2011-06-06T10:29:31","slug":"elvana-gjata-fiton-top-fest-8","status":"publish","type":"post","link":"https:\/\/www.visit-ulcinj.com\/blog\/2011\/06\/06\/elvana-gjata-fiton-top-fest-8\/","title":{"rendered":"Elvana Gjata fiton Top Fest 8"},"content":{"rendered":"<p><a href=\"http:\/\/www.visit-ulcinj.com\/blog\/wp-content\/uploads\/2011\/06\/Elvana-Gjata.jpg\"><img loading=\"lazy\" class=\"alignleft size-full wp-image-47393\" title=\"Elvana Gjata\" src=\"http:\/\/www.visit-ulcinj.com\/blog\/wp-content\/uploads\/2011\/06\/Elvana-Gjata.jpg\" alt=\"\" width=\"508\" height=\"620\" \/><\/a>Elvana Gjata ka fituar \u00e7mimin kryesor n\u00eb edicionin e tet\u00eb t\u00eb festivalit alternativ \u201cTop Fest\u201d, n\u00eb nat\u00ebn finale q\u00eb u mbajt t\u00eb diel\u00ebn mbr\u00ebma n\u00eb Pallatin e Kongreseve n\u00eb Tiran\u00eb.<\/p>\n<p>K\u00ebnga \u201cMe ty\u201d, prodhim i Flori Mumajesit, ishte k\u00ebnga m\u00eb e votuar n\u00eb edicionin e sivjetm\u00eb t\u00eb k\u00ebtij festivali.<\/p>\n<p>Elvana u shpall edhe artistja m\u00eb e mir\u00eb, nd\u00ebrsa \u00e7mimi p\u00ebr artistin m\u00eb t\u00eb mir\u00eb mashkull i takoi Gent Bushpep\u00ebs. Nd\u00ebrkaq, Flori me hitin e tij \u201cTallava\u201d fitoi \u00e7mimin e internetit.<\/p>\n<p>Flaka Krelani ishte fituese n\u00eb kategorin\u00eb rok-alternativ, Xhensila e fitoi \u00e7mimin Pop-R&amp;B, nd\u00ebrsa interpretues m\u00eb t\u00eb mir\u00eb u shpall\u00ebn Anjeza Shahini dhe Dren Abazi.<\/p>\n<p><strong>Telegrafi<\/strong><br \/>\n<!--YouTube Error: bad URL entered--><\/p>\n","protected":false},"excerpt":{"rendered":"<p>Elvana Gjata ka fituar \u00e7mimin kryesor n\u00eb edicionin e tet\u00eb t\u00eb festivalit alternativ \u201cTop Fest\u201d, n\u00eb nat\u00ebn finale q\u00eb u mbajt t\u00eb diel\u00ebn mbr\u00ebma n\u00eb Pallatin e Kongreseve n\u00eb Tiran\u00eb. K\u00ebnga \u201cMe ty\u201d, prodhim i Flori Mumajesit, ishte k\u00ebnga m\u00eb e votuar n\u00eb edicionin e sivjetm\u00eb t\u00eb k\u00ebtij festivali. Elvana u shpall edhe artistja m\u00eb [&hellip;]<\/p>\n","protected":false},"author":1,"featured_media":0,"comment_status":"open","ping_status":"closed","sticky":false,"template":"","format":"standard","meta":{"spay_email":"","jetpack_publicize_message":"","jetpack_is_tweetstorm":false,"jetpack_publicize_feature_enabled":true},"categories":[1],"tags":[7760,17978],"jetpack_publicize_connections":[],"yoast_head":"<!-- This site is optimized with the Yoast SEO plugin v19.1 - https:\/\/yoast.com\/wordpress\/plugins\/seo\/ -->\n<title>Elvana Gjata fiton Top Fest 8 - Lajme nga Ulqini<\/title>\n<meta name=\"description\" content=\"Elvana Gjata ka fituar \u00e7mimin kryesor n\u00eb edicionin e tet\u00eb t\u00eb festivalit alternativ \u201cTop Fest\u201d, n\u00eb nat\u00ebn finale q\u00eb u mbajt t\u00eb diel\u00ebn mbr\u00ebma n\u00eb Pallatin e\" \/>\n<meta name=\"robots\" content=\"index, follow, max-snippet:-1, max-image-preview:large, max-video-preview:-1\" \/>\n<link rel=\"canonical\" href=\"https:\/\/www.visit-ulcinj.com\/blog\/2011\/06\/06\/elvana-gjata-fiton-top-fest-8\/\" \/>\n<meta property=\"og:locale\" content=\"en_US\" \/>\n<meta property=\"og:type\" content=\"article\" \/>\n<meta property=\"og:title\" content=\"Elvana Gjata fiton Top Fest 8 - Lajme nga Ulqini\" \/>\n<meta property=\"og:description\" content=\"Elvana Gjata ka fituar \u00e7mimin kryesor n\u00eb edicionin e tet\u00eb t\u00eb festivalit alternativ \u201cTop Fest\u201d, n\u00eb nat\u00ebn finale q\u00eb u mbajt t\u00eb diel\u00ebn mbr\u00ebma n\u00eb Pallatin e\" \/>\n<meta property=\"og:url\" content=\"https:\/\/www.visit-ulcinj.com\/blog\/2011\/06\/06\/elvana-gjata-fiton-top-fest-8\/\" \/>\n<meta property=\"og:site_name\" content=\"Lajme nga Ulqini\" \/>\n<meta property=\"article:published_time\" content=\"2011-06-06T09:36:48+00:00\" \/>\n<meta property=\"article:modified_time\" content=\"2011-06-06T10:29:31+00:00\" \/>\n<meta property=\"og:image\" content=\"http:\/\/www.visit-ulcinj.com\/blog\/wp-content\/uploads\/2011\/06\/Elvana-Gjata.jpg\" \/>\n<meta name=\"twitter:label1\" content=\"Written by\" \/>\n\t<meta name=\"twitter:data1\" content=\"ulqini\" \/>\n\t<meta name=\"twitter:label2\" content=\"Est. reading time\" \/>\n\t<meta name=\"twitter:data2\" content=\"1 minute\" \/>\n<script type=\"application\/ld+json\" class=\"yoast-schema-graph\">{\"@context\":\"https:\/\/schema.org\",\"@graph\":[{\"@type\":\"WebSite\",\"@id\":\"https:\/\/www.visit-ulcinj.com\/blog\/#website\",\"url\":\"https:\/\/www.visit-ulcinj.com\/blog\/\",\"name\":\"Lajme nga Ulqini\",\"description\":\"Lajme,Vijesti,Ulqini,Ulqin,Crna Gora,Mali i Zi\",\"potentialAction\":[{\"@type\":\"SearchAction\",\"target\":{\"@type\":\"EntryPoint\",\"urlTemplate\":\"https:\/\/www.visit-ulcinj.com\/blog\/?s={search_term_string}\"},\"query-input\":\"required name=search_term_string\"}],\"inLanguage\":\"en-US\"},{\"@type\":\"ImageObject\",\"inLanguage\":\"en-US\",\"@id\":\"https:\/\/www.visit-ulcinj.com\/blog\/2011\/06\/06\/elvana-gjata-fiton-top-fest-8\/#primaryimage\",\"url\":\"http:\/\/www.visit-ulcinj.com\/blog\/wp-content\/uploads\/2011\/06\/Elvana-Gjata.jpg\",\"contentUrl\":\"http:\/\/www.visit-ulcinj.com\/blog\/wp-content\/uploads\/2011\/06\/Elvana-Gjata.jpg\"},{\"@type\":\"WebPage\",\"@id\":\"https:\/\/www.visit-ulcinj.com\/blog\/2011\/06\/06\/elvana-gjata-fiton-top-fest-8\/#webpage\",\"url\":\"https:\/\/www.visit-ulcinj.com\/blog\/2011\/06\/06\/elvana-gjata-fiton-top-fest-8\/\",\"name\":\"Elvana Gjata fiton Top Fest 8 - Lajme nga Ulqini\",\"isPartOf\":{\"@id\":\"https:\/\/www.visit-ulcinj.com\/blog\/#website\"},\"primaryImageOfPage\":{\"@id\":\"https:\/\/www.visit-ulcinj.com\/blog\/2011\/06\/06\/elvana-gjata-fiton-top-fest-8\/#primaryimage\"},\"datePublished\":\"2011-06-06T09:36:48+00:00\",\"dateModified\":\"2011-06-06T10:29:31+00:00\",\"author\":{\"@id\":\"https:\/\/www.visit-ulcinj.com\/blog\/#\/schema\/person\/dcab619c614d3038751c63bc2aadc06d\"},\"description\":\"Elvana Gjata ka fituar \u00e7mimin kryesor n\u00eb edicionin e tet\u00eb t\u00eb festivalit alternativ \u201cTop Fest\u201d, n\u00eb nat\u00ebn finale q\u00eb u mbajt t\u00eb diel\u00ebn mbr\u00ebma n\u00eb Pallatin e\",\"breadcrumb\":{\"@id\":\"https:\/\/www.visit-ulcinj.com\/blog\/2011\/06\/06\/elvana-gjata-fiton-top-fest-8\/#breadcrumb\"},\"inLanguage\":\"en-US\",\"potentialAction\":[{\"@type\":\"ReadAction\",\"target\":[\"https:\/\/www.visit-ulcinj.com\/blog\/2011\/06\/06\/elvana-gjata-fiton-top-fest-8\/\"]}]},{\"@type\":\"BreadcrumbList\",\"@id\":\"https:\/\/www.visit-ulcinj.com\/blog\/2011\/06\/06\/elvana-gjata-fiton-top-fest-8\/#breadcrumb\",\"itemListElement\":[{\"@type\":\"ListItem\",\"position\":1,\"name\":\"Elvana Gjata fiton Top Fest 8\"}]},{\"@type\":\"Person\",\"@id\":\"https:\/\/www.visit-ulcinj.com\/blog\/#\/schema\/person\/dcab619c614d3038751c63bc2aadc06d\",\"name\":\"ulqini\",\"sameAs\":[\"http:\/\/www.visit-ulcinj.com\"],\"url\":\"https:\/\/www.visit-ulcinj.com\/blog\/author\/admin\/\"}]}<\/script>\n<!-- \/ Yoast SEO plugin. -->","yoast_head_json":{"title":"Elvana Gjata fiton Top Fest 8 - Lajme nga Ulqini","description":"Elvana Gjata ka fituar \u00e7mimin kryesor n\u00eb edicionin e tet\u00eb t\u00eb festivalit alternativ \u201cTop Fest\u201d, n\u00eb nat\u00ebn finale q\u00eb u mbajt t\u00eb diel\u00ebn mbr\u00ebma n\u00eb Pallatin e","robots":{"index":"index","follow":"follow","max-snippet":"max-snippet:-1","max-image-preview":"max-image-preview:large","max-video-preview":"max-video-preview:-1"},"canonical":"https:\/\/www.visit-ulcinj.com\/blog\/2011\/06\/06\/elvana-gjata-fiton-top-fest-8\/","og_locale":"en_US","og_type":"article","og_title":"Elvana Gjata fiton Top Fest 8 - Lajme nga Ulqini","og_description":"Elvana Gjata ka fituar \u00e7mimin kryesor n\u00eb edicionin e tet\u00eb t\u00eb festivalit alternativ \u201cTop Fest\u201d, n\u00eb nat\u00ebn finale q\u00eb u mbajt t\u00eb diel\u00ebn mbr\u00ebma n\u00eb Pallatin e","og_url":"https:\/\/www.visit-ulcinj.com\/blog\/2011\/06\/06\/elvana-gjata-fiton-top-fest-8\/","og_site_name":"Lajme nga Ulqini","article_published_time":"2011-06-06T09:36:48+00:00","article_modified_time":"2011-06-06T10:29:31+00:00","og_image":[{"url":"http:\/\/www.visit-ulcinj.com\/blog\/wp-content\/uploads\/2011\/06\/Elvana-Gjata.jpg"}],"twitter_misc":{"Written by":"ulqini","Est. reading time":"1 minute"},"schema":{"@context":"https:\/\/schema.org","@graph":[{"@type":"WebSite","@id":"https:\/\/www.visit-ulcinj.com\/blog\/#website","url":"https:\/\/www.visit-ulcinj.com\/blog\/","name":"Lajme nga Ulqini","description":"Lajme,Vijesti,Ulqini,Ulqin,Crna Gora,Mali i Zi","potentialAction":[{"@type":"SearchAction","target":{"@type":"EntryPoint","urlTemplate":"https:\/\/www.visit-ulcinj.com\/blog\/?s={search_term_string}"},"query-input":"required name=search_term_string"}],"inLanguage":"en-US"},{"@type":"ImageObject","inLanguage":"en-US","@id":"https:\/\/www.visit-ulcinj.com\/blog\/2011\/06\/06\/elvana-gjata-fiton-top-fest-8\/#primaryimage","url":"http:\/\/www.visit-ulcinj.com\/blog\/wp-content\/uploads\/2011\/06\/Elvana-Gjata.jpg","contentUrl":"http:\/\/www.visit-ulcinj.com\/blog\/wp-content\/uploads\/2011\/06\/Elvana-Gjata.jpg"},{"@type":"WebPage","@id":"https:\/\/www.visit-ulcinj.com\/blog\/2011\/06\/06\/elvana-gjata-fiton-top-fest-8\/#webpage","url":"https:\/\/www.visit-ulcinj.com\/blog\/2011\/06\/06\/elvana-gjata-fiton-top-fest-8\/","name":"Elvana Gjata fiton Top Fest 8 - Lajme nga Ulqini","isPartOf":{"@id":"https:\/\/www.visit-ulcinj.com\/blog\/#website"},"primaryImageOfPage":{"@id":"https:\/\/www.visit-ulcinj.com\/blog\/2011\/06\/06\/elvana-gjata-fiton-top-fest-8\/#primaryimage"},"datePublished":"2011-06-06T09:36:48+00:00","dateModified":"2011-06-06T10:29:31+00:00","author":{"@id":"https:\/\/www.visit-ulcinj.com\/blog\/#\/schema\/person\/dcab619c614d3038751c63bc2aadc06d"},"description":"Elvana Gjata ka fituar \u00e7mimin kryesor n\u00eb edicionin e tet\u00eb t\u00eb festivalit alternativ \u201cTop Fest\u201d, n\u00eb nat\u00ebn finale q\u00eb u mbajt t\u00eb diel\u00ebn mbr\u00ebma n\u00eb Pallatin e","breadcrumb":{"@id":"https:\/\/www.visit-ulcinj.com\/blog\/2011\/06\/06\/elvana-gjata-fiton-top-fest-8\/#breadcrumb"},"inLanguage":"en-US","potentialAction":[{"@type":"ReadAction","target":["https:\/\/www.visit-ulcinj.com\/blog\/2011\/06\/06\/elvana-gjata-fiton-top-fest-8\/"]}]},{"@type":"BreadcrumbList","@id":"https:\/\/www.visit-ulcinj.com\/blog\/2011\/06\/06\/elvana-gjata-fiton-top-fest-8\/#breadcrumb","itemListElement":[{"@type":"ListItem","position":1,"name":"Elvana Gjata fiton Top Fest 8"}]},{"@type":"Person","@id":"https:\/\/www.visit-ulcinj.com\/blog\/#\/schema\/person\/dcab619c614d3038751c63bc2aadc06d","name":"ulqini","sameAs":["http:\/\/www.visit-ulcinj.com"],"url":"https:\/\/www.visit-ulcinj.com\/blog\/author\/admin\/"}]}},"jetpack_featured_media_url":"","jetpack_sharing_enabled":true,"jetpack_shortlink":"https:\/\/wp.me\/pe6lTn-cko","_links":{"self":[{"href":"https:\/\/www.visit-ulcinj.com\/blog\/wp-json\/wp\/v2\/posts\/47392"}],"collection":[{"href":"https:\/\/www.visit-ulcinj.com\/blog\/wp-json\/wp\/v2\/posts"}],"about":[{"href":"https:\/\/www.visit-ulcinj.com\/blog\/wp-json\/wp\/v2\/types\/post"}],"author":[{"embeddable":true,"href":"https:\/\/www.visit-ulcinj.com\/blog\/wp-json\/wp\/v2\/users\/1"}],"replies":[{"embeddable":true,"href":"https:\/\/www.visit-ulcinj.com\/blog\/wp-json\/wp\/v2\/comments?post=47392"}],"version-history":[{"count":0,"href":"https:\/\/www.visit-ulcinj.com\/blog\/wp-json\/wp\/v2\/posts\/47392\/revisions"}],"wp:attachment":[{"href":"https:\/\/www.visit-ulcinj.com\/blog\/wp-json\/wp\/v2\/media?parent=47392"}],"wp:term":[{"taxonomy":"category","embeddable":true,"href":"https:\/\/www.visit-ulcinj.com\/blog\/wp-json\/wp\/v2\/categories?post=47392"},{"taxonomy":"post_tag","embeddable":true,"href":"https:\/\/www.visit-ulcinj.com\/blog\/wp-json\/wp\/v2\/tags?post=47392"}],"curies":[{"name":"wp","href":"https:\/\/api.w.org\/{rel}","templated":true}]}}