{"id":474,"date":"2008-02-10T12:43:11","date_gmt":"2008-02-10T17:43:11","guid":{"rendered":"http:\/\/www.visit-ulcinj.com\/blog\/2008\/02\/10\/interviste-me-ismet-karamanagenkryetar-i-shoqates-se-miqve-te-kalas\/"},"modified":"2008-02-28T05:06:58","modified_gmt":"2008-02-28T10:06:58","slug":"interviste-me-ismet-karamanagenkryetar-i-shoqates-se-miqve-te-kalas","status":"publish","type":"post","link":"https:\/\/www.visit-ulcinj.com\/blog\/2008\/02\/10\/interviste-me-ismet-karamanagenkryetar-i-shoqates-se-miqve-te-kalas\/","title":{"rendered":"Intervist\u00eb me Ismet Karamanag\u00ebn,Kryetar i Shoqat\u00ebs s\u00eb Miqve t\u00eb Kalas"},"content":{"rendered":"<p><a href=\"http:\/\/www.visit-ulcinj.com\/blog\/wp-content\/uploads\/2008\/01\/ismet-karamanaga.jpg\" title=\"INTERVIST\u00cb ME ISMET KARAMANAG\u00cbN\"><img src=\"http:\/\/www.visit-ulcinj.com\/blog\/wp-content\/uploads\/2008\/01\/ismet-karamanaga.thumbnail.jpg\" alt=\"INTERVIST\u00cb ME ISMET KARAMANAG\u00cbN\" align=\"left\" hspace=\"2\" vspace=\"2\" \/><\/a>Ditet e fundit personi n\u00eb pyetje t\u00eb Familjes Zec ka ndermarre nje pun\u00eb  barabare ne Kalan mijera vjecare te Ulqinit.Personi n\u00eb pyetje te Familjes Zec,pa pyetur kerkend dhe pa i marre leje askujt kane prure eskavatoret dhe po shkaterrojne (duke hedhur ne det) guret,muret,varret dhe monumentet e vjetra te kultures se kombit tone,te trasheguara qysh nga kohet e lashta, te cilat jane nen mbrojtjen e ligjeve te vecanta nderkombetare t\u00eb UNESCOS,si pasuri boterore tha Ismet Karamanaga,Kryetar i Shoqat\u00ebs s\u00eb Miqve t\u00eb Kalas<font color=\"#ff0000\"><strong>.Shiko video<\/strong><\/font> <!--more--><br \/>\n<center><object height=\"339\" width=\"420\"><param name=\"movie\" value=\"http:\/\/www.dailymotion.com\/swf\/x4c3by\"><\/param><param name=\"allowFullScreen\" value=\"true\"><\/param><param name=\"allowScriptAccess\" value=\"always\"><\/param><\/object><br \/>\n<strong><a href=\"http:\/\/www.dailymotion.com\/swf\/x4c3by\"><\/a><\/strong><em><a href=\"http:\/\/www.dailymotion.com\/floww07\"><br \/>\n<\/a><\/em> <\/center><\/p>\n","protected":false},"excerpt":{"rendered":"<p><img src=\"http:\/\/www.visit-ulcinj.com\/blog\/wp-content\/uploads\/2008\/01\/ismet-karamanaga.thumbnail.jpg\" alt=\"INTERVIST\u00cb ME ISMET KARAMANAG\u00cbN\" witdh=\"140\" height=\"140\"\/> <\/p>\n","protected":false},"author":1,"featured_media":0,"comment_status":"open","ping_status":"closed","sticky":false,"template":"","format":"standard","meta":{"spay_email":"","jetpack_publicize_message":"","jetpack_is_tweetstorm":false,"jetpack_publicize_feature_enabled":true},"categories":[5],"tags":[305,1118,306,1119,22014],"jetpack_publicize_connections":[],"yoast_head":"<!-- This site is optimized with the Yoast SEO plugin v19.1 - https:\/\/yoast.com\/wordpress\/plugins\/seo\/ -->\n<title>Intervist\u00eb me Ismet Karamanag\u00ebn,Kryetar i Shoqat\u00ebs s\u00eb Miqve t\u00eb Kalas - Lajme nga Ulqini<\/title>\n<meta name=\"robots\" content=\"index, follow, max-snippet:-1, max-image-preview:large, max-video-preview:-1\" \/>\n<link rel=\"canonical\" href=\"https:\/\/www.visit-ulcinj.com\/blog\/2008\/02\/10\/interviste-me-ismet-karamanagenkryetar-i-shoqates-se-miqve-te-kalas\/\" \/>\n<meta property=\"og:locale\" content=\"en_US\" \/>\n<meta property=\"og:type\" content=\"article\" \/>\n<meta property=\"og:title\" content=\"Intervist\u00eb me Ismet Karamanag\u00ebn,Kryetar i Shoqat\u00ebs s\u00eb Miqve t\u00eb Kalas - Lajme nga Ulqini\" \/>\n<meta property=\"og:url\" content=\"https:\/\/www.visit-ulcinj.com\/blog\/2008\/02\/10\/interviste-me-ismet-karamanagenkryetar-i-shoqates-se-miqve-te-kalas\/\" \/>\n<meta property=\"og:site_name\" content=\"Lajme nga Ulqini\" \/>\n<meta property=\"article:published_time\" content=\"2008-02-10T17:43:11+00:00\" \/>\n<meta property=\"article:modified_time\" content=\"2008-02-28T10:06:58+00:00\" \/>\n<meta property=\"og:image\" content=\"http:\/\/www.visit-ulcinj.com\/blog\/wp-content\/uploads\/2008\/01\/ismet-karamanaga.thumbnail.jpg\" \/>\n<meta name=\"twitter:label1\" content=\"Written by\" \/>\n\t<meta name=\"twitter:data1\" content=\"ulqini\" \/>\n<script type=\"application\/ld+json\" class=\"yoast-schema-graph\">{\"@context\":\"https:\/\/schema.org\",\"@graph\":[{\"@type\":\"WebSite\",\"@id\":\"https:\/\/www.visit-ulcinj.com\/blog\/#website\",\"url\":\"https:\/\/www.visit-ulcinj.com\/blog\/\",\"name\":\"Lajme nga Ulqini\",\"description\":\"Lajme,Vijesti,Ulqini,Ulqin,Crna Gora,Mali i Zi\",\"potentialAction\":[{\"@type\":\"SearchAction\",\"target\":{\"@type\":\"EntryPoint\",\"urlTemplate\":\"https:\/\/www.visit-ulcinj.com\/blog\/?s={search_term_string}\"},\"query-input\":\"required name=search_term_string\"}],\"inLanguage\":\"en-US\"},{\"@type\":\"ImageObject\",\"inLanguage\":\"en-US\",\"@id\":\"https:\/\/www.visit-ulcinj.com\/blog\/2008\/02\/10\/interviste-me-ismet-karamanagenkryetar-i-shoqates-se-miqve-te-kalas\/#primaryimage\",\"url\":\"http:\/\/www.visit-ulcinj.com\/blog\/wp-content\/uploads\/2008\/01\/ismet-karamanaga.thumbnail.jpg\",\"contentUrl\":\"http:\/\/www.visit-ulcinj.com\/blog\/wp-content\/uploads\/2008\/01\/ismet-karamanaga.thumbnail.jpg\"},{\"@type\":\"WebPage\",\"@id\":\"https:\/\/www.visit-ulcinj.com\/blog\/2008\/02\/10\/interviste-me-ismet-karamanagenkryetar-i-shoqates-se-miqve-te-kalas\/#webpage\",\"url\":\"https:\/\/www.visit-ulcinj.com\/blog\/2008\/02\/10\/interviste-me-ismet-karamanagenkryetar-i-shoqates-se-miqve-te-kalas\/\",\"name\":\"Intervist\u00eb me Ismet Karamanag\u00ebn,Kryetar i Shoqat\u00ebs s\u00eb Miqve t\u00eb Kalas - Lajme nga Ulqini\",\"isPartOf\":{\"@id\":\"https:\/\/www.visit-ulcinj.com\/blog\/#website\"},\"primaryImageOfPage\":{\"@id\":\"https:\/\/www.visit-ulcinj.com\/blog\/2008\/02\/10\/interviste-me-ismet-karamanagenkryetar-i-shoqates-se-miqve-te-kalas\/#primaryimage\"},\"datePublished\":\"2008-02-10T17:43:11+00:00\",\"dateModified\":\"2008-02-28T10:06:58+00:00\",\"author\":{\"@id\":\"https:\/\/www.visit-ulcinj.com\/blog\/#\/schema\/person\/dcab619c614d3038751c63bc2aadc06d\"},\"breadcrumb\":{\"@id\":\"https:\/\/www.visit-ulcinj.com\/blog\/2008\/02\/10\/interviste-me-ismet-karamanagenkryetar-i-shoqates-se-miqve-te-kalas\/#breadcrumb\"},\"inLanguage\":\"en-US\",\"potentialAction\":[{\"@type\":\"ReadAction\",\"target\":[\"https:\/\/www.visit-ulcinj.com\/blog\/2008\/02\/10\/interviste-me-ismet-karamanagenkryetar-i-shoqates-se-miqve-te-kalas\/\"]}]},{\"@type\":\"BreadcrumbList\",\"@id\":\"https:\/\/www.visit-ulcinj.com\/blog\/2008\/02\/10\/interviste-me-ismet-karamanagenkryetar-i-shoqates-se-miqve-te-kalas\/#breadcrumb\",\"itemListElement\":[{\"@type\":\"ListItem\",\"position\":1,\"name\":\"Intervist\u00eb me Ismet Karamanag\u00ebn,Kryetar i Shoqat\u00ebs s\u00eb Miqve t\u00eb Kalas\"}]},{\"@type\":\"Person\",\"@id\":\"https:\/\/www.visit-ulcinj.com\/blog\/#\/schema\/person\/dcab619c614d3038751c63bc2aadc06d\",\"name\":\"ulqini\",\"sameAs\":[\"http:\/\/www.visit-ulcinj.com\"],\"url\":\"https:\/\/www.visit-ulcinj.com\/blog\/author\/admin\/\"}]}<\/script>\n<!-- \/ Yoast SEO plugin. -->","yoast_head_json":{"title":"Intervist\u00eb me Ismet Karamanag\u00ebn,Kryetar i Shoqat\u00ebs s\u00eb Miqve t\u00eb Kalas - Lajme nga Ulqini","robots":{"index":"index","follow":"follow","max-snippet":"max-snippet:-1","max-image-preview":"max-image-preview:large","max-video-preview":"max-video-preview:-1"},"canonical":"https:\/\/www.visit-ulcinj.com\/blog\/2008\/02\/10\/interviste-me-ismet-karamanagenkryetar-i-shoqates-se-miqve-te-kalas\/","og_locale":"en_US","og_type":"article","og_title":"Intervist\u00eb me Ismet Karamanag\u00ebn,Kryetar i Shoqat\u00ebs s\u00eb Miqve t\u00eb Kalas - Lajme nga Ulqini","og_url":"https:\/\/www.visit-ulcinj.com\/blog\/2008\/02\/10\/interviste-me-ismet-karamanagenkryetar-i-shoqates-se-miqve-te-kalas\/","og_site_name":"Lajme nga Ulqini","article_published_time":"2008-02-10T17:43:11+00:00","article_modified_time":"2008-02-28T10:06:58+00:00","og_image":[{"url":"http:\/\/www.visit-ulcinj.com\/blog\/wp-content\/uploads\/2008\/01\/ismet-karamanaga.thumbnail.jpg"}],"twitter_misc":{"Written by":"ulqini"},"schema":{"@context":"https:\/\/schema.org","@graph":[{"@type":"WebSite","@id":"https:\/\/www.visit-ulcinj.com\/blog\/#website","url":"https:\/\/www.visit-ulcinj.com\/blog\/","name":"Lajme nga Ulqini","description":"Lajme,Vijesti,Ulqini,Ulqin,Crna Gora,Mali i Zi","potentialAction":[{"@type":"SearchAction","target":{"@type":"EntryPoint","urlTemplate":"https:\/\/www.visit-ulcinj.com\/blog\/?s={search_term_string}"},"query-input":"required name=search_term_string"}],"inLanguage":"en-US"},{"@type":"ImageObject","inLanguage":"en-US","@id":"https:\/\/www.visit-ulcinj.com\/blog\/2008\/02\/10\/interviste-me-ismet-karamanagenkryetar-i-shoqates-se-miqve-te-kalas\/#primaryimage","url":"http:\/\/www.visit-ulcinj.com\/blog\/wp-content\/uploads\/2008\/01\/ismet-karamanaga.thumbnail.jpg","contentUrl":"http:\/\/www.visit-ulcinj.com\/blog\/wp-content\/uploads\/2008\/01\/ismet-karamanaga.thumbnail.jpg"},{"@type":"WebPage","@id":"https:\/\/www.visit-ulcinj.com\/blog\/2008\/02\/10\/interviste-me-ismet-karamanagenkryetar-i-shoqates-se-miqve-te-kalas\/#webpage","url":"https:\/\/www.visit-ulcinj.com\/blog\/2008\/02\/10\/interviste-me-ismet-karamanagenkryetar-i-shoqates-se-miqve-te-kalas\/","name":"Intervist\u00eb me Ismet Karamanag\u00ebn,Kryetar i Shoqat\u00ebs s\u00eb Miqve t\u00eb Kalas - Lajme nga Ulqini","isPartOf":{"@id":"https:\/\/www.visit-ulcinj.com\/blog\/#website"},"primaryImageOfPage":{"@id":"https:\/\/www.visit-ulcinj.com\/blog\/2008\/02\/10\/interviste-me-ismet-karamanagenkryetar-i-shoqates-se-miqve-te-kalas\/#primaryimage"},"datePublished":"2008-02-10T17:43:11+00:00","dateModified":"2008-02-28T10:06:58+00:00","author":{"@id":"https:\/\/www.visit-ulcinj.com\/blog\/#\/schema\/person\/dcab619c614d3038751c63bc2aadc06d"},"breadcrumb":{"@id":"https:\/\/www.visit-ulcinj.com\/blog\/2008\/02\/10\/interviste-me-ismet-karamanagenkryetar-i-shoqates-se-miqve-te-kalas\/#breadcrumb"},"inLanguage":"en-US","potentialAction":[{"@type":"ReadAction","target":["https:\/\/www.visit-ulcinj.com\/blog\/2008\/02\/10\/interviste-me-ismet-karamanagenkryetar-i-shoqates-se-miqve-te-kalas\/"]}]},{"@type":"BreadcrumbList","@id":"https:\/\/www.visit-ulcinj.com\/blog\/2008\/02\/10\/interviste-me-ismet-karamanagenkryetar-i-shoqates-se-miqve-te-kalas\/#breadcrumb","itemListElement":[{"@type":"ListItem","position":1,"name":"Intervist\u00eb me Ismet Karamanag\u00ebn,Kryetar i Shoqat\u00ebs s\u00eb Miqve t\u00eb Kalas"}]},{"@type":"Person","@id":"https:\/\/www.visit-ulcinj.com\/blog\/#\/schema\/person\/dcab619c614d3038751c63bc2aadc06d","name":"ulqini","sameAs":["http:\/\/www.visit-ulcinj.com"],"url":"https:\/\/www.visit-ulcinj.com\/blog\/author\/admin\/"}]}},"jetpack_featured_media_url":"","jetpack_sharing_enabled":true,"jetpack_shortlink":"https:\/\/wp.me\/pe6lTn-7E","_links":{"self":[{"href":"https:\/\/www.visit-ulcinj.com\/blog\/wp-json\/wp\/v2\/posts\/474"}],"collection":[{"href":"https:\/\/www.visit-ulcinj.com\/blog\/wp-json\/wp\/v2\/posts"}],"about":[{"href":"https:\/\/www.visit-ulcinj.com\/blog\/wp-json\/wp\/v2\/types\/post"}],"author":[{"embeddable":true,"href":"https:\/\/www.visit-ulcinj.com\/blog\/wp-json\/wp\/v2\/users\/1"}],"replies":[{"embeddable":true,"href":"https:\/\/www.visit-ulcinj.com\/blog\/wp-json\/wp\/v2\/comments?post=474"}],"version-history":[{"count":0,"href":"https:\/\/www.visit-ulcinj.com\/blog\/wp-json\/wp\/v2\/posts\/474\/revisions"}],"wp:attachment":[{"href":"https:\/\/www.visit-ulcinj.com\/blog\/wp-json\/wp\/v2\/media?parent=474"}],"wp:term":[{"taxonomy":"category","embeddable":true,"href":"https:\/\/www.visit-ulcinj.com\/blog\/wp-json\/wp\/v2\/categories?post=474"},{"taxonomy":"post_tag","embeddable":true,"href":"https:\/\/www.visit-ulcinj.com\/blog\/wp-json\/wp\/v2\/tags?post=474"}],"curies":[{"name":"wp","href":"https:\/\/api.w.org\/{rel}","templated":true}]}}