{"id":47417,"date":"2011-06-06T14:13:50","date_gmt":"2011-06-06T13:13:50","guid":{"rendered":"http:\/\/www.visit-ulcinj.com\/blog\/?p=47417"},"modified":"2011-06-06T14:13:50","modified_gmt":"2011-06-06T13:13:50","slug":"tuna-publiku-i-di-prirjet-e-mia-seksuale","status":"publish","type":"post","link":"https:\/\/www.visit-ulcinj.com\/blog\/2011\/06\/06\/tuna-publiku-i-di-prirjet-e-mia-seksuale\/","title":{"rendered":"Tuna, publiku i di prirjet e mia seksuale"},"content":{"rendered":"<p><a href=\"http:\/\/www.visit-ulcinj.com\/blog\/wp-content\/uploads\/2011\/06\/Altuna-Sejdiu_1.jpg\"><img loading=\"lazy\" class=\"alignleft size-full wp-image-47418\" title=\"Altuna Sejdiu_1\" src=\"http:\/\/www.visit-ulcinj.com\/blog\/wp-content\/uploads\/2011\/06\/Altuna-Sejdiu_1.jpg\" alt=\"\" width=\"508\" height=\"380\" \/><\/a>K\u00ebng\u00ebtarja Tuna ka rip\u00ebrs\u00ebritur se nuk \u00ebsht\u00eb leisbike dhe ka dh\u00ebn\u00eb nj\u00eb deklarat\u00eb t\u00eb \u00e7uditshme se publiku i di shijet e saja seksuale. Nuk ka asnj\u00eb pik\u00eb dyshimi, q\u00eb Altuna Sejdiu, e njohur n\u00eb muzik\u00eb si Tuna, \u00ebsht\u00eb nj\u00eb nga k\u00ebng\u00ebtaret m\u00eb seksi t\u00eb sken\u00ebs. Ajo gjithmon\u00eb ka r\u00ebn\u00eb n\u00eb sy, si n\u00eb k\u00ebng\u00ebt e saj, performancat \u2018live\u2019 dhe fotografit\u00eb q\u00eb b\u00ebn p\u00ebr look-un e ve\u00e7ant\u00eb, gjithmon\u00eb inovator, veshjet provokuese dhe l\u00ebvizjet josh\u00ebse. Ka pasur histori dashurie me meshkuj simpatik\u00eb, t\u00eb cilat edhe jan\u00eb paraqitur n\u00eb faqet e shtypit roz\u00eb. Ashtu sikurse edhe lidhja e saj, q\u00eb e \u00e7oi drejt martes\u00ebs me Rilind Rek\u00ebn, djaloshin biznesmen, djal\u00eb i nj\u00eb diplomati. K\u00ebsisoj ka qen\u00eb v\u00ebrtet shokuese, thashethemi q\u00eb qarkulloi s\u00eb bashku me ndarjen nga burri i saj, p\u00ebr prirjet lezbike t\u00eb k\u00ebng\u00ebtares.<\/p>\n<p>N\u00ebse ishin kompromentuese disa foto q\u00eb k\u00ebng\u00ebtarja kishte b\u00ebr\u00eb me nj\u00eb modele, kjo nuk \u00ebsht\u00eb fakt, pasi jo vet\u00ebm q\u00eb nuk \u00ebsht\u00eb e para artiste q\u00eb pozon ashtu, por edhe sepse ato foto jan\u00eb realizuar prej koh\u00ebsh dhe kurr\u00eb m\u00eb par\u00eb nuk ka pasur ndonj\u00eb dyshim apo koment p\u00ebr prirjet e saj ndaj femrave. Britney Spears \u00ebsht\u00eb puthur n\u00eb buz\u00eb dy her\u00eb n\u00eb sken\u00eb me k\u00ebng\u00ebtaret Madonna dhe s\u00eb fundmi me k\u00ebng\u00ebtaren seksi Rihanna, por askush nuk e ka akuzuar at\u00eb p\u00ebr prirje lezbizmi\u2026 Rasti i Tun\u00ebs nuk \u00ebsht\u00eb kaq flagrant. Dhe ashtu si shum\u00eb fansa t\u00eb saj edhe ajo vet\u00eb, Tuna, \u00ebsht\u00eb prekur e \u00e7uditur kur ndarjes nga bashk\u00ebshorti i kan\u00eb shtuar si fakt biseksualitetin e saj. Pasi ka ndjekur dy dit\u00ebt e fundit zhurm\u00ebn mediatike, q\u00eb \u00ebsht\u00eb b\u00ebr\u00eb n\u00eb k\u00ebt\u00eb rast, Tuna ka reaguar.<\/p>\n<p>Ajo ka konfirmuar ndarjen tashm\u00eb nga ish-bashk\u00ebshorti i saj, Rilind Reka, por ka hodhi kategorikisht posht\u00eb pohimet se shkaku ishte biseksualiteti i saj. Tuna e konfirmoi lajmin e ndarjes p\u00ebr televizionin maqedonas \u201cAlsat\u201d, p\u00ebrderisa pohoi se ekzistojn\u00eb arsye t\u00eb tjera prapa ndarjes nga biznesmeni dhe jo si\u00e7 kan\u00eb shkruar disa mediume, kinse p\u00ebr shkak t\u00eb biseksualitetit. \u201c\u00cbsht\u00eb e v\u00ebrtet\u00eb q\u00eb jam ndar\u00eb, por kjo gj\u00eb dua t\u00eb p\u00ebrfundoj\u00eb me kaq, ky \u00ebsht\u00eb prononcimi im i par\u00eb dhe i fundit p\u00ebr k\u00ebt\u00eb \u00e7\u00ebshtje. Nuk dua t\u00eb komentoj m\u00eb tep\u00ebr dhe aq m\u00eb pak t\u00eb jap detaje dhe arsye p\u00ebr ndarjen. Se nga kush joshem un\u00eb, k\u00ebt\u00eb e din\u00eb m\u00eb mir\u00eb publiku, pasi ka shum\u00eb vite q\u00eb jam n\u00eb sken\u00eb dhe e kam d\u00ebshmuar k\u00ebt\u00eb\u201d, theksoi Tuna, duke ironizuar pohimet p\u00ebr biseksualitetin e saj. Ajo gjithashtu ka shtuar se \u201cNuk \u00ebsht\u00eb aspak e \u00e7uditshme q\u00eb n\u00eb k\u00ebt\u00eb rast, secili p\u00ebrfiton n\u00eb m\u00ebnyr\u00ebn e vet dhe ndoshta me verb\u00ebri u beson disa mediumeve dhe p\u00ebr mua nuk \u00ebsht\u00eb n\u00eb rregull t\u00eb besohen informata t\u00eb k\u00ebtilla\u201d! Tuna, n\u00eb po k\u00ebt\u00eb intervist\u00eb telefonike, b\u00ebri t\u00eb ditur se \u00ebsht\u00eb duke q\u00ebndruar n\u00eb Zvic\u00ebr, p\u00ebr t\u00eb promovuar albumin e ri t\u00eb 2po2, \u201cAuthentic\u201d, duke mos l\u00ebn\u00eb pa p\u00ebrmendur as lan\u00e7imin e klipit t\u00eb k\u00ebng\u00ebs \u201cDysheme\u201d!<br \/>\n<a href=\"http:\/\/www.visit-ulcinj.com\/blog\/wp-content\/uploads\/2011\/06\/Altuna-Sejdiu_2.jpg\"><img loading=\"lazy\" class=\"alignleft size-full wp-image-47419\" title=\"Altuna Sejdiu_2\" src=\"http:\/\/www.visit-ulcinj.com\/blog\/wp-content\/uploads\/2011\/06\/Altuna-Sejdiu_2.jpg\" alt=\"\" width=\"508\" height=\"340\" \/><\/a><\/p>\n<p>N\u00eb t\u00eb v\u00ebrtet\u00eb, vet\u00eb Tuna qyshse u zhvendos nga Shkupi n\u00eb Prishtin\u00eb, nuk ka qen\u00eb asnj\u00ebher\u00eb e lumtur. Ajo \u00ebsht\u00eb shprehur vet\u00eb se ndihej e ngurt\u00ebsuar, pa miq dhe pa njer\u00ebzit q\u00eb e donin n\u00eb Prishtin\u00eb. Ajo ka pohuar se gati-gati po kalonte n\u00eb depresion n\u00eb kryeqytetin kosovar. Nuk dihet n\u00ebse mosambientimi ka qen\u00eb nj\u00eb nga shkaqet, por gjith\u00e7ka q\u00eb artistja l\u00eb t\u00eb kuptoj\u00eb, ka t\u00eb b\u00ebj\u00eb me marr\u00ebdh\u00ebniet e saj dhe partnerit, Rilindin, e aspak me prirjet e saj biseksuale! Tuna u martua m\u00eb 4 prill, nj\u00eb vit m\u00eb par\u00eb, n\u00eb nj\u00eb dasm\u00eb surpriz\u00eb p\u00ebr fansat. Pasi edhe lidhja me Rilindin nuk kishte m\u00ebse nj\u00eb vit q\u00eb kishte nisur. Gjat\u00eb k\u00ebsaj kohe, jeta e saj private ka qen\u00eb objekt thashethemesh. Si p\u00ebrshembull, ai i nj\u00eb shtatz\u00ebnie t\u00eb mundshme. K\u00ebng\u00ebtarja asokohe e mohoi k\u00ebt\u00eb lajm, nd\u00ebrsa b\u00ebri me dije se do t\u00eb martohej. Fotografit\u00eb e dasm\u00ebs s\u00eb Tun\u00ebs pak jav\u00eb m\u00eb von\u00eb zun\u00eb kopertinat e revistave dhe gazetave roz\u00eb n\u00eb Kosov\u00eb, Shqip\u00ebri e Maqedoni. Edhe pas martes\u00ebs, Tuna u shfaq suksessh\u00ebm n\u00eb tregun muzikor, si me bashk\u00ebpunimin me k\u00ebng\u00ebtaren Dafina Zeqiri dhe 2Po2 n\u00eb k\u00ebng\u00ebn \u201cVibe\u201d, po aq edhe n\u00eb k\u00ebng\u00ebn e saj solo \u201cPse jo\u201d! Tashm\u00eb si\u00e7 e pohuam edhe m\u00eb lart, artistja seksi po p\u00ebrgatit t\u00eb sjell\u00eb p\u00ebr fansat e saj k\u00ebng\u00ebn e saj t\u00eb re \u201cDysheme\u201d!<\/p>\n<p><strong>Mapo<br \/>\n<!--YouTube Error: bad URL entered--><\/strong><\/p>\n","protected":false},"excerpt":{"rendered":"<p>K\u00ebng\u00ebtarja Tuna ka rip\u00ebrs\u00ebritur se nuk \u00ebsht\u00eb leisbike dhe ka dh\u00ebn\u00eb nj\u00eb deklarat\u00eb t\u00eb \u00e7uditshme se publiku i di shijet e saja seksuale. Nuk ka asnj\u00eb pik\u00eb dyshimi, q\u00eb Altuna Sejdiu, e njohur n\u00eb muzik\u00eb si Tuna, \u00ebsht\u00eb nj\u00eb nga k\u00ebng\u00ebtaret m\u00eb seksi t\u00eb sken\u00ebs. Ajo gjithmon\u00eb ka r\u00ebn\u00eb n\u00eb sy, si n\u00eb k\u00ebng\u00ebt e [&hellip;]<\/p>\n","protected":false},"author":1,"featured_media":0,"comment_status":"open","ping_status":"closed","sticky":false,"template":"","format":"standard","meta":{"spay_email":"","jetpack_publicize_message":"","jetpack_is_tweetstorm":false,"jetpack_publicize_feature_enabled":true},"categories":[1],"tags":[12963],"jetpack_publicize_connections":[],"yoast_head":"<!-- This site is optimized with the Yoast SEO plugin v19.1 - https:\/\/yoast.com\/wordpress\/plugins\/seo\/ -->\n<title>Tuna, publiku i di prirjet e mia seksuale - Lajme nga Ulqini<\/title>\n<meta name=\"description\" content=\"K\u00ebng\u00ebtarja Tuna ka rip\u00ebrs\u00ebritur se nuk \u00ebsht\u00eb leisbike dhe ka dh\u00ebn\u00eb nj\u00eb deklarat\u00eb t\u00eb \u00e7uditshme se publiku i di shijet e saja seksuale. Nuk ka asnj\u00eb pik\u00eb\" \/>\n<meta name=\"robots\" content=\"index, follow, max-snippet:-1, max-image-preview:large, max-video-preview:-1\" \/>\n<link rel=\"canonical\" href=\"https:\/\/www.visit-ulcinj.com\/blog\/2011\/06\/06\/tuna-publiku-i-di-prirjet-e-mia-seksuale\/\" \/>\n<meta property=\"og:locale\" content=\"en_US\" \/>\n<meta property=\"og:type\" content=\"article\" \/>\n<meta property=\"og:title\" content=\"Tuna, publiku i di prirjet e mia seksuale - Lajme nga Ulqini\" \/>\n<meta property=\"og:description\" content=\"K\u00ebng\u00ebtarja Tuna ka rip\u00ebrs\u00ebritur se nuk \u00ebsht\u00eb leisbike dhe ka dh\u00ebn\u00eb nj\u00eb deklarat\u00eb t\u00eb \u00e7uditshme se publiku i di shijet e saja seksuale. Nuk ka asnj\u00eb pik\u00eb\" \/>\n<meta property=\"og:url\" content=\"https:\/\/www.visit-ulcinj.com\/blog\/2011\/06\/06\/tuna-publiku-i-di-prirjet-e-mia-seksuale\/\" \/>\n<meta property=\"og:site_name\" content=\"Lajme nga Ulqini\" \/>\n<meta property=\"article:published_time\" content=\"2011-06-06T13:13:50+00:00\" \/>\n<meta property=\"og:image\" content=\"http:\/\/www.visit-ulcinj.com\/blog\/wp-content\/uploads\/2011\/06\/Altuna-Sejdiu_1.jpg\" \/>\n<meta name=\"twitter:label1\" content=\"Written by\" \/>\n\t<meta name=\"twitter:data1\" content=\"ulqini\" \/>\n\t<meta name=\"twitter:label2\" content=\"Est. reading time\" \/>\n\t<meta name=\"twitter:data2\" content=\"4 minutes\" \/>\n<script type=\"application\/ld+json\" class=\"yoast-schema-graph\">{\"@context\":\"https:\/\/schema.org\",\"@graph\":[{\"@type\":\"WebSite\",\"@id\":\"https:\/\/www.visit-ulcinj.com\/blog\/#website\",\"url\":\"https:\/\/www.visit-ulcinj.com\/blog\/\",\"name\":\"Lajme nga Ulqini\",\"description\":\"Lajme,Vijesti,Ulqini,Ulqin,Crna Gora,Mali i Zi\",\"potentialAction\":[{\"@type\":\"SearchAction\",\"target\":{\"@type\":\"EntryPoint\",\"urlTemplate\":\"https:\/\/www.visit-ulcinj.com\/blog\/?s={search_term_string}\"},\"query-input\":\"required name=search_term_string\"}],\"inLanguage\":\"en-US\"},{\"@type\":\"ImageObject\",\"inLanguage\":\"en-US\",\"@id\":\"https:\/\/www.visit-ulcinj.com\/blog\/2011\/06\/06\/tuna-publiku-i-di-prirjet-e-mia-seksuale\/#primaryimage\",\"url\":\"http:\/\/www.visit-ulcinj.com\/blog\/wp-content\/uploads\/2011\/06\/Altuna-Sejdiu_1.jpg\",\"contentUrl\":\"http:\/\/www.visit-ulcinj.com\/blog\/wp-content\/uploads\/2011\/06\/Altuna-Sejdiu_1.jpg\"},{\"@type\":\"WebPage\",\"@id\":\"https:\/\/www.visit-ulcinj.com\/blog\/2011\/06\/06\/tuna-publiku-i-di-prirjet-e-mia-seksuale\/#webpage\",\"url\":\"https:\/\/www.visit-ulcinj.com\/blog\/2011\/06\/06\/tuna-publiku-i-di-prirjet-e-mia-seksuale\/\",\"name\":\"Tuna, publiku i di prirjet e mia seksuale - Lajme nga Ulqini\",\"isPartOf\":{\"@id\":\"https:\/\/www.visit-ulcinj.com\/blog\/#website\"},\"primaryImageOfPage\":{\"@id\":\"https:\/\/www.visit-ulcinj.com\/blog\/2011\/06\/06\/tuna-publiku-i-di-prirjet-e-mia-seksuale\/#primaryimage\"},\"datePublished\":\"2011-06-06T13:13:50+00:00\",\"dateModified\":\"2011-06-06T13:13:50+00:00\",\"author\":{\"@id\":\"https:\/\/www.visit-ulcinj.com\/blog\/#\/schema\/person\/dcab619c614d3038751c63bc2aadc06d\"},\"description\":\"K\u00ebng\u00ebtarja Tuna ka rip\u00ebrs\u00ebritur se nuk \u00ebsht\u00eb leisbike dhe ka dh\u00ebn\u00eb nj\u00eb deklarat\u00eb t\u00eb \u00e7uditshme se publiku i di shijet e saja seksuale. Nuk ka asnj\u00eb pik\u00eb\",\"breadcrumb\":{\"@id\":\"https:\/\/www.visit-ulcinj.com\/blog\/2011\/06\/06\/tuna-publiku-i-di-prirjet-e-mia-seksuale\/#breadcrumb\"},\"inLanguage\":\"en-US\",\"potentialAction\":[{\"@type\":\"ReadAction\",\"target\":[\"https:\/\/www.visit-ulcinj.com\/blog\/2011\/06\/06\/tuna-publiku-i-di-prirjet-e-mia-seksuale\/\"]}]},{\"@type\":\"BreadcrumbList\",\"@id\":\"https:\/\/www.visit-ulcinj.com\/blog\/2011\/06\/06\/tuna-publiku-i-di-prirjet-e-mia-seksuale\/#breadcrumb\",\"itemListElement\":[{\"@type\":\"ListItem\",\"position\":1,\"name\":\"Tuna, publiku i di prirjet e mia seksuale\"}]},{\"@type\":\"Person\",\"@id\":\"https:\/\/www.visit-ulcinj.com\/blog\/#\/schema\/person\/dcab619c614d3038751c63bc2aadc06d\",\"name\":\"ulqini\",\"sameAs\":[\"http:\/\/www.visit-ulcinj.com\"],\"url\":\"https:\/\/www.visit-ulcinj.com\/blog\/author\/admin\/\"}]}<\/script>\n<!-- \/ Yoast SEO plugin. -->","yoast_head_json":{"title":"Tuna, publiku i di prirjet e mia seksuale - Lajme nga Ulqini","description":"K\u00ebng\u00ebtarja Tuna ka rip\u00ebrs\u00ebritur se nuk \u00ebsht\u00eb leisbike dhe ka dh\u00ebn\u00eb nj\u00eb deklarat\u00eb t\u00eb \u00e7uditshme se publiku i di shijet e saja seksuale. Nuk ka asnj\u00eb pik\u00eb","robots":{"index":"index","follow":"follow","max-snippet":"max-snippet:-1","max-image-preview":"max-image-preview:large","max-video-preview":"max-video-preview:-1"},"canonical":"https:\/\/www.visit-ulcinj.com\/blog\/2011\/06\/06\/tuna-publiku-i-di-prirjet-e-mia-seksuale\/","og_locale":"en_US","og_type":"article","og_title":"Tuna, publiku i di prirjet e mia seksuale - Lajme nga Ulqini","og_description":"K\u00ebng\u00ebtarja Tuna ka rip\u00ebrs\u00ebritur se nuk \u00ebsht\u00eb leisbike dhe ka dh\u00ebn\u00eb nj\u00eb deklarat\u00eb t\u00eb \u00e7uditshme se publiku i di shijet e saja seksuale. Nuk ka asnj\u00eb pik\u00eb","og_url":"https:\/\/www.visit-ulcinj.com\/blog\/2011\/06\/06\/tuna-publiku-i-di-prirjet-e-mia-seksuale\/","og_site_name":"Lajme nga Ulqini","article_published_time":"2011-06-06T13:13:50+00:00","og_image":[{"url":"http:\/\/www.visit-ulcinj.com\/blog\/wp-content\/uploads\/2011\/06\/Altuna-Sejdiu_1.jpg"}],"twitter_misc":{"Written by":"ulqini","Est. reading time":"4 minutes"},"schema":{"@context":"https:\/\/schema.org","@graph":[{"@type":"WebSite","@id":"https:\/\/www.visit-ulcinj.com\/blog\/#website","url":"https:\/\/www.visit-ulcinj.com\/blog\/","name":"Lajme nga Ulqini","description":"Lajme,Vijesti,Ulqini,Ulqin,Crna Gora,Mali i Zi","potentialAction":[{"@type":"SearchAction","target":{"@type":"EntryPoint","urlTemplate":"https:\/\/www.visit-ulcinj.com\/blog\/?s={search_term_string}"},"query-input":"required name=search_term_string"}],"inLanguage":"en-US"},{"@type":"ImageObject","inLanguage":"en-US","@id":"https:\/\/www.visit-ulcinj.com\/blog\/2011\/06\/06\/tuna-publiku-i-di-prirjet-e-mia-seksuale\/#primaryimage","url":"http:\/\/www.visit-ulcinj.com\/blog\/wp-content\/uploads\/2011\/06\/Altuna-Sejdiu_1.jpg","contentUrl":"http:\/\/www.visit-ulcinj.com\/blog\/wp-content\/uploads\/2011\/06\/Altuna-Sejdiu_1.jpg"},{"@type":"WebPage","@id":"https:\/\/www.visit-ulcinj.com\/blog\/2011\/06\/06\/tuna-publiku-i-di-prirjet-e-mia-seksuale\/#webpage","url":"https:\/\/www.visit-ulcinj.com\/blog\/2011\/06\/06\/tuna-publiku-i-di-prirjet-e-mia-seksuale\/","name":"Tuna, publiku i di prirjet e mia seksuale - Lajme nga Ulqini","isPartOf":{"@id":"https:\/\/www.visit-ulcinj.com\/blog\/#website"},"primaryImageOfPage":{"@id":"https:\/\/www.visit-ulcinj.com\/blog\/2011\/06\/06\/tuna-publiku-i-di-prirjet-e-mia-seksuale\/#primaryimage"},"datePublished":"2011-06-06T13:13:50+00:00","dateModified":"2011-06-06T13:13:50+00:00","author":{"@id":"https:\/\/www.visit-ulcinj.com\/blog\/#\/schema\/person\/dcab619c614d3038751c63bc2aadc06d"},"description":"K\u00ebng\u00ebtarja Tuna ka rip\u00ebrs\u00ebritur se nuk \u00ebsht\u00eb leisbike dhe ka dh\u00ebn\u00eb nj\u00eb deklarat\u00eb t\u00eb \u00e7uditshme se publiku i di shijet e saja seksuale. Nuk ka asnj\u00eb pik\u00eb","breadcrumb":{"@id":"https:\/\/www.visit-ulcinj.com\/blog\/2011\/06\/06\/tuna-publiku-i-di-prirjet-e-mia-seksuale\/#breadcrumb"},"inLanguage":"en-US","potentialAction":[{"@type":"ReadAction","target":["https:\/\/www.visit-ulcinj.com\/blog\/2011\/06\/06\/tuna-publiku-i-di-prirjet-e-mia-seksuale\/"]}]},{"@type":"BreadcrumbList","@id":"https:\/\/www.visit-ulcinj.com\/blog\/2011\/06\/06\/tuna-publiku-i-di-prirjet-e-mia-seksuale\/#breadcrumb","itemListElement":[{"@type":"ListItem","position":1,"name":"Tuna, publiku i di prirjet e mia seksuale"}]},{"@type":"Person","@id":"https:\/\/www.visit-ulcinj.com\/blog\/#\/schema\/person\/dcab619c614d3038751c63bc2aadc06d","name":"ulqini","sameAs":["http:\/\/www.visit-ulcinj.com"],"url":"https:\/\/www.visit-ulcinj.com\/blog\/author\/admin\/"}]}},"jetpack_featured_media_url":"","jetpack_sharing_enabled":true,"jetpack_shortlink":"https:\/\/wp.me\/pe6lTn-ckN","_links":{"self":[{"href":"https:\/\/www.visit-ulcinj.com\/blog\/wp-json\/wp\/v2\/posts\/47417"}],"collection":[{"href":"https:\/\/www.visit-ulcinj.com\/blog\/wp-json\/wp\/v2\/posts"}],"about":[{"href":"https:\/\/www.visit-ulcinj.com\/blog\/wp-json\/wp\/v2\/types\/post"}],"author":[{"embeddable":true,"href":"https:\/\/www.visit-ulcinj.com\/blog\/wp-json\/wp\/v2\/users\/1"}],"replies":[{"embeddable":true,"href":"https:\/\/www.visit-ulcinj.com\/blog\/wp-json\/wp\/v2\/comments?post=47417"}],"version-history":[{"count":0,"href":"https:\/\/www.visit-ulcinj.com\/blog\/wp-json\/wp\/v2\/posts\/47417\/revisions"}],"wp:attachment":[{"href":"https:\/\/www.visit-ulcinj.com\/blog\/wp-json\/wp\/v2\/media?parent=47417"}],"wp:term":[{"taxonomy":"category","embeddable":true,"href":"https:\/\/www.visit-ulcinj.com\/blog\/wp-json\/wp\/v2\/categories?post=47417"},{"taxonomy":"post_tag","embeddable":true,"href":"https:\/\/www.visit-ulcinj.com\/blog\/wp-json\/wp\/v2\/tags?post=47417"}],"curies":[{"name":"wp","href":"https:\/\/api.w.org\/{rel}","templated":true}]}}