{"id":47431,"date":"2011-06-06T17:05:45","date_gmt":"2011-06-06T16:05:45","guid":{"rendered":"http:\/\/www.visit-ulcinj.com\/blog\/?p=47431"},"modified":"2011-06-06T18:51:35","modified_gmt":"2011-06-06T17:51:35","slug":"sonica-festival-paralajmeron-nje-festival-qe-do-te-mbahet-mend-ne-ulqin","status":"publish","type":"post","link":"https:\/\/www.visit-ulcinj.com\/blog\/2011\/06\/06\/sonica-festival-paralajmeron-nje-festival-qe-do-te-mbahet-mend-ne-ulqin\/","title":{"rendered":"Sonica Festival paralajm\u00ebron nj\u00eb festival q\u00eb do t\u00eb mbahet mend ne Ulqin"},"content":{"rendered":"<p><a href=\"http:\/\/www.visit-ulcinj.com\/blog\/wp-content\/uploads\/2011\/06\/Sonica-Festival-_12-gusht_2011_Copacabana_plazha-madhe_Ulqin.jpg\"><img loading=\"lazy\" class=\"alignleft size-full wp-image-47432\" title=\"Sonica Festival _12 gusht_2011_Copacabana_plazha madhe_Ulqin\" src=\"http:\/\/www.visit-ulcinj.com\/blog\/wp-content\/uploads\/2011\/06\/Sonica-Festival-_12-gusht_2011_Copacabana_plazha-madhe_Ulqin.jpg\" alt=\"Adelina Isamajli, Albaniku, Artana, Bujanoci, Burimi, Copacabana, Dardana, Dardan\u00eb, De\u00e7an, dhoma me qera ulqin, dhoma per pushime ulqin, dhoma te lira, dhoma te lira ulqin, Dibra, Drenas, Drenasi, Ferizaj, Ferizaji, Fush\u00eb Kosova, Fush\u00eb Kosov\u00eb, Gjakova, Gjakov\u00eb, Gjilan, Gjilani, Gostivari, Istog, Istog\u2022, Ka\u00e7anik, Ka\u00e7aniku, Kastrioti, K\u00ebr\u00e7ova, Klina, Klin\u00eb, Kosova, Kumanova, Leposaviq, Leskovci, Likova, Lipjan, Lipjani, Mali i Zi, Malisheva, Malishev\u00eb, Manastiri, maqedoni, Maqedonija, Medvegja, Mijamit dhe 1 km nga Plazhi Kopakabana, Mitrovica, Mitrovic\u00eb, Novob\u00ebrd\u00eb, Obiliq\u2022 Rahovec, Ohri, Peja, Pej\u00eb, Podujeva, Podujev\u00eb, Presheva, Prishtina, Prishtin\u00eb, Prizren, Prizreni, Pushime ne det te ulqinit, Pushime ne plazh, pushime t? lira n? ulqin, Pushime te kendshme, pushime te lira ulqin, Pushime Verore ulqin, Rahoveci, Safari dhe Bukurija e Ulqinit. gjendet 700 metra af\u00ebr Plazhit Bukuris t\u00eb Ulqinit, Safarit, Sharri, Sharri (Kosov\u00eb), Shkupi, shqiperi, Sht\u00ebrpca, Sht\u00ebrpc\u00eb, Shtime, Sk\u00ebnderaj, Struga, Tetova, Theranda, Therand\u00eb, Triumf Riza, Tropican\u00ebs, Tropikana, Veleshta, Viti, Vitia, Vushtrri, Vushtrria, Zubin Potok, Zubin Potoku, Zve\u00e7an, Zve\u00e7ani\" width=\"508\" height=\"380\" \/><\/a>Sonica Festival , i Pesti me rradh\u00eb, q\u00eb organizohet n\u00eb Plazhin e madh\u00eb \u201dCopacabana \u201d, sivjet do t\u00eb mbahet n\u00eb Ulqin, m\u00eb 12 deri me 15 gusht\u00eb,n\u00eb vendin e bukur q\u00eb gjendet vet\u00ebm 500 metra ng\u00eb uji kristalor dhe i kalt\u00ebrt t\u00eb detit Adriatik.<\/p>\n<p>Festivali Sonica i k\u00ebtij viti nd\u00ebrron vend, nga Italia p\u00ebr 5 vjetorin, q\u00eb do t\u00eb mbahet n\u00eb plazhin e bukur t\u00eb Copacabanes,Plazhi i madh mes Ulqinit dhe Ada Buna.<\/p>\n<p>Edicioni  festivalit bot\u00ebror, q\u00eb tashm\u00eb ka arritur t\u00eb jet\u00eb n\u00eb mesin e festivaleve m\u00eb prestigjioze bot\u00ebrore, edhe sivjet do t\u00eb mbahet me 12 deri me 15 gusht 2011 t\u00eb k\u00ebtij viti. Tashm\u00eb \u00ebsht\u00eb shpallur shitja e biletave, dhe presim q\u00eb publiku  t\u00eb jet\u00eb m\u00eb masiv\u00eb  n\u00eb plazhin Copacabana t\u00eb Ulqinit.<\/p>\n<p>Pas suksesit Re-Loaded t\u00eb vitit 2009, n\u00eb Monte Galato katarakt t\u00eb Italise, Sonica Festival ju prezenton p\u00ebrvoj\u00ebn multi-etnike\u2026t\u00eb dashuris\u00eb, liris\u00eb, tingullit magjik dhe \u00ebndrat n\u00eb \u201cPlazhin e madh\u201d n\u00eb Mal t\u00eb Zi, t\u00eb ju mbaj\u00eb n\u00eb harmoni me kultura natyrore dhe bot\u00ebrore.<\/p>\n<p>Festivali ka siguruar bash\u00ebpunimin e nivelit lokal q\u00eb t\u00eb sigurohet, siguria dhe liria e pjesmar\u00ebsvet\u00eb festivalit.<\/p>\n<p><strong><a href=\"http:\/\/www.visit-ulcinj.com\/blog\/wp-content\/uploads\/2011\/06\/Sonica-Festival-_12-gusht_2011_Copacabana_plazha-madhe_Ulqin.1.jpg\"><img loading=\"lazy\" class=\"alignleft size-full wp-image-47433\" title=\"Sonica Festival _12 gusht_2011_Copacabana_plazha madhe_Ulqin.1\" src=\"http:\/\/www.visit-ulcinj.com\/blog\/wp-content\/uploads\/2011\/06\/Sonica-Festival-_12-gusht_2011_Copacabana_plazha-madhe_Ulqin.1.jpg\" alt=\"\" width=\"340\" height=\"500\" \/><\/a>Sonica Festival \u2013 muzika bashk\u00eb-kohore, Arti dhe Kultura ju prezentojn\u00eb:<\/strong><\/p>\n<p>\u2022 2 Stages \u2013 Dy bina<\/p>\n<p>\u2022 Visual Shows \u2013 Shfaqje vizuale<\/p>\n<p>\u2022 Performing Arts \u2013 Artet e performimit<\/p>\n<p>\u2022 Healing &amp; Workshops \u2013 Mjekimi dhe puntorit\u00eb<\/p>\n<p>\u2022 Flea Market \u2013 Tregu i gjerave<\/p>\n<p>\u2022 International and Local Food \u2013 Ushqimi lokal dhe nd\u00ebrkomb\u00ebtar<\/p>\n<p>\u2022 Biologic and Vegetarian Cuisine \u2013 Kuzhin\u00eb vegjetariane dhe biologjike<\/p>\n<p>\u2022 Eco-sustainability and Tribal Culture \u2013 Mir\u00ebbajtja e kultur\u00ebs<\/p>\n<p>Qellimi I k\u00ebtij aktiviteti \u00ebsht\u00eb p\u00ebrmirsimi i jet\u00ebs s\u00eb p\u00ebrbashk\u00ebt dhe m\u00ebnyra e respektit t\u00eb N\u00ebn\u00ebs Natyr\u00eb dhe p\u00ebrparimit t\u00eb vizioneve shoq\u00ebrore. N\u00eb festival do t\u00eb k\u00ebrkohet respekti i rregullave t\u00eb festivalit Sonica, t\u00eb k\u00ebnaqeni me p\u00ebrvojat e festivalit t\u00eb k\u00ebsaj vere n\u00eb harmoni me t\u00eb gjith\u00eb njer\u00ebz n\u00eb at\u00eb rreth.<\/p>\n<p>Sipas organizator\u00ebve, festivali ka p\u00ebr q\u00ebllim q\u00eb p\u00ebrmes k\u00ebng\u00ebs dhe aktivitetet tjera p\u00ebrcjell\u00ebse, t\u00eb bashkohen t\u00eb rinjt\u00eb pa dallim t\u00eb p\u00ebrkat\u00ebsis\u00eb etnike dhe fetare, bashk\u00ebrisht t\u00eb kultivojn\u00eb vlerat e jona.<\/p>\n<p>Ky trend pozitiv n\u00eb Ulqin po l\u00ebviz\u00eb duksh\u00ebm. Plazha e madhe \u201d Copacaban \u201dpo shnd\u00ebrrohet n\u00eb vendin m\u00eb t\u00eb frekuentuar n\u00eb qytetin e Ulqinit. Andaj shfryt\u00ebzoj rastin t\u2019i ftoj t\u00eb gjith\u00eb t\u00eb rinjt\u00eb t\u00eb jen\u00eb pjes\u00eb e k\u00ebtij evenimenti nga i cili me siguri do t\u00eb dalin t\u00eb k\u00ebnaqur. Dhe, po ashtu meq\u00eb b\u00ebhet me rastin e pushimeve verore edhe nj\u00ebher\u00eb potencojm\u00eb se cili \u00ebsht\u00eb vizioni yn\u00eb dhe \u00e7ka do rinia pa marr parasysh p\u00ebrkat\u00ebsin\u00eb etnike, fetare apo t\u00eb tjera\u201d.T\u00eb gjith\u00eb s\u00eb bashku mund\u00eb t\u00eb gjejm\u00eb m\u00ebnyr\u00eb t\u00eb arg\u00ebtohemi pa dallim t\u00eb p\u00ebrkat\u00ebsis\u00eb etnike, mund\u00eb t\u00eb gjejm\u00eb t\u00eb gjith\u00eb di\u00e7ka t\u00eb p\u00ebrbashk\u00ebt me t\u00eb cil\u00ebn do t\u00eb mund t\u00eb shoq\u00ebrohemi dhe t\u00eb k\u00ebnaqemi maksimum ne Sonika Festival \u2013 Copacabana -Plazha Madhe \u2013Ulqin .<\/p>\n<p><strong>Mir\u00eb se Vini n\u00eb <\/strong><a title=\"Sonica Festival Ulqin Mali i zi\" href=\"http:\/\/www.sonica-dance-festival.eu\/\" target=\"_blank\"><\/a><\/p>\n<p><a title=\"Sonica Festival Ulqin Mali i zi\" href=\"http:\/\/www.sonica-dance-festival.eu\/\" target=\"_blank\"> <\/a><\/p>\n<p><a title=\"Sonica Festival Ulqin Mali i zi\" href=\"http:\/\/www.sonica-dance-festival.eu\/\" target=\"_blank\"><strong>Link: www.sonica-dance-festival.eu\/<\/strong><\/a><\/p>\n<p><strong>\n\t\t<style type=\"text\/css\">\n\t\t\t#gallery-1 {\n\t\t\t\tmargin: auto;\n\t\t\t}\n\t\t\t#gallery-1 .gallery-item {\n\t\t\t\tfloat: left;\n\t\t\t\tmargin-top: 10px;\n\t\t\t\ttext-align: center;\n\t\t\t\twidth: 33%;\n\t\t\t}\n\t\t\t#gallery-1 img {\n\t\t\t\tborder: 2px solid #cfcfcf;\n\t\t\t}\n\t\t\t#gallery-1 .gallery-caption {\n\t\t\t\tmargin-left: 0;\n\t\t\t}\n\t\t\t\/* see gallery_shortcode() in wp-includes\/media.php *\/\n\t\t<\/style>\n\t\t<div id='gallery-1' class='gallery galleryid-47431 gallery-columns-3 gallery-size-thumbnail'><dl class='gallery-item'>\n\t\t\t<dt class='gallery-icon landscape'>\n\t\t\t\t<a href='https:\/\/www.visit-ulcinj.com\/blog\/wp-content\/uploads\/2011\/06\/Sonica-Festival-_12-gusht_2011_Copacabana_plazha-madhe_Ulqin.2.jpg'><img width=\"150\" height=\"150\" src=\"https:\/\/www.visit-ulcinj.com\/blog\/wp-content\/uploads\/2011\/06\/Sonica-Festival-_12-gusht_2011_Copacabana_plazha-madhe_Ulqin.2-150x150.jpg\" class=\"attachment-thumbnail size-thumbnail\" alt=\"\" loading=\"lazy\" \/><\/a>\n\t\t\t<\/dt><\/dl><dl class='gallery-item'>\n\t\t\t<dt class='gallery-icon landscape'>\n\t\t\t\t<a href='https:\/\/www.visit-ulcinj.com\/blog\/wp-content\/uploads\/2011\/06\/Sonica-Festival-_12-gusht_2011_Copacabana_plazha-madhe_Ulqin.3.jpg'><img width=\"150\" height=\"150\" src=\"https:\/\/www.visit-ulcinj.com\/blog\/wp-content\/uploads\/2011\/06\/Sonica-Festival-_12-gusht_2011_Copacabana_plazha-madhe_Ulqin.3-150x150.jpg\" class=\"attachment-thumbnail size-thumbnail\" alt=\"\" loading=\"lazy\" \/><\/a>\n\t\t\t<\/dt><\/dl><dl class='gallery-item'>\n\t\t\t<dt class='gallery-icon landscape'>\n\t\t\t\t<a href='https:\/\/www.visit-ulcinj.com\/blog\/wp-content\/uploads\/2011\/06\/Sonica-Festival-_12-gusht_2011_Copacabana_plazha-madhe_Ulqin.4.jpg'><img width=\"150\" height=\"150\" src=\"https:\/\/www.visit-ulcinj.com\/blog\/wp-content\/uploads\/2011\/06\/Sonica-Festival-_12-gusht_2011_Copacabana_plazha-madhe_Ulqin.4-150x150.jpg\" class=\"attachment-thumbnail size-thumbnail\" alt=\"\" loading=\"lazy\" \/><\/a>\n\t\t\t<\/dt><\/dl><br style=\"clear: both\" \/><dl class='gallery-item'>\n\t\t\t<dt class='gallery-icon landscape'>\n\t\t\t\t<a href='https:\/\/www.visit-ulcinj.com\/blog\/wp-content\/uploads\/2011\/06\/Sonica-Festival-_12-gusht_2011_Copacabana_plazha-madhe_Ulqin.5.jpg'><img width=\"150\" height=\"150\" src=\"https:\/\/www.visit-ulcinj.com\/blog\/wp-content\/uploads\/2011\/06\/Sonica-Festival-_12-gusht_2011_Copacabana_plazha-madhe_Ulqin.5-150x150.jpg\" class=\"attachment-thumbnail size-thumbnail\" alt=\"\" loading=\"lazy\" \/><\/a>\n\t\t\t<\/dt><\/dl>\n\t\t\t<br style='clear: both' \/>\n\t\t<\/div>\n<\/p>\n<p><\/strong><br \/>\n<!--YouTube Error: bad URL entered--><\/p>\n","protected":false},"excerpt":{"rendered":"<p>Sonica Festival , i Pesti me rradh\u00eb, q\u00eb organizohet n\u00eb Plazhin e madh\u00eb \u201dCopacabana \u201d, sivjet do t\u00eb mbahet n\u00eb Ulqin, m\u00eb 12 deri me 15 gusht\u00eb,n\u00eb vendin e bukur q\u00eb gjendet vet\u00ebm 500 metra ng\u00eb uji kristalor dhe i kalt\u00ebrt t\u00eb detit Adriatik. Festivali Sonica i k\u00ebtij viti nd\u00ebrron vend, nga Italia p\u00ebr 5 [&hellip;]<\/p>\n","protected":false},"author":1,"featured_media":0,"comment_status":"open","ping_status":"closed","sticky":false,"template":"","format":"standard","meta":{"spay_email":"","jetpack_publicize_message":"","jetpack_is_tweetstorm":false,"jetpack_publicize_feature_enabled":true},"categories":[1],"tags":[2364,2288,2289,2357,2290,2105,9720,2291,2326,2319,7669,7668,11537,7670,2343,2322,2293,2338,2294,18377,2295,2328,2296,2321,2323,2297,2344,18380,2318,10069,2325,2299,2298,2346,2300,2327,49,2345,2329,2356,2347,2330,2301,95,2302,2331,2348,3945,51,2355,2303,2332,18379,2333,10070,2349,2304,2360,18376,14175,2980,2305,2361,2354,2306,2334,2335,2307,7672,7666,11536,7667,7671,7665,2308,7675,2320,2309,2350,3946,50,2311,2336,2310,2312,17019,16889,2351,2352,2313,2337,3797,2363,7676,7673,200,18,2353,2339,2314,2340,2315,2341,2316,2342,2317],"jetpack_publicize_connections":[],"yoast_head":"<!-- This site is optimized with the Yoast SEO plugin v19.1 - https:\/\/yoast.com\/wordpress\/plugins\/seo\/ -->\n<title>Sonica Festival paralajm\u00ebron nj\u00eb festival q\u00eb do t\u00eb mbahet mend ne Ulqin - Lajme nga Ulqini<\/title>\n<meta name=\"description\" content=\"Sonica Festival , i Pesti me rradh\u00eb, q\u00eb organizohet n\u00eb Plazhin e madh\u00eb \u201dCopacabana \u201d, sivjet do t\u00eb mbahet n\u00eb Ulqin, m\u00eb 12 deri me 15 gusht\u00eb,n\u00eb vendin e\" \/>\n<meta name=\"robots\" content=\"index, follow, max-snippet:-1, max-image-preview:large, max-video-preview:-1\" \/>\n<link rel=\"canonical\" href=\"https:\/\/www.visit-ulcinj.com\/blog\/2011\/06\/06\/sonica-festival-paralajmeron-nje-festival-qe-do-te-mbahet-mend-ne-ulqin\/\" \/>\n<meta property=\"og:locale\" content=\"en_US\" \/>\n<meta property=\"og:type\" content=\"article\" \/>\n<meta property=\"og:title\" content=\"Sonica Festival paralajm\u00ebron nj\u00eb festival q\u00eb do t\u00eb mbahet mend ne Ulqin - Lajme nga Ulqini\" \/>\n<meta property=\"og:description\" content=\"Sonica Festival , i Pesti me rradh\u00eb, q\u00eb organizohet n\u00eb Plazhin e madh\u00eb \u201dCopacabana \u201d, sivjet do t\u00eb mbahet n\u00eb Ulqin, m\u00eb 12 deri me 15 gusht\u00eb,n\u00eb vendin e\" \/>\n<meta property=\"og:url\" content=\"https:\/\/www.visit-ulcinj.com\/blog\/2011\/06\/06\/sonica-festival-paralajmeron-nje-festival-qe-do-te-mbahet-mend-ne-ulqin\/\" \/>\n<meta property=\"og:site_name\" content=\"Lajme nga Ulqini\" \/>\n<meta property=\"article:published_time\" content=\"2011-06-06T16:05:45+00:00\" \/>\n<meta property=\"article:modified_time\" content=\"2011-06-06T17:51:35+00:00\" \/>\n<meta property=\"og:image\" content=\"https:\/\/www.visit-ulcinj.com\/blog\/wp-content\/uploads\/2011\/06\/Sonica-Festival-_12-gusht_2011_Copacabana_plazha-madhe_Ulqin-150x150.jpg\" \/>\n<meta name=\"twitter:label1\" content=\"Written by\" \/>\n\t<meta name=\"twitter:data1\" content=\"ulqini\" \/>\n\t<meta name=\"twitter:label2\" content=\"Est. reading time\" \/>\n\t<meta name=\"twitter:data2\" content=\"3 minutes\" \/>\n<script type=\"application\/ld+json\" class=\"yoast-schema-graph\">{\"@context\":\"https:\/\/schema.org\",\"@graph\":[{\"@type\":\"WebSite\",\"@id\":\"https:\/\/www.visit-ulcinj.com\/blog\/#website\",\"url\":\"https:\/\/www.visit-ulcinj.com\/blog\/\",\"name\":\"Lajme nga Ulqini\",\"description\":\"Lajme,Vijesti,Ulqini,Ulqin,Crna Gora,Mali i Zi\",\"potentialAction\":[{\"@type\":\"SearchAction\",\"target\":{\"@type\":\"EntryPoint\",\"urlTemplate\":\"https:\/\/www.visit-ulcinj.com\/blog\/?s={search_term_string}\"},\"query-input\":\"required name=search_term_string\"}],\"inLanguage\":\"en-US\"},{\"@type\":\"ImageObject\",\"inLanguage\":\"en-US\",\"@id\":\"https:\/\/www.visit-ulcinj.com\/blog\/2011\/06\/06\/sonica-festival-paralajmeron-nje-festival-qe-do-te-mbahet-mend-ne-ulqin\/#primaryimage\",\"url\":\"http:\/\/www.visit-ulcinj.com\/blog\/wp-content\/uploads\/2011\/06\/Sonica-Festival-_12-gusht_2011_Copacabana_plazha-madhe_Ulqin.jpg\",\"contentUrl\":\"http:\/\/www.visit-ulcinj.com\/blog\/wp-content\/uploads\/2011\/06\/Sonica-Festival-_12-gusht_2011_Copacabana_plazha-madhe_Ulqin.jpg\"},{\"@type\":\"WebPage\",\"@id\":\"https:\/\/www.visit-ulcinj.com\/blog\/2011\/06\/06\/sonica-festival-paralajmeron-nje-festival-qe-do-te-mbahet-mend-ne-ulqin\/#webpage\",\"url\":\"https:\/\/www.visit-ulcinj.com\/blog\/2011\/06\/06\/sonica-festival-paralajmeron-nje-festival-qe-do-te-mbahet-mend-ne-ulqin\/\",\"name\":\"Sonica Festival paralajm\u00ebron nj\u00eb festival q\u00eb do t\u00eb mbahet mend ne Ulqin - Lajme nga Ulqini\",\"isPartOf\":{\"@id\":\"https:\/\/www.visit-ulcinj.com\/blog\/#website\"},\"primaryImageOfPage\":{\"@id\":\"https:\/\/www.visit-ulcinj.com\/blog\/2011\/06\/06\/sonica-festival-paralajmeron-nje-festival-qe-do-te-mbahet-mend-ne-ulqin\/#primaryimage\"},\"datePublished\":\"2011-06-06T16:05:45+00:00\",\"dateModified\":\"2011-06-06T17:51:35+00:00\",\"author\":{\"@id\":\"https:\/\/www.visit-ulcinj.com\/blog\/#\/schema\/person\/dcab619c614d3038751c63bc2aadc06d\"},\"description\":\"Sonica Festival , i Pesti me rradh\u00eb, q\u00eb organizohet n\u00eb Plazhin e madh\u00eb \u201dCopacabana \u201d, sivjet do t\u00eb mbahet n\u00eb Ulqin, m\u00eb 12 deri me 15 gusht\u00eb,n\u00eb vendin e\",\"breadcrumb\":{\"@id\":\"https:\/\/www.visit-ulcinj.com\/blog\/2011\/06\/06\/sonica-festival-paralajmeron-nje-festival-qe-do-te-mbahet-mend-ne-ulqin\/#breadcrumb\"},\"inLanguage\":\"en-US\",\"potentialAction\":[{\"@type\":\"ReadAction\",\"target\":[\"https:\/\/www.visit-ulcinj.com\/blog\/2011\/06\/06\/sonica-festival-paralajmeron-nje-festival-qe-do-te-mbahet-mend-ne-ulqin\/\"]}]},{\"@type\":\"BreadcrumbList\",\"@id\":\"https:\/\/www.visit-ulcinj.com\/blog\/2011\/06\/06\/sonica-festival-paralajmeron-nje-festival-qe-do-te-mbahet-mend-ne-ulqin\/#breadcrumb\",\"itemListElement\":[{\"@type\":\"ListItem\",\"position\":1,\"name\":\"Sonica Festival paralajm\u00ebron nj\u00eb festival q\u00eb do t\u00eb mbahet mend ne Ulqin\"}]},{\"@type\":\"Person\",\"@id\":\"https:\/\/www.visit-ulcinj.com\/blog\/#\/schema\/person\/dcab619c614d3038751c63bc2aadc06d\",\"name\":\"ulqini\",\"sameAs\":[\"http:\/\/www.visit-ulcinj.com\"],\"url\":\"https:\/\/www.visit-ulcinj.com\/blog\/author\/admin\/\"}]}<\/script>\n<!-- \/ Yoast SEO plugin. -->","yoast_head_json":{"title":"Sonica Festival paralajm\u00ebron nj\u00eb festival q\u00eb do t\u00eb mbahet mend ne Ulqin - Lajme nga Ulqini","description":"Sonica Festival , i Pesti me rradh\u00eb, q\u00eb organizohet n\u00eb Plazhin e madh\u00eb \u201dCopacabana \u201d, sivjet do t\u00eb mbahet n\u00eb Ulqin, m\u00eb 12 deri me 15 gusht\u00eb,n\u00eb vendin e","robots":{"index":"index","follow":"follow","max-snippet":"max-snippet:-1","max-image-preview":"max-image-preview:large","max-video-preview":"max-video-preview:-1"},"canonical":"https:\/\/www.visit-ulcinj.com\/blog\/2011\/06\/06\/sonica-festival-paralajmeron-nje-festival-qe-do-te-mbahet-mend-ne-ulqin\/","og_locale":"en_US","og_type":"article","og_title":"Sonica Festival paralajm\u00ebron nj\u00eb festival q\u00eb do t\u00eb mbahet mend ne Ulqin - Lajme nga Ulqini","og_description":"Sonica Festival , i Pesti me rradh\u00eb, q\u00eb organizohet n\u00eb Plazhin e madh\u00eb \u201dCopacabana \u201d, sivjet do t\u00eb mbahet n\u00eb Ulqin, m\u00eb 12 deri me 15 gusht\u00eb,n\u00eb vendin e","og_url":"https:\/\/www.visit-ulcinj.com\/blog\/2011\/06\/06\/sonica-festival-paralajmeron-nje-festival-qe-do-te-mbahet-mend-ne-ulqin\/","og_site_name":"Lajme nga Ulqini","article_published_time":"2011-06-06T16:05:45+00:00","article_modified_time":"2011-06-06T17:51:35+00:00","og_image":[{"url":"https:\/\/www.visit-ulcinj.com\/blog\/wp-content\/uploads\/2011\/06\/Sonica-Festival-_12-gusht_2011_Copacabana_plazha-madhe_Ulqin-150x150.jpg"}],"twitter_misc":{"Written by":"ulqini","Est. reading time":"3 minutes"},"schema":{"@context":"https:\/\/schema.org","@graph":[{"@type":"WebSite","@id":"https:\/\/www.visit-ulcinj.com\/blog\/#website","url":"https:\/\/www.visit-ulcinj.com\/blog\/","name":"Lajme nga Ulqini","description":"Lajme,Vijesti,Ulqini,Ulqin,Crna Gora,Mali i Zi","potentialAction":[{"@type":"SearchAction","target":{"@type":"EntryPoint","urlTemplate":"https:\/\/www.visit-ulcinj.com\/blog\/?s={search_term_string}"},"query-input":"required name=search_term_string"}],"inLanguage":"en-US"},{"@type":"ImageObject","inLanguage":"en-US","@id":"https:\/\/www.visit-ulcinj.com\/blog\/2011\/06\/06\/sonica-festival-paralajmeron-nje-festival-qe-do-te-mbahet-mend-ne-ulqin\/#primaryimage","url":"http:\/\/www.visit-ulcinj.com\/blog\/wp-content\/uploads\/2011\/06\/Sonica-Festival-_12-gusht_2011_Copacabana_plazha-madhe_Ulqin.jpg","contentUrl":"http:\/\/www.visit-ulcinj.com\/blog\/wp-content\/uploads\/2011\/06\/Sonica-Festival-_12-gusht_2011_Copacabana_plazha-madhe_Ulqin.jpg"},{"@type":"WebPage","@id":"https:\/\/www.visit-ulcinj.com\/blog\/2011\/06\/06\/sonica-festival-paralajmeron-nje-festival-qe-do-te-mbahet-mend-ne-ulqin\/#webpage","url":"https:\/\/www.visit-ulcinj.com\/blog\/2011\/06\/06\/sonica-festival-paralajmeron-nje-festival-qe-do-te-mbahet-mend-ne-ulqin\/","name":"Sonica Festival paralajm\u00ebron nj\u00eb festival q\u00eb do t\u00eb mbahet mend ne Ulqin - Lajme nga Ulqini","isPartOf":{"@id":"https:\/\/www.visit-ulcinj.com\/blog\/#website"},"primaryImageOfPage":{"@id":"https:\/\/www.visit-ulcinj.com\/blog\/2011\/06\/06\/sonica-festival-paralajmeron-nje-festival-qe-do-te-mbahet-mend-ne-ulqin\/#primaryimage"},"datePublished":"2011-06-06T16:05:45+00:00","dateModified":"2011-06-06T17:51:35+00:00","author":{"@id":"https:\/\/www.visit-ulcinj.com\/blog\/#\/schema\/person\/dcab619c614d3038751c63bc2aadc06d"},"description":"Sonica Festival , i Pesti me rradh\u00eb, q\u00eb organizohet n\u00eb Plazhin e madh\u00eb \u201dCopacabana \u201d, sivjet do t\u00eb mbahet n\u00eb Ulqin, m\u00eb 12 deri me 15 gusht\u00eb,n\u00eb vendin e","breadcrumb":{"@id":"https:\/\/www.visit-ulcinj.com\/blog\/2011\/06\/06\/sonica-festival-paralajmeron-nje-festival-qe-do-te-mbahet-mend-ne-ulqin\/#breadcrumb"},"inLanguage":"en-US","potentialAction":[{"@type":"ReadAction","target":["https:\/\/www.visit-ulcinj.com\/blog\/2011\/06\/06\/sonica-festival-paralajmeron-nje-festival-qe-do-te-mbahet-mend-ne-ulqin\/"]}]},{"@type":"BreadcrumbList","@id":"https:\/\/www.visit-ulcinj.com\/blog\/2011\/06\/06\/sonica-festival-paralajmeron-nje-festival-qe-do-te-mbahet-mend-ne-ulqin\/#breadcrumb","itemListElement":[{"@type":"ListItem","position":1,"name":"Sonica Festival paralajm\u00ebron nj\u00eb festival q\u00eb do t\u00eb mbahet mend ne Ulqin"}]},{"@type":"Person","@id":"https:\/\/www.visit-ulcinj.com\/blog\/#\/schema\/person\/dcab619c614d3038751c63bc2aadc06d","name":"ulqini","sameAs":["http:\/\/www.visit-ulcinj.com"],"url":"https:\/\/www.visit-ulcinj.com\/blog\/author\/admin\/"}]}},"jetpack_featured_media_url":"","jetpack_sharing_enabled":true,"jetpack_shortlink":"https:\/\/wp.me\/pe6lTn-cl1","_links":{"self":[{"href":"https:\/\/www.visit-ulcinj.com\/blog\/wp-json\/wp\/v2\/posts\/47431"}],"collection":[{"href":"https:\/\/www.visit-ulcinj.com\/blog\/wp-json\/wp\/v2\/posts"}],"about":[{"href":"https:\/\/www.visit-ulcinj.com\/blog\/wp-json\/wp\/v2\/types\/post"}],"author":[{"embeddable":true,"href":"https:\/\/www.visit-ulcinj.com\/blog\/wp-json\/wp\/v2\/users\/1"}],"replies":[{"embeddable":true,"href":"https:\/\/www.visit-ulcinj.com\/blog\/wp-json\/wp\/v2\/comments?post=47431"}],"version-history":[{"count":1,"href":"https:\/\/www.visit-ulcinj.com\/blog\/wp-json\/wp\/v2\/posts\/47431\/revisions"}],"predecessor-version":[{"id":49624,"href":"https:\/\/www.visit-ulcinj.com\/blog\/wp-json\/wp\/v2\/posts\/47431\/revisions\/49624"}],"wp:attachment":[{"href":"https:\/\/www.visit-ulcinj.com\/blog\/wp-json\/wp\/v2\/media?parent=47431"}],"wp:term":[{"taxonomy":"category","embeddable":true,"href":"https:\/\/www.visit-ulcinj.com\/blog\/wp-json\/wp\/v2\/categories?post=47431"},{"taxonomy":"post_tag","embeddable":true,"href":"https:\/\/www.visit-ulcinj.com\/blog\/wp-json\/wp\/v2\/tags?post=47431"}],"curies":[{"name":"wp","href":"https:\/\/api.w.org\/{rel}","templated":true}]}}