{"id":4744,"date":"2008-10-18T11:46:27","date_gmt":"2008-10-18T16:46:27","guid":{"rendered":"http:\/\/www.visit-ulcinj.com\/blog\/?p=4744"},"modified":"2008-10-18T12:15:16","modified_gmt":"2008-10-18T17:15:16","slug":"u-zgjodh-udheheqesia-ne-tuz","status":"publish","type":"post","link":"https:\/\/www.visit-ulcinj.com\/blog\/2008\/10\/18\/u-zgjodh-udheheqesia-ne-tuz\/","title":{"rendered":"U zgjodh udh\u00ebheq\u00ebsia n\u00eb Tuz"},"content":{"rendered":"<p><a href=\"http:\/\/www.visit-ulcinj.com\/blog\/wp-content\/uploads\/2008\/10\/vaselj-sinishtaj.jpg\"><img loading=\"lazy\" class=\"alignleft size-medium wp-image-4745\" title=\"vaselj-sinishtaj\" src=\"http:\/\/www.visit-ulcinj.com\/blog\/wp-content\/uploads\/2008\/10\/vaselj-sinishtaj-225x300.jpg\" alt=\"\" width=\"225\" height=\"300\" srcset=\"https:\/\/www.visit-ulcinj.com\/blog\/wp-content\/uploads\/2008\/10\/vaselj-sinishtaj-225x300.jpg 225w, https:\/\/www.visit-ulcinj.com\/blog\/wp-content\/uploads\/2008\/10\/vaselj-sinishtaj.jpg 480w\" sizes=\"(max-width: 225px) 100vw, 225px\" \/><\/a><strong>Komisioni p\u00ebr revidimin e implementimit t\u00eb ligjit mbi kryeqytetin<\/strong><br \/>\nTuz- Komisioni p\u00ebr revidimin e implementimit t\u00eb Ligjit mbi Kryeqytetin dhe efikasitetin e tij (p\u00ebr plot\u00ebsimin e nevojave t\u00eb KU t\u00eb Tuzit) ka mbajtur t\u00eb mart\u00ebn mbledhjen e par\u00eb konstituive. Kryetar i tij u zgjodh Vasel Sinishtaj, kurse z\u00ebvend\u00ebs, Nikoll\u00eb Camaj, nd\u00ebrsa pun\u00ebt e sekretarit t\u00eb k\u00ebtij Komisioni do t`i kryej\u00eb sekretari i administrat\u00ebs s\u00eb KU t\u00eb Tuzit, Robert Camaj.<br \/>\nN\u00eb pun\u00ebn e k\u00ebtij Komisioni mor\u00ebn pjes\u00eb edhe an\u00ebtar\u00eb: Ismet Gjokoviq, Fran Gjokaj dhe Luigj Camaj. T\u00eb pranish\u00ebm n\u00eb k\u00ebt\u00eb mbledhje ishin edhe kryetari i KU t\u00eb Tuzit, Smajl-Maliq \u00c7unmulaj dhe k\u00ebshilltari p\u00ebr pun\u00eb juridike pran\u00eb k\u00ebsaj komune, Edmond Ujkiq.<br \/>\nMe k\u00ebt\u00eb rast, Komisioni p\u00ebrcaktoi detyrat konkrete p\u00ebr administrat\u00ebn e KU dhe p\u00ebr an\u00ebtar\u00ebt e Komisionit, n\u00eb m\u00ebnyr\u00eb q\u00eb deri n\u00eb mbledhjen e ardhshme t\u00eb krijohet dokumenti baz\u00eb me t\u00eb cilin d\u00ebshirohet t\u00eb d\u00ebshmohet bazueshm\u00ebria e k\u00ebsaj iniciative dhe fakti q\u00eb Ligji ekzistues nuk i plot\u00ebson nevojat e banor\u00ebve t\u00eb trev\u00ebs s\u00eb KU t\u00eb Tuzit.<br \/>\n<strong>Kohapress<\/strong><\/p>\n<!--YouTube Error: bad URL entered-->\n","protected":false},"excerpt":{"rendered":"<p>Komisioni p\u00ebr revidimin e implementimit t\u00eb ligjit mbi kryeqytetin Tuz- Komisioni p\u00ebr revidimin e implementimit t\u00eb Ligjit mbi Kryeqytetin dhe efikasitetin e tij (p\u00ebr plot\u00ebsimin e nevojave t\u00eb KU t\u00eb Tuzit) ka mbajtur t\u00eb mart\u00ebn mbledhjen e par\u00eb konstituive. Kryetar i tij u zgjodh Vasel Sinishtaj, kurse z\u00ebvend\u00ebs, Nikoll\u00eb Camaj, nd\u00ebrsa pun\u00ebt e sekretarit t\u00eb [&hellip;]<\/p>\n","protected":false},"author":1,"featured_media":0,"comment_status":"open","ping_status":"closed","sticky":false,"template":"","format":"standard","meta":{"spay_email":"","jetpack_publicize_message":"","jetpack_is_tweetstorm":false,"jetpack_publicize_feature_enabled":true},"categories":[6,12],"tags":[348],"jetpack_publicize_connections":[],"yoast_head":"<!-- This site is optimized with the Yoast SEO plugin v19.1 - https:\/\/yoast.com\/wordpress\/plugins\/seo\/ -->\n<title>U zgjodh udh\u00ebheq\u00ebsia n\u00eb Tuz - Lajme nga Ulqini<\/title>\n<meta name=\"description\" content=\"Komisioni p\u00ebr revidimin e implementimit t\u00eb ligjit mbi kryeqytetin Tuz- Komisioni p\u00ebr revidimin e implementimit t\u00eb Ligjit mbi Kryeqytetin dhe efikasitetin\" \/>\n<meta name=\"robots\" content=\"index, follow, max-snippet:-1, max-image-preview:large, max-video-preview:-1\" \/>\n<link rel=\"canonical\" href=\"https:\/\/www.visit-ulcinj.com\/blog\/2008\/10\/18\/u-zgjodh-udheheqesia-ne-tuz\/\" \/>\n<meta property=\"og:locale\" content=\"en_US\" \/>\n<meta property=\"og:type\" content=\"article\" \/>\n<meta property=\"og:title\" content=\"U zgjodh udh\u00ebheq\u00ebsia n\u00eb Tuz - Lajme nga Ulqini\" \/>\n<meta property=\"og:description\" content=\"Komisioni p\u00ebr revidimin e implementimit t\u00eb ligjit mbi kryeqytetin Tuz- Komisioni p\u00ebr revidimin e implementimit t\u00eb Ligjit mbi Kryeqytetin dhe efikasitetin\" \/>\n<meta property=\"og:url\" content=\"https:\/\/www.visit-ulcinj.com\/blog\/2008\/10\/18\/u-zgjodh-udheheqesia-ne-tuz\/\" \/>\n<meta property=\"og:site_name\" content=\"Lajme nga Ulqini\" \/>\n<meta property=\"article:published_time\" content=\"2008-10-18T16:46:27+00:00\" \/>\n<meta property=\"article:modified_time\" content=\"2008-10-18T17:15:16+00:00\" \/>\n<meta property=\"og:image\" content=\"http:\/\/www.visit-ulcinj.com\/blog\/wp-content\/uploads\/2008\/10\/vaselj-sinishtaj-225x300.jpg\" \/>\n<meta name=\"twitter:label1\" content=\"Written by\" \/>\n\t<meta name=\"twitter:data1\" content=\"ulqini\" \/>\n\t<meta name=\"twitter:label2\" content=\"Est. reading time\" \/>\n\t<meta name=\"twitter:data2\" content=\"1 minute\" \/>\n<script type=\"application\/ld+json\" class=\"yoast-schema-graph\">{\"@context\":\"https:\/\/schema.org\",\"@graph\":[{\"@type\":\"WebSite\",\"@id\":\"https:\/\/www.visit-ulcinj.com\/blog\/#website\",\"url\":\"https:\/\/www.visit-ulcinj.com\/blog\/\",\"name\":\"Lajme nga Ulqini\",\"description\":\"Lajme,Vijesti,Ulqini,Ulqin,Crna Gora,Mali i Zi\",\"potentialAction\":[{\"@type\":\"SearchAction\",\"target\":{\"@type\":\"EntryPoint\",\"urlTemplate\":\"https:\/\/www.visit-ulcinj.com\/blog\/?s={search_term_string}\"},\"query-input\":\"required name=search_term_string\"}],\"inLanguage\":\"en-US\"},{\"@type\":\"ImageObject\",\"inLanguage\":\"en-US\",\"@id\":\"https:\/\/www.visit-ulcinj.com\/blog\/2008\/10\/18\/u-zgjodh-udheheqesia-ne-tuz\/#primaryimage\",\"url\":\"http:\/\/www.visit-ulcinj.com\/blog\/wp-content\/uploads\/2008\/10\/vaselj-sinishtaj-225x300.jpg\",\"contentUrl\":\"http:\/\/www.visit-ulcinj.com\/blog\/wp-content\/uploads\/2008\/10\/vaselj-sinishtaj-225x300.jpg\"},{\"@type\":\"WebPage\",\"@id\":\"https:\/\/www.visit-ulcinj.com\/blog\/2008\/10\/18\/u-zgjodh-udheheqesia-ne-tuz\/#webpage\",\"url\":\"https:\/\/www.visit-ulcinj.com\/blog\/2008\/10\/18\/u-zgjodh-udheheqesia-ne-tuz\/\",\"name\":\"U zgjodh udh\u00ebheq\u00ebsia n\u00eb Tuz - Lajme nga Ulqini\",\"isPartOf\":{\"@id\":\"https:\/\/www.visit-ulcinj.com\/blog\/#website\"},\"primaryImageOfPage\":{\"@id\":\"https:\/\/www.visit-ulcinj.com\/blog\/2008\/10\/18\/u-zgjodh-udheheqesia-ne-tuz\/#primaryimage\"},\"datePublished\":\"2008-10-18T16:46:27+00:00\",\"dateModified\":\"2008-10-18T17:15:16+00:00\",\"author\":{\"@id\":\"https:\/\/www.visit-ulcinj.com\/blog\/#\/schema\/person\/dcab619c614d3038751c63bc2aadc06d\"},\"description\":\"Komisioni p\u00ebr revidimin e implementimit t\u00eb ligjit mbi kryeqytetin Tuz- Komisioni p\u00ebr revidimin e implementimit t\u00eb Ligjit mbi Kryeqytetin dhe efikasitetin\",\"breadcrumb\":{\"@id\":\"https:\/\/www.visit-ulcinj.com\/blog\/2008\/10\/18\/u-zgjodh-udheheqesia-ne-tuz\/#breadcrumb\"},\"inLanguage\":\"en-US\",\"potentialAction\":[{\"@type\":\"ReadAction\",\"target\":[\"https:\/\/www.visit-ulcinj.com\/blog\/2008\/10\/18\/u-zgjodh-udheheqesia-ne-tuz\/\"]}]},{\"@type\":\"BreadcrumbList\",\"@id\":\"https:\/\/www.visit-ulcinj.com\/blog\/2008\/10\/18\/u-zgjodh-udheheqesia-ne-tuz\/#breadcrumb\",\"itemListElement\":[{\"@type\":\"ListItem\",\"position\":1,\"name\":\"U zgjodh udh\u00ebheq\u00ebsia n\u00eb Tuz\"}]},{\"@type\":\"Person\",\"@id\":\"https:\/\/www.visit-ulcinj.com\/blog\/#\/schema\/person\/dcab619c614d3038751c63bc2aadc06d\",\"name\":\"ulqini\",\"sameAs\":[\"http:\/\/www.visit-ulcinj.com\"],\"url\":\"https:\/\/www.visit-ulcinj.com\/blog\/author\/admin\/\"}]}<\/script>\n<!-- \/ Yoast SEO plugin. -->","yoast_head_json":{"title":"U zgjodh udh\u00ebheq\u00ebsia n\u00eb Tuz - Lajme nga Ulqini","description":"Komisioni p\u00ebr revidimin e implementimit t\u00eb ligjit mbi kryeqytetin Tuz- Komisioni p\u00ebr revidimin e implementimit t\u00eb Ligjit mbi Kryeqytetin dhe efikasitetin","robots":{"index":"index","follow":"follow","max-snippet":"max-snippet:-1","max-image-preview":"max-image-preview:large","max-video-preview":"max-video-preview:-1"},"canonical":"https:\/\/www.visit-ulcinj.com\/blog\/2008\/10\/18\/u-zgjodh-udheheqesia-ne-tuz\/","og_locale":"en_US","og_type":"article","og_title":"U zgjodh udh\u00ebheq\u00ebsia n\u00eb Tuz - Lajme nga Ulqini","og_description":"Komisioni p\u00ebr revidimin e implementimit t\u00eb ligjit mbi kryeqytetin Tuz- Komisioni p\u00ebr revidimin e implementimit t\u00eb Ligjit mbi Kryeqytetin dhe efikasitetin","og_url":"https:\/\/www.visit-ulcinj.com\/blog\/2008\/10\/18\/u-zgjodh-udheheqesia-ne-tuz\/","og_site_name":"Lajme nga Ulqini","article_published_time":"2008-10-18T16:46:27+00:00","article_modified_time":"2008-10-18T17:15:16+00:00","og_image":[{"url":"http:\/\/www.visit-ulcinj.com\/blog\/wp-content\/uploads\/2008\/10\/vaselj-sinishtaj-225x300.jpg"}],"twitter_misc":{"Written by":"ulqini","Est. reading time":"1 minute"},"schema":{"@context":"https:\/\/schema.org","@graph":[{"@type":"WebSite","@id":"https:\/\/www.visit-ulcinj.com\/blog\/#website","url":"https:\/\/www.visit-ulcinj.com\/blog\/","name":"Lajme nga Ulqini","description":"Lajme,Vijesti,Ulqini,Ulqin,Crna Gora,Mali i Zi","potentialAction":[{"@type":"SearchAction","target":{"@type":"EntryPoint","urlTemplate":"https:\/\/www.visit-ulcinj.com\/blog\/?s={search_term_string}"},"query-input":"required name=search_term_string"}],"inLanguage":"en-US"},{"@type":"ImageObject","inLanguage":"en-US","@id":"https:\/\/www.visit-ulcinj.com\/blog\/2008\/10\/18\/u-zgjodh-udheheqesia-ne-tuz\/#primaryimage","url":"http:\/\/www.visit-ulcinj.com\/blog\/wp-content\/uploads\/2008\/10\/vaselj-sinishtaj-225x300.jpg","contentUrl":"http:\/\/www.visit-ulcinj.com\/blog\/wp-content\/uploads\/2008\/10\/vaselj-sinishtaj-225x300.jpg"},{"@type":"WebPage","@id":"https:\/\/www.visit-ulcinj.com\/blog\/2008\/10\/18\/u-zgjodh-udheheqesia-ne-tuz\/#webpage","url":"https:\/\/www.visit-ulcinj.com\/blog\/2008\/10\/18\/u-zgjodh-udheheqesia-ne-tuz\/","name":"U zgjodh udh\u00ebheq\u00ebsia n\u00eb Tuz - Lajme nga Ulqini","isPartOf":{"@id":"https:\/\/www.visit-ulcinj.com\/blog\/#website"},"primaryImageOfPage":{"@id":"https:\/\/www.visit-ulcinj.com\/blog\/2008\/10\/18\/u-zgjodh-udheheqesia-ne-tuz\/#primaryimage"},"datePublished":"2008-10-18T16:46:27+00:00","dateModified":"2008-10-18T17:15:16+00:00","author":{"@id":"https:\/\/www.visit-ulcinj.com\/blog\/#\/schema\/person\/dcab619c614d3038751c63bc2aadc06d"},"description":"Komisioni p\u00ebr revidimin e implementimit t\u00eb ligjit mbi kryeqytetin Tuz- Komisioni p\u00ebr revidimin e implementimit t\u00eb Ligjit mbi Kryeqytetin dhe efikasitetin","breadcrumb":{"@id":"https:\/\/www.visit-ulcinj.com\/blog\/2008\/10\/18\/u-zgjodh-udheheqesia-ne-tuz\/#breadcrumb"},"inLanguage":"en-US","potentialAction":[{"@type":"ReadAction","target":["https:\/\/www.visit-ulcinj.com\/blog\/2008\/10\/18\/u-zgjodh-udheheqesia-ne-tuz\/"]}]},{"@type":"BreadcrumbList","@id":"https:\/\/www.visit-ulcinj.com\/blog\/2008\/10\/18\/u-zgjodh-udheheqesia-ne-tuz\/#breadcrumb","itemListElement":[{"@type":"ListItem","position":1,"name":"U zgjodh udh\u00ebheq\u00ebsia n\u00eb Tuz"}]},{"@type":"Person","@id":"https:\/\/www.visit-ulcinj.com\/blog\/#\/schema\/person\/dcab619c614d3038751c63bc2aadc06d","name":"ulqini","sameAs":["http:\/\/www.visit-ulcinj.com"],"url":"https:\/\/www.visit-ulcinj.com\/blog\/author\/admin\/"}]}},"jetpack_featured_media_url":"","jetpack_sharing_enabled":true,"jetpack_shortlink":"https:\/\/wp.me\/pe6lTn-1ew","_links":{"self":[{"href":"https:\/\/www.visit-ulcinj.com\/blog\/wp-json\/wp\/v2\/posts\/4744"}],"collection":[{"href":"https:\/\/www.visit-ulcinj.com\/blog\/wp-json\/wp\/v2\/posts"}],"about":[{"href":"https:\/\/www.visit-ulcinj.com\/blog\/wp-json\/wp\/v2\/types\/post"}],"author":[{"embeddable":true,"href":"https:\/\/www.visit-ulcinj.com\/blog\/wp-json\/wp\/v2\/users\/1"}],"replies":[{"embeddable":true,"href":"https:\/\/www.visit-ulcinj.com\/blog\/wp-json\/wp\/v2\/comments?post=4744"}],"version-history":[{"count":0,"href":"https:\/\/www.visit-ulcinj.com\/blog\/wp-json\/wp\/v2\/posts\/4744\/revisions"}],"wp:attachment":[{"href":"https:\/\/www.visit-ulcinj.com\/blog\/wp-json\/wp\/v2\/media?parent=4744"}],"wp:term":[{"taxonomy":"category","embeddable":true,"href":"https:\/\/www.visit-ulcinj.com\/blog\/wp-json\/wp\/v2\/categories?post=4744"},{"taxonomy":"post_tag","embeddable":true,"href":"https:\/\/www.visit-ulcinj.com\/blog\/wp-json\/wp\/v2\/tags?post=4744"}],"curies":[{"name":"wp","href":"https:\/\/api.w.org\/{rel}","templated":true}]}}