{"id":47445,"date":"2011-06-06T18:28:37","date_gmt":"2011-06-06T17:28:37","guid":{"rendered":"http:\/\/www.visit-ulcinj.com\/blog\/?p=47445"},"modified":"2011-06-06T18:28:37","modified_gmt":"2011-06-06T17:28:37","slug":"sonica-dance-festivalulcinjcrna-gora12-avgust-2011","status":"publish","type":"post","link":"https:\/\/www.visit-ulcinj.com\/blog\/2011\/06\/06\/sonica-dance-festivalulcinjcrna-gora12-avgust-2011\/","title":{"rendered":"Sonica Dance Festival,Ulcinj,Crna Gora,12 avgust 2011"},"content":{"rendered":"<p><a href=\"http:\/\/www.visit-ulcinj.com\/blog\/wp-content\/uploads\/2011\/06\/Sonica-Dance-FestivalUlcinjCrna-Gora12-avgust-2011.jpg\"><img loading=\"lazy\" class=\"alignleft size-full wp-image-47446\" title=\"Sonica Dance Festival,Ulcinj,Crna Gora,12 avgust 2011\" src=\"http:\/\/www.visit-ulcinj.com\/blog\/wp-content\/uploads\/2011\/06\/Sonica-Dance-FestivalUlcinjCrna-Gora12-avgust-2011.jpg\" alt=\"\" width=\"508\" height=\"380\" \/><\/a>Sonica festival ove godine se premje\u0161ta iz Italije u Crnu Goru za svoje 5. izdanje koje \u0107e se odr\u017eati na prelijepom novom mjestu &#8211; prekrasnim dugim pje\u0161\u010danim predjelima &#8220;Velike Pla\u017ee&#8221; izme\u0111u Ulcinja i rije\u010dnog ostrva Ada Bojana.<\/p>\n<p>Nakon uspje\u0161nog Re-Loaded izdanja iz 2009. na Monte Gelato vodopadima u Italiji, Sonica Festival Vam po peti poklanja novo multi-etni\u010dko iskustvo ljubavi, slobode, zvuka, magije i snova na zapanjuju\u0107oj &#8220;Velikoj Pla\u017ei&#8221; u Crnoj Gori odr\u017eavaju\u0107i vas u harmoniji sa prirodom i razli\u010ditim svjetskim kulturama.<\/p>\n<p>Ove godine festival \u0107e se odr\u017eati od 12. do 16. Augusta 2011. godine, na prelijepom zadivljuju\u0107em mjestu koje se nalazi na samo 500 metara od kristalno \u010distog modro plavog Jadranskog mora.<\/p>\n<p>Festival ima obezbje\u0111enu punu potporu i suradnju lokalnih vlasti kako bi se osigurala potpuna sigurnost i sloboda posjetilaca festivala.<\/p>\n<p><strong><a href=\"http:\/\/www.visit-ulcinj.com\/blog\/wp-content\/uploads\/2011\/06\/Sonica-Dance-FestivalUlcinjCrna-Gora12-avgust-2011.1.jpg\"><img loading=\"lazy\" class=\"alignleft size-full wp-image-47447\" title=\"Sonica Dance Festival,Ulcinj,Crna Gora,12 avgust 2011.1\" src=\"http:\/\/www.visit-ulcinj.com\/blog\/wp-content\/uploads\/2011\/06\/Sonica-Dance-FestivalUlcinjCrna-Gora12-avgust-2011.1.jpg\" alt=\"\" width=\"340\" height=\"500\" \/><\/a>MAIN STAGE LINE UP<\/strong><br \/>\nSonica Mainstage \u0107e ugostiti neke od najboljih psychedelic trance DJ-a i producenata u svijetu koji \u0107e nastupati tokom 4 no\u0107i i 5 dana. Sonica 2011 \u0107e imati 24-satni line-up savr\u0161eno raspore\u0111en kako bi vam dao najbolji protok energije, osje\u0107aja i vizija.<br \/>\n<strong><br \/>\nAbsolum live + Christof DJ (FR) \/ Ace Ventura (IL) \/ Ajja (CH) \/ Alex Parasense (RU) \/ Allaby (UK) \/ Alternative Control (SRB) \/ Altruism (BR) \/ Aphid Moon (UK) \/ Arjuna (IT \/ GOA) \/ Atriohm (MK) \/ Avalon (UK) \/ Awip (IT) \/ Bee (MNE) \/ Blisargon Demogorgon (MK) \/ Burn In Noise (BR) \/ Djane Gaby (SLO) \/ Edoardo (IT) \/ Etnica live + Max Dj (IT) \/ EVP (UK) \/ First Stone + Swarup DJ (BR) \/ Gino (IT) \/ Giuseppe Parvati (IT) \/ Gorgo (HUN) \/ Govinda (IT \/ GOA) \/ Headroom (SA) \/ Irritant (MNE) \/ Journey (UK) \/ Killawatts (Tristan-Avalon) \/ Latam (RO) \/ Liftshift (NL) \/ Logic Bomb (SWE) \/ Logica (BR) \/ M-Theory (UK)<br \/>\n\/ Marco Tranky (IT) \/ Meko Gaiatech (IT) \/ Pena (PT) \/ Perfect Stranger (IL) \/ Pleiadians (SP) \/ Pseehaw (MNE) \/ Sally Doolally (GER) \/ Shane Gobi (SA) \/ Slater (CZ) \/ Species live + Aki Dj (SRB) \/ Stole (SRB) \/ System-7 (UK) \/ Tommy Pixan (IT) \/ Tristan (UK) \/ Tron (MEX) \/ Twentyeight (BR) \/ X-Dream (GER) \/ XP-Voodoo (RU \/ GOA)<\/strong><\/p>\n<p><strong>ALTERNATIVE STAGE LINE UP<\/strong><\/p>\n<p>Sonica Alternative stage \u0107e vam donijeti ambijentalni zvuk, chill out, downtempo, dub i electronicu kako bi vam ponudili opu\u0161taju\u0107e okru\u017eenje za u\u017eivanje i slu\u0161anje najbolje savremene live muzike.<\/p>\n<p><strong>Aliji (UK) \/ Almamegretta (IT) \/ Antonio Testa (IT) \/ Ashtech (UK) \/ Astropilot (RU) \/ Atom Based (CR) \/ Banco De Gaia (UK) \/ Brando Lupi (IT) \/ Darren (UK) \/ DJ Foose (BE) \/ DJ Greg Mandala (FR) \/ DJ High (PT) \/ DJ Marilli (IT) \/ DJ Scibi (IT) \/ DJ Wedran (BIH) \/ D.M.T. &#8211; Total Eclipse (FR) \/ Dovla (CR) \/ DR Cat (UK) \/ Entheogenic (SO) \/ Filippo Glitches (IT) \/ Fishimself (GR) \/ Frankie Watch (IT) \/ Gaudi (UK) \/ Greg Hunter (UK) \/ Italo Todde (IT) \/ Josko (IT) \/ Kukan Dub Lagan (IL) \/ Master Margherita (CH) \/ Mauxuam (UK) \/ Meditronica (IT) \/ Nova (UK) \/ Paddy Free &#8211; Pitch Black (NZ) \/ Paolo Polcari (IT) \/ Phuture Primitive (USA) \/ Pura &amp; Johan (SRB) \/ Robin Triskele (UK) \/<\/strong><strong><br \/>\nScene (IT) \/ Simon Baring (UK) \/ Toires (FR) \/ Tom Real (UK) \/ Warp Technique (UK) \/ Zizou (IT)<br \/>\n<a href=\"http:\/\/www.visit-ulcinj.com\/blog\/wp-content\/uploads\/2011\/06\/Sonica-Dance-FestivalUlcinjCrna-Gora12-avgust-2011ulcinjska-rivijera_crna-gora.jpg\"><img loading=\"lazy\" class=\"alignleft size-full wp-image-47451\" title=\"Sonica Dance Festival,Ulcinj,Crna Gora,12 avgust 2011,ulcinjska rivijera_crna gora\" src=\"http:\/\/www.visit-ulcinj.com\/blog\/wp-content\/uploads\/2011\/06\/Sonica-Dance-FestivalUlcinjCrna-Gora12-avgust-2011ulcinjska-rivijera_crna-gora.jpg\" alt=\"\" width=\"508\" height=\"600\" \/><\/a><br \/>\n[Karte &#8211; Pretprodaja]<\/strong><br \/>\nPretprodaja karata \u0107e biti dostupna do kraja prve sedmice jula mjeseca, a nakon tog datuma karte \u0107e biti dostupne samo na ulazu na festival po znatno ve\u0107im cijenama.<\/p>\n<p>Cijena ulaznica u pretprodaji su:<br \/>\n&#8211; Prva faza pretprodaje od 25. Januara do 30. Aprila &#8211; 130 KM<br \/>\n&#8211; Druga faza pretprodaje od 1. Maja do 10. Jula &#8211; 170 KM<\/p>\n<p>S obzirom da je Sonica festival internacionalnog karaktera i karte su u prodaji u velikom broju zemalja svijeta, za BiH imamo samo 50 karata prve faze pretprodaje po 130 KM&#8230;<\/p>\n<p>Uz svaku prodatu kartu potrebno je ostaviti li\u010dne podatke: Ime i<br \/>\nprezime, datum ro\u0111enja i e-mail. A u slu\u010daju da karta promjeni svog vlasnika nove podatke poslati na<strong> <a href=\"mailto:info@sonica-dance-festival.eu\" target=\"_blank\">info@sonica-dance-festival.eu<\/a><\/strong><\/p>\n<p>Informacije i prodaja karata za BiH (Sarajevo):<br \/>\n<strong>Vedran |\u00a0<a href=\"tel:%2B387%2061%20215093\" target=\"_blank\">+387 61 215093<\/a> |\u00a0<a href=\"mailto:triptonight@gmail.com\" target=\"_blank\">triptonight@gmail.com<\/a><\/strong><\/p>\n<p><strong><a href=\"http:\/\/www.sonica-dance-festival.eu\/\" target=\"_blank\">http:\/\/www.sonica-dance-festival.eu\/<br \/>\n<\/a><\/strong><br \/>\n\n\t\t<style type=\"text\/css\">\n\t\t\t#gallery-1 {\n\t\t\t\tmargin: auto;\n\t\t\t}\n\t\t\t#gallery-1 .gallery-item {\n\t\t\t\tfloat: left;\n\t\t\t\tmargin-top: 10px;\n\t\t\t\ttext-align: center;\n\t\t\t\twidth: 33%;\n\t\t\t}\n\t\t\t#gallery-1 img {\n\t\t\t\tborder: 2px solid #cfcfcf;\n\t\t\t}\n\t\t\t#gallery-1 .gallery-caption {\n\t\t\t\tmargin-left: 0;\n\t\t\t}\n\t\t\t\/* see gallery_shortcode() in wp-includes\/media.php *\/\n\t\t<\/style>\n\t\t<div id='gallery-1' class='gallery galleryid-47445 gallery-columns-3 gallery-size-thumbnail'><dl class='gallery-item'>\n\t\t\t<dt class='gallery-icon landscape'>\n\t\t\t\t<a href='https:\/\/www.visit-ulcinj.com\/blog\/2011\/06\/06\/sonica-dance-festivalulcinjcrna-gora12-avgust-2011\/sonica-dance-festivalulcinjcrna-gora12-avgust-2011velika-plaza\/'><img width=\"150\" height=\"150\" src=\"https:\/\/www.visit-ulcinj.com\/blog\/wp-content\/uploads\/2011\/06\/Sonica-Dance-FestivalUlcinjCrna-Gora12-avgust-2011velika-plaza-150x150.jpg\" class=\"attachment-thumbnail size-thumbnail\" alt=\"\" loading=\"lazy\" \/><\/a>\n\t\t\t<\/dt><\/dl><dl class='gallery-item'>\n\t\t\t<dt class='gallery-icon landscape'>\n\t\t\t\t<a href='https:\/\/www.visit-ulcinj.com\/blog\/2011\/06\/06\/sonica-dance-festivalulcinjcrna-gora12-avgust-2011\/sonica-dance-festivalulcinjcrna-gora12-avgust-2011plaza-copacabana\/'><img width=\"150\" height=\"150\" src=\"https:\/\/www.visit-ulcinj.com\/blog\/wp-content\/uploads\/2011\/06\/Sonica-Dance-FestivalUlcinjCrna-Gora12-avgust-2011plaza-copacabana-150x150.jpg\" class=\"attachment-thumbnail size-thumbnail\" alt=\"\" loading=\"lazy\" \/><\/a>\n\t\t\t<\/dt><\/dl><dl class='gallery-item'>\n\t\t\t<dt class='gallery-icon landscape'>\n\t\t\t\t<a href='https:\/\/www.visit-ulcinj.com\/blog\/2011\/06\/06\/sonica-dance-festivalulcinjcrna-gora12-avgust-2011\/sonica-dance-festivalulcinjcrna-gora12-avgust-2011plaza-copacabana-1\/'><img width=\"150\" height=\"150\" src=\"https:\/\/www.visit-ulcinj.com\/blog\/wp-content\/uploads\/2011\/06\/Sonica-Dance-FestivalUlcinjCrna-Gora12-avgust-2011plaza-copacabana.1-150x150.jpg\" class=\"attachment-thumbnail size-thumbnail\" alt=\"\" loading=\"lazy\" \/><\/a>\n\t\t\t<\/dt><\/dl><br style=\"clear: both\" \/><dl class='gallery-item'>\n\t\t\t<dt class='gallery-icon portrait'>\n\t\t\t\t<a href='https:\/\/www.visit-ulcinj.com\/blog\/2011\/06\/06\/sonica-dance-festivalulcinjcrna-gora12-avgust-2011\/sonica-dance-festivalulcinjcrna-gora12-avgust-2011ulcinjska-rivijera_crna-gora\/'><img width=\"150\" height=\"150\" src=\"https:\/\/www.visit-ulcinj.com\/blog\/wp-content\/uploads\/2011\/06\/Sonica-Dance-FestivalUlcinjCrna-Gora12-avgust-2011ulcinjska-rivijera_crna-gora-150x150.jpg\" class=\"attachment-thumbnail size-thumbnail\" alt=\"\" loading=\"lazy\" \/><\/a>\n\t\t\t<\/dt><\/dl>\n\t\t\t<br style='clear: both' \/>\n\t\t<\/div>\n<br \/>\n<!--YouTube Error: bad URL entered--><\/p>\n","protected":false},"excerpt":{"rendered":"<p>Sonica festival ove godine se premje\u0161ta iz Italije u Crnu Goru za svoje 5. izdanje koje \u0107e se odr\u017eati na prelijepom novom mjestu &#8211; prekrasnim dugim pje\u0161\u010danim predjelima &#8220;Velike Pla\u017ee&#8221; izme\u0111u Ulcinja i rije\u010dnog ostrva Ada Bojana. Nakon uspje\u0161nog Re-Loaded izdanja iz 2009. na Monte Gelato vodopadima u Italiji, Sonica Festival Vam po peti poklanja [&hellip;]<\/p>\n","protected":false},"author":1,"featured_media":0,"comment_status":"open","ping_status":"closed","sticky":false,"template":"","format":"standard","meta":{"spay_email":"","jetpack_publicize_message":"","jetpack_is_tweetstorm":false,"jetpack_publicize_feature_enabled":true},"categories":[7],"tags":[18378,20,16893,17019,19],"jetpack_publicize_connections":[],"yoast_head":"<!-- This site is optimized with the Yoast SEO plugin v19.1 - https:\/\/yoast.com\/wordpress\/plugins\/seo\/ -->\n<title>Sonica Dance Festival,Ulcinj,Crna Gora,12 avgust 2011 - Lajme nga Ulqini<\/title>\n<meta name=\"description\" content=\"Sonica festival ove godine se premje\u0161ta iz Italije u Crnu Goru za svoje 5. izdanje koje \u0107e se odr\u017eati na prelijepom novom mjestu - prekrasnim dugim\" \/>\n<meta name=\"robots\" content=\"index, follow, max-snippet:-1, max-image-preview:large, max-video-preview:-1\" \/>\n<link rel=\"canonical\" href=\"https:\/\/www.visit-ulcinj.com\/blog\/2011\/06\/06\/sonica-dance-festivalulcinjcrna-gora12-avgust-2011\/\" \/>\n<meta property=\"og:locale\" content=\"en_US\" \/>\n<meta property=\"og:type\" content=\"article\" \/>\n<meta property=\"og:title\" content=\"Sonica Dance Festival,Ulcinj,Crna Gora,12 avgust 2011 - Lajme nga Ulqini\" \/>\n<meta property=\"og:description\" content=\"Sonica festival ove godine se premje\u0161ta iz Italije u Crnu Goru za svoje 5. izdanje koje \u0107e se odr\u017eati na prelijepom novom mjestu - prekrasnim dugim\" \/>\n<meta property=\"og:url\" content=\"https:\/\/www.visit-ulcinj.com\/blog\/2011\/06\/06\/sonica-dance-festivalulcinjcrna-gora12-avgust-2011\/\" \/>\n<meta property=\"og:site_name\" content=\"Lajme nga Ulqini\" \/>\n<meta property=\"article:published_time\" content=\"2011-06-06T17:28:37+00:00\" \/>\n<meta property=\"og:image\" content=\"https:\/\/www.visit-ulcinj.com\/blog\/wp-content\/uploads\/2011\/06\/Sonica-Dance-FestivalUlcinjCrna-Gora12-avgust-2011-150x150.jpg\" \/>\n<meta name=\"twitter:label1\" content=\"Written by\" \/>\n\t<meta name=\"twitter:data1\" content=\"ulqini\" \/>\n\t<meta name=\"twitter:label2\" content=\"Est. reading time\" \/>\n\t<meta name=\"twitter:data2\" content=\"3 minutes\" \/>\n<script type=\"application\/ld+json\" class=\"yoast-schema-graph\">{\"@context\":\"https:\/\/schema.org\",\"@graph\":[{\"@type\":\"WebSite\",\"@id\":\"https:\/\/www.visit-ulcinj.com\/blog\/#website\",\"url\":\"https:\/\/www.visit-ulcinj.com\/blog\/\",\"name\":\"Lajme nga Ulqini\",\"description\":\"Lajme,Vijesti,Ulqini,Ulqin,Crna Gora,Mali i Zi\",\"potentialAction\":[{\"@type\":\"SearchAction\",\"target\":{\"@type\":\"EntryPoint\",\"urlTemplate\":\"https:\/\/www.visit-ulcinj.com\/blog\/?s={search_term_string}\"},\"query-input\":\"required name=search_term_string\"}],\"inLanguage\":\"en-US\"},{\"@type\":\"ImageObject\",\"inLanguage\":\"en-US\",\"@id\":\"https:\/\/www.visit-ulcinj.com\/blog\/2011\/06\/06\/sonica-dance-festivalulcinjcrna-gora12-avgust-2011\/#primaryimage\",\"url\":\"http:\/\/www.visit-ulcinj.com\/blog\/wp-content\/uploads\/2011\/06\/Sonica-Dance-FestivalUlcinjCrna-Gora12-avgust-2011.jpg\",\"contentUrl\":\"http:\/\/www.visit-ulcinj.com\/blog\/wp-content\/uploads\/2011\/06\/Sonica-Dance-FestivalUlcinjCrna-Gora12-avgust-2011.jpg\"},{\"@type\":\"WebPage\",\"@id\":\"https:\/\/www.visit-ulcinj.com\/blog\/2011\/06\/06\/sonica-dance-festivalulcinjcrna-gora12-avgust-2011\/#webpage\",\"url\":\"https:\/\/www.visit-ulcinj.com\/blog\/2011\/06\/06\/sonica-dance-festivalulcinjcrna-gora12-avgust-2011\/\",\"name\":\"Sonica Dance Festival,Ulcinj,Crna Gora,12 avgust 2011 - Lajme nga Ulqini\",\"isPartOf\":{\"@id\":\"https:\/\/www.visit-ulcinj.com\/blog\/#website\"},\"primaryImageOfPage\":{\"@id\":\"https:\/\/www.visit-ulcinj.com\/blog\/2011\/06\/06\/sonica-dance-festivalulcinjcrna-gora12-avgust-2011\/#primaryimage\"},\"datePublished\":\"2011-06-06T17:28:37+00:00\",\"dateModified\":\"2011-06-06T17:28:37+00:00\",\"author\":{\"@id\":\"https:\/\/www.visit-ulcinj.com\/blog\/#\/schema\/person\/dcab619c614d3038751c63bc2aadc06d\"},\"description\":\"Sonica festival ove godine se premje\u0161ta iz Italije u Crnu Goru za svoje 5. izdanje koje \u0107e se odr\u017eati na prelijepom novom mjestu - prekrasnim dugim\",\"breadcrumb\":{\"@id\":\"https:\/\/www.visit-ulcinj.com\/blog\/2011\/06\/06\/sonica-dance-festivalulcinjcrna-gora12-avgust-2011\/#breadcrumb\"},\"inLanguage\":\"en-US\",\"potentialAction\":[{\"@type\":\"ReadAction\",\"target\":[\"https:\/\/www.visit-ulcinj.com\/blog\/2011\/06\/06\/sonica-dance-festivalulcinjcrna-gora12-avgust-2011\/\"]}]},{\"@type\":\"BreadcrumbList\",\"@id\":\"https:\/\/www.visit-ulcinj.com\/blog\/2011\/06\/06\/sonica-dance-festivalulcinjcrna-gora12-avgust-2011\/#breadcrumb\",\"itemListElement\":[{\"@type\":\"ListItem\",\"position\":1,\"name\":\"Sonica Dance Festival,Ulcinj,Crna Gora,12 avgust 2011\"}]},{\"@type\":\"Person\",\"@id\":\"https:\/\/www.visit-ulcinj.com\/blog\/#\/schema\/person\/dcab619c614d3038751c63bc2aadc06d\",\"name\":\"ulqini\",\"sameAs\":[\"http:\/\/www.visit-ulcinj.com\"],\"url\":\"https:\/\/www.visit-ulcinj.com\/blog\/author\/admin\/\"}]}<\/script>\n<!-- \/ Yoast SEO plugin. -->","yoast_head_json":{"title":"Sonica Dance Festival,Ulcinj,Crna Gora,12 avgust 2011 - Lajme nga Ulqini","description":"Sonica festival ove godine se premje\u0161ta iz Italije u Crnu Goru za svoje 5. izdanje koje \u0107e se odr\u017eati na prelijepom novom mjestu - prekrasnim dugim","robots":{"index":"index","follow":"follow","max-snippet":"max-snippet:-1","max-image-preview":"max-image-preview:large","max-video-preview":"max-video-preview:-1"},"canonical":"https:\/\/www.visit-ulcinj.com\/blog\/2011\/06\/06\/sonica-dance-festivalulcinjcrna-gora12-avgust-2011\/","og_locale":"en_US","og_type":"article","og_title":"Sonica Dance Festival,Ulcinj,Crna Gora,12 avgust 2011 - Lajme nga Ulqini","og_description":"Sonica festival ove godine se premje\u0161ta iz Italije u Crnu Goru za svoje 5. izdanje koje \u0107e se odr\u017eati na prelijepom novom mjestu - prekrasnim dugim","og_url":"https:\/\/www.visit-ulcinj.com\/blog\/2011\/06\/06\/sonica-dance-festivalulcinjcrna-gora12-avgust-2011\/","og_site_name":"Lajme nga Ulqini","article_published_time":"2011-06-06T17:28:37+00:00","og_image":[{"url":"https:\/\/www.visit-ulcinj.com\/blog\/wp-content\/uploads\/2011\/06\/Sonica-Dance-FestivalUlcinjCrna-Gora12-avgust-2011-150x150.jpg"}],"twitter_misc":{"Written by":"ulqini","Est. reading time":"3 minutes"},"schema":{"@context":"https:\/\/schema.org","@graph":[{"@type":"WebSite","@id":"https:\/\/www.visit-ulcinj.com\/blog\/#website","url":"https:\/\/www.visit-ulcinj.com\/blog\/","name":"Lajme nga Ulqini","description":"Lajme,Vijesti,Ulqini,Ulqin,Crna Gora,Mali i Zi","potentialAction":[{"@type":"SearchAction","target":{"@type":"EntryPoint","urlTemplate":"https:\/\/www.visit-ulcinj.com\/blog\/?s={search_term_string}"},"query-input":"required name=search_term_string"}],"inLanguage":"en-US"},{"@type":"ImageObject","inLanguage":"en-US","@id":"https:\/\/www.visit-ulcinj.com\/blog\/2011\/06\/06\/sonica-dance-festivalulcinjcrna-gora12-avgust-2011\/#primaryimage","url":"http:\/\/www.visit-ulcinj.com\/blog\/wp-content\/uploads\/2011\/06\/Sonica-Dance-FestivalUlcinjCrna-Gora12-avgust-2011.jpg","contentUrl":"http:\/\/www.visit-ulcinj.com\/blog\/wp-content\/uploads\/2011\/06\/Sonica-Dance-FestivalUlcinjCrna-Gora12-avgust-2011.jpg"},{"@type":"WebPage","@id":"https:\/\/www.visit-ulcinj.com\/blog\/2011\/06\/06\/sonica-dance-festivalulcinjcrna-gora12-avgust-2011\/#webpage","url":"https:\/\/www.visit-ulcinj.com\/blog\/2011\/06\/06\/sonica-dance-festivalulcinjcrna-gora12-avgust-2011\/","name":"Sonica Dance Festival,Ulcinj,Crna Gora,12 avgust 2011 - Lajme nga Ulqini","isPartOf":{"@id":"https:\/\/www.visit-ulcinj.com\/blog\/#website"},"primaryImageOfPage":{"@id":"https:\/\/www.visit-ulcinj.com\/blog\/2011\/06\/06\/sonica-dance-festivalulcinjcrna-gora12-avgust-2011\/#primaryimage"},"datePublished":"2011-06-06T17:28:37+00:00","dateModified":"2011-06-06T17:28:37+00:00","author":{"@id":"https:\/\/www.visit-ulcinj.com\/blog\/#\/schema\/person\/dcab619c614d3038751c63bc2aadc06d"},"description":"Sonica festival ove godine se premje\u0161ta iz Italije u Crnu Goru za svoje 5. izdanje koje \u0107e se odr\u017eati na prelijepom novom mjestu - prekrasnim dugim","breadcrumb":{"@id":"https:\/\/www.visit-ulcinj.com\/blog\/2011\/06\/06\/sonica-dance-festivalulcinjcrna-gora12-avgust-2011\/#breadcrumb"},"inLanguage":"en-US","potentialAction":[{"@type":"ReadAction","target":["https:\/\/www.visit-ulcinj.com\/blog\/2011\/06\/06\/sonica-dance-festivalulcinjcrna-gora12-avgust-2011\/"]}]},{"@type":"BreadcrumbList","@id":"https:\/\/www.visit-ulcinj.com\/blog\/2011\/06\/06\/sonica-dance-festivalulcinjcrna-gora12-avgust-2011\/#breadcrumb","itemListElement":[{"@type":"ListItem","position":1,"name":"Sonica Dance Festival,Ulcinj,Crna Gora,12 avgust 2011"}]},{"@type":"Person","@id":"https:\/\/www.visit-ulcinj.com\/blog\/#\/schema\/person\/dcab619c614d3038751c63bc2aadc06d","name":"ulqini","sameAs":["http:\/\/www.visit-ulcinj.com"],"url":"https:\/\/www.visit-ulcinj.com\/blog\/author\/admin\/"}]}},"jetpack_featured_media_url":"","jetpack_sharing_enabled":true,"jetpack_shortlink":"https:\/\/wp.me\/pe6lTn-clf","_links":{"self":[{"href":"https:\/\/www.visit-ulcinj.com\/blog\/wp-json\/wp\/v2\/posts\/47445"}],"collection":[{"href":"https:\/\/www.visit-ulcinj.com\/blog\/wp-json\/wp\/v2\/posts"}],"about":[{"href":"https:\/\/www.visit-ulcinj.com\/blog\/wp-json\/wp\/v2\/types\/post"}],"author":[{"embeddable":true,"href":"https:\/\/www.visit-ulcinj.com\/blog\/wp-json\/wp\/v2\/users\/1"}],"replies":[{"embeddable":true,"href":"https:\/\/www.visit-ulcinj.com\/blog\/wp-json\/wp\/v2\/comments?post=47445"}],"version-history":[{"count":1,"href":"https:\/\/www.visit-ulcinj.com\/blog\/wp-json\/wp\/v2\/posts\/47445\/revisions"}],"predecessor-version":[{"id":49623,"href":"https:\/\/www.visit-ulcinj.com\/blog\/wp-json\/wp\/v2\/posts\/47445\/revisions\/49623"}],"wp:attachment":[{"href":"https:\/\/www.visit-ulcinj.com\/blog\/wp-json\/wp\/v2\/media?parent=47445"}],"wp:term":[{"taxonomy":"category","embeddable":true,"href":"https:\/\/www.visit-ulcinj.com\/blog\/wp-json\/wp\/v2\/categories?post=47445"},{"taxonomy":"post_tag","embeddable":true,"href":"https:\/\/www.visit-ulcinj.com\/blog\/wp-json\/wp\/v2\/tags?post=47445"}],"curies":[{"name":"wp","href":"https:\/\/api.w.org\/{rel}","templated":true}]}}