{"id":47458,"date":"2011-06-07T15:45:10","date_gmt":"2011-06-07T14:45:10","guid":{"rendered":"http:\/\/www.visit-ulcinj.com\/blog\/?p=47458"},"modified":"2011-06-17T15:12:04","modified_gmt":"2011-06-17T14:12:04","slug":"calimera-mbledh-ne-ulqin-emra-te-shquar-te-letersise","status":"publish","type":"post","link":"https:\/\/www.visit-ulcinj.com\/blog\/2011\/06\/07\/calimera-mbledh-ne-ulqin-emra-te-shquar-te-letersise\/","title":{"rendered":"Calimera mbledh n\u00eb Ulqin emra t\u00eb shquar t\u00eb let\u00ebrsis\u00eb &#8211; Video"},"content":{"rendered":"<p><a href=\"http:\/\/www.visit-ulcinj.com\/blog\/wp-content\/uploads\/2011\/06\/Calimera-2011_Art-festival_Art-Club_Ulqin.4.jpg\"><img loading=\"lazy\" class=\"alignleft size-full wp-image-47867\" title=\"Calimera 2011_Art festival_Art Club_Ulqin.4\" src=\"http:\/\/www.visit-ulcinj.com\/blog\/wp-content\/uploads\/2011\/06\/Calimera-2011_Art-festival_Art-Club_Ulqin.4.jpg\" alt=\"\" width=\"508\" height=\"380\" srcset=\"https:\/\/www.visit-ulcinj.com\/blog\/wp-content\/uploads\/2011\/06\/Calimera-2011_Art-festival_Art-Club_Ulqin.4.jpg 720w, https:\/\/www.visit-ulcinj.com\/blog\/wp-content\/uploads\/2011\/06\/Calimera-2011_Art-festival_Art-Club_Ulqin.4-300x225.jpg 300w\" sizes=\"(max-width: 508px) 100vw, 508px\" \/><\/a>Ulqin, 7 qershor &#8211; T\u00eb organizuar nga Shoqata e Artist\u00ebve dhe Intelektual\u00ebve \u201cArt Club\u201d, manifestimi tradicional \u201cCalimera\u201d \/Ish-Kalimerja poetike\/, sjell n\u00eb Ulqin k\u00ebt\u00eb fundjav\u00eb emra t\u00eb mir\u00ebnjohur jo vet\u00ebm t\u00eb let\u00ebrsis\u00eb shqipe.<br \/>\nKryetari i k\u00ebsaj shoqate t\u00eb mir\u00ebnjohur t\u00eb zhvillimit dhe promovimit t\u00eb kultur\u00ebs shqiptare n\u00eb Mal t\u00eb Zi, Mr. Haxhi Shabani tha dit\u00ebn e mart\u00eb p\u00ebr KosovaLive se edicioni i sivjetm\u00eb i k\u00ebtij manifestimi letrar, k\u00ebt\u00eb jav\u00eb Ulqinit do t&#8217;i sjell\u00eb personalitete t\u00eb shquara t\u00eb let\u00ebrsis\u00eb bashk\u00ebkohore shqipe. K\u00ebshtu, shkrimtarit Agron Tufa nga Shqip\u00ebria i kushtohet dit\u00ebn e premte nj\u00eb mbr\u00ebmje autoriale mbi veprimtarin\u00eb e s\u00eb cilit do t\u00eb flas\u00eb studiuesi nga Qendra e Studimeve Albanalogjike t\u00eb Tiran\u00ebs.<br \/>\nPo ashtu nga Tirana n\u00eb edicionin e sivjet\u00ebm t\u00eb \u201cCalimer\u00ebs\u201d me nj\u00eb mbr\u00ebmje autoriale promovohet edhe krijimtaria letrare e poetesh\u00ebs, Mimoza Ahmeti. Mbi opusin e saj krijues letrar flet studiuesi nga Prishtina, Dr.Kujtim Rrahmani.<br \/>\nNd\u00ebrkaq, nga let\u00ebrsia bot\u00ebrore para auditoriumit ulqinak prezantohet shkrimtari Gilbert Beers. Mbi veprimtarin\u00eb e tij letrare do t\u00eb flasin Mr. Anton Goj\u00e7aj, ligj\u00ebrues i Let\u00ebrsis\u00eb p\u00ebr f\u00ebmij\u00eb n\u00eb Universitetin e Podgoric\u00ebs dhe Diana Rexha, p\u00ebrkthyese nga Ulqini.<br \/>\nShoqata e Artist\u00ebve dhe Intelektual\u00ebve \u201cArt Club\u201d me k\u00ebt\u00eb rast promovon edhe p\u00ebrzgjedhjen e pes\u00eb autor\u00ebve shqiptar\u00eb n\u00eb Malin e Zi. Kjo \u00ebsht\u00eb dalja m\u00eb e kompletuar edhe m\u00eb serioze e themeluesve t\u00eb let\u00ebrsis\u00eb shqipe n\u00eb Malin e Zi, Asllan Bisha, Ibrahim Berjashi, Fran Camaj, Haxhi Shabani dhe Anton Goj\u00e7aj. Mbi k\u00ebt\u00eb p\u00ebrzgjedhje do t\u00eb flasin Andrej Nikollaidis, nj\u00ebri nd\u00ebr kritik\u00ebt m\u00eb t\u00eb spikatur t\u00eb let\u00ebrsis\u00eb moderne malazeze, studiuesi nga Shkodra, Dr.Arben Prendi dhe Mirsad Muliq, drejtor i Qendr\u00ebs p\u00ebr ruajtjen dhe zhvillimin e kultur\u00ebs s\u00eb pakicave.<\/p>\n<p><strong>KOHA NET<br \/>\nFoto<a href=\"http:\/\/www.facebook.com\/media\/set\/?set=a.10150216272294723.328752.661749722\" target=\"_blank\">: Sabina Osmanovic Facebook<\/a><\/strong><br \/>\n<strong>\n\t\t<style type=\"text\/css\">\n\t\t\t#gallery-1 {\n\t\t\t\tmargin: auto;\n\t\t\t}\n\t\t\t#gallery-1 .gallery-item {\n\t\t\t\tfloat: left;\n\t\t\t\tmargin-top: 10px;\n\t\t\t\ttext-align: center;\n\t\t\t\twidth: 33%;\n\t\t\t}\n\t\t\t#gallery-1 img {\n\t\t\t\tborder: 2px solid #cfcfcf;\n\t\t\t}\n\t\t\t#gallery-1 .gallery-caption {\n\t\t\t\tmargin-left: 0;\n\t\t\t}\n\t\t\t\/* see gallery_shortcode() in wp-includes\/media.php *\/\n\t\t<\/style>\n\t\t<div id='gallery-1' class='gallery galleryid-47458 gallery-columns-3 gallery-size-thumbnail'><dl class='gallery-item'>\n\t\t\t<dt class='gallery-icon portrait'>\n\t\t\t\t<a href='https:\/\/www.visit-ulcinj.com\/blog\/wp-content\/uploads\/2011\/06\/Andrej-Nikollaidis_Kalimera-Poetike_ULQIN.jpg'><img width=\"150\" height=\"150\" src=\"https:\/\/www.visit-ulcinj.com\/blog\/wp-content\/uploads\/2011\/06\/Andrej-Nikollaidis_Kalimera-Poetike_ULQIN-150x150.jpg\" class=\"attachment-thumbnail size-thumbnail\" alt=\"\" loading=\"lazy\" \/><\/a>\n\t\t\t<\/dt><\/dl><dl class='gallery-item'>\n\t\t\t<dt class='gallery-icon landscape'>\n\t\t\t\t<a href='https:\/\/www.visit-ulcinj.com\/blog\/wp-content\/uploads\/2011\/06\/Calimera-2011_Art-festival_Art-Club_Ulqin.4.jpg'><img width=\"150\" height=\"150\" src=\"https:\/\/www.visit-ulcinj.com\/blog\/wp-content\/uploads\/2011\/06\/Calimera-2011_Art-festival_Art-Club_Ulqin.4-150x150.jpg\" class=\"attachment-thumbnail size-thumbnail\" alt=\"\" loading=\"lazy\" \/><\/a>\n\t\t\t<\/dt><\/dl><dl class='gallery-item'>\n\t\t\t<dt class='gallery-icon landscape'>\n\t\t\t\t<a href='https:\/\/www.visit-ulcinj.com\/blog\/wp-content\/uploads\/2011\/06\/Calimera-2011_Art-festival_Art-Club_Ulqin.1.jpg'><img width=\"150\" height=\"150\" src=\"https:\/\/www.visit-ulcinj.com\/blog\/wp-content\/uploads\/2011\/06\/Calimera-2011_Art-festival_Art-Club_Ulqin.1-150x150.jpg\" class=\"attachment-thumbnail size-thumbnail\" alt=\"\" loading=\"lazy\" \/><\/a>\n\t\t\t<\/dt><\/dl><br style=\"clear: both\" \/><dl class='gallery-item'>\n\t\t\t<dt class='gallery-icon landscape'>\n\t\t\t\t<a href='https:\/\/www.visit-ulcinj.com\/blog\/wp-content\/uploads\/2011\/06\/Calimera-2011_Art-festival_Art-Club_Ulqin.2.jpg'><img width=\"150\" height=\"150\" src=\"https:\/\/www.visit-ulcinj.com\/blog\/wp-content\/uploads\/2011\/06\/Calimera-2011_Art-festival_Art-Club_Ulqin.2-150x150.jpg\" class=\"attachment-thumbnail size-thumbnail\" alt=\"\" loading=\"lazy\" \/><\/a>\n\t\t\t<\/dt><\/dl><dl class='gallery-item'>\n\t\t\t<dt class='gallery-icon landscape'>\n\t\t\t\t<a href='https:\/\/www.visit-ulcinj.com\/blog\/wp-content\/uploads\/2011\/06\/Calimera-2011_Art-festival_Art-Club_Ulqin.3.jpg'><img width=\"150\" height=\"150\" src=\"https:\/\/www.visit-ulcinj.com\/blog\/wp-content\/uploads\/2011\/06\/Calimera-2011_Art-festival_Art-Club_Ulqin.3-150x150.jpg\" class=\"attachment-thumbnail size-thumbnail\" alt=\"\" loading=\"lazy\" \/><\/a>\n\t\t\t<\/dt><\/dl><dl class='gallery-item'>\n\t\t\t<dt class='gallery-icon landscape'>\n\t\t\t\t<a href='https:\/\/www.visit-ulcinj.com\/blog\/wp-content\/uploads\/2011\/06\/Calimera-2011_Art-festival_Art-Club_Ulqin.5.jpg'><img width=\"150\" height=\"150\" src=\"https:\/\/www.visit-ulcinj.com\/blog\/wp-content\/uploads\/2011\/06\/Calimera-2011_Art-festival_Art-Club_Ulqin.5-150x150.jpg\" class=\"attachment-thumbnail size-thumbnail\" alt=\"\" loading=\"lazy\" \/><\/a>\n\t\t\t<\/dt><\/dl><br style=\"clear: both\" \/><dl class='gallery-item'>\n\t\t\t<dt class='gallery-icon landscape'>\n\t\t\t\t<a href='https:\/\/www.visit-ulcinj.com\/blog\/wp-content\/uploads\/2011\/06\/Calimera-2011_Art-festival_Art-Club_Ulqin.6.jpg'><img width=\"150\" height=\"150\" src=\"https:\/\/www.visit-ulcinj.com\/blog\/wp-content\/uploads\/2011\/06\/Calimera-2011_Art-festival_Art-Club_Ulqin.6-150x150.jpg\" class=\"attachment-thumbnail size-thumbnail\" alt=\"\" loading=\"lazy\" \/><\/a>\n\t\t\t<\/dt><\/dl><dl class='gallery-item'>\n\t\t\t<dt class='gallery-icon landscape'>\n\t\t\t\t<a href='https:\/\/www.visit-ulcinj.com\/blog\/wp-content\/uploads\/2011\/06\/Calimera-2011_Art-festival_Art-Club_Ulqin.7.jpg'><img width=\"150\" height=\"150\" src=\"https:\/\/www.visit-ulcinj.com\/blog\/wp-content\/uploads\/2011\/06\/Calimera-2011_Art-festival_Art-Club_Ulqin.7-150x150.jpg\" class=\"attachment-thumbnail size-thumbnail\" alt=\"\" loading=\"lazy\" \/><\/a>\n\t\t\t<\/dt><\/dl><dl class='gallery-item'>\n\t\t\t<dt class='gallery-icon landscape'>\n\t\t\t\t<a href='https:\/\/www.visit-ulcinj.com\/blog\/wp-content\/uploads\/2011\/06\/Calimera-2011_Art-festival_Art-Club_Ulqin.8.jpg'><img width=\"150\" height=\"150\" src=\"https:\/\/www.visit-ulcinj.com\/blog\/wp-content\/uploads\/2011\/06\/Calimera-2011_Art-festival_Art-Club_Ulqin.8-150x150.jpg\" class=\"attachment-thumbnail size-thumbnail\" alt=\"\" loading=\"lazy\" \/><\/a>\n\t\t\t<\/dt><\/dl><br style=\"clear: both\" \/><dl class='gallery-item'>\n\t\t\t<dt class='gallery-icon landscape'>\n\t\t\t\t<a href='https:\/\/www.visit-ulcinj.com\/blog\/wp-content\/uploads\/2011\/06\/Calimera-2011_Art-festival_Art-Club_Ulqin.9.jpg'><img width=\"150\" height=\"150\" src=\"https:\/\/www.visit-ulcinj.com\/blog\/wp-content\/uploads\/2011\/06\/Calimera-2011_Art-festival_Art-Club_Ulqin.9-150x150.jpg\" class=\"attachment-thumbnail size-thumbnail\" alt=\"\" loading=\"lazy\" \/><\/a>\n\t\t\t<\/dt><\/dl><dl class='gallery-item'>\n\t\t\t<dt class='gallery-icon landscape'>\n\t\t\t\t<a href='https:\/\/www.visit-ulcinj.com\/blog\/wp-content\/uploads\/2011\/06\/Calimera-2011_Art-festival_Art-Club_Ulqin.jpg'><img width=\"150\" height=\"150\" src=\"https:\/\/www.visit-ulcinj.com\/blog\/wp-content\/uploads\/2011\/06\/Calimera-2011_Art-festival_Art-Club_Ulqin-150x150.jpg\" class=\"attachment-thumbnail size-thumbnail\" alt=\"\" loading=\"lazy\" \/><\/a>\n\t\t\t<\/dt><\/dl>\n\t\t\t<br style='clear: both' \/>\n\t\t<\/div>\n<br \/>\n<!--YouTube Error: bad URL entered--><\/strong><\/p>\n","protected":false},"excerpt":{"rendered":"<p>Ulqin, 7 qershor &#8211; T\u00eb organizuar nga Shoqata e Artist\u00ebve dhe Intelektual\u00ebve \u201cArt Club\u201d, manifestimi tradicional \u201cCalimera\u201d \/Ish-Kalimerja poetike\/, sjell n\u00eb Ulqin k\u00ebt\u00eb fundjav\u00eb emra t\u00eb mir\u00ebnjohur jo vet\u00ebm t\u00eb let\u00ebrsis\u00eb shqipe. Kryetari i k\u00ebsaj shoqate t\u00eb mir\u00ebnjohur t\u00eb zhvillimit dhe promovimit t\u00eb kultur\u00ebs shqiptare n\u00eb Mal t\u00eb Zi, Mr. Haxhi Shabani tha dit\u00ebn e [&hellip;]<\/p>\n","protected":false},"author":1,"featured_media":0,"comment_status":"open","ping_status":"closed","sticky":false,"template":"","format":"standard","meta":{"spay_email":"","jetpack_publicize_message":"","jetpack_is_tweetstorm":false,"jetpack_publicize_feature_enabled":true},"categories":[4],"tags":[954,1937,16830,1936,18382,3208,211,3721,18381,6808,200,18],"jetpack_publicize_connections":[],"yoast_head":"<!-- This site is optimized with the Yoast SEO plugin v19.1 - https:\/\/yoast.com\/wordpress\/plugins\/seo\/ -->\n<title>Calimera mbledh n\u00eb Ulqin emra t\u00eb shquar t\u00eb let\u00ebrsis\u00eb - Video - Lajme nga Ulqini<\/title>\n<meta name=\"description\" content=\"Ulqin, 7 qershor - T\u00eb organizuar nga Shoqata e Artist\u00ebve dhe Intelektual\u00ebve \u201cArt Club\u201d, manifestimi tradicional \u201cCalimera\u201d \/Ish-Kalimerja poetike\/, sjell\" \/>\n<meta name=\"robots\" content=\"index, follow, max-snippet:-1, max-image-preview:large, max-video-preview:-1\" \/>\n<link rel=\"canonical\" href=\"https:\/\/www.visit-ulcinj.com\/blog\/2011\/06\/07\/calimera-mbledh-ne-ulqin-emra-te-shquar-te-letersise\/\" \/>\n<meta property=\"og:locale\" content=\"en_US\" \/>\n<meta property=\"og:type\" content=\"article\" \/>\n<meta property=\"og:title\" content=\"Calimera mbledh n\u00eb Ulqin emra t\u00eb shquar t\u00eb let\u00ebrsis\u00eb - Video - Lajme nga Ulqini\" \/>\n<meta property=\"og:description\" content=\"Ulqin, 7 qershor - T\u00eb organizuar nga Shoqata e Artist\u00ebve dhe Intelektual\u00ebve \u201cArt Club\u201d, manifestimi tradicional \u201cCalimera\u201d \/Ish-Kalimerja poetike\/, sjell\" \/>\n<meta property=\"og:url\" content=\"https:\/\/www.visit-ulcinj.com\/blog\/2011\/06\/07\/calimera-mbledh-ne-ulqin-emra-te-shquar-te-letersise\/\" \/>\n<meta property=\"og:site_name\" content=\"Lajme nga Ulqini\" \/>\n<meta property=\"article:published_time\" content=\"2011-06-07T14:45:10+00:00\" \/>\n<meta property=\"article:modified_time\" content=\"2011-06-17T14:12:04+00:00\" \/>\n<meta property=\"og:image\" content=\"https:\/\/www.visit-ulcinj.com\/blog\/wp-content\/uploads\/2011\/06\/Andrej-Nikollaidis_Kalimera-Poetike_ULQIN-150x150.jpg\" \/>\n<meta name=\"twitter:label1\" content=\"Written by\" \/>\n\t<meta name=\"twitter:data1\" content=\"ulqini\" \/>\n\t<meta name=\"twitter:label2\" content=\"Est. reading time\" \/>\n\t<meta name=\"twitter:data2\" content=\"2 minutes\" \/>\n<script type=\"application\/ld+json\" class=\"yoast-schema-graph\">{\"@context\":\"https:\/\/schema.org\",\"@graph\":[{\"@type\":\"WebSite\",\"@id\":\"https:\/\/www.visit-ulcinj.com\/blog\/#website\",\"url\":\"https:\/\/www.visit-ulcinj.com\/blog\/\",\"name\":\"Lajme nga Ulqini\",\"description\":\"Lajme,Vijesti,Ulqini,Ulqin,Crna Gora,Mali i Zi\",\"potentialAction\":[{\"@type\":\"SearchAction\",\"target\":{\"@type\":\"EntryPoint\",\"urlTemplate\":\"https:\/\/www.visit-ulcinj.com\/blog\/?s={search_term_string}\"},\"query-input\":\"required name=search_term_string\"}],\"inLanguage\":\"en-US\"},{\"@type\":\"ImageObject\",\"inLanguage\":\"en-US\",\"@id\":\"https:\/\/www.visit-ulcinj.com\/blog\/2011\/06\/07\/calimera-mbledh-ne-ulqin-emra-te-shquar-te-letersise\/#primaryimage\",\"url\":\"https:\/\/www.visit-ulcinj.com\/blog\/wp-content\/uploads\/2011\/06\/Calimera-2011_Art-festival_Art-Club_Ulqin.4.jpg\",\"contentUrl\":\"https:\/\/www.visit-ulcinj.com\/blog\/wp-content\/uploads\/2011\/06\/Calimera-2011_Art-festival_Art-Club_Ulqin.4.jpg\",\"width\":\"720\",\"height\":\"540\"},{\"@type\":\"WebPage\",\"@id\":\"https:\/\/www.visit-ulcinj.com\/blog\/2011\/06\/07\/calimera-mbledh-ne-ulqin-emra-te-shquar-te-letersise\/#webpage\",\"url\":\"https:\/\/www.visit-ulcinj.com\/blog\/2011\/06\/07\/calimera-mbledh-ne-ulqin-emra-te-shquar-te-letersise\/\",\"name\":\"Calimera mbledh n\u00eb Ulqin emra t\u00eb shquar t\u00eb let\u00ebrsis\u00eb - Video - Lajme nga Ulqini\",\"isPartOf\":{\"@id\":\"https:\/\/www.visit-ulcinj.com\/blog\/#website\"},\"primaryImageOfPage\":{\"@id\":\"https:\/\/www.visit-ulcinj.com\/blog\/2011\/06\/07\/calimera-mbledh-ne-ulqin-emra-te-shquar-te-letersise\/#primaryimage\"},\"datePublished\":\"2011-06-07T14:45:10+00:00\",\"dateModified\":\"2011-06-17T14:12:04+00:00\",\"author\":{\"@id\":\"https:\/\/www.visit-ulcinj.com\/blog\/#\/schema\/person\/dcab619c614d3038751c63bc2aadc06d\"},\"description\":\"Ulqin, 7 qershor - T\u00eb organizuar nga Shoqata e Artist\u00ebve dhe Intelektual\u00ebve \u201cArt Club\u201d, manifestimi tradicional \u201cCalimera\u201d \/Ish-Kalimerja poetike\/, sjell\",\"breadcrumb\":{\"@id\":\"https:\/\/www.visit-ulcinj.com\/blog\/2011\/06\/07\/calimera-mbledh-ne-ulqin-emra-te-shquar-te-letersise\/#breadcrumb\"},\"inLanguage\":\"en-US\",\"potentialAction\":[{\"@type\":\"ReadAction\",\"target\":[\"https:\/\/www.visit-ulcinj.com\/blog\/2011\/06\/07\/calimera-mbledh-ne-ulqin-emra-te-shquar-te-letersise\/\"]}]},{\"@type\":\"BreadcrumbList\",\"@id\":\"https:\/\/www.visit-ulcinj.com\/blog\/2011\/06\/07\/calimera-mbledh-ne-ulqin-emra-te-shquar-te-letersise\/#breadcrumb\",\"itemListElement\":[{\"@type\":\"ListItem\",\"position\":1,\"name\":\"Calimera mbledh n\u00eb Ulqin emra t\u00eb shquar t\u00eb let\u00ebrsis\u00eb &#8211; Video\"}]},{\"@type\":\"Person\",\"@id\":\"https:\/\/www.visit-ulcinj.com\/blog\/#\/schema\/person\/dcab619c614d3038751c63bc2aadc06d\",\"name\":\"ulqini\",\"sameAs\":[\"http:\/\/www.visit-ulcinj.com\"],\"url\":\"https:\/\/www.visit-ulcinj.com\/blog\/author\/admin\/\"}]}<\/script>\n<!-- \/ Yoast SEO plugin. -->","yoast_head_json":{"title":"Calimera mbledh n\u00eb Ulqin emra t\u00eb shquar t\u00eb let\u00ebrsis\u00eb - Video - Lajme nga Ulqini","description":"Ulqin, 7 qershor - T\u00eb organizuar nga Shoqata e Artist\u00ebve dhe Intelektual\u00ebve \u201cArt Club\u201d, manifestimi tradicional \u201cCalimera\u201d \/Ish-Kalimerja poetike\/, sjell","robots":{"index":"index","follow":"follow","max-snippet":"max-snippet:-1","max-image-preview":"max-image-preview:large","max-video-preview":"max-video-preview:-1"},"canonical":"https:\/\/www.visit-ulcinj.com\/blog\/2011\/06\/07\/calimera-mbledh-ne-ulqin-emra-te-shquar-te-letersise\/","og_locale":"en_US","og_type":"article","og_title":"Calimera mbledh n\u00eb Ulqin emra t\u00eb shquar t\u00eb let\u00ebrsis\u00eb - Video - Lajme nga Ulqini","og_description":"Ulqin, 7 qershor - T\u00eb organizuar nga Shoqata e Artist\u00ebve dhe Intelektual\u00ebve \u201cArt Club\u201d, manifestimi tradicional \u201cCalimera\u201d \/Ish-Kalimerja poetike\/, sjell","og_url":"https:\/\/www.visit-ulcinj.com\/blog\/2011\/06\/07\/calimera-mbledh-ne-ulqin-emra-te-shquar-te-letersise\/","og_site_name":"Lajme nga Ulqini","article_published_time":"2011-06-07T14:45:10+00:00","article_modified_time":"2011-06-17T14:12:04+00:00","og_image":[{"url":"https:\/\/www.visit-ulcinj.com\/blog\/wp-content\/uploads\/2011\/06\/Andrej-Nikollaidis_Kalimera-Poetike_ULQIN-150x150.jpg"}],"twitter_misc":{"Written by":"ulqini","Est. reading time":"2 minutes"},"schema":{"@context":"https:\/\/schema.org","@graph":[{"@type":"WebSite","@id":"https:\/\/www.visit-ulcinj.com\/blog\/#website","url":"https:\/\/www.visit-ulcinj.com\/blog\/","name":"Lajme nga Ulqini","description":"Lajme,Vijesti,Ulqini,Ulqin,Crna Gora,Mali i Zi","potentialAction":[{"@type":"SearchAction","target":{"@type":"EntryPoint","urlTemplate":"https:\/\/www.visit-ulcinj.com\/blog\/?s={search_term_string}"},"query-input":"required name=search_term_string"}],"inLanguage":"en-US"},{"@type":"ImageObject","inLanguage":"en-US","@id":"https:\/\/www.visit-ulcinj.com\/blog\/2011\/06\/07\/calimera-mbledh-ne-ulqin-emra-te-shquar-te-letersise\/#primaryimage","url":"https:\/\/www.visit-ulcinj.com\/blog\/wp-content\/uploads\/2011\/06\/Calimera-2011_Art-festival_Art-Club_Ulqin.4.jpg","contentUrl":"https:\/\/www.visit-ulcinj.com\/blog\/wp-content\/uploads\/2011\/06\/Calimera-2011_Art-festival_Art-Club_Ulqin.4.jpg","width":"720","height":"540"},{"@type":"WebPage","@id":"https:\/\/www.visit-ulcinj.com\/blog\/2011\/06\/07\/calimera-mbledh-ne-ulqin-emra-te-shquar-te-letersise\/#webpage","url":"https:\/\/www.visit-ulcinj.com\/blog\/2011\/06\/07\/calimera-mbledh-ne-ulqin-emra-te-shquar-te-letersise\/","name":"Calimera mbledh n\u00eb Ulqin emra t\u00eb shquar t\u00eb let\u00ebrsis\u00eb - Video - Lajme nga Ulqini","isPartOf":{"@id":"https:\/\/www.visit-ulcinj.com\/blog\/#website"},"primaryImageOfPage":{"@id":"https:\/\/www.visit-ulcinj.com\/blog\/2011\/06\/07\/calimera-mbledh-ne-ulqin-emra-te-shquar-te-letersise\/#primaryimage"},"datePublished":"2011-06-07T14:45:10+00:00","dateModified":"2011-06-17T14:12:04+00:00","author":{"@id":"https:\/\/www.visit-ulcinj.com\/blog\/#\/schema\/person\/dcab619c614d3038751c63bc2aadc06d"},"description":"Ulqin, 7 qershor - T\u00eb organizuar nga Shoqata e Artist\u00ebve dhe Intelektual\u00ebve \u201cArt Club\u201d, manifestimi tradicional \u201cCalimera\u201d \/Ish-Kalimerja poetike\/, sjell","breadcrumb":{"@id":"https:\/\/www.visit-ulcinj.com\/blog\/2011\/06\/07\/calimera-mbledh-ne-ulqin-emra-te-shquar-te-letersise\/#breadcrumb"},"inLanguage":"en-US","potentialAction":[{"@type":"ReadAction","target":["https:\/\/www.visit-ulcinj.com\/blog\/2011\/06\/07\/calimera-mbledh-ne-ulqin-emra-te-shquar-te-letersise\/"]}]},{"@type":"BreadcrumbList","@id":"https:\/\/www.visit-ulcinj.com\/blog\/2011\/06\/07\/calimera-mbledh-ne-ulqin-emra-te-shquar-te-letersise\/#breadcrumb","itemListElement":[{"@type":"ListItem","position":1,"name":"Calimera mbledh n\u00eb Ulqin emra t\u00eb shquar t\u00eb let\u00ebrsis\u00eb &#8211; Video"}]},{"@type":"Person","@id":"https:\/\/www.visit-ulcinj.com\/blog\/#\/schema\/person\/dcab619c614d3038751c63bc2aadc06d","name":"ulqini","sameAs":["http:\/\/www.visit-ulcinj.com"],"url":"https:\/\/www.visit-ulcinj.com\/blog\/author\/admin\/"}]}},"jetpack_featured_media_url":"","jetpack_sharing_enabled":true,"jetpack_shortlink":"https:\/\/wp.me\/pe6lTn-cls","_links":{"self":[{"href":"https:\/\/www.visit-ulcinj.com\/blog\/wp-json\/wp\/v2\/posts\/47458"}],"collection":[{"href":"https:\/\/www.visit-ulcinj.com\/blog\/wp-json\/wp\/v2\/posts"}],"about":[{"href":"https:\/\/www.visit-ulcinj.com\/blog\/wp-json\/wp\/v2\/types\/post"}],"author":[{"embeddable":true,"href":"https:\/\/www.visit-ulcinj.com\/blog\/wp-json\/wp\/v2\/users\/1"}],"replies":[{"embeddable":true,"href":"https:\/\/www.visit-ulcinj.com\/blog\/wp-json\/wp\/v2\/comments?post=47458"}],"version-history":[{"count":0,"href":"https:\/\/www.visit-ulcinj.com\/blog\/wp-json\/wp\/v2\/posts\/47458\/revisions"}],"wp:attachment":[{"href":"https:\/\/www.visit-ulcinj.com\/blog\/wp-json\/wp\/v2\/media?parent=47458"}],"wp:term":[{"taxonomy":"category","embeddable":true,"href":"https:\/\/www.visit-ulcinj.com\/blog\/wp-json\/wp\/v2\/categories?post=47458"},{"taxonomy":"post_tag","embeddable":true,"href":"https:\/\/www.visit-ulcinj.com\/blog\/wp-json\/wp\/v2\/tags?post=47458"}],"curies":[{"name":"wp","href":"https:\/\/api.w.org\/{rel}","templated":true}]}}