{"id":47473,"date":"2011-06-08T16:27:01","date_gmt":"2011-06-08T15:27:01","guid":{"rendered":"http:\/\/www.visit-ulcinj.com\/blog\/?p=47473"},"modified":"2011-06-15T10:26:52","modified_gmt":"2011-06-15T09:26:52","slug":"ekspozite-e-agron-ujkashit-ne-kalane-e-shasit","status":"publish","type":"post","link":"https:\/\/www.visit-ulcinj.com\/blog\/2011\/06\/08\/ekspozite-e-agron-ujkashit-ne-kalane-e-shasit\/","title":{"rendered":"Ekspozit\u00eb e Agron Ujkashit n\u00eb Kalan\u00eb e Shasit &#8211; Video"},"content":{"rendered":"<p><strong><a href=\"http:\/\/www.visit-ulcinj.com\/blog\/wp-content\/uploads\/2011\/06\/Ekspozita-e-Agron-Ujkashit-ne-Kalane-e-Shasit.jpg\"><img loading=\"lazy\" class=\"alignleft size-full wp-image-47474\" title=\"Ekspozita e Agron Ujkashit ne Kalane e Shasit\" src=\"http:\/\/www.visit-ulcinj.com\/blog\/wp-content\/uploads\/2011\/06\/Ekspozita-e-Agron-Ujkashit-ne-Kalane-e-Shasit.jpg\" alt=\"\" width=\"508\" height=\"380\" \/><\/a>Art me vlera estetike universale<\/strong><\/p>\n<p>Interesimi i Agron Ujkashit p\u00ebr bot\u00ebn materiale,\u00a0p\u00ebr natyr\u00ebn dhe nj\u00ebkoh\u00ebsisht p\u00ebr\u00a0figur\u00ebn njer\u00ebzore, si shfaqje tematike e nj\u00eb\u00a0k\u00ebrkimi vizual n\u00eb artin e tij, \u00ebsht\u00eb p\u00ebrshkuar\u00a0nga p\u00ebrjetime suptile figurative t\u00eb cilat, t\u00eb\u00a0modeluara n\u00eb m\u00ebnyr\u00eb stilistike t\u00eb figurshme\u00a0dhe me atritube lirike, nga nj\u00ebra an\u00eb synojn\u00eb\u00a0t\u00eb b\u00ebhen tem\u00eb kryesore e preokupimit t\u00eb tij\u00a0dhe nga an\u00ebn tjet\u00ebr l\u00ebnd\u00eb e p\u00ebrjetimit artistik\u00a0si frym\u00ebzim i p\u00ebrhersh\u00ebm dhe i pashtersh\u00ebm.<\/p>\n<p>Rruga e tij drejt piktur\u00ebs \u00ebsht\u00eb n\u00eb t\u00eb v\u00ebrtet\u00eb\u00a0nj\u00eb proces arketipor i shnd\u00ebrrimit t\u00eb imazheve\u00a0n\u00eb nj\u00eb harmoni t\u00eb form\u00ebs dhe drit\u00ebs,\u00a0n\u00eb shfaqjet q\u00eb, si\u00e7 ndodh\u00eb zakonisht n\u00eb fillin\u00a0e krijimtaris\u00eb s\u00eb \u00e7do krijuesi, m\u00eb tep\u00ebr\u00a0i n\u00ebnshtrohen p\u00ebrshtypjeve t\u00eb jashtme sesa\u00a0p\u00ebrjetimit t\u00eb brendsh\u00ebm.<\/p>\n<p>Pra, motivet n\u00eb t\u00eb\u00a0cilat dominojn\u00eb pejsazhet apo portretet, q\u00eb\u00a0t\u00eb dyja me pretendime asociative dhe sakt\u00ebsi\u00a0modelimi, paraqesin burimin nga i cili piktori, me fuqin\u00eb e sensibilitetit krijues dhe\u00a0shkatht\u00ebsin\u00eb prej koloristi do t\u00eb pasuroj\u00eb veprat\u00a0e tija artistike.<\/p>\n<p>Dashuria ndaj natyr\u00ebs dhe njer\u00ebzve nga ambienti\u00a0i tij, ndjeshm\u00ebria ndaj hap\u00ebsir\u00ebs dhe\u00a0atmosfer\u00ebs si syzhe i fisnik\u00ebruar, si dhe v\u00ebnia\u00a0e drejtpeshimit n\u00eb mes plasticitetit dhe tingullit\u00a0koloristik t\u00eb ngjyr\u00ebs, t\u00eb dominuara nga\u00a0bluja dhe okeri pastuoz, b\u00ebhen baz\u00eb shpreh\u00ebse\u00a0e lirizmit poetik t\u00eb Ujkashit.<br \/>\n<a href=\"http:\/\/www.visit-ulcinj.com\/blog\/wp-content\/uploads\/2011\/06\/Ekspozita-e-Agron-Ujkashit-ne-Kalane-e-Shasit.15.jpg\"><img loading=\"lazy\" class=\"alignleft size-full wp-image-47475\" title=\"Ekspozita e Agron Ujkashit ne Kalane e Shasit.15\" src=\"http:\/\/www.visit-ulcinj.com\/blog\/wp-content\/uploads\/2011\/06\/Ekspozita-e-Agron-Ujkashit-ne-Kalane-e-Shasit.15.jpg\" alt=\"\" width=\"508\" height=\"340\" \/><\/a><\/p>\n<p>Ky ambient,\u00a0k\u00ebto njer\u00ebz, kjo hap\u00ebsir\u00eb, me monumentalitetin\u00a0e tyre, z\u00ebn\u00eb vendin kryesor n\u00eb ekspozit\u00eb,\u00a0dhe nj\u00ebkoh\u00ebsisht, ndonj\u00ebra prej k\u00ebtyre\u00a0veprave b\u00ebhen me vler\u00eb edhe municioze,\u00a0(si\u00e7 \u00ebsht\u00eb edhe vet ambienti ku po ekspozohen\u00a0k\u00ebto vepra) ngase n\u00eb to ruhen vlerat nga\u00a0e kaluara e k\u00ebtij n\u00ebnqielli (Kalaja e Ulqinit,\u00a0Shasi i Vjet\u00ebr, portretet, skulptura me veshje\u00a0komb\u00ebtare, etj.), e q\u00eb n\u00eb dit\u00ebt tona gjithnj\u00eb e\u00a0m\u00eb tep\u00ebr po mbesin relikte muzeore.<\/p>\n<p>Nj\u00eb sfer\u00eb t\u00eb ve\u00e7ant\u00eb t\u00eb interesimit artistik\u00a0\u00a0t\u00eb Ujkashit paraqesin edhe portretet q\u00eb n\u00eb\u00a0m\u00ebnyr\u00eb konstante tek ai do t\u00eb vijn\u00eb si nj\u00eb\u00a0provokim specifik.<\/p>\n<p>P\u00ebrmes portretit ai do t\u00eb\u00a0zbulohet si nj\u00eb krijues i cili n\u00eb m\u00ebnyr\u00eb t\u00eb suksesshme\u00a0arrin t\u00eb realizoj\u00eb n\u00eb p\u00eblhur\u00eb gjith\u00eb\u00a0ngroht\u00ebsin\u00eb e ndjenjave humane q\u00eb ai vendos\u00a0n\u00eb transrelacion me personazhin e portretizuar\u00a0dhe t\u00eb cil\u00ebn, me t\u00ebr\u00eb karakterin dhe\u00a0bot\u00ebn e tij t\u00eb brendshme, fuqish\u00ebm e p\u00ebrcjell\u00a0edhe tek shikuesi.<\/p>\n<p>K\u00ebto jan\u00eb t\u00eb njohurit e autorit,\u00a0ato personazhet e p\u00ebrditshm\u00ebris\u00eb q\u00eb i\u00a0takojm\u00eb n\u00eb jet\u00ebn ton\u00eb.\u00a0Me fuqin\u00eb e artikulimit figurativ t\u00eb shfaqjeve\u00a0nga bota reale n\u00eb forma artistike, Ujkashi\u00a0na v\u00ebrteton se nj\u00eb krijues serioz \u00e7do motiv\u00a0prozaik, me shprehjen individuale artistike,\u00a0mund ta transponoj\u00eb n\u00eb vep\u00ebr arti me vlera\u00a0estetike universale.<\/p>\n<p>N\u00eb t\u00ebr\u00eb opusin e tij artistik\u00a0n\u00eb m\u00ebnyr\u00eb konstante v\u00ebrehet synimi i tij\u00a0drejt k\u00ebtij imperativi, drejt nj\u00eb sistemit t\u00eb vet\u00a0gjuh\u00ebsor p\u00ebr t\u00eb krijuar vlera autentike dhe\u00a0n\u00eb k\u00ebt\u00eb m\u00ebnyr\u00eb t\u00eb nis rrug\u00ebn e origjinalitetit\u00a0individual.<\/p>\n<p>N\u00eb fund, p\u00ebr artdash\u00ebsit, dua t\u00eb theksoj se n\u00eb\u00a0konceptimin e k\u00ebsaj ekspozite p\u00ebr baz\u00eb jan\u00eb\u00a0marr\u00eb kryek\u00ebput punimet q\u00eb p\u00ebr tematik\u00eb\u00a0kan\u00eb realitetin e k\u00ebtij ambienti, dhe duhet\u00a0t\u00eb sh\u00ebnoj\u00eb edhe fundin e nj\u00eb kapitulli, sepse\u00a0piktori Ujkashi tani m\u00eb ka hyr\u00eb edhe n\u00eb trajtimin\u00a0e artit kontemporan, t\u00eb pejsazhit abstrakt\u00a0ekspresiv, t\u00eb asaj shprehjes universale,\u00a0q\u00eb padyshim do t\u00eb jet\u00eb edhe hapi i par\u00eb drejt\u00eb\u00a0faz\u00ebs s\u00eb pjekuris\u00eb n\u00eb artin e tij.<\/p>\n<p><strong>(Fjala me rastin e hapjes s\u00eb ekspozit\u00ebs s\u00eb\u00a0Agron Ujkashit n\u00eb Kalan\u00eb e Shasit)<\/strong><\/p>\n<p><strong>Qazim Muja<br \/>\nKoha javore<br \/>\nFoto: <a href=\"http:\/\/www.facebook.com\/media\/set\/?set=a.214648295233115.60255.100000638370809&amp;closeTheater=1\" target=\"_blank\">Fadil Kova\u00e7i Facebook<\/a><\/strong><br \/>\n<strong>\n\t\t<style type=\"text\/css\">\n\t\t\t#gallery-1 {\n\t\t\t\tmargin: auto;\n\t\t\t}\n\t\t\t#gallery-1 .gallery-item {\n\t\t\t\tfloat: left;\n\t\t\t\tmargin-top: 10px;\n\t\t\t\ttext-align: center;\n\t\t\t\twidth: 33%;\n\t\t\t}\n\t\t\t#gallery-1 img {\n\t\t\t\tborder: 2px solid #cfcfcf;\n\t\t\t}\n\t\t\t#gallery-1 .gallery-caption {\n\t\t\t\tmargin-left: 0;\n\t\t\t}\n\t\t\t\/* see gallery_shortcode() in wp-includes\/media.php *\/\n\t\t<\/style>\n\t\t<div id='gallery-1' class='gallery galleryid-47473 gallery-columns-3 gallery-size-thumbnail'><dl class='gallery-item'>\n\t\t\t<dt class='gallery-icon landscape'>\n\t\t\t\t<a href='https:\/\/www.visit-ulcinj.com\/blog\/wp-content\/uploads\/2011\/06\/Ekspozita-e-Agron-Ujkashit-ne-Kalane-e-Shasit.jpg'><img width=\"150\" height=\"150\" src=\"https:\/\/www.visit-ulcinj.com\/blog\/wp-content\/uploads\/2011\/06\/Ekspozita-e-Agron-Ujkashit-ne-Kalane-e-Shasit-150x150.jpg\" class=\"attachment-thumbnail size-thumbnail\" alt=\"\" loading=\"lazy\" \/><\/a>\n\t\t\t<\/dt><\/dl><dl class='gallery-item'>\n\t\t\t<dt class='gallery-icon landscape'>\n\t\t\t\t<a href='https:\/\/www.visit-ulcinj.com\/blog\/wp-content\/uploads\/2011\/06\/Ekspozita-e-Agron-Ujkashit-ne-Kalane-e-Shasit.15.jpg'><img width=\"150\" height=\"150\" src=\"https:\/\/www.visit-ulcinj.com\/blog\/wp-content\/uploads\/2011\/06\/Ekspozita-e-Agron-Ujkashit-ne-Kalane-e-Shasit.15-150x150.jpg\" class=\"attachment-thumbnail size-thumbnail\" alt=\"\" loading=\"lazy\" \/><\/a>\n\t\t\t<\/dt><\/dl><dl class='gallery-item'>\n\t\t\t<dt class='gallery-icon landscape'>\n\t\t\t\t<a href='https:\/\/www.visit-ulcinj.com\/blog\/wp-content\/uploads\/2011\/06\/Ekspozita-e-Agron-Ujkashit-ne-Kalane-e-Shasit.16.jpg'><img width=\"150\" height=\"150\" src=\"https:\/\/www.visit-ulcinj.com\/blog\/wp-content\/uploads\/2011\/06\/Ekspozita-e-Agron-Ujkashit-ne-Kalane-e-Shasit.16-150x150.jpg\" class=\"attachment-thumbnail size-thumbnail\" alt=\"\" loading=\"lazy\" \/><\/a>\n\t\t\t<\/dt><\/dl><br style=\"clear: both\" \/><dl class='gallery-item'>\n\t\t\t<dt class='gallery-icon landscape'>\n\t\t\t\t<a href='https:\/\/www.visit-ulcinj.com\/blog\/wp-content\/uploads\/2011\/06\/Ekspozita-e-Agron-Ujkashit-ne-Kalane-e-Shasit.1.jpg'><img width=\"150\" height=\"150\" src=\"https:\/\/www.visit-ulcinj.com\/blog\/wp-content\/uploads\/2011\/06\/Ekspozita-e-Agron-Ujkashit-ne-Kalane-e-Shasit.1-150x150.jpg\" class=\"attachment-thumbnail size-thumbnail\" alt=\"\" loading=\"lazy\" \/><\/a>\n\t\t\t<\/dt><\/dl><dl class='gallery-item'>\n\t\t\t<dt class='gallery-icon landscape'>\n\t\t\t\t<a href='https:\/\/www.visit-ulcinj.com\/blog\/wp-content\/uploads\/2011\/06\/Ekspozita-e-Agron-Ujkashit-ne-Kalane-e-Shasit.2.jpg'><img width=\"150\" height=\"150\" src=\"https:\/\/www.visit-ulcinj.com\/blog\/wp-content\/uploads\/2011\/06\/Ekspozita-e-Agron-Ujkashit-ne-Kalane-e-Shasit.2-150x150.jpg\" class=\"attachment-thumbnail size-thumbnail\" alt=\"\" loading=\"lazy\" \/><\/a>\n\t\t\t<\/dt><\/dl><dl class='gallery-item'>\n\t\t\t<dt class='gallery-icon landscape'>\n\t\t\t\t<a href='https:\/\/www.visit-ulcinj.com\/blog\/wp-content\/uploads\/2011\/06\/Ekspozita-e-Agron-Ujkashit-ne-Kalane-e-Shasit.3.jpg'><img width=\"150\" height=\"150\" src=\"https:\/\/www.visit-ulcinj.com\/blog\/wp-content\/uploads\/2011\/06\/Ekspozita-e-Agron-Ujkashit-ne-Kalane-e-Shasit.3-150x150.jpg\" class=\"attachment-thumbnail size-thumbnail\" alt=\"\" loading=\"lazy\" \/><\/a>\n\t\t\t<\/dt><\/dl><br style=\"clear: both\" \/><dl class='gallery-item'>\n\t\t\t<dt class='gallery-icon landscape'>\n\t\t\t\t<a href='https:\/\/www.visit-ulcinj.com\/blog\/wp-content\/uploads\/2011\/06\/Ekspozita-e-Agron-Ujkashit-ne-Kalane-e-Shasit.4.jpg'><img width=\"150\" height=\"150\" src=\"https:\/\/www.visit-ulcinj.com\/blog\/wp-content\/uploads\/2011\/06\/Ekspozita-e-Agron-Ujkashit-ne-Kalane-e-Shasit.4-150x150.jpg\" class=\"attachment-thumbnail size-thumbnail\" alt=\"\" loading=\"lazy\" \/><\/a>\n\t\t\t<\/dt><\/dl><dl class='gallery-item'>\n\t\t\t<dt class='gallery-icon landscape'>\n\t\t\t\t<a href='https:\/\/www.visit-ulcinj.com\/blog\/wp-content\/uploads\/2011\/06\/Ekspozita-e-Agron-Ujkashit-ne-Kalane-e-Shasit.5.jpg'><img width=\"150\" height=\"150\" src=\"https:\/\/www.visit-ulcinj.com\/blog\/wp-content\/uploads\/2011\/06\/Ekspozita-e-Agron-Ujkashit-ne-Kalane-e-Shasit.5-150x150.jpg\" class=\"attachment-thumbnail size-thumbnail\" alt=\"\" loading=\"lazy\" \/><\/a>\n\t\t\t<\/dt><\/dl><dl class='gallery-item'>\n\t\t\t<dt class='gallery-icon landscape'>\n\t\t\t\t<a href='https:\/\/www.visit-ulcinj.com\/blog\/wp-content\/uploads\/2011\/06\/Ekspozita-e-Agron-Ujkashit-ne-Kalane-e-Shasit.6.jpg'><img width=\"150\" height=\"150\" src=\"https:\/\/www.visit-ulcinj.com\/blog\/wp-content\/uploads\/2011\/06\/Ekspozita-e-Agron-Ujkashit-ne-Kalane-e-Shasit.6-150x150.jpg\" class=\"attachment-thumbnail size-thumbnail\" alt=\"\" loading=\"lazy\" \/><\/a>\n\t\t\t<\/dt><\/dl><br style=\"clear: both\" \/><dl class='gallery-item'>\n\t\t\t<dt class='gallery-icon landscape'>\n\t\t\t\t<a href='https:\/\/www.visit-ulcinj.com\/blog\/wp-content\/uploads\/2011\/06\/Ekspozita-e-Agron-Ujkashit-ne-Kalane-e-Shasit.7.jpg'><img width=\"150\" height=\"150\" src=\"https:\/\/www.visit-ulcinj.com\/blog\/wp-content\/uploads\/2011\/06\/Ekspozita-e-Agron-Ujkashit-ne-Kalane-e-Shasit.7-150x150.jpg\" class=\"attachment-thumbnail size-thumbnail\" alt=\"\" loading=\"lazy\" \/><\/a>\n\t\t\t<\/dt><\/dl><dl class='gallery-item'>\n\t\t\t<dt class='gallery-icon landscape'>\n\t\t\t\t<a href='https:\/\/www.visit-ulcinj.com\/blog\/wp-content\/uploads\/2011\/06\/Ekspozita-e-Agron-Ujkashit-ne-Kalane-e-Shasit.8.jpg'><img width=\"150\" height=\"150\" src=\"https:\/\/www.visit-ulcinj.com\/blog\/wp-content\/uploads\/2011\/06\/Ekspozita-e-Agron-Ujkashit-ne-Kalane-e-Shasit.8-150x150.jpg\" class=\"attachment-thumbnail size-thumbnail\" alt=\"\" loading=\"lazy\" \/><\/a>\n\t\t\t<\/dt><\/dl><dl class='gallery-item'>\n\t\t\t<dt class='gallery-icon landscape'>\n\t\t\t\t<a href='https:\/\/www.visit-ulcinj.com\/blog\/wp-content\/uploads\/2011\/06\/Ekspozita-e-Agron-Ujkashit-ne-Kalane-e-Shasit.9.jpg'><img width=\"150\" height=\"150\" src=\"https:\/\/www.visit-ulcinj.com\/blog\/wp-content\/uploads\/2011\/06\/Ekspozita-e-Agron-Ujkashit-ne-Kalane-e-Shasit.9-150x150.jpg\" class=\"attachment-thumbnail size-thumbnail\" alt=\"\" loading=\"lazy\" \/><\/a>\n\t\t\t<\/dt><\/dl><br style=\"clear: both\" \/><dl class='gallery-item'>\n\t\t\t<dt class='gallery-icon landscape'>\n\t\t\t\t<a href='https:\/\/www.visit-ulcinj.com\/blog\/wp-content\/uploads\/2011\/06\/Ekspozita-e-Agron-Ujkashit-ne-Kalane-e-Shasit.10.jpg'><img width=\"150\" height=\"150\" src=\"https:\/\/www.visit-ulcinj.com\/blog\/wp-content\/uploads\/2011\/06\/Ekspozita-e-Agron-Ujkashit-ne-Kalane-e-Shasit.10-150x150.jpg\" class=\"attachment-thumbnail size-thumbnail\" alt=\"\" loading=\"lazy\" \/><\/a>\n\t\t\t<\/dt><\/dl><dl class='gallery-item'>\n\t\t\t<dt class='gallery-icon portrait'>\n\t\t\t\t<a href='https:\/\/www.visit-ulcinj.com\/blog\/wp-content\/uploads\/2011\/06\/Ekspozita-e-Agron-Ujkashit-ne-Kalane-e-Shasit.11.jpg'><img width=\"150\" height=\"150\" src=\"https:\/\/www.visit-ulcinj.com\/blog\/wp-content\/uploads\/2011\/06\/Ekspozita-e-Agron-Ujkashit-ne-Kalane-e-Shasit.11-150x150.jpg\" class=\"attachment-thumbnail size-thumbnail\" alt=\"\" loading=\"lazy\" \/><\/a>\n\t\t\t<\/dt><\/dl><dl class='gallery-item'>\n\t\t\t<dt class='gallery-icon landscape'>\n\t\t\t\t<a href='https:\/\/www.visit-ulcinj.com\/blog\/wp-content\/uploads\/2011\/06\/Ekspozita-e-Agron-Ujkashit-ne-Kalane-e-Shasit.12.jpg'><img width=\"150\" height=\"150\" src=\"https:\/\/www.visit-ulcinj.com\/blog\/wp-content\/uploads\/2011\/06\/Ekspozita-e-Agron-Ujkashit-ne-Kalane-e-Shasit.12-150x150.jpg\" class=\"attachment-thumbnail size-thumbnail\" alt=\"\" loading=\"lazy\" \/><\/a>\n\t\t\t<\/dt><\/dl><br style=\"clear: both\" \/><dl class='gallery-item'>\n\t\t\t<dt class='gallery-icon landscape'>\n\t\t\t\t<a href='https:\/\/www.visit-ulcinj.com\/blog\/wp-content\/uploads\/2011\/06\/Ekspozita-e-Agron-Ujkashit-ne-Kalane-e-Shasit.13.jpg'><img width=\"150\" height=\"150\" src=\"https:\/\/www.visit-ulcinj.com\/blog\/wp-content\/uploads\/2011\/06\/Ekspozita-e-Agron-Ujkashit-ne-Kalane-e-Shasit.13-150x150.jpg\" class=\"attachment-thumbnail size-thumbnail\" alt=\"\" loading=\"lazy\" \/><\/a>\n\t\t\t<\/dt><\/dl><dl class='gallery-item'>\n\t\t\t<dt class='gallery-icon landscape'>\n\t\t\t\t<a href='https:\/\/www.visit-ulcinj.com\/blog\/wp-content\/uploads\/2011\/06\/Ekspozita-e-Agron-Ujkashit-ne-Kalane-e-Shasit.14.jpg'><img width=\"150\" height=\"150\" src=\"https:\/\/www.visit-ulcinj.com\/blog\/wp-content\/uploads\/2011\/06\/Ekspozita-e-Agron-Ujkashit-ne-Kalane-e-Shasit.14-150x150.jpg\" class=\"attachment-thumbnail size-thumbnail\" alt=\"\" loading=\"lazy\" \/><\/a>\n\t\t\t<\/dt><\/dl><dl class='gallery-item'>\n\t\t\t<dt class='gallery-icon landscape'>\n\t\t\t\t<a href='https:\/\/www.visit-ulcinj.com\/blog\/wp-content\/uploads\/2011\/06\/Ekspozita-e-Agron-Ujkashit-ne-Kalane-e-Shasit.17.jpg'><img width=\"150\" height=\"150\" src=\"https:\/\/www.visit-ulcinj.com\/blog\/wp-content\/uploads\/2011\/06\/Ekspozita-e-Agron-Ujkashit-ne-Kalane-e-Shasit.17-150x150.jpg\" class=\"attachment-thumbnail size-thumbnail\" alt=\"\" loading=\"lazy\" \/><\/a>\n\t\t\t<\/dt><\/dl><br style=\"clear: both\" \/>\n\t\t<\/div>\n<\/p>\n<p><\/strong><br \/>\n<!--YouTube Error: bad URL entered--><\/p>\n","protected":false},"excerpt":{"rendered":"<p>Art me vlera estetike universale Interesimi i Agron Ujkashit p\u00ebr bot\u00ebn materiale,\u00a0p\u00ebr natyr\u00ebn dhe nj\u00ebkoh\u00ebsisht p\u00ebr\u00a0figur\u00ebn njer\u00ebzore, si shfaqje tematike e nj\u00eb\u00a0k\u00ebrkimi vizual n\u00eb artin e tij, \u00ebsht\u00eb p\u00ebrshkuar\u00a0nga p\u00ebrjetime suptile figurative t\u00eb cilat, t\u00eb\u00a0modeluara n\u00eb m\u00ebnyr\u00eb stilistike t\u00eb figurshme\u00a0dhe me atritube lirike, nga nj\u00ebra an\u00eb synojn\u00eb\u00a0t\u00eb b\u00ebhen tem\u00eb kryesore e preokupimit t\u00eb tij\u00a0dhe nga [&hellip;]<\/p>\n","protected":false},"author":1,"featured_media":0,"comment_status":"open","ping_status":"closed","sticky":false,"template":"","format":"standard","meta":{"spay_email":"","jetpack_publicize_message":"","jetpack_is_tweetstorm":false,"jetpack_publicize_feature_enabled":true},"categories":[14249],"tags":[772,18386,2083],"jetpack_publicize_connections":[],"yoast_head":"<!-- This site is optimized with the Yoast SEO plugin v19.1 - https:\/\/yoast.com\/wordpress\/plugins\/seo\/ -->\n<title>Ekspozit\u00eb e Agron Ujkashit n\u00eb Kalan\u00eb e Shasit - Video - Lajme nga Ulqini<\/title>\n<meta name=\"description\" content=\"Art me vlera estetike universale Interesimi i Agron Ujkashit p\u00ebr bot\u00ebn materiale,\u00a0p\u00ebr natyr\u00ebn dhe nj\u00ebkoh\u00ebsisht p\u00ebr\u00a0figur\u00ebn njer\u00ebzore, si shfaqje tematike\" \/>\n<meta name=\"robots\" content=\"index, follow, max-snippet:-1, max-image-preview:large, max-video-preview:-1\" \/>\n<link rel=\"canonical\" href=\"https:\/\/www.visit-ulcinj.com\/blog\/2011\/06\/08\/ekspozite-e-agron-ujkashit-ne-kalane-e-shasit\/\" \/>\n<meta property=\"og:locale\" content=\"en_US\" \/>\n<meta property=\"og:type\" content=\"article\" \/>\n<meta property=\"og:title\" content=\"Ekspozit\u00eb e Agron Ujkashit n\u00eb Kalan\u00eb e Shasit - Video - Lajme nga Ulqini\" \/>\n<meta property=\"og:description\" content=\"Art me vlera estetike universale Interesimi i Agron Ujkashit p\u00ebr bot\u00ebn materiale,\u00a0p\u00ebr natyr\u00ebn dhe nj\u00ebkoh\u00ebsisht p\u00ebr\u00a0figur\u00ebn njer\u00ebzore, si shfaqje tematike\" \/>\n<meta property=\"og:url\" content=\"https:\/\/www.visit-ulcinj.com\/blog\/2011\/06\/08\/ekspozite-e-agron-ujkashit-ne-kalane-e-shasit\/\" \/>\n<meta property=\"og:site_name\" content=\"Lajme nga Ulqini\" \/>\n<meta property=\"article:published_time\" content=\"2011-06-08T15:27:01+00:00\" \/>\n<meta property=\"article:modified_time\" content=\"2011-06-15T09:26:52+00:00\" \/>\n<meta property=\"og:image\" content=\"https:\/\/www.visit-ulcinj.com\/blog\/wp-content\/uploads\/2011\/06\/Ekspozita-e-Agron-Ujkashit-ne-Kalane-e-Shasit-150x150.jpg\" \/>\n<meta name=\"twitter:label1\" content=\"Written by\" \/>\n\t<meta name=\"twitter:data1\" content=\"ulqini\" \/>\n\t<meta name=\"twitter:label2\" content=\"Est. reading time\" \/>\n\t<meta name=\"twitter:data2\" content=\"3 minutes\" \/>\n<script type=\"application\/ld+json\" class=\"yoast-schema-graph\">{\"@context\":\"https:\/\/schema.org\",\"@graph\":[{\"@type\":\"WebSite\",\"@id\":\"https:\/\/www.visit-ulcinj.com\/blog\/#website\",\"url\":\"https:\/\/www.visit-ulcinj.com\/blog\/\",\"name\":\"Lajme nga Ulqini\",\"description\":\"Lajme,Vijesti,Ulqini,Ulqin,Crna Gora,Mali i Zi\",\"potentialAction\":[{\"@type\":\"SearchAction\",\"target\":{\"@type\":\"EntryPoint\",\"urlTemplate\":\"https:\/\/www.visit-ulcinj.com\/blog\/?s={search_term_string}\"},\"query-input\":\"required name=search_term_string\"}],\"inLanguage\":\"en-US\"},{\"@type\":\"ImageObject\",\"inLanguage\":\"en-US\",\"@id\":\"https:\/\/www.visit-ulcinj.com\/blog\/2011\/06\/08\/ekspozite-e-agron-ujkashit-ne-kalane-e-shasit\/#primaryimage\",\"url\":\"https:\/\/www.visit-ulcinj.com\/blog\/wp-content\/uploads\/2011\/06\/Ekspozita-e-Agron-Ujkashit-ne-Kalane-e-Shasit.jpg\",\"contentUrl\":\"https:\/\/www.visit-ulcinj.com\/blog\/wp-content\/uploads\/2011\/06\/Ekspozita-e-Agron-Ujkashit-ne-Kalane-e-Shasit.jpg\",\"width\":\"801\",\"height\":\"735\"},{\"@type\":\"WebPage\",\"@id\":\"https:\/\/www.visit-ulcinj.com\/blog\/2011\/06\/08\/ekspozite-e-agron-ujkashit-ne-kalane-e-shasit\/#webpage\",\"url\":\"https:\/\/www.visit-ulcinj.com\/blog\/2011\/06\/08\/ekspozite-e-agron-ujkashit-ne-kalane-e-shasit\/\",\"name\":\"Ekspozit\u00eb e Agron Ujkashit n\u00eb Kalan\u00eb e Shasit - Video - Lajme nga Ulqini\",\"isPartOf\":{\"@id\":\"https:\/\/www.visit-ulcinj.com\/blog\/#website\"},\"primaryImageOfPage\":{\"@id\":\"https:\/\/www.visit-ulcinj.com\/blog\/2011\/06\/08\/ekspozite-e-agron-ujkashit-ne-kalane-e-shasit\/#primaryimage\"},\"datePublished\":\"2011-06-08T15:27:01+00:00\",\"dateModified\":\"2011-06-15T09:26:52+00:00\",\"author\":{\"@id\":\"https:\/\/www.visit-ulcinj.com\/blog\/#\/schema\/person\/dcab619c614d3038751c63bc2aadc06d\"},\"description\":\"Art me vlera estetike universale Interesimi i Agron Ujkashit p\u00ebr bot\u00ebn materiale,\u00a0p\u00ebr natyr\u00ebn dhe nj\u00ebkoh\u00ebsisht p\u00ebr\u00a0figur\u00ebn njer\u00ebzore, si shfaqje tematike\",\"breadcrumb\":{\"@id\":\"https:\/\/www.visit-ulcinj.com\/blog\/2011\/06\/08\/ekspozite-e-agron-ujkashit-ne-kalane-e-shasit\/#breadcrumb\"},\"inLanguage\":\"en-US\",\"potentialAction\":[{\"@type\":\"ReadAction\",\"target\":[\"https:\/\/www.visit-ulcinj.com\/blog\/2011\/06\/08\/ekspozite-e-agron-ujkashit-ne-kalane-e-shasit\/\"]}]},{\"@type\":\"BreadcrumbList\",\"@id\":\"https:\/\/www.visit-ulcinj.com\/blog\/2011\/06\/08\/ekspozite-e-agron-ujkashit-ne-kalane-e-shasit\/#breadcrumb\",\"itemListElement\":[{\"@type\":\"ListItem\",\"position\":1,\"name\":\"Ekspozit\u00eb e Agron Ujkashit n\u00eb Kalan\u00eb e Shasit &#8211; Video\"}]},{\"@type\":\"Person\",\"@id\":\"https:\/\/www.visit-ulcinj.com\/blog\/#\/schema\/person\/dcab619c614d3038751c63bc2aadc06d\",\"name\":\"ulqini\",\"sameAs\":[\"http:\/\/www.visit-ulcinj.com\"],\"url\":\"https:\/\/www.visit-ulcinj.com\/blog\/author\/admin\/\"}]}<\/script>\n<!-- \/ Yoast SEO plugin. -->","yoast_head_json":{"title":"Ekspozit\u00eb e Agron Ujkashit n\u00eb Kalan\u00eb e Shasit - Video - Lajme nga Ulqini","description":"Art me vlera estetike universale Interesimi i Agron Ujkashit p\u00ebr bot\u00ebn materiale,\u00a0p\u00ebr natyr\u00ebn dhe nj\u00ebkoh\u00ebsisht p\u00ebr\u00a0figur\u00ebn njer\u00ebzore, si shfaqje tematike","robots":{"index":"index","follow":"follow","max-snippet":"max-snippet:-1","max-image-preview":"max-image-preview:large","max-video-preview":"max-video-preview:-1"},"canonical":"https:\/\/www.visit-ulcinj.com\/blog\/2011\/06\/08\/ekspozite-e-agron-ujkashit-ne-kalane-e-shasit\/","og_locale":"en_US","og_type":"article","og_title":"Ekspozit\u00eb e Agron Ujkashit n\u00eb Kalan\u00eb e Shasit - Video - Lajme nga Ulqini","og_description":"Art me vlera estetike universale Interesimi i Agron Ujkashit p\u00ebr bot\u00ebn materiale,\u00a0p\u00ebr natyr\u00ebn dhe nj\u00ebkoh\u00ebsisht p\u00ebr\u00a0figur\u00ebn njer\u00ebzore, si shfaqje tematike","og_url":"https:\/\/www.visit-ulcinj.com\/blog\/2011\/06\/08\/ekspozite-e-agron-ujkashit-ne-kalane-e-shasit\/","og_site_name":"Lajme nga Ulqini","article_published_time":"2011-06-08T15:27:01+00:00","article_modified_time":"2011-06-15T09:26:52+00:00","og_image":[{"url":"https:\/\/www.visit-ulcinj.com\/blog\/wp-content\/uploads\/2011\/06\/Ekspozita-e-Agron-Ujkashit-ne-Kalane-e-Shasit-150x150.jpg"}],"twitter_misc":{"Written by":"ulqini","Est. reading time":"3 minutes"},"schema":{"@context":"https:\/\/schema.org","@graph":[{"@type":"WebSite","@id":"https:\/\/www.visit-ulcinj.com\/blog\/#website","url":"https:\/\/www.visit-ulcinj.com\/blog\/","name":"Lajme nga Ulqini","description":"Lajme,Vijesti,Ulqini,Ulqin,Crna Gora,Mali i Zi","potentialAction":[{"@type":"SearchAction","target":{"@type":"EntryPoint","urlTemplate":"https:\/\/www.visit-ulcinj.com\/blog\/?s={search_term_string}"},"query-input":"required name=search_term_string"}],"inLanguage":"en-US"},{"@type":"ImageObject","inLanguage":"en-US","@id":"https:\/\/www.visit-ulcinj.com\/blog\/2011\/06\/08\/ekspozite-e-agron-ujkashit-ne-kalane-e-shasit\/#primaryimage","url":"https:\/\/www.visit-ulcinj.com\/blog\/wp-content\/uploads\/2011\/06\/Ekspozita-e-Agron-Ujkashit-ne-Kalane-e-Shasit.jpg","contentUrl":"https:\/\/www.visit-ulcinj.com\/blog\/wp-content\/uploads\/2011\/06\/Ekspozita-e-Agron-Ujkashit-ne-Kalane-e-Shasit.jpg","width":"801","height":"735"},{"@type":"WebPage","@id":"https:\/\/www.visit-ulcinj.com\/blog\/2011\/06\/08\/ekspozite-e-agron-ujkashit-ne-kalane-e-shasit\/#webpage","url":"https:\/\/www.visit-ulcinj.com\/blog\/2011\/06\/08\/ekspozite-e-agron-ujkashit-ne-kalane-e-shasit\/","name":"Ekspozit\u00eb e Agron Ujkashit n\u00eb Kalan\u00eb e Shasit - Video - Lajme nga Ulqini","isPartOf":{"@id":"https:\/\/www.visit-ulcinj.com\/blog\/#website"},"primaryImageOfPage":{"@id":"https:\/\/www.visit-ulcinj.com\/blog\/2011\/06\/08\/ekspozite-e-agron-ujkashit-ne-kalane-e-shasit\/#primaryimage"},"datePublished":"2011-06-08T15:27:01+00:00","dateModified":"2011-06-15T09:26:52+00:00","author":{"@id":"https:\/\/www.visit-ulcinj.com\/blog\/#\/schema\/person\/dcab619c614d3038751c63bc2aadc06d"},"description":"Art me vlera estetike universale Interesimi i Agron Ujkashit p\u00ebr bot\u00ebn materiale,\u00a0p\u00ebr natyr\u00ebn dhe nj\u00ebkoh\u00ebsisht p\u00ebr\u00a0figur\u00ebn njer\u00ebzore, si shfaqje tematike","breadcrumb":{"@id":"https:\/\/www.visit-ulcinj.com\/blog\/2011\/06\/08\/ekspozite-e-agron-ujkashit-ne-kalane-e-shasit\/#breadcrumb"},"inLanguage":"en-US","potentialAction":[{"@type":"ReadAction","target":["https:\/\/www.visit-ulcinj.com\/blog\/2011\/06\/08\/ekspozite-e-agron-ujkashit-ne-kalane-e-shasit\/"]}]},{"@type":"BreadcrumbList","@id":"https:\/\/www.visit-ulcinj.com\/blog\/2011\/06\/08\/ekspozite-e-agron-ujkashit-ne-kalane-e-shasit\/#breadcrumb","itemListElement":[{"@type":"ListItem","position":1,"name":"Ekspozit\u00eb e Agron Ujkashit n\u00eb Kalan\u00eb e Shasit &#8211; Video"}]},{"@type":"Person","@id":"https:\/\/www.visit-ulcinj.com\/blog\/#\/schema\/person\/dcab619c614d3038751c63bc2aadc06d","name":"ulqini","sameAs":["http:\/\/www.visit-ulcinj.com"],"url":"https:\/\/www.visit-ulcinj.com\/blog\/author\/admin\/"}]}},"jetpack_featured_media_url":"","jetpack_sharing_enabled":true,"jetpack_shortlink":"https:\/\/wp.me\/pe6lTn-clH","_links":{"self":[{"href":"https:\/\/www.visit-ulcinj.com\/blog\/wp-json\/wp\/v2\/posts\/47473"}],"collection":[{"href":"https:\/\/www.visit-ulcinj.com\/blog\/wp-json\/wp\/v2\/posts"}],"about":[{"href":"https:\/\/www.visit-ulcinj.com\/blog\/wp-json\/wp\/v2\/types\/post"}],"author":[{"embeddable":true,"href":"https:\/\/www.visit-ulcinj.com\/blog\/wp-json\/wp\/v2\/users\/1"}],"replies":[{"embeddable":true,"href":"https:\/\/www.visit-ulcinj.com\/blog\/wp-json\/wp\/v2\/comments?post=47473"}],"version-history":[{"count":0,"href":"https:\/\/www.visit-ulcinj.com\/blog\/wp-json\/wp\/v2\/posts\/47473\/revisions"}],"wp:attachment":[{"href":"https:\/\/www.visit-ulcinj.com\/blog\/wp-json\/wp\/v2\/media?parent=47473"}],"wp:term":[{"taxonomy":"category","embeddable":true,"href":"https:\/\/www.visit-ulcinj.com\/blog\/wp-json\/wp\/v2\/categories?post=47473"},{"taxonomy":"post_tag","embeddable":true,"href":"https:\/\/www.visit-ulcinj.com\/blog\/wp-json\/wp\/v2\/tags?post=47473"}],"curies":[{"name":"wp","href":"https:\/\/api.w.org\/{rel}","templated":true}]}}