{"id":4749,"date":"2008-10-18T12:32:36","date_gmt":"2008-10-18T17:32:36","guid":{"rendered":"http:\/\/www.visit-ulcinj.com\/blog\/?p=4749"},"modified":"2008-10-18T12:32:36","modified_gmt":"2008-10-18T17:32:36","slug":"otklonjen-kvar-na-vodovodnoj-mrezi-u-ulcinju","status":"publish","type":"post","link":"https:\/\/www.visit-ulcinj.com\/blog\/2008\/10\/18\/otklonjen-kvar-na-vodovodnoj-mrezi-u-ulcinju\/","title":{"rendered":"Otklonjen kvar na vodovodnoj mre\u017ei u Ulcinju"},"content":{"rendered":"<p><a href=\"http:\/\/www.visit-ulcinj.com\/blog\/wp-content\/uploads\/2008\/06\/kapllan-muca2.jpg\"><img loading=\"lazy\" class=\"alignleft size-medium wp-image-2000\" title=\"Kapllan Mu\u00e7aj\" src=\"http:\/\/www.visit-ulcinj.com\/blog\/wp-content\/uploads\/2008\/06\/kapllan-muca2.jpg\" alt=\"\" width=\"300\" height=\"288\" \/><\/a><strong>Dva dana bez vode<\/strong><br \/>\nUlcinj &#8211; Suve slavine od prekju?e ujutro pa sve do kasno sino?, zbog kvara na vodovodnoj mre\u017ei, primorale su brojne Ulcinjane u potragu za alternativnim izvorima vode, pri ?emu su posebno \u201estradale\u201c zalihe tog artikla u prodavnicama i diskontima.<br \/>\n&#8211; Nemamo vi\u0161e obi?ne vode u pakovanju od pet litara&#8230; to je pla?eno&#8230; ovo je posljednje bidon?e- epilog je ju?era\u0161nje potrage novinara \u201cVijesti\u201d za vodom u nekoliko prodavnica, pa ?ak i u jednom ve?em diskontu.<br \/>\nOni koji su zaliha imali dovoljno, vodu su izbacili ispred prodajnih objekata.<br \/>\n&#8211; Voda ide luda?ki, ali nije ni ?udo kad je ve? dva dana nema- kazao je prodava? u jednom od ulcinjskih marketa sa dovoljno zaliha vode.<br \/>\nBjelopoljka, koja se predstavila da dolazi iz luksuzne vile \u201cHot\u201d u centru grada, plasti?nu ambala\u017eu od pet litara vodom je punila sa izvora u blizini restorana \u201eSan Marino\u201c.<br \/>\n&#8211; Za pi?e kupujemo vodu, ovo je za odr\u017eavanje higijene. Mora se &#8211; kazala je ona.<br \/>\nDvodnevnu nesta\u0161icu vode prouzrokovali su kvarovi na glavnom vodovodu u mjestima Fraskanjel i Ulcinjsko polje.<a href=\"http:\/\/www.visit-ulcinj.com\/blog\/wp-content\/uploads\/2008\/10\/voda-u-ulcinj.jpg\"><img loading=\"lazy\" class=\"alignright size-thumbnail wp-image-4750\" title=\"voda-u-ulcinj\" src=\"http:\/\/www.visit-ulcinj.com\/blog\/wp-content\/uploads\/2008\/10\/voda-u-ulcinj-150x150.jpg\" alt=\"\" width=\"150\" height=\"150\" \/><\/a><br \/>\n&#8211; Ve? odavno na tim mjestima trpimo ogromne gubitke na vodovodnoj mre\u017ei. Dubina je velika, \u0161to je vjerovatno i razlog zbog ?ega se nije intervenisalo svih prethodnih godina. Odlu?ili smo da taj posao odradimo poslije sezone &#8211; kazao je ju?e za \u201cVijesti\u201d direktor Komunalnog preduze?a Kaplan Mu?aj mole?i gra?ane za razumijevanje.<br \/>\nNa ?uvenoj Kron Balo ?esmi, koja nikad nije bez vode, vreme\u0161ni mje\u0161tanin do\u0161ao je da napuni i da se napije \u201ebistre, pitke vode\u201c.<br \/>\n&#8211; Ne znam \u0161ta je ovom narodu. Kupuju nekakvu vodu po prodavnicama, a ova sa Kron Bala je i zdravija i jeftinija &#8211; kazao je on.<br \/>\n<strong>S.A.<br \/>\nIzvor \/ Vijesti<\/strong><\/p>\n","protected":false},"excerpt":{"rendered":"<p>Dva dana bez vode Ulcinj &#8211; Suve slavine od prekju?e ujutro pa sve do kasno sino?, zbog kvara na vodovodnoj mre\u017ei, primorale su brojne Ulcinjane u potragu za alternativnim izvorima vode, pri ?emu su posebno \u201estradale\u201c zalihe tog artikla u prodavnicama i diskontima. &#8211; Nemamo vi\u0161e obi?ne vode u pakovanju od pet litara&#8230; to je [&hellip;]<\/p>\n","protected":false},"author":1,"featured_media":0,"comment_status":"open","ping_status":"closed","sticky":false,"template":"","format":"standard","meta":{"spay_email":"","jetpack_publicize_message":"","jetpack_is_tweetstorm":false,"jetpack_publicize_feature_enabled":true},"categories":[11,12],"tags":[4673,19],"jetpack_publicize_connections":[],"yoast_head":"<!-- This site is optimized with the Yoast SEO plugin v19.1 - https:\/\/yoast.com\/wordpress\/plugins\/seo\/ -->\n<title>Otklonjen kvar na vodovodnoj mre\u017ei u Ulcinju - Lajme nga Ulqini<\/title>\n<meta name=\"description\" content=\"Dva dana bez vode Ulcinj - Suve slavine od prekju?e ujutro pa sve do kasno sino?, zbog kvara na vodovodnoj mre\u017ei, primorale su brojne Ulcinjane u potragu\" \/>\n<meta name=\"robots\" content=\"index, follow, max-snippet:-1, max-image-preview:large, max-video-preview:-1\" \/>\n<link rel=\"canonical\" href=\"https:\/\/www.visit-ulcinj.com\/blog\/2008\/10\/18\/otklonjen-kvar-na-vodovodnoj-mrezi-u-ulcinju\/\" \/>\n<meta property=\"og:locale\" content=\"en_US\" \/>\n<meta property=\"og:type\" content=\"article\" \/>\n<meta property=\"og:title\" content=\"Otklonjen kvar na vodovodnoj mre\u017ei u Ulcinju - Lajme nga Ulqini\" \/>\n<meta property=\"og:description\" content=\"Dva dana bez vode Ulcinj - Suve slavine od prekju?e ujutro pa sve do kasno sino?, zbog kvara na vodovodnoj mre\u017ei, primorale su brojne Ulcinjane u potragu\" \/>\n<meta property=\"og:url\" content=\"https:\/\/www.visit-ulcinj.com\/blog\/2008\/10\/18\/otklonjen-kvar-na-vodovodnoj-mrezi-u-ulcinju\/\" \/>\n<meta property=\"og:site_name\" content=\"Lajme nga Ulqini\" \/>\n<meta property=\"article:published_time\" content=\"2008-10-18T17:32:36+00:00\" \/>\n<meta property=\"og:image\" content=\"http:\/\/www.visit-ulcinj.com\/blog\/wp-content\/uploads\/2008\/06\/kapllan-muca2.jpg\" \/>\n<meta name=\"twitter:label1\" content=\"Written by\" \/>\n\t<meta name=\"twitter:data1\" content=\"ulqini\" \/>\n\t<meta name=\"twitter:label2\" content=\"Est. reading time\" \/>\n\t<meta name=\"twitter:data2\" content=\"2 minutes\" \/>\n<script type=\"application\/ld+json\" class=\"yoast-schema-graph\">{\"@context\":\"https:\/\/schema.org\",\"@graph\":[{\"@type\":\"WebSite\",\"@id\":\"https:\/\/www.visit-ulcinj.com\/blog\/#website\",\"url\":\"https:\/\/www.visit-ulcinj.com\/blog\/\",\"name\":\"Lajme nga Ulqini\",\"description\":\"Lajme,Vijesti,Ulqini,Ulqin,Crna Gora,Mali i Zi\",\"potentialAction\":[{\"@type\":\"SearchAction\",\"target\":{\"@type\":\"EntryPoint\",\"urlTemplate\":\"https:\/\/www.visit-ulcinj.com\/blog\/?s={search_term_string}\"},\"query-input\":\"required name=search_term_string\"}],\"inLanguage\":\"en-US\"},{\"@type\":\"ImageObject\",\"inLanguage\":\"en-US\",\"@id\":\"https:\/\/www.visit-ulcinj.com\/blog\/2008\/10\/18\/otklonjen-kvar-na-vodovodnoj-mrezi-u-ulcinju\/#primaryimage\",\"url\":\"http:\/\/www.visit-ulcinj.com\/blog\/wp-content\/uploads\/2008\/06\/kapllan-muca2.jpg\",\"contentUrl\":\"http:\/\/www.visit-ulcinj.com\/blog\/wp-content\/uploads\/2008\/06\/kapllan-muca2.jpg\"},{\"@type\":\"WebPage\",\"@id\":\"https:\/\/www.visit-ulcinj.com\/blog\/2008\/10\/18\/otklonjen-kvar-na-vodovodnoj-mrezi-u-ulcinju\/#webpage\",\"url\":\"https:\/\/www.visit-ulcinj.com\/blog\/2008\/10\/18\/otklonjen-kvar-na-vodovodnoj-mrezi-u-ulcinju\/\",\"name\":\"Otklonjen kvar na vodovodnoj mre\u017ei u Ulcinju - Lajme nga Ulqini\",\"isPartOf\":{\"@id\":\"https:\/\/www.visit-ulcinj.com\/blog\/#website\"},\"primaryImageOfPage\":{\"@id\":\"https:\/\/www.visit-ulcinj.com\/blog\/2008\/10\/18\/otklonjen-kvar-na-vodovodnoj-mrezi-u-ulcinju\/#primaryimage\"},\"datePublished\":\"2008-10-18T17:32:36+00:00\",\"dateModified\":\"2008-10-18T17:32:36+00:00\",\"author\":{\"@id\":\"https:\/\/www.visit-ulcinj.com\/blog\/#\/schema\/person\/dcab619c614d3038751c63bc2aadc06d\"},\"description\":\"Dva dana bez vode Ulcinj - Suve slavine od prekju?e ujutro pa sve do kasno sino?, zbog kvara na vodovodnoj mre\u017ei, primorale su brojne Ulcinjane u potragu\",\"breadcrumb\":{\"@id\":\"https:\/\/www.visit-ulcinj.com\/blog\/2008\/10\/18\/otklonjen-kvar-na-vodovodnoj-mrezi-u-ulcinju\/#breadcrumb\"},\"inLanguage\":\"en-US\",\"potentialAction\":[{\"@type\":\"ReadAction\",\"target\":[\"https:\/\/www.visit-ulcinj.com\/blog\/2008\/10\/18\/otklonjen-kvar-na-vodovodnoj-mrezi-u-ulcinju\/\"]}]},{\"@type\":\"BreadcrumbList\",\"@id\":\"https:\/\/www.visit-ulcinj.com\/blog\/2008\/10\/18\/otklonjen-kvar-na-vodovodnoj-mrezi-u-ulcinju\/#breadcrumb\",\"itemListElement\":[{\"@type\":\"ListItem\",\"position\":1,\"name\":\"Otklonjen kvar na vodovodnoj mre\u017ei u Ulcinju\"}]},{\"@type\":\"Person\",\"@id\":\"https:\/\/www.visit-ulcinj.com\/blog\/#\/schema\/person\/dcab619c614d3038751c63bc2aadc06d\",\"name\":\"ulqini\",\"sameAs\":[\"http:\/\/www.visit-ulcinj.com\"],\"url\":\"https:\/\/www.visit-ulcinj.com\/blog\/author\/admin\/\"}]}<\/script>\n<!-- \/ Yoast SEO plugin. -->","yoast_head_json":{"title":"Otklonjen kvar na vodovodnoj mre\u017ei u Ulcinju - Lajme nga Ulqini","description":"Dva dana bez vode Ulcinj - Suve slavine od prekju?e ujutro pa sve do kasno sino?, zbog kvara na vodovodnoj mre\u017ei, primorale su brojne Ulcinjane u potragu","robots":{"index":"index","follow":"follow","max-snippet":"max-snippet:-1","max-image-preview":"max-image-preview:large","max-video-preview":"max-video-preview:-1"},"canonical":"https:\/\/www.visit-ulcinj.com\/blog\/2008\/10\/18\/otklonjen-kvar-na-vodovodnoj-mrezi-u-ulcinju\/","og_locale":"en_US","og_type":"article","og_title":"Otklonjen kvar na vodovodnoj mre\u017ei u Ulcinju - Lajme nga Ulqini","og_description":"Dva dana bez vode Ulcinj - Suve slavine od prekju?e ujutro pa sve do kasno sino?, zbog kvara na vodovodnoj mre\u017ei, primorale su brojne Ulcinjane u potragu","og_url":"https:\/\/www.visit-ulcinj.com\/blog\/2008\/10\/18\/otklonjen-kvar-na-vodovodnoj-mrezi-u-ulcinju\/","og_site_name":"Lajme nga Ulqini","article_published_time":"2008-10-18T17:32:36+00:00","og_image":[{"url":"http:\/\/www.visit-ulcinj.com\/blog\/wp-content\/uploads\/2008\/06\/kapllan-muca2.jpg"}],"twitter_misc":{"Written by":"ulqini","Est. reading time":"2 minutes"},"schema":{"@context":"https:\/\/schema.org","@graph":[{"@type":"WebSite","@id":"https:\/\/www.visit-ulcinj.com\/blog\/#website","url":"https:\/\/www.visit-ulcinj.com\/blog\/","name":"Lajme nga Ulqini","description":"Lajme,Vijesti,Ulqini,Ulqin,Crna Gora,Mali i Zi","potentialAction":[{"@type":"SearchAction","target":{"@type":"EntryPoint","urlTemplate":"https:\/\/www.visit-ulcinj.com\/blog\/?s={search_term_string}"},"query-input":"required name=search_term_string"}],"inLanguage":"en-US"},{"@type":"ImageObject","inLanguage":"en-US","@id":"https:\/\/www.visit-ulcinj.com\/blog\/2008\/10\/18\/otklonjen-kvar-na-vodovodnoj-mrezi-u-ulcinju\/#primaryimage","url":"http:\/\/www.visit-ulcinj.com\/blog\/wp-content\/uploads\/2008\/06\/kapllan-muca2.jpg","contentUrl":"http:\/\/www.visit-ulcinj.com\/blog\/wp-content\/uploads\/2008\/06\/kapllan-muca2.jpg"},{"@type":"WebPage","@id":"https:\/\/www.visit-ulcinj.com\/blog\/2008\/10\/18\/otklonjen-kvar-na-vodovodnoj-mrezi-u-ulcinju\/#webpage","url":"https:\/\/www.visit-ulcinj.com\/blog\/2008\/10\/18\/otklonjen-kvar-na-vodovodnoj-mrezi-u-ulcinju\/","name":"Otklonjen kvar na vodovodnoj mre\u017ei u Ulcinju - Lajme nga Ulqini","isPartOf":{"@id":"https:\/\/www.visit-ulcinj.com\/blog\/#website"},"primaryImageOfPage":{"@id":"https:\/\/www.visit-ulcinj.com\/blog\/2008\/10\/18\/otklonjen-kvar-na-vodovodnoj-mrezi-u-ulcinju\/#primaryimage"},"datePublished":"2008-10-18T17:32:36+00:00","dateModified":"2008-10-18T17:32:36+00:00","author":{"@id":"https:\/\/www.visit-ulcinj.com\/blog\/#\/schema\/person\/dcab619c614d3038751c63bc2aadc06d"},"description":"Dva dana bez vode Ulcinj - Suve slavine od prekju?e ujutro pa sve do kasno sino?, zbog kvara na vodovodnoj mre\u017ei, primorale su brojne Ulcinjane u potragu","breadcrumb":{"@id":"https:\/\/www.visit-ulcinj.com\/blog\/2008\/10\/18\/otklonjen-kvar-na-vodovodnoj-mrezi-u-ulcinju\/#breadcrumb"},"inLanguage":"en-US","potentialAction":[{"@type":"ReadAction","target":["https:\/\/www.visit-ulcinj.com\/blog\/2008\/10\/18\/otklonjen-kvar-na-vodovodnoj-mrezi-u-ulcinju\/"]}]},{"@type":"BreadcrumbList","@id":"https:\/\/www.visit-ulcinj.com\/blog\/2008\/10\/18\/otklonjen-kvar-na-vodovodnoj-mrezi-u-ulcinju\/#breadcrumb","itemListElement":[{"@type":"ListItem","position":1,"name":"Otklonjen kvar na vodovodnoj mre\u017ei u Ulcinju"}]},{"@type":"Person","@id":"https:\/\/www.visit-ulcinj.com\/blog\/#\/schema\/person\/dcab619c614d3038751c63bc2aadc06d","name":"ulqini","sameAs":["http:\/\/www.visit-ulcinj.com"],"url":"https:\/\/www.visit-ulcinj.com\/blog\/author\/admin\/"}]}},"jetpack_featured_media_url":"","jetpack_sharing_enabled":true,"jetpack_shortlink":"https:\/\/wp.me\/pe6lTn-1eB","_links":{"self":[{"href":"https:\/\/www.visit-ulcinj.com\/blog\/wp-json\/wp\/v2\/posts\/4749"}],"collection":[{"href":"https:\/\/www.visit-ulcinj.com\/blog\/wp-json\/wp\/v2\/posts"}],"about":[{"href":"https:\/\/www.visit-ulcinj.com\/blog\/wp-json\/wp\/v2\/types\/post"}],"author":[{"embeddable":true,"href":"https:\/\/www.visit-ulcinj.com\/blog\/wp-json\/wp\/v2\/users\/1"}],"replies":[{"embeddable":true,"href":"https:\/\/www.visit-ulcinj.com\/blog\/wp-json\/wp\/v2\/comments?post=4749"}],"version-history":[{"count":0,"href":"https:\/\/www.visit-ulcinj.com\/blog\/wp-json\/wp\/v2\/posts\/4749\/revisions"}],"wp:attachment":[{"href":"https:\/\/www.visit-ulcinj.com\/blog\/wp-json\/wp\/v2\/media?parent=4749"}],"wp:term":[{"taxonomy":"category","embeddable":true,"href":"https:\/\/www.visit-ulcinj.com\/blog\/wp-json\/wp\/v2\/categories?post=4749"},{"taxonomy":"post_tag","embeddable":true,"href":"https:\/\/www.visit-ulcinj.com\/blog\/wp-json\/wp\/v2\/tags?post=4749"}],"curies":[{"name":"wp","href":"https:\/\/api.w.org\/{rel}","templated":true}]}}