{"id":47494,"date":"2011-06-08T17:02:13","date_gmt":"2011-06-08T16:02:13","guid":{"rendered":"http:\/\/www.visit-ulcinj.com\/blog\/?p=47494"},"modified":"2011-06-08T17:03:48","modified_gmt":"2011-06-08T16:03:48","slug":"mundesite-e-zhvillimit-te-turizmit-te-qendrueshem-ne-ane-te-malit","status":"publish","type":"post","link":"https:\/\/www.visit-ulcinj.com\/blog\/2011\/06\/08\/mundesite-e-zhvillimit-te-turizmit-te-qendrueshem-ne-ane-te-malit\/","title":{"rendered":"Mund\u00ebsit\u00eb e zhvillimit t\u00eb turizmit t\u00eb q\u00ebndruesh\u00ebm n\u00eb An\u00eb t\u00eb Malit &#8211; Video"},"content":{"rendered":"<p><a href=\"http:\/\/www.visit-ulcinj.com\/blog\/wp-content\/uploads\/2011\/06\/Zhvillimit-i-turizmit-n\u00eb-Ane-te-Malit.jpg\"><img loading=\"lazy\" class=\"alignleft size-full wp-image-47495\" title=\"Zhvillimit i turizmit n\u00eb Ane te Malit\" src=\"http:\/\/www.visit-ulcinj.com\/blog\/wp-content\/uploads\/2011\/06\/Zhvillimit-i-turizmit-n\u00eb-Ane-te-Malit.jpg\" alt=\"\" width=\"508\" height=\"381\" \/><\/a>T\u00eb diel\u00ebn, n\u00eb restorantin \u201cShas\u201d, n\u00eb bashk\u00ebpunim\u00a0me Organizat\u00ebn Turistike t\u00eb Ulqinit,\u00a0\u00ebsht\u00eb mbajtur tryeza e rrumbullak\u00ebt me\u00a0tem\u00eb \u201cMund\u00ebsit\u00eb e zhvillimit t\u00eb turizmit t\u00eb\u00a0q\u00ebndruesh\u00ebm n\u00eb An\u00eb t\u00eb Malit\u201d.\u00a0Ligj\u00ebrat\u00ebn hyr\u00ebse me titull \u201cVlerat natyrore\u00a0dhe historiko \u2013 kulturore t\u00eb An\u00ebs s\u00eb Malit\u00a0dhe mund\u00ebsia e shfryt\u00ebzimit turistik t\u00eb tyre\u201d e ka mbajtur mr. Nexhat Avdiu.\u00a0Pjes\u00ebmarr\u00ebsit e tryez\u00ebs kan\u00eb evidentuar\u00a0potencialet turistike t\u00eb An\u00ebs s\u00eb Malit, problemet\u00a0ekzistuese n\u00eb k\u00ebt\u00eb fush\u00eb, kan\u00eb dh\u00ebn\u00eb\u00a0propozime konkrete p\u00ebr zhvillimin e turizmit\u00a0n\u00eb k\u00ebt\u00eb zon\u00eb etj.\u00a0Pjesa qendrore e manifestimit \u00ebsht\u00eb mbajtur\u00a0t\u00eb diel\u00ebn pasdite n\u00eb stadiumin e Shasit,\u00a0ku \u00ebsht\u00eb shfaqur nj\u00eb program kulturoartistik i p\u00ebrb\u00ebr\u00eb me muzik\u00eb, k\u00ebng\u00eb, loj\u00ebra\u00a0popullore, ushqim tradicional etj. P\u00ebrve\u00e7\u00a0k\u00ebng\u00ebtar\u00ebve vendas, n\u00eb program kan\u00eb\u00a0marr\u00eb pjes\u00eb edhe mysafir\u00ebt, k\u00ebng\u00ebtari Hajro\u00a0Pepa nga Shkodra, SHKA \u201cLiria\u201d nga Mileshi,\u00a0grupi humoristik \u201cThumbi\u201d, grupi i valleve\u00a0i nx\u00ebn\u00ebsve nga Oblika e An\u00ebs s\u00eb Malit etj.<\/p>\n<p><strong>i.k.<br \/>\nKoha Javore<br \/>\n<\/strong><strong>Foto: <a href=\"http:\/\/www.facebook.com\/media\/set\/?set=a.215077061856905.60418.100000638370809\" target=\"_blank\">Fadil Kova\u00e7i Facebook<\/a><\/strong><\/p>\n<p><strong>\n\t\t<style type=\"text\/css\">\n\t\t\t#gallery-1 {\n\t\t\t\tmargin: auto;\n\t\t\t}\n\t\t\t#gallery-1 .gallery-item {\n\t\t\t\tfloat: left;\n\t\t\t\tmargin-top: 10px;\n\t\t\t\ttext-align: center;\n\t\t\t\twidth: 33%;\n\t\t\t}\n\t\t\t#gallery-1 img {\n\t\t\t\tborder: 2px solid #cfcfcf;\n\t\t\t}\n\t\t\t#gallery-1 .gallery-caption {\n\t\t\t\tmargin-left: 0;\n\t\t\t}\n\t\t\t\/* see gallery_shortcode() in wp-includes\/media.php *\/\n\t\t<\/style>\n\t\t<div id='gallery-1' class='gallery galleryid-47494 gallery-columns-3 gallery-size-thumbnail'><dl class='gallery-item'>\n\t\t\t<dt class='gallery-icon landscape'>\n\t\t\t\t<a href='https:\/\/www.visit-ulcinj.com\/blog\/wp-content\/uploads\/2011\/06\/Zhvillimit-i-turizmit-n\u00eb-Ane-te-Malit.jpg'><img width=\"150\" height=\"150\" src=\"https:\/\/www.visit-ulcinj.com\/blog\/wp-content\/uploads\/2011\/06\/Zhvillimit-i-turizmit-n\u00eb-Ane-te-Malit-150x150.jpg\" class=\"attachment-thumbnail size-thumbnail\" alt=\"\" loading=\"lazy\" \/><\/a>\n\t\t\t<\/dt><\/dl><dl class='gallery-item'>\n\t\t\t<dt class='gallery-icon landscape'>\n\t\t\t\t<a href='https:\/\/www.visit-ulcinj.com\/blog\/wp-content\/uploads\/2011\/06\/Zhvillimit-i-turizmit-n\u00eb-Ane-te-Malit.1.jpg'><img width=\"150\" height=\"150\" src=\"https:\/\/www.visit-ulcinj.com\/blog\/wp-content\/uploads\/2011\/06\/Zhvillimit-i-turizmit-n\u00eb-Ane-te-Malit.1-150x150.jpg\" class=\"attachment-thumbnail size-thumbnail\" alt=\"\" loading=\"lazy\" \/><\/a>\n\t\t\t<\/dt><\/dl><dl class='gallery-item'>\n\t\t\t<dt class='gallery-icon landscape'>\n\t\t\t\t<a href='https:\/\/www.visit-ulcinj.com\/blog\/wp-content\/uploads\/2011\/06\/Zhvillimit-i-turizmit-n\u00eb-Ane-te-Malit.2.jpg'><img width=\"150\" height=\"150\" src=\"https:\/\/www.visit-ulcinj.com\/blog\/wp-content\/uploads\/2011\/06\/Zhvillimit-i-turizmit-n\u00eb-Ane-te-Malit.2-150x150.jpg\" class=\"attachment-thumbnail size-thumbnail\" alt=\"\" loading=\"lazy\" \/><\/a>\n\t\t\t<\/dt><\/dl><br style=\"clear: both\" \/><dl class='gallery-item'>\n\t\t\t<dt class='gallery-icon landscape'>\n\t\t\t\t<a href='https:\/\/www.visit-ulcinj.com\/blog\/wp-content\/uploads\/2011\/06\/Zhvillimit-i-turizmit-n\u00eb-Ane-te-Malit.3.jpg'><img width=\"150\" height=\"150\" src=\"https:\/\/www.visit-ulcinj.com\/blog\/wp-content\/uploads\/2011\/06\/Zhvillimit-i-turizmit-n\u00eb-Ane-te-Malit.3-150x150.jpg\" class=\"attachment-thumbnail size-thumbnail\" alt=\"\" loading=\"lazy\" \/><\/a>\n\t\t\t<\/dt><\/dl><dl class='gallery-item'>\n\t\t\t<dt class='gallery-icon landscape'>\n\t\t\t\t<a href='https:\/\/www.visit-ulcinj.com\/blog\/wp-content\/uploads\/2011\/06\/Zhvillimit-i-turizmit-n\u00eb-Ane-te-Malit.4.jpg'><img width=\"150\" height=\"150\" src=\"https:\/\/www.visit-ulcinj.com\/blog\/wp-content\/uploads\/2011\/06\/Zhvillimit-i-turizmit-n\u00eb-Ane-te-Malit.4-150x150.jpg\" class=\"attachment-thumbnail size-thumbnail\" alt=\"\" loading=\"lazy\" \/><\/a>\n\t\t\t<\/dt><\/dl><dl class='gallery-item'>\n\t\t\t<dt class='gallery-icon landscape'>\n\t\t\t\t<a href='https:\/\/www.visit-ulcinj.com\/blog\/wp-content\/uploads\/2011\/06\/Zhvillimit-i-turizmit-n\u00eb-Ane-te-Malit.5.jpg'><img width=\"150\" height=\"150\" src=\"https:\/\/www.visit-ulcinj.com\/blog\/wp-content\/uploads\/2011\/06\/Zhvillimit-i-turizmit-n\u00eb-Ane-te-Malit.5-150x150.jpg\" class=\"attachment-thumbnail size-thumbnail\" alt=\"\" loading=\"lazy\" \/><\/a>\n\t\t\t<\/dt><\/dl><br style=\"clear: both\" \/><dl class='gallery-item'>\n\t\t\t<dt class='gallery-icon landscape'>\n\t\t\t\t<a href='https:\/\/www.visit-ulcinj.com\/blog\/wp-content\/uploads\/2011\/06\/Zhvillimit-i-turizmit-n\u00eb-Ane-te-Malit.6.jpg'><img width=\"150\" height=\"150\" src=\"https:\/\/www.visit-ulcinj.com\/blog\/wp-content\/uploads\/2011\/06\/Zhvillimit-i-turizmit-n\u00eb-Ane-te-Malit.6-150x150.jpg\" class=\"attachment-thumbnail size-thumbnail\" alt=\"\" loading=\"lazy\" \/><\/a>\n\t\t\t<\/dt><\/dl><dl class='gallery-item'>\n\t\t\t<dt class='gallery-icon landscape'>\n\t\t\t\t<a href='https:\/\/www.visit-ulcinj.com\/blog\/wp-content\/uploads\/2011\/06\/Zhvillimit-i-turizmit-n\u00eb-Ane-te-Malit.7.jpg'><img width=\"150\" height=\"150\" src=\"https:\/\/www.visit-ulcinj.com\/blog\/wp-content\/uploads\/2011\/06\/Zhvillimit-i-turizmit-n\u00eb-Ane-te-Malit.7-150x150.jpg\" class=\"attachment-thumbnail size-thumbnail\" alt=\"\" loading=\"lazy\" \/><\/a>\n\t\t\t<\/dt><\/dl><dl class='gallery-item'>\n\t\t\t<dt class='gallery-icon landscape'>\n\t\t\t\t<a href='https:\/\/www.visit-ulcinj.com\/blog\/wp-content\/uploads\/2011\/06\/Zhvillimit-i-turizmit-n\u00eb-Ane-te-Malit.8.jpg'><img width=\"150\" height=\"150\" src=\"https:\/\/www.visit-ulcinj.com\/blog\/wp-content\/uploads\/2011\/06\/Zhvillimit-i-turizmit-n\u00eb-Ane-te-Malit.8-150x150.jpg\" class=\"attachment-thumbnail size-thumbnail\" alt=\"\" loading=\"lazy\" \/><\/a>\n\t\t\t<\/dt><\/dl><br style=\"clear: both\" \/>\n\t\t<\/div>\n<\/strong><br \/>\n<!--YouTube Error: bad URL entered--><\/p>\n","protected":false},"excerpt":{"rendered":"<p>T\u00eb diel\u00ebn, n\u00eb restorantin \u201cShas\u201d, n\u00eb bashk\u00ebpunim\u00a0me Organizat\u00ebn Turistike t\u00eb Ulqinit,\u00a0\u00ebsht\u00eb mbajtur tryeza e rrumbullak\u00ebt me\u00a0tem\u00eb \u201cMund\u00ebsit\u00eb e zhvillimit t\u00eb turizmit t\u00eb\u00a0q\u00ebndruesh\u00ebm n\u00eb An\u00eb t\u00eb Malit\u201d.\u00a0Ligj\u00ebrat\u00ebn hyr\u00ebse me titull \u201cVlerat natyrore\u00a0dhe historiko \u2013 kulturore t\u00eb An\u00ebs s\u00eb Malit\u00a0dhe mund\u00ebsia e shfryt\u00ebzimit turistik t\u00eb tyre\u201d e ka mbajtur mr. Nexhat Avdiu.\u00a0Pjes\u00ebmarr\u00ebsit e tryez\u00ebs kan\u00eb evidentuar\u00a0potencialet turistike [&hellip;]<\/p>\n","protected":false},"author":1,"featured_media":0,"comment_status":"open","ping_status":"closed","sticky":false,"template":"","format":"standard","meta":{"spay_email":"","jetpack_publicize_message":"","jetpack_is_tweetstorm":false,"jetpack_publicize_feature_enabled":true},"categories":[10],"tags":[14279,3231,18387,200,18],"jetpack_publicize_connections":[],"yoast_head":"<!-- This site is optimized with the Yoast SEO plugin v19.1 - https:\/\/yoast.com\/wordpress\/plugins\/seo\/ -->\n<title>Mund\u00ebsit\u00eb e zhvillimit t\u00eb turizmit t\u00eb q\u00ebndruesh\u00ebm n\u00eb An\u00eb t\u00eb Malit - Video - Lajme nga Ulqini<\/title>\n<meta name=\"description\" content=\"T\u00eb diel\u00ebn, n\u00eb restorantin \u201cShas\u201d, n\u00eb bashk\u00ebpunim\u00a0me Organizat\u00ebn Turistike t\u00eb Ulqinit,\u00a0\u00ebsht\u00eb mbajtur tryeza e rrumbullak\u00ebt me\u00a0tem\u00eb \u201cMund\u00ebsit\u00eb e zhvillimit\" \/>\n<meta name=\"robots\" content=\"index, follow, max-snippet:-1, max-image-preview:large, max-video-preview:-1\" \/>\n<link rel=\"canonical\" href=\"https:\/\/www.visit-ulcinj.com\/blog\/2011\/06\/08\/mundesite-e-zhvillimit-te-turizmit-te-qendrueshem-ne-ane-te-malit\/\" \/>\n<meta property=\"og:locale\" content=\"en_US\" \/>\n<meta property=\"og:type\" content=\"article\" \/>\n<meta property=\"og:title\" content=\"Mund\u00ebsit\u00eb e zhvillimit t\u00eb turizmit t\u00eb q\u00ebndruesh\u00ebm n\u00eb An\u00eb t\u00eb Malit - Video - Lajme nga Ulqini\" \/>\n<meta property=\"og:description\" content=\"T\u00eb diel\u00ebn, n\u00eb restorantin \u201cShas\u201d, n\u00eb bashk\u00ebpunim\u00a0me Organizat\u00ebn Turistike t\u00eb Ulqinit,\u00a0\u00ebsht\u00eb mbajtur tryeza e rrumbullak\u00ebt me\u00a0tem\u00eb \u201cMund\u00ebsit\u00eb e zhvillimit\" \/>\n<meta property=\"og:url\" content=\"https:\/\/www.visit-ulcinj.com\/blog\/2011\/06\/08\/mundesite-e-zhvillimit-te-turizmit-te-qendrueshem-ne-ane-te-malit\/\" \/>\n<meta property=\"og:site_name\" content=\"Lajme nga Ulqini\" \/>\n<meta property=\"article:published_time\" content=\"2011-06-08T16:02:13+00:00\" \/>\n<meta property=\"article:modified_time\" content=\"2011-06-08T16:03:48+00:00\" \/>\n<meta property=\"og:image\" content=\"https:\/\/www.visit-ulcinj.com\/blog\/wp-content\/uploads\/2011\/06\/Zhvillimit-i-turizmit-n\u00eb-Ane-te-Malit-150x150.jpg\" \/>\n<meta name=\"twitter:label1\" content=\"Written by\" \/>\n\t<meta name=\"twitter:data1\" content=\"ulqini\" \/>\n\t<meta name=\"twitter:label2\" content=\"Est. reading time\" \/>\n\t<meta name=\"twitter:data2\" content=\"1 minute\" \/>\n<script type=\"application\/ld+json\" class=\"yoast-schema-graph\">{\"@context\":\"https:\/\/schema.org\",\"@graph\":[{\"@type\":\"WebSite\",\"@id\":\"https:\/\/www.visit-ulcinj.com\/blog\/#website\",\"url\":\"https:\/\/www.visit-ulcinj.com\/blog\/\",\"name\":\"Lajme nga Ulqini\",\"description\":\"Lajme,Vijesti,Ulqini,Ulqin,Crna Gora,Mali i Zi\",\"potentialAction\":[{\"@type\":\"SearchAction\",\"target\":{\"@type\":\"EntryPoint\",\"urlTemplate\":\"https:\/\/www.visit-ulcinj.com\/blog\/?s={search_term_string}\"},\"query-input\":\"required name=search_term_string\"}],\"inLanguage\":\"en-US\"},{\"@type\":\"WebPage\",\"@id\":\"https:\/\/www.visit-ulcinj.com\/blog\/2011\/06\/08\/mundesite-e-zhvillimit-te-turizmit-te-qendrueshem-ne-ane-te-malit\/#webpage\",\"url\":\"https:\/\/www.visit-ulcinj.com\/blog\/2011\/06\/08\/mundesite-e-zhvillimit-te-turizmit-te-qendrueshem-ne-ane-te-malit\/\",\"name\":\"Mund\u00ebsit\u00eb e zhvillimit t\u00eb turizmit t\u00eb q\u00ebndruesh\u00ebm n\u00eb An\u00eb t\u00eb Malit - Video - Lajme nga Ulqini\",\"isPartOf\":{\"@id\":\"https:\/\/www.visit-ulcinj.com\/blog\/#website\"},\"datePublished\":\"2011-06-08T16:02:13+00:00\",\"dateModified\":\"2011-06-08T16:03:48+00:00\",\"author\":{\"@id\":\"https:\/\/www.visit-ulcinj.com\/blog\/#\/schema\/person\/dcab619c614d3038751c63bc2aadc06d\"},\"description\":\"T\u00eb diel\u00ebn, n\u00eb restorantin \u201cShas\u201d, n\u00eb bashk\u00ebpunim\u00a0me Organizat\u00ebn Turistike t\u00eb Ulqinit,\u00a0\u00ebsht\u00eb mbajtur tryeza e rrumbullak\u00ebt me\u00a0tem\u00eb \u201cMund\u00ebsit\u00eb e zhvillimit\",\"breadcrumb\":{\"@id\":\"https:\/\/www.visit-ulcinj.com\/blog\/2011\/06\/08\/mundesite-e-zhvillimit-te-turizmit-te-qendrueshem-ne-ane-te-malit\/#breadcrumb\"},\"inLanguage\":\"en-US\",\"potentialAction\":[{\"@type\":\"ReadAction\",\"target\":[\"https:\/\/www.visit-ulcinj.com\/blog\/2011\/06\/08\/mundesite-e-zhvillimit-te-turizmit-te-qendrueshem-ne-ane-te-malit\/\"]}]},{\"@type\":\"BreadcrumbList\",\"@id\":\"https:\/\/www.visit-ulcinj.com\/blog\/2011\/06\/08\/mundesite-e-zhvillimit-te-turizmit-te-qendrueshem-ne-ane-te-malit\/#breadcrumb\",\"itemListElement\":[{\"@type\":\"ListItem\",\"position\":1,\"name\":\"Mund\u00ebsit\u00eb e zhvillimit t\u00eb turizmit t\u00eb q\u00ebndruesh\u00ebm n\u00eb An\u00eb t\u00eb Malit &#8211; Video\"}]},{\"@type\":\"Person\",\"@id\":\"https:\/\/www.visit-ulcinj.com\/blog\/#\/schema\/person\/dcab619c614d3038751c63bc2aadc06d\",\"name\":\"ulqini\",\"sameAs\":[\"http:\/\/www.visit-ulcinj.com\"],\"url\":\"https:\/\/www.visit-ulcinj.com\/blog\/author\/admin\/\"}]}<\/script>\n<!-- \/ Yoast SEO plugin. -->","yoast_head_json":{"title":"Mund\u00ebsit\u00eb e zhvillimit t\u00eb turizmit t\u00eb q\u00ebndruesh\u00ebm n\u00eb An\u00eb t\u00eb Malit - Video - Lajme nga Ulqini","description":"T\u00eb diel\u00ebn, n\u00eb restorantin \u201cShas\u201d, n\u00eb bashk\u00ebpunim\u00a0me Organizat\u00ebn Turistike t\u00eb Ulqinit,\u00a0\u00ebsht\u00eb mbajtur tryeza e rrumbullak\u00ebt me\u00a0tem\u00eb \u201cMund\u00ebsit\u00eb e zhvillimit","robots":{"index":"index","follow":"follow","max-snippet":"max-snippet:-1","max-image-preview":"max-image-preview:large","max-video-preview":"max-video-preview:-1"},"canonical":"https:\/\/www.visit-ulcinj.com\/blog\/2011\/06\/08\/mundesite-e-zhvillimit-te-turizmit-te-qendrueshem-ne-ane-te-malit\/","og_locale":"en_US","og_type":"article","og_title":"Mund\u00ebsit\u00eb e zhvillimit t\u00eb turizmit t\u00eb q\u00ebndruesh\u00ebm n\u00eb An\u00eb t\u00eb Malit - Video - Lajme nga Ulqini","og_description":"T\u00eb diel\u00ebn, n\u00eb restorantin \u201cShas\u201d, n\u00eb bashk\u00ebpunim\u00a0me Organizat\u00ebn Turistike t\u00eb Ulqinit,\u00a0\u00ebsht\u00eb mbajtur tryeza e rrumbullak\u00ebt me\u00a0tem\u00eb \u201cMund\u00ebsit\u00eb e zhvillimit","og_url":"https:\/\/www.visit-ulcinj.com\/blog\/2011\/06\/08\/mundesite-e-zhvillimit-te-turizmit-te-qendrueshem-ne-ane-te-malit\/","og_site_name":"Lajme nga Ulqini","article_published_time":"2011-06-08T16:02:13+00:00","article_modified_time":"2011-06-08T16:03:48+00:00","og_image":[{"url":"https:\/\/www.visit-ulcinj.com\/blog\/wp-content\/uploads\/2011\/06\/Zhvillimit-i-turizmit-n\u00eb-Ane-te-Malit-150x150.jpg"}],"twitter_misc":{"Written by":"ulqini","Est. reading time":"1 minute"},"schema":{"@context":"https:\/\/schema.org","@graph":[{"@type":"WebSite","@id":"https:\/\/www.visit-ulcinj.com\/blog\/#website","url":"https:\/\/www.visit-ulcinj.com\/blog\/","name":"Lajme nga Ulqini","description":"Lajme,Vijesti,Ulqini,Ulqin,Crna Gora,Mali i Zi","potentialAction":[{"@type":"SearchAction","target":{"@type":"EntryPoint","urlTemplate":"https:\/\/www.visit-ulcinj.com\/blog\/?s={search_term_string}"},"query-input":"required name=search_term_string"}],"inLanguage":"en-US"},{"@type":"WebPage","@id":"https:\/\/www.visit-ulcinj.com\/blog\/2011\/06\/08\/mundesite-e-zhvillimit-te-turizmit-te-qendrueshem-ne-ane-te-malit\/#webpage","url":"https:\/\/www.visit-ulcinj.com\/blog\/2011\/06\/08\/mundesite-e-zhvillimit-te-turizmit-te-qendrueshem-ne-ane-te-malit\/","name":"Mund\u00ebsit\u00eb e zhvillimit t\u00eb turizmit t\u00eb q\u00ebndruesh\u00ebm n\u00eb An\u00eb t\u00eb Malit - Video - Lajme nga Ulqini","isPartOf":{"@id":"https:\/\/www.visit-ulcinj.com\/blog\/#website"},"datePublished":"2011-06-08T16:02:13+00:00","dateModified":"2011-06-08T16:03:48+00:00","author":{"@id":"https:\/\/www.visit-ulcinj.com\/blog\/#\/schema\/person\/dcab619c614d3038751c63bc2aadc06d"},"description":"T\u00eb diel\u00ebn, n\u00eb restorantin \u201cShas\u201d, n\u00eb bashk\u00ebpunim\u00a0me Organizat\u00ebn Turistike t\u00eb Ulqinit,\u00a0\u00ebsht\u00eb mbajtur tryeza e rrumbullak\u00ebt me\u00a0tem\u00eb \u201cMund\u00ebsit\u00eb e zhvillimit","breadcrumb":{"@id":"https:\/\/www.visit-ulcinj.com\/blog\/2011\/06\/08\/mundesite-e-zhvillimit-te-turizmit-te-qendrueshem-ne-ane-te-malit\/#breadcrumb"},"inLanguage":"en-US","potentialAction":[{"@type":"ReadAction","target":["https:\/\/www.visit-ulcinj.com\/blog\/2011\/06\/08\/mundesite-e-zhvillimit-te-turizmit-te-qendrueshem-ne-ane-te-malit\/"]}]},{"@type":"BreadcrumbList","@id":"https:\/\/www.visit-ulcinj.com\/blog\/2011\/06\/08\/mundesite-e-zhvillimit-te-turizmit-te-qendrueshem-ne-ane-te-malit\/#breadcrumb","itemListElement":[{"@type":"ListItem","position":1,"name":"Mund\u00ebsit\u00eb e zhvillimit t\u00eb turizmit t\u00eb q\u00ebndruesh\u00ebm n\u00eb An\u00eb t\u00eb Malit &#8211; Video"}]},{"@type":"Person","@id":"https:\/\/www.visit-ulcinj.com\/blog\/#\/schema\/person\/dcab619c614d3038751c63bc2aadc06d","name":"ulqini","sameAs":["http:\/\/www.visit-ulcinj.com"],"url":"https:\/\/www.visit-ulcinj.com\/blog\/author\/admin\/"}]}},"jetpack_featured_media_url":"","jetpack_sharing_enabled":true,"jetpack_shortlink":"https:\/\/wp.me\/pe6lTn-cm2","_links":{"self":[{"href":"https:\/\/www.visit-ulcinj.com\/blog\/wp-json\/wp\/v2\/posts\/47494"}],"collection":[{"href":"https:\/\/www.visit-ulcinj.com\/blog\/wp-json\/wp\/v2\/posts"}],"about":[{"href":"https:\/\/www.visit-ulcinj.com\/blog\/wp-json\/wp\/v2\/types\/post"}],"author":[{"embeddable":true,"href":"https:\/\/www.visit-ulcinj.com\/blog\/wp-json\/wp\/v2\/users\/1"}],"replies":[{"embeddable":true,"href":"https:\/\/www.visit-ulcinj.com\/blog\/wp-json\/wp\/v2\/comments?post=47494"}],"version-history":[{"count":0,"href":"https:\/\/www.visit-ulcinj.com\/blog\/wp-json\/wp\/v2\/posts\/47494\/revisions"}],"wp:attachment":[{"href":"https:\/\/www.visit-ulcinj.com\/blog\/wp-json\/wp\/v2\/media?parent=47494"}],"wp:term":[{"taxonomy":"category","embeddable":true,"href":"https:\/\/www.visit-ulcinj.com\/blog\/wp-json\/wp\/v2\/categories?post=47494"},{"taxonomy":"post_tag","embeddable":true,"href":"https:\/\/www.visit-ulcinj.com\/blog\/wp-json\/wp\/v2\/tags?post=47494"}],"curies":[{"name":"wp","href":"https:\/\/api.w.org\/{rel}","templated":true}]}}