{"id":47521,"date":"2011-06-11T08:14:51","date_gmt":"2011-06-11T07:14:51","guid":{"rendered":"http:\/\/www.visit-ulcinj.com\/blog\/?p=47521"},"modified":"2011-06-12T23:29:23","modified_gmt":"2011-06-12T22:29:23","slug":"turistet-nga-kosova-ia-mesyejne-ulqinit","status":"publish","type":"post","link":"https:\/\/www.visit-ulcinj.com\/blog\/2011\/06\/11\/turistet-nga-kosova-ia-mesyejne-ulqinit\/","title":{"rendered":"Turist\u00ebt nga Kosova ia m\u00ebsyejn\u00eb Ulqinit"},"content":{"rendered":"<p><strong><a href=\"http:\/\/www.visit-ulcinj.com\/blog\/wp-content\/uploads\/2011\/06\/Delegacioni-nga-Ulqini-ne-Kosove.jpg\"><img loading=\"lazy\" class=\"alignleft size-full wp-image-47522\" title=\"Delegacioni nga Ulqini ne Kosove\" src=\"http:\/\/www.visit-ulcinj.com\/blog\/wp-content\/uploads\/2011\/06\/Delegacioni-nga-Ulqini-ne-Kosove.jpg\" alt=\"\" width=\"491\" height=\"326\" srcset=\"https:\/\/www.visit-ulcinj.com\/blog\/wp-content\/uploads\/2011\/06\/Delegacioni-nga-Ulqini-ne-Kosove.jpg 491w, https:\/\/www.visit-ulcinj.com\/blog\/wp-content\/uploads\/2011\/06\/Delegacioni-nga-Ulqini-ne-Kosove-300x199.jpg 300w\" sizes=\"(max-width: 491px) 100vw, 491px\" \/><\/a>Prishtin\u00eb, 10 qershor-<\/strong><br \/>\nNj\u00eb pjes\u00eb e madhe e qytetar\u00ebve t\u00eb Kosov\u00ebs edhe sivjet sikur n\u00eb t\u00eb kaluar\u00ebn pushimet verore do ti kalojn\u00eb n\u00eb bregdetin e Ulqinit. Kjo \u00ebsht\u00eb oferta nj\u00ebra nd\u00ebr m\u00eb t\u00eb mirat p\u00ebr ata.\u00a0 Dihet se mbi 70 p\u00ebr qind e turist\u00ebve q\u00eb vizitojn\u00eb plazhet e Ulqinit jan\u00eb nga Kosova.<\/p>\n<p>N\u00eb baz\u00eb t\u00eb nj\u00eb ankete t\u00eb zhvilluar nga portali \u201cYlli. Info\u201d n\u00eb gjasht\u00eb qendrat m\u00eb t\u00eb m\u00ebdha t\u00eb Kosov\u00ebs se n\u00eb cilin bregdet preferojn\u00eb ti kalojn\u00eb qytetar\u00ebt pushimet nga\u00a0 qindra persona mbi 80 p\u00ebr qind kan\u00eb deklaruar se preferojn\u00eb Ulqinin. Besojm\u00eb se preferncat e tyre jan\u00eb reale.<\/p>\n<p>G\u00ebzim Hajdinaga kryetar i Komun\u00ebs s\u00eb Ulqinit, tha se qytetar\u00ebt e Kosov\u00ebs cil\u00ebsohen si vizitor\u00ebt m\u00eb t\u00eb m\u00ebdhenj t\u00eb Ulqinit p\u00ebr t\u00eb cil\u00ebt jep\u00eb fal\u00ebnderime. Sipas tij turist\u00ebt nga vendi jon\u00eb jan\u00eb turist\u00ebt m\u00eb besnik t\u00eb k\u00ebtij vendi q\u00eb edhe gjat\u00eb k\u00ebsaj vere\u00a0t\u00eb pushojn\u00eb n\u00eb atje n\u00eb num\u00ebr sa m\u00eb t\u00eb madh.<\/p>\n<p>G\u00ebzim Hajdinaga, tha p\u00ebr portalin \u201cYlli. Info\u201d se Ulqini, vazhdon t\u00eb jet\u00eb destinacion mjaft t\u00ebrheq\u00ebs dhe me ofert\u00eb turistike shum\u00eb t\u00eb pasur.<\/p>\n<p>Kryetari tregoi se pos turist\u00ebve kosovar, numri m\u00eb i madh i turist\u00ebve t\u00eb interesuar \u00ebsht\u00eb edhe nga Bosnja dhe kan\u00eb arritur ti kthejn\u00eb mysafir\u00ebt e vjet\u00ebr nga Gjermani, Polonia, Qekia, Sllovakia, Hungaria, Italia dhe ka edhe nga Rusia. I pari i komun\u00ebs tha se tashm\u00eb kan\u00eb nisur p\u00ebrgatitjet p\u00ebr sezonin 2011 2012 dhe i fal\u00ebnderojn\u00eb t\u00eb gjith\u00eb qytetar\u00ebt e Kosov\u00ebs q\u00eb po vizitoj\u00eb Ulqinin dhe k\u00ebrkojn\u00eb q\u00eb Ulqinin mos ta l\u00ebn\u00eb pas dore, por ta ken\u00eb prioritet.<\/p>\n<p>Ali Rexha, drejtor i Organizat\u00ebs Turistike t\u00eb Ulqinit, tha p\u00ebr portalin \u201cYlli. Info\u201dse kan\u00eb b\u00ebr\u00eb prezantime t\u00eb shumta n\u00ebp\u00ebr vendet per\u00ebndimore, ku kan\u00eb arritur t\u00eb nxisin turist\u00eb t\u00eb shumt\u00eb. \u201cNe e kemi ruajtur tregun e Kosov\u00ebs, ku e konsiderojm\u00eb si lokomotiv\u00eb e turizmit Ulqinak\u201d, ka shtuar ai. Por sipas drejtorit t\u00eb Organizat\u00ebs s\u00eb Turizmit,\u00a0struktura e mysafir\u00ebve tregon se \u00ebsht\u00eb\u00a0ruajtur tregu tradicional nga Kosova,\u00a0Maqedonia dhe Shqip\u00ebria t\u00eb cil\u00ebt p\u00ebrb\u00ebjn\u00eb 71.4\u00a0p\u00ebr qind t\u00eb mysafir\u00ebve.<br \/>\n<a href=\"http:\/\/www.visit-ulcinj.com\/blog\/wp-content\/uploads\/2011\/06\/Delegacioni-nga-Ulqini-ne-Kosove.1.jpg\"><img loading=\"lazy\" class=\"alignleft size-full wp-image-47523\" title=\"Delegacioni nga Ulqini ne Kosove.1\" src=\"http:\/\/www.visit-ulcinj.com\/blog\/wp-content\/uploads\/2011\/06\/Delegacioni-nga-Ulqini-ne-Kosove.1.jpg\" alt=\"\" width=\"508\" height=\"340\" \/><\/a><\/p>\n<p>\u201cNj\u00ebkoh\u00ebsisht po kthejm\u00eb mysafir\u00eb nga\u00a0rajonet e af\u00ebrta \u2013 Bosnja, nga Evropa\u00a0Lindore e Qendrore \u2013 \u00c7ekia, Sllovakia,\u00a0Polonia, Hungaria, Rumania, Rusia. Shihet\u00a0edhe rritja e numrit t\u00eb mysafir\u00ebve dikur shum\u00eb\u00a0prezent\u00eb e t\u00eb mir\u00ebseardhur nga Gjermania dhe\u00a0vendeve t\u00eb tjera t\u00eb Evrop\u00ebs Per\u00ebndimore me nj\u00eb\u00a0p\u00ebrqindje prej 16.6 p\u00ebr qind.<\/p>\n<p>Luigj Shkreli, kryetar i Asambles Komunale t\u00eb Ulqinit dhe deputet n\u00eb Kuvendin e Malit t\u00eb Zi, tha p\u00ebr portalin \u201cYlli. Info\u201dse kosovar\u00ebt do q\u00eb zgjedhin p\u00ebr turiz\u00ebm ku duan nuk do t\u00eb jen\u00eb gabim. \u201cUlqini sivjet ka p\u00ebrgatitur shum\u00eb m\u00eb shum\u00eb hap\u00ebsira p\u00ebr t\u00eb kuptuar m\u00eb shum\u00eb rreth k\u00ebtij vendi, ku do t\u00eb mbeteni kureshtar\u00eb edhe p\u00ebr vitin e ardhsh\u00ebm q\u00eb t\u00eb vizitoni dhe t\u00eb kuptoni di\u00e7ka m\u00eb shum\u00eb\u201d, tha Luigj Shkreli.<\/p>\n<p><strong>Florida Maliqi<br \/>\n<\/strong><strong>Ylli.info<br \/>\n<!--YouTube Error: bad URL entered--><\/strong><\/p>\n<p><strong><br \/>\n<\/strong><\/p>\n","protected":false},"excerpt":{"rendered":"<p>Prishtin\u00eb, 10 qershor- Nj\u00eb pjes\u00eb e madhe e qytetar\u00ebve t\u00eb Kosov\u00ebs edhe sivjet sikur n\u00eb t\u00eb kaluar\u00ebn pushimet verore do ti kalojn\u00eb n\u00eb bregdetin e Ulqinit. Kjo \u00ebsht\u00eb oferta nj\u00ebra nd\u00ebr m\u00eb t\u00eb mirat p\u00ebr ata.\u00a0 Dihet se mbi 70 p\u00ebr qind e turist\u00ebve q\u00eb vizitojn\u00eb plazhet e Ulqinit jan\u00eb nga Kosova. N\u00eb baz\u00eb t\u00eb [&hellip;]<\/p>\n","protected":false},"author":1,"featured_media":0,"comment_status":"open","ping_status":"closed","sticky":false,"template":"","format":"standard","meta":{"spay_email":"","jetpack_publicize_message":"","jetpack_is_tweetstorm":false,"jetpack_publicize_feature_enabled":true},"categories":[1,6],"tags":[18389,200,18],"jetpack_publicize_connections":[],"yoast_head":"<!-- This site is optimized with the Yoast SEO plugin v19.1 - https:\/\/yoast.com\/wordpress\/plugins\/seo\/ -->\n<title>Turist\u00ebt nga Kosova ia m\u00ebsyejn\u00eb Ulqinit - Lajme nga Ulqini<\/title>\n<meta name=\"description\" content=\"Prishtin\u00eb, 10 qershor- Nj\u00eb pjes\u00eb e madhe e qytetar\u00ebve t\u00eb Kosov\u00ebs edhe sivjet sikur n\u00eb t\u00eb kaluar\u00ebn pushimet verore do ti kalojn\u00eb n\u00eb bregdetin e Ulqinit.\" \/>\n<meta name=\"robots\" content=\"index, follow, max-snippet:-1, max-image-preview:large, max-video-preview:-1\" \/>\n<link rel=\"canonical\" href=\"https:\/\/www.visit-ulcinj.com\/blog\/2011\/06\/11\/turistet-nga-kosova-ia-mesyejne-ulqinit\/\" \/>\n<meta property=\"og:locale\" content=\"en_US\" \/>\n<meta property=\"og:type\" content=\"article\" \/>\n<meta property=\"og:title\" content=\"Turist\u00ebt nga Kosova ia m\u00ebsyejn\u00eb Ulqinit - Lajme nga Ulqini\" \/>\n<meta property=\"og:description\" content=\"Prishtin\u00eb, 10 qershor- Nj\u00eb pjes\u00eb e madhe e qytetar\u00ebve t\u00eb Kosov\u00ebs edhe sivjet sikur n\u00eb t\u00eb kaluar\u00ebn pushimet verore do ti kalojn\u00eb n\u00eb bregdetin e Ulqinit.\" \/>\n<meta property=\"og:url\" content=\"https:\/\/www.visit-ulcinj.com\/blog\/2011\/06\/11\/turistet-nga-kosova-ia-mesyejne-ulqinit\/\" \/>\n<meta property=\"og:site_name\" content=\"Lajme nga Ulqini\" \/>\n<meta property=\"article:published_time\" content=\"2011-06-11T07:14:51+00:00\" \/>\n<meta property=\"article:modified_time\" content=\"2011-06-12T22:29:23+00:00\" \/>\n<meta property=\"og:image\" content=\"http:\/\/www.visit-ulcinj.com\/blog\/wp-content\/uploads\/2011\/06\/Delegacioni-nga-Ulqini-ne-Kosove.jpg\" \/>\n<meta name=\"twitter:label1\" content=\"Written by\" \/>\n\t<meta name=\"twitter:data1\" content=\"ulqini\" \/>\n\t<meta name=\"twitter:label2\" content=\"Est. reading time\" \/>\n\t<meta name=\"twitter:data2\" content=\"3 minutes\" \/>\n<script type=\"application\/ld+json\" class=\"yoast-schema-graph\">{\"@context\":\"https:\/\/schema.org\",\"@graph\":[{\"@type\":\"WebSite\",\"@id\":\"https:\/\/www.visit-ulcinj.com\/blog\/#website\",\"url\":\"https:\/\/www.visit-ulcinj.com\/blog\/\",\"name\":\"Lajme nga Ulqini\",\"description\":\"Lajme,Vijesti,Ulqini,Ulqin,Crna Gora,Mali i Zi\",\"potentialAction\":[{\"@type\":\"SearchAction\",\"target\":{\"@type\":\"EntryPoint\",\"urlTemplate\":\"https:\/\/www.visit-ulcinj.com\/blog\/?s={search_term_string}\"},\"query-input\":\"required name=search_term_string\"}],\"inLanguage\":\"en-US\"},{\"@type\":\"ImageObject\",\"inLanguage\":\"en-US\",\"@id\":\"https:\/\/www.visit-ulcinj.com\/blog\/2011\/06\/11\/turistet-nga-kosova-ia-mesyejne-ulqinit\/#primaryimage\",\"url\":\"https:\/\/www.visit-ulcinj.com\/blog\/wp-content\/uploads\/2011\/06\/Delegacioni-nga-Ulqini-ne-Kosove.jpg\",\"contentUrl\":\"https:\/\/www.visit-ulcinj.com\/blog\/wp-content\/uploads\/2011\/06\/Delegacioni-nga-Ulqini-ne-Kosove.jpg\",\"width\":\"491\",\"height\":\"326\"},{\"@type\":\"WebPage\",\"@id\":\"https:\/\/www.visit-ulcinj.com\/blog\/2011\/06\/11\/turistet-nga-kosova-ia-mesyejne-ulqinit\/#webpage\",\"url\":\"https:\/\/www.visit-ulcinj.com\/blog\/2011\/06\/11\/turistet-nga-kosova-ia-mesyejne-ulqinit\/\",\"name\":\"Turist\u00ebt nga Kosova ia m\u00ebsyejn\u00eb Ulqinit - Lajme nga Ulqini\",\"isPartOf\":{\"@id\":\"https:\/\/www.visit-ulcinj.com\/blog\/#website\"},\"primaryImageOfPage\":{\"@id\":\"https:\/\/www.visit-ulcinj.com\/blog\/2011\/06\/11\/turistet-nga-kosova-ia-mesyejne-ulqinit\/#primaryimage\"},\"datePublished\":\"2011-06-11T07:14:51+00:00\",\"dateModified\":\"2011-06-12T22:29:23+00:00\",\"author\":{\"@id\":\"https:\/\/www.visit-ulcinj.com\/blog\/#\/schema\/person\/dcab619c614d3038751c63bc2aadc06d\"},\"description\":\"Prishtin\u00eb, 10 qershor- Nj\u00eb pjes\u00eb e madhe e qytetar\u00ebve t\u00eb Kosov\u00ebs edhe sivjet sikur n\u00eb t\u00eb kaluar\u00ebn pushimet verore do ti kalojn\u00eb n\u00eb bregdetin e Ulqinit.\",\"breadcrumb\":{\"@id\":\"https:\/\/www.visit-ulcinj.com\/blog\/2011\/06\/11\/turistet-nga-kosova-ia-mesyejne-ulqinit\/#breadcrumb\"},\"inLanguage\":\"en-US\",\"potentialAction\":[{\"@type\":\"ReadAction\",\"target\":[\"https:\/\/www.visit-ulcinj.com\/blog\/2011\/06\/11\/turistet-nga-kosova-ia-mesyejne-ulqinit\/\"]}]},{\"@type\":\"BreadcrumbList\",\"@id\":\"https:\/\/www.visit-ulcinj.com\/blog\/2011\/06\/11\/turistet-nga-kosova-ia-mesyejne-ulqinit\/#breadcrumb\",\"itemListElement\":[{\"@type\":\"ListItem\",\"position\":1,\"name\":\"Turist\u00ebt nga Kosova ia m\u00ebsyejn\u00eb Ulqinit\"}]},{\"@type\":\"Person\",\"@id\":\"https:\/\/www.visit-ulcinj.com\/blog\/#\/schema\/person\/dcab619c614d3038751c63bc2aadc06d\",\"name\":\"ulqini\",\"sameAs\":[\"http:\/\/www.visit-ulcinj.com\"],\"url\":\"https:\/\/www.visit-ulcinj.com\/blog\/author\/admin\/\"}]}<\/script>\n<!-- \/ Yoast SEO plugin. -->","yoast_head_json":{"title":"Turist\u00ebt nga Kosova ia m\u00ebsyejn\u00eb Ulqinit - Lajme nga Ulqini","description":"Prishtin\u00eb, 10 qershor- Nj\u00eb pjes\u00eb e madhe e qytetar\u00ebve t\u00eb Kosov\u00ebs edhe sivjet sikur n\u00eb t\u00eb kaluar\u00ebn pushimet verore do ti kalojn\u00eb n\u00eb bregdetin e Ulqinit.","robots":{"index":"index","follow":"follow","max-snippet":"max-snippet:-1","max-image-preview":"max-image-preview:large","max-video-preview":"max-video-preview:-1"},"canonical":"https:\/\/www.visit-ulcinj.com\/blog\/2011\/06\/11\/turistet-nga-kosova-ia-mesyejne-ulqinit\/","og_locale":"en_US","og_type":"article","og_title":"Turist\u00ebt nga Kosova ia m\u00ebsyejn\u00eb Ulqinit - Lajme nga Ulqini","og_description":"Prishtin\u00eb, 10 qershor- Nj\u00eb pjes\u00eb e madhe e qytetar\u00ebve t\u00eb Kosov\u00ebs edhe sivjet sikur n\u00eb t\u00eb kaluar\u00ebn pushimet verore do ti kalojn\u00eb n\u00eb bregdetin e Ulqinit.","og_url":"https:\/\/www.visit-ulcinj.com\/blog\/2011\/06\/11\/turistet-nga-kosova-ia-mesyejne-ulqinit\/","og_site_name":"Lajme nga Ulqini","article_published_time":"2011-06-11T07:14:51+00:00","article_modified_time":"2011-06-12T22:29:23+00:00","og_image":[{"url":"http:\/\/www.visit-ulcinj.com\/blog\/wp-content\/uploads\/2011\/06\/Delegacioni-nga-Ulqini-ne-Kosove.jpg"}],"twitter_misc":{"Written by":"ulqini","Est. reading time":"3 minutes"},"schema":{"@context":"https:\/\/schema.org","@graph":[{"@type":"WebSite","@id":"https:\/\/www.visit-ulcinj.com\/blog\/#website","url":"https:\/\/www.visit-ulcinj.com\/blog\/","name":"Lajme nga Ulqini","description":"Lajme,Vijesti,Ulqini,Ulqin,Crna Gora,Mali i Zi","potentialAction":[{"@type":"SearchAction","target":{"@type":"EntryPoint","urlTemplate":"https:\/\/www.visit-ulcinj.com\/blog\/?s={search_term_string}"},"query-input":"required name=search_term_string"}],"inLanguage":"en-US"},{"@type":"ImageObject","inLanguage":"en-US","@id":"https:\/\/www.visit-ulcinj.com\/blog\/2011\/06\/11\/turistet-nga-kosova-ia-mesyejne-ulqinit\/#primaryimage","url":"https:\/\/www.visit-ulcinj.com\/blog\/wp-content\/uploads\/2011\/06\/Delegacioni-nga-Ulqini-ne-Kosove.jpg","contentUrl":"https:\/\/www.visit-ulcinj.com\/blog\/wp-content\/uploads\/2011\/06\/Delegacioni-nga-Ulqini-ne-Kosove.jpg","width":"491","height":"326"},{"@type":"WebPage","@id":"https:\/\/www.visit-ulcinj.com\/blog\/2011\/06\/11\/turistet-nga-kosova-ia-mesyejne-ulqinit\/#webpage","url":"https:\/\/www.visit-ulcinj.com\/blog\/2011\/06\/11\/turistet-nga-kosova-ia-mesyejne-ulqinit\/","name":"Turist\u00ebt nga Kosova ia m\u00ebsyejn\u00eb Ulqinit - Lajme nga Ulqini","isPartOf":{"@id":"https:\/\/www.visit-ulcinj.com\/blog\/#website"},"primaryImageOfPage":{"@id":"https:\/\/www.visit-ulcinj.com\/blog\/2011\/06\/11\/turistet-nga-kosova-ia-mesyejne-ulqinit\/#primaryimage"},"datePublished":"2011-06-11T07:14:51+00:00","dateModified":"2011-06-12T22:29:23+00:00","author":{"@id":"https:\/\/www.visit-ulcinj.com\/blog\/#\/schema\/person\/dcab619c614d3038751c63bc2aadc06d"},"description":"Prishtin\u00eb, 10 qershor- Nj\u00eb pjes\u00eb e madhe e qytetar\u00ebve t\u00eb Kosov\u00ebs edhe sivjet sikur n\u00eb t\u00eb kaluar\u00ebn pushimet verore do ti kalojn\u00eb n\u00eb bregdetin e Ulqinit.","breadcrumb":{"@id":"https:\/\/www.visit-ulcinj.com\/blog\/2011\/06\/11\/turistet-nga-kosova-ia-mesyejne-ulqinit\/#breadcrumb"},"inLanguage":"en-US","potentialAction":[{"@type":"ReadAction","target":["https:\/\/www.visit-ulcinj.com\/blog\/2011\/06\/11\/turistet-nga-kosova-ia-mesyejne-ulqinit\/"]}]},{"@type":"BreadcrumbList","@id":"https:\/\/www.visit-ulcinj.com\/blog\/2011\/06\/11\/turistet-nga-kosova-ia-mesyejne-ulqinit\/#breadcrumb","itemListElement":[{"@type":"ListItem","position":1,"name":"Turist\u00ebt nga Kosova ia m\u00ebsyejn\u00eb Ulqinit"}]},{"@type":"Person","@id":"https:\/\/www.visit-ulcinj.com\/blog\/#\/schema\/person\/dcab619c614d3038751c63bc2aadc06d","name":"ulqini","sameAs":["http:\/\/www.visit-ulcinj.com"],"url":"https:\/\/www.visit-ulcinj.com\/blog\/author\/admin\/"}]}},"jetpack_featured_media_url":"","jetpack_sharing_enabled":true,"jetpack_shortlink":"https:\/\/wp.me\/pe6lTn-cmt","_links":{"self":[{"href":"https:\/\/www.visit-ulcinj.com\/blog\/wp-json\/wp\/v2\/posts\/47521"}],"collection":[{"href":"https:\/\/www.visit-ulcinj.com\/blog\/wp-json\/wp\/v2\/posts"}],"about":[{"href":"https:\/\/www.visit-ulcinj.com\/blog\/wp-json\/wp\/v2\/types\/post"}],"author":[{"embeddable":true,"href":"https:\/\/www.visit-ulcinj.com\/blog\/wp-json\/wp\/v2\/users\/1"}],"replies":[{"embeddable":true,"href":"https:\/\/www.visit-ulcinj.com\/blog\/wp-json\/wp\/v2\/comments?post=47521"}],"version-history":[{"count":0,"href":"https:\/\/www.visit-ulcinj.com\/blog\/wp-json\/wp\/v2\/posts\/47521\/revisions"}],"wp:attachment":[{"href":"https:\/\/www.visit-ulcinj.com\/blog\/wp-json\/wp\/v2\/media?parent=47521"}],"wp:term":[{"taxonomy":"category","embeddable":true,"href":"https:\/\/www.visit-ulcinj.com\/blog\/wp-json\/wp\/v2\/categories?post=47521"},{"taxonomy":"post_tag","embeddable":true,"href":"https:\/\/www.visit-ulcinj.com\/blog\/wp-json\/wp\/v2\/tags?post=47521"}],"curies":[{"name":"wp","href":"https:\/\/api.w.org\/{rel}","templated":true}]}}