{"id":47525,"date":"2011-06-11T14:26:51","date_gmt":"2011-06-11T13:26:51","guid":{"rendered":"http:\/\/www.visit-ulcinj.com\/blog\/?p=47525"},"modified":"2011-06-14T17:06:04","modified_gmt":"2011-06-14T16:06:04","slug":"u-mbajt-simpoziumi-shkencore-shqiptaret-ne-perandorine-osmane","status":"publish","type":"post","link":"https:\/\/www.visit-ulcinj.com\/blog\/2011\/06\/11\/u-mbajt-simpoziumi-shkencore-shqiptaret-ne-perandorine-osmane\/","title":{"rendered":"U mbajt simpoziumi shkencor\u00eb Shqiptar\u00ebt n\u00eb Perandorin\u00eb Osmane &#8211; Video"},"content":{"rendered":"<div id=\"attachment_47526\" style=\"width: 518px\" class=\"wp-caption alignleft\"><a href=\"http:\/\/www.visit-ulcinj.com\/blog\/wp-content\/uploads\/2011\/06\/N\u00eb-ambientet-e-hotelit-Mediteran-n\u00eb-Ulqin.jpg\"><img aria-describedby=\"caption-attachment-47526\" loading=\"lazy\" class=\"size-full wp-image-47526\" title=\"N\u00eb ambientet e hotelit Mediteran n\u00eb Ulqin\" src=\"http:\/\/www.visit-ulcinj.com\/blog\/wp-content\/uploads\/2011\/06\/N\u00eb-ambientet-e-hotelit-Mediteran-n\u00eb-Ulqin.jpg\" alt=\"\" width=\"508\" height=\"380\" srcset=\"https:\/\/www.visit-ulcinj.com\/blog\/wp-content\/uploads\/2011\/06\/N\u00eb-ambientet-e-hotelit-Mediteran-n\u00eb-Ulqin.jpg 800w, https:\/\/www.visit-ulcinj.com\/blog\/wp-content\/uploads\/2011\/06\/N\u00eb-ambientet-e-hotelit-Mediteran-n\u00eb-Ulqin-300x223.jpg 300w\" sizes=\"(max-width: 508px) 100vw, 508px\" \/><\/a><p id=\"caption-attachment-47526\" class=\"wp-caption-text\">N\u00eb ambientet e hotelit \u201cMediteran\u201d n\u00eb Ulqin<\/p><\/div>\n<p><strong>SHQIPTAR\u00cbT N\u00cb PERANDORIN\u00cb OSMANE<\/strong><\/p>\n<p><strong>&#8220;Kontributi i personaliteteve shqiptare te Perandoris\u00eb Osmane n\u00eb \u00e7\u00ebshtjen komb\u00ebtare shqiptare&#8221;<\/strong><\/p>\n<p>&nbsp;<\/p>\n<p>P\u00ebrgatiti: <strong>Senad Maku \u2013 Ulqin<\/strong><\/p>\n<p>&nbsp;<\/p>\n<p>N\u00eb Ulqin m\u00eb 06.06.2011 dhe n\u00eb Tuz m\u00eb 07.06.2011 organizuar nga \u201cHORIZONTI- Qendra p\u00ebr mir\u00ebkuptim nd\u00ebrkulturor\u201d, n\u00eb ambientet e hotelit \u201cMediteran\u201d n\u00eb Ulqin dhe n\u00eb \u201cSht\u00ebpin\u00eb e Kultur\u00ebs\u201d n\u00eb Tuz, u mbajt Simpoziumi shkencor\u00eb: SHQIPTAR\u00cbT N\u00cb PERANDORIN\u00cb OSMANE &#8211; &#8220;Kontributi i personaliteteve shqiptare t\u00eb Perandoris\u00eb Osmane n\u00eb \u00e7\u00ebshtjen komb\u00ebtare shqiptare&#8221;.<\/p>\n<p>&nbsp;<\/p>\n<p>Simpoziumi u hap me fjal\u00ebt p\u00ebrsh\u00ebndet\u00ebse t\u00eb organizatorit dhe drejtorit t\u00eb organizat\u00ebs \u201dHorizonti\u201d, z. Omer Kajoshaj, i cili i p\u00ebrsh\u00ebndeti t\u00eb pranishmit dhe panelist\u00ebt.<\/p>\n<p>&nbsp;<\/p>\n<p>Moderator i k\u00ebtij simpoziumi ishte Ermal Bega nga Tirana.<\/p>\n<p>Nd\u00ebrsa nga profesor\u00ebt e nderuar me kumtesat e tyre ishin:<\/p>\n<ul>\n<li>Prof. dr. <strong>Hysen Matoshi<\/strong> me kumtes\u00ebn: &#8220;Mehmet Akif\u00a0 Ersoj dhe shqiptar\u00ebt&#8221;<\/li>\n<li>Prof. dr. <strong>Adem Zejnullahu<\/strong> me kumtes\u00ebn: &#8220;Ardhja e islamit n\u00eb Ballkan sipas k\u00ebng\u00ebve popullore shqiptare&#8221;.<\/li>\n<li>Prof. dr. <strong>Mehmet Halimi<\/strong> me kumtes\u00ebn: &#8220;Harmonizimi i fetares me traditat komb\u00ebtare vendore.&#8221;<\/li>\n<li><strong>Husamedin Abazi<\/strong> me kumtes\u00ebn: &#8220;Domosdoshm\u00ebria e pajtimit nd\u00ebrmjet shpirt\u00ebrores dhe materiales&#8221;<\/li>\n<li>Mr. <strong>Nuridin Ahmeti<\/strong> me kumtes\u00ebn: &#8220;Ulemaja e Plav\u00ebs dhe Gucis\u00eb shembull i mir\u00eb se si duhet ti sh\u00ebrbehet popullit dhe fes\u00eb&#8221;<\/li>\n<li>Mr. <strong>Ali Bardhi<\/strong> me kumtes\u00ebn: &#8220;Vlera Komb\u00ebtare e p\u00ebrkthimeve te Hafiz Ali Ulqinakut&#8221;<\/li>\n<\/ul>\n<p>&nbsp;<\/p>\n<p>N\u00eb k\u00ebt\u00eb simpozium t\u00eb k\u00ebtij lloji u hodh drit\u00eb n\u00eb shum\u00eb segmente q\u00eb kan\u00eb t\u00eb b\u00ebjn\u00eb me kontributin i personaliteteve shqiptare te Perandoris\u00eb Osmane n\u00eb \u00e7\u00ebshtjen komb\u00ebtare shqiptare, duke filluar nga ana shpirt\u00ebrore, tradita, trash\u00ad\u00ebgimia materiale e kulturore, deri tek shtresimet kulturore e qyte\u00adt\u00ebruese n\u00eb identitetin e popullit ton\u00eb.<\/p>\n<p>E ve\u00e7anta e k\u00ebtij simpoziumi qe se kultura, tradita, trash\u00ebgimia, p\u00ebrhapja e fes\u00eb islame si dhe ajo m\u00eb e r\u00ebnd\u00ebsishmja e Kontributit t\u00eb personaliteteve shqiptare t\u00eb Perandoris\u00eb Osmane n\u00eb \u00e7\u00ebshtjen komb\u00ebtare shqiptare ishte n\u00eb fokus t\u00eb studiuesve t\u00eb cilit me ko\u00adm\u00adpe\u00adtenc\u00eb dhe t\u00eb mb\u00ebshtetur n\u00eb dokumente relevante ofruan shum\u00eb aspe\u00adkte t\u00eb panjohura opinionit ton\u00eb shkencor\u00eb.<\/p>\n<p>&nbsp;<\/p>\n<p>Debatet n\u00eb k\u00ebt\u00eb tem\u00eb pothuajse asnj\u00ebher\u00eb deri sot nuk jan\u00eb orientuar n\u00eb\u00a0\u00a0trajtimin objektiv e t\u00eb paansh\u00ebm, po kan\u00eb ndjekur rrug\u00ebn e ideologjizimeve dhe t\u00eb propagand\u00ebs negative ndaj rolit q\u00eb ka pasur Shqiptar\u00ebt n\u00eb Perandorin Osmane, por edhe Islami nd\u00ebr shqiptar\u00eb, q\u00eb nga fillimi e deri n\u00eb dit\u00ebt tona. Shpeshher\u00eb ka ndodhur edhe t\u00eb fshiheshin q\u00ebllimisht kontribute t\u00eb l\u00ebvizjeve e personaliteteve t\u00eb m\u00ebdha komb\u00ebtare, vet\u00ebm e vet\u00ebm p\u00ebr shkak t\u00eb parashenj\u00ebs islame t\u00eb tyre.<\/p>\n<p>&nbsp;<\/p>\n<p>&nbsp;<\/p>\n<p>Qasja shum\u00eb dimensionale, pa komplekse e hipoteka nga e kaluara e karakterizoi pun\u00ebn dyditore t\u00eb studiuesve nga e cila nuk ka dyshim se do t\u00eb jet\u00eb nj\u00eb nism\u00eb e mbar p\u00ebr nj\u00eb p\u00ebrkufizim m\u00eb real e m\u00eb t\u00eb pra\u00adnuesh\u00ebm p\u00ebr t\u00eb kaluar\u00ebn ton\u00eb.<\/p>\n<p>P\u00ebrgatitja serioze dhe niveli i lart shkencor i referuesve i dhan\u00eb simpoziumit mjaft vlera, duke justifikuar interesimin e madh t\u00eb treguar nga pjes\u00ebmarr\u00ebsit dhe publiku i gjer\u00eb.<\/p>\n<p>Duhet theksuar se n\u00eb simpozium kan\u00eb qen\u00eb t\u00eb pranish\u00ebm p\u00ebrfaq\u00ebsues t\u00eb partive politike, p\u00ebrfaq\u00ebsues t\u00eb institucioneve t\u00eb ndryshme, shkrimtar\u00eb, akademik\u00eb, deputet\u00eb, artist\u00eb si dhe njer\u00ebz t\u00eb shquar intelektual\u00eb, e m\u00eb gjer\u00eb.<\/p>\n<p>Ky Simpozium Shkencor, q\u00eb u zhvillue me 06-07 Qershor\u00eb 2011, v\u00ebrtet n\u00eb fillim vere dhe kohe t\u00eb nxeht\u00eb, por solli freski n\u00eb zemrat e shikuesve, d\u00ebgjuesve, qofshin besimtar\u00eb, atdhetar\u00eb apo ve\u00e7 kureshtar\u00eb\u2026<br \/>\n\n\t\t<style type=\"text\/css\">\n\t\t\t#gallery-1 {\n\t\t\t\tmargin: auto;\n\t\t\t}\n\t\t\t#gallery-1 .gallery-item {\n\t\t\t\tfloat: left;\n\t\t\t\tmargin-top: 10px;\n\t\t\t\ttext-align: center;\n\t\t\t\twidth: 50%;\n\t\t\t}\n\t\t\t#gallery-1 img {\n\t\t\t\tborder: 2px solid #cfcfcf;\n\t\t\t}\n\t\t\t#gallery-1 .gallery-caption {\n\t\t\t\tmargin-left: 0;\n\t\t\t}\n\t\t\t\/* see gallery_shortcode() in wp-includes\/media.php *\/\n\t\t<\/style>\n\t\t<div id='gallery-1' class='gallery galleryid-47525 gallery-columns-2 gallery-size-thumbnail'><dl class='gallery-item'>\n\t\t\t<dt class='gallery-icon landscape'>\n\t\t\t\t<a href='https:\/\/www.visit-ulcinj.com\/blog\/wp-content\/uploads\/2011\/06\/N\u00eb-ambientet-e-hotelit-Mediteran-n\u00eb-Ulqin.jpg'><img width=\"150\" height=\"150\" src=\"https:\/\/www.visit-ulcinj.com\/blog\/wp-content\/uploads\/2011\/06\/N\u00eb-ambientet-e-hotelit-Mediteran-n\u00eb-Ulqin-150x150.jpg\" class=\"attachment-thumbnail size-thumbnail\" alt=\"\" loading=\"lazy\" \/><\/a>\n\t\t\t<\/dt><\/dl><dl class='gallery-item'>\n\t\t\t<dt class='gallery-icon landscape'>\n\t\t\t\t<a href='https:\/\/www.visit-ulcinj.com\/blog\/wp-content\/uploads\/2011\/06\/U-mbajt-Simpoziumi-Shkencor\u00eb-ne-ulqin.jpg'><img width=\"150\" height=\"150\" src=\"https:\/\/www.visit-ulcinj.com\/blog\/wp-content\/uploads\/2011\/06\/U-mbajt-Simpoziumi-Shkencor\u00eb-ne-ulqin-150x150.jpg\" class=\"attachment-thumbnail size-thumbnail\" alt=\"\" loading=\"lazy\" \/><\/a>\n\t\t\t<\/dt><\/dl><br style=\"clear: both\" \/><dl class='gallery-item'>\n\t\t\t<dt class='gallery-icon portrait'>\n\t\t\t\t<a href='https:\/\/www.visit-ulcinj.com\/blog\/wp-content\/uploads\/2011\/06\/N\u00eb-Medresen-Mehmet-Fatih-n\u00eb-Tuz.jpg'><img width=\"150\" height=\"150\" src=\"https:\/\/www.visit-ulcinj.com\/blog\/wp-content\/uploads\/2011\/06\/N\u00eb-Medresen-Mehmet-Fatih-n\u00eb-Tuz-150x150.jpg\" class=\"attachment-thumbnail size-thumbnail\" alt=\"\" loading=\"lazy\" \/><\/a>\n\t\t\t<\/dt><\/dl><dl class='gallery-item'>\n\t\t\t<dt class='gallery-icon landscape'>\n\t\t\t\t<a href='https:\/\/www.visit-ulcinj.com\/blog\/wp-content\/uploads\/2011\/06\/N\u00eb-\u201cSht\u00ebpin\u00eb-e-Kultur\u00ebs\u201d-n\u00eb-Tuz.jpg'><img width=\"150\" height=\"150\" src=\"https:\/\/www.visit-ulcinj.com\/blog\/wp-content\/uploads\/2011\/06\/N\u00eb-\u201cSht\u00ebpin\u00eb-e-Kultur\u00ebs\u201d-n\u00eb-Tuz-150x150.jpg\" class=\"attachment-thumbnail size-thumbnail\" alt=\"\" loading=\"lazy\" \/><\/a>\n\t\t\t<\/dt><\/dl><br style=\"clear: both\" \/>\n\t\t<\/div>\n<br \/>\n<!--YouTube Error: bad URL entered--><\/p>\n","protected":false},"excerpt":{"rendered":"<p>SHQIPTAR\u00cbT N\u00cb PERANDORIN\u00cb OSMANE &#8220;Kontributi i personaliteteve shqiptare te Perandoris\u00eb Osmane n\u00eb \u00e7\u00ebshtjen komb\u00ebtare shqiptare&#8221; &nbsp; P\u00ebrgatiti: Senad Maku \u2013 Ulqin &nbsp; N\u00eb Ulqin m\u00eb 06.06.2011 dhe n\u00eb Tuz m\u00eb 07.06.2011 organizuar nga \u201cHORIZONTI- Qendra p\u00ebr mir\u00ebkuptim nd\u00ebrkulturor\u201d, n\u00eb ambientet e hotelit \u201cMediteran\u201d n\u00eb Ulqin dhe n\u00eb \u201cSht\u00ebpin\u00eb e Kultur\u00ebs\u201d n\u00eb Tuz, u mbajt Simpoziumi [&hellip;]<\/p>\n","protected":false},"author":1,"featured_media":0,"comment_status":"open","ping_status":"closed","sticky":false,"template":"","format":"standard","meta":{"spay_email":"","jetpack_publicize_message":"","jetpack_is_tweetstorm":false,"jetpack_publicize_feature_enabled":true},"categories":[11],"tags":[18391,18390],"jetpack_publicize_connections":[],"yoast_head":"<!-- This site is optimized with the Yoast SEO plugin v19.1 - https:\/\/yoast.com\/wordpress\/plugins\/seo\/ -->\n<title>U mbajt simpoziumi shkencor\u00eb Shqiptar\u00ebt n\u00eb Perandorin\u00eb Osmane - Video - Lajme nga Ulqini<\/title>\n<meta name=\"description\" content=\"SHQIPTAR\u00cbT N\u00cb PERANDORIN\u00cb OSMANE &quot;Kontributi i personaliteteve shqiptare te Perandoris\u00eb Osmane n\u00eb \u00e7\u00ebshtjen komb\u00ebtare shqiptare&quot; &nbsp; P\u00ebrgatiti: Senad\" \/>\n<meta name=\"robots\" content=\"index, follow, max-snippet:-1, max-image-preview:large, max-video-preview:-1\" \/>\n<link rel=\"canonical\" href=\"https:\/\/www.visit-ulcinj.com\/blog\/2011\/06\/11\/u-mbajt-simpoziumi-shkencore-shqiptaret-ne-perandorine-osmane\/\" \/>\n<meta property=\"og:locale\" content=\"en_US\" \/>\n<meta property=\"og:type\" content=\"article\" \/>\n<meta property=\"og:title\" content=\"U mbajt simpoziumi shkencor\u00eb Shqiptar\u00ebt n\u00eb Perandorin\u00eb Osmane - Video - Lajme nga Ulqini\" \/>\n<meta property=\"og:description\" content=\"SHQIPTAR\u00cbT N\u00cb PERANDORIN\u00cb OSMANE &quot;Kontributi i personaliteteve shqiptare te Perandoris\u00eb Osmane n\u00eb \u00e7\u00ebshtjen komb\u00ebtare shqiptare&quot; &nbsp; P\u00ebrgatiti: Senad\" \/>\n<meta property=\"og:url\" content=\"https:\/\/www.visit-ulcinj.com\/blog\/2011\/06\/11\/u-mbajt-simpoziumi-shkencore-shqiptaret-ne-perandorine-osmane\/\" \/>\n<meta property=\"og:site_name\" content=\"Lajme nga Ulqini\" \/>\n<meta property=\"article:published_time\" content=\"2011-06-11T13:26:51+00:00\" \/>\n<meta property=\"article:modified_time\" content=\"2011-06-14T16:06:04+00:00\" \/>\n<meta property=\"og:image\" content=\"https:\/\/www.visit-ulcinj.com\/blog\/wp-content\/uploads\/2011\/06\/N\u00eb-ambientet-e-hotelit-Mediteran-n\u00eb-Ulqin-150x150.jpg\" \/>\n<meta name=\"twitter:label1\" content=\"Written by\" \/>\n\t<meta name=\"twitter:data1\" content=\"ulqini\" \/>\n\t<meta name=\"twitter:label2\" content=\"Est. reading time\" \/>\n\t<meta name=\"twitter:data2\" content=\"3 minutes\" \/>\n<script type=\"application\/ld+json\" class=\"yoast-schema-graph\">{\"@context\":\"https:\/\/schema.org\",\"@graph\":[{\"@type\":\"WebSite\",\"@id\":\"https:\/\/www.visit-ulcinj.com\/blog\/#website\",\"url\":\"https:\/\/www.visit-ulcinj.com\/blog\/\",\"name\":\"Lajme nga Ulqini\",\"description\":\"Lajme,Vijesti,Ulqini,Ulqin,Crna Gora,Mali i Zi\",\"potentialAction\":[{\"@type\":\"SearchAction\",\"target\":{\"@type\":\"EntryPoint\",\"urlTemplate\":\"https:\/\/www.visit-ulcinj.com\/blog\/?s={search_term_string}\"},\"query-input\":\"required name=search_term_string\"}],\"inLanguage\":\"en-US\"},{\"@type\":\"WebPage\",\"@id\":\"https:\/\/www.visit-ulcinj.com\/blog\/2011\/06\/11\/u-mbajt-simpoziumi-shkencore-shqiptaret-ne-perandorine-osmane\/#webpage\",\"url\":\"https:\/\/www.visit-ulcinj.com\/blog\/2011\/06\/11\/u-mbajt-simpoziumi-shkencore-shqiptaret-ne-perandorine-osmane\/\",\"name\":\"U mbajt simpoziumi shkencor\u00eb Shqiptar\u00ebt n\u00eb Perandorin\u00eb Osmane - Video - Lajme nga Ulqini\",\"isPartOf\":{\"@id\":\"https:\/\/www.visit-ulcinj.com\/blog\/#website\"},\"datePublished\":\"2011-06-11T13:26:51+00:00\",\"dateModified\":\"2011-06-14T16:06:04+00:00\",\"author\":{\"@id\":\"https:\/\/www.visit-ulcinj.com\/blog\/#\/schema\/person\/dcab619c614d3038751c63bc2aadc06d\"},\"description\":\"SHQIPTAR\u00cbT N\u00cb PERANDORIN\u00cb OSMANE \\\"Kontributi i personaliteteve shqiptare te Perandoris\u00eb Osmane n\u00eb \u00e7\u00ebshtjen komb\u00ebtare shqiptare\\\" &nbsp; P\u00ebrgatiti: Senad\",\"breadcrumb\":{\"@id\":\"https:\/\/www.visit-ulcinj.com\/blog\/2011\/06\/11\/u-mbajt-simpoziumi-shkencore-shqiptaret-ne-perandorine-osmane\/#breadcrumb\"},\"inLanguage\":\"en-US\",\"potentialAction\":[{\"@type\":\"ReadAction\",\"target\":[\"https:\/\/www.visit-ulcinj.com\/blog\/2011\/06\/11\/u-mbajt-simpoziumi-shkencore-shqiptaret-ne-perandorine-osmane\/\"]}]},{\"@type\":\"BreadcrumbList\",\"@id\":\"https:\/\/www.visit-ulcinj.com\/blog\/2011\/06\/11\/u-mbajt-simpoziumi-shkencore-shqiptaret-ne-perandorine-osmane\/#breadcrumb\",\"itemListElement\":[{\"@type\":\"ListItem\",\"position\":1,\"name\":\"U mbajt simpoziumi shkencor\u00eb Shqiptar\u00ebt n\u00eb Perandorin\u00eb Osmane &#8211; Video\"}]},{\"@type\":\"Person\",\"@id\":\"https:\/\/www.visit-ulcinj.com\/blog\/#\/schema\/person\/dcab619c614d3038751c63bc2aadc06d\",\"name\":\"ulqini\",\"sameAs\":[\"http:\/\/www.visit-ulcinj.com\"],\"url\":\"https:\/\/www.visit-ulcinj.com\/blog\/author\/admin\/\"}]}<\/script>\n<!-- \/ Yoast SEO plugin. -->","yoast_head_json":{"title":"U mbajt simpoziumi shkencor\u00eb Shqiptar\u00ebt n\u00eb Perandorin\u00eb Osmane - Video - Lajme nga Ulqini","description":"SHQIPTAR\u00cbT N\u00cb PERANDORIN\u00cb OSMANE \"Kontributi i personaliteteve shqiptare te Perandoris\u00eb Osmane n\u00eb \u00e7\u00ebshtjen komb\u00ebtare shqiptare\" &nbsp; P\u00ebrgatiti: Senad","robots":{"index":"index","follow":"follow","max-snippet":"max-snippet:-1","max-image-preview":"max-image-preview:large","max-video-preview":"max-video-preview:-1"},"canonical":"https:\/\/www.visit-ulcinj.com\/blog\/2011\/06\/11\/u-mbajt-simpoziumi-shkencore-shqiptaret-ne-perandorine-osmane\/","og_locale":"en_US","og_type":"article","og_title":"U mbajt simpoziumi shkencor\u00eb Shqiptar\u00ebt n\u00eb Perandorin\u00eb Osmane - Video - Lajme nga Ulqini","og_description":"SHQIPTAR\u00cbT N\u00cb PERANDORIN\u00cb OSMANE \"Kontributi i personaliteteve shqiptare te Perandoris\u00eb Osmane n\u00eb \u00e7\u00ebshtjen komb\u00ebtare shqiptare\" &nbsp; P\u00ebrgatiti: Senad","og_url":"https:\/\/www.visit-ulcinj.com\/blog\/2011\/06\/11\/u-mbajt-simpoziumi-shkencore-shqiptaret-ne-perandorine-osmane\/","og_site_name":"Lajme nga Ulqini","article_published_time":"2011-06-11T13:26:51+00:00","article_modified_time":"2011-06-14T16:06:04+00:00","og_image":[{"url":"https:\/\/www.visit-ulcinj.com\/blog\/wp-content\/uploads\/2011\/06\/N\u00eb-ambientet-e-hotelit-Mediteran-n\u00eb-Ulqin-150x150.jpg"}],"twitter_misc":{"Written by":"ulqini","Est. reading time":"3 minutes"},"schema":{"@context":"https:\/\/schema.org","@graph":[{"@type":"WebSite","@id":"https:\/\/www.visit-ulcinj.com\/blog\/#website","url":"https:\/\/www.visit-ulcinj.com\/blog\/","name":"Lajme nga Ulqini","description":"Lajme,Vijesti,Ulqini,Ulqin,Crna Gora,Mali i Zi","potentialAction":[{"@type":"SearchAction","target":{"@type":"EntryPoint","urlTemplate":"https:\/\/www.visit-ulcinj.com\/blog\/?s={search_term_string}"},"query-input":"required name=search_term_string"}],"inLanguage":"en-US"},{"@type":"WebPage","@id":"https:\/\/www.visit-ulcinj.com\/blog\/2011\/06\/11\/u-mbajt-simpoziumi-shkencore-shqiptaret-ne-perandorine-osmane\/#webpage","url":"https:\/\/www.visit-ulcinj.com\/blog\/2011\/06\/11\/u-mbajt-simpoziumi-shkencore-shqiptaret-ne-perandorine-osmane\/","name":"U mbajt simpoziumi shkencor\u00eb Shqiptar\u00ebt n\u00eb Perandorin\u00eb Osmane - Video - Lajme nga Ulqini","isPartOf":{"@id":"https:\/\/www.visit-ulcinj.com\/blog\/#website"},"datePublished":"2011-06-11T13:26:51+00:00","dateModified":"2011-06-14T16:06:04+00:00","author":{"@id":"https:\/\/www.visit-ulcinj.com\/blog\/#\/schema\/person\/dcab619c614d3038751c63bc2aadc06d"},"description":"SHQIPTAR\u00cbT N\u00cb PERANDORIN\u00cb OSMANE \"Kontributi i personaliteteve shqiptare te Perandoris\u00eb Osmane n\u00eb \u00e7\u00ebshtjen komb\u00ebtare shqiptare\" &nbsp; P\u00ebrgatiti: Senad","breadcrumb":{"@id":"https:\/\/www.visit-ulcinj.com\/blog\/2011\/06\/11\/u-mbajt-simpoziumi-shkencore-shqiptaret-ne-perandorine-osmane\/#breadcrumb"},"inLanguage":"en-US","potentialAction":[{"@type":"ReadAction","target":["https:\/\/www.visit-ulcinj.com\/blog\/2011\/06\/11\/u-mbajt-simpoziumi-shkencore-shqiptaret-ne-perandorine-osmane\/"]}]},{"@type":"BreadcrumbList","@id":"https:\/\/www.visit-ulcinj.com\/blog\/2011\/06\/11\/u-mbajt-simpoziumi-shkencore-shqiptaret-ne-perandorine-osmane\/#breadcrumb","itemListElement":[{"@type":"ListItem","position":1,"name":"U mbajt simpoziumi shkencor\u00eb Shqiptar\u00ebt n\u00eb Perandorin\u00eb Osmane &#8211; Video"}]},{"@type":"Person","@id":"https:\/\/www.visit-ulcinj.com\/blog\/#\/schema\/person\/dcab619c614d3038751c63bc2aadc06d","name":"ulqini","sameAs":["http:\/\/www.visit-ulcinj.com"],"url":"https:\/\/www.visit-ulcinj.com\/blog\/author\/admin\/"}]}},"jetpack_featured_media_url":"","jetpack_sharing_enabled":true,"jetpack_shortlink":"https:\/\/wp.me\/pe6lTn-cmx","_links":{"self":[{"href":"https:\/\/www.visit-ulcinj.com\/blog\/wp-json\/wp\/v2\/posts\/47525"}],"collection":[{"href":"https:\/\/www.visit-ulcinj.com\/blog\/wp-json\/wp\/v2\/posts"}],"about":[{"href":"https:\/\/www.visit-ulcinj.com\/blog\/wp-json\/wp\/v2\/types\/post"}],"author":[{"embeddable":true,"href":"https:\/\/www.visit-ulcinj.com\/blog\/wp-json\/wp\/v2\/users\/1"}],"replies":[{"embeddable":true,"href":"https:\/\/www.visit-ulcinj.com\/blog\/wp-json\/wp\/v2\/comments?post=47525"}],"version-history":[{"count":0,"href":"https:\/\/www.visit-ulcinj.com\/blog\/wp-json\/wp\/v2\/posts\/47525\/revisions"}],"wp:attachment":[{"href":"https:\/\/www.visit-ulcinj.com\/blog\/wp-json\/wp\/v2\/media?parent=47525"}],"wp:term":[{"taxonomy":"category","embeddable":true,"href":"https:\/\/www.visit-ulcinj.com\/blog\/wp-json\/wp\/v2\/categories?post=47525"},{"taxonomy":"post_tag","embeddable":true,"href":"https:\/\/www.visit-ulcinj.com\/blog\/wp-json\/wp\/v2\/tags?post=47525"}],"curies":[{"name":"wp","href":"https:\/\/api.w.org\/{rel}","templated":true}]}}