{"id":47531,"date":"2011-06-11T18:03:03","date_gmt":"2011-06-11T17:03:03","guid":{"rendered":"http:\/\/www.visit-ulcinj.com\/blog\/?p=47531"},"modified":"2023-04-01T13:26:41","modified_gmt":"2023-04-01T12:26:41","slug":"ada-bojana-nudisticka-plaza-nudistima","status":"publish","type":"post","link":"https:\/\/www.visit-ulcinj.com\/blog\/2011\/06\/11\/ada-bojana-nudisticka-plaza-nudistima\/","title":{"rendered":"Ada Bojana: Nudisti\u010dka pla\u017ea &#8211; nudistima"},"content":{"rendered":"<p><a href=\"http:\/\/www.visit-ulcinj.com\/blog\/wp-content\/uploads\/2011\/06\/Ada-Bojana_Nudisticka-plaza-nudistima.jpg\"><img loading=\"lazy\" class=\"alignleft size-full wp-image-47534\" title=\"Ada Bojana_Nudisticka plaza - nudistima\" src=\"http:\/\/www.visit-ulcinj.com\/blog\/wp-content\/uploads\/2011\/06\/Ada-Bojana_Nudisticka-plaza-nudistima.jpg\" alt=\"\" width=\"508\" height=\"380\" \/><\/a><strong>HTP \u201eUlcinjska rivijera\u201c za o\u010duvanje starog re\u017eima na Adi Bojani<\/p>\n<p><\/strong><\/p>\n<p><strong>Mobil: Viber + Whatsapp: +382 69 335 534\u00a0 : +382 69 335 512<\/strong><\/p>\n<p>ULCINJ \u2013 Ve\u0107 tre\u0107u godinu za redom di\u017ee se velika \u201epra\u0161ina\u201c oko naplate ulaska na ostrvo Ada Bojana svima koji nijesu gosti hotela. \u201ePra\u0161ina\u201c je ove godine ve\u0107a nego \u0161to je to uobi\u010dajeno, jer je oko \u010detiri stotine vlasnika ilegalno izgra\u0111enih vikendica na rijeci Bojani prvi put ove godine platilo dr\u017eavi porez za kori\u0161\u0107enje zemlji\u0161ta. Naplata ulaska na Adu vlasnike vikendica \u201eometa\u201c u izdavanju smje\u0161taja, jer gosti u barakama najradije koriste kupali\u0161te nudisti\u010dkog hotela. Na ovaj na\u010din oni naru\u0161avaju standarde i nudisti\u010dki re\u017eim Ade \u2013 tradiciju dugu \u010detiri decenije.<\/p>\n<p>I pored pla\u0107anja naknade za kori\u0161\u0107enje zemlji\u0161ta, ove vikendice i dalje nemaju dozvole za izdavanje, ne pla\u0107aju boravi\u0161nu taksu, a ve\u0107ina restorana du\u017e rijeke, izuzev onih najstarijih sa dugom tradicijom, rade bez fiskalnih kasa.<\/p>\n<p>&#8211; Damping cijenama \u201eodvukli\u201c su vi\u0161e od 50 odsto stalnih gostiju \u201eUlcinjske rivijere\u201c. O svemu ovome obavijestili smo u vi\u0161e navrata dr\u017eavnog tu\u017eioca, predsjednika vlade i Upravu prihoda, sve inspekcije i Upravu policije \u2013 rekao je Pobjedi izvr\u0161ni direktor HTP ,,Ulcinjska rivijera\u201c Radomir Mikan Zec.<br \/>\n<a href=\"http:\/\/www.visit-ulcinj.com\/blog\/wp-content\/uploads\/2011\/06\/Ada-Bojana_Nudisticka-plaza-samo-nudistima.jpg\"><img loading=\"lazy\" class=\"alignleft size-full wp-image-47535\" title=\"Ada Bojana_Nudisticka plaza - samo nudistima\" src=\"http:\/\/www.visit-ulcinj.com\/blog\/wp-content\/uploads\/2011\/06\/Ada-Bojana_Nudisticka-plaza-samo-nudistima.jpg\" alt=\"\" width=\"508\" height=\"340\" \/><\/a><\/p>\n<p>HTP \u201eUlcinjska rivijera\u201c dr\u017ei do toga da se o\u010duva strog nudisti\u010dki re\u017eim na Adi, a naplatom ulaska na ostrvo \u2013 prema rije\u010dima direktora, bar jedan dio voajera odustaje od ulaska na ostrvo.<\/p>\n<p>&#8211; Shodno odluci Vlade ne napla\u0107uje se pla\u017ea. Na rampi se isklju\u010divo napla\u0107uje kori\u0161\u0107enje infrastrukture koju je izgradila i koja je u vlasni\u0161tvu \u201eUlcinjske rivijere\u201c: napla\u0107uju se most, asfalt, rasvjeta, parking automobila i \u0161to je tragi\u010dno &#8211; odvoz sme\u0107a. Naime, da bi spasili ekologiju ostrva, \u201eUlcinjska rivijera\u201c iznosi i sme\u0107e koje vlasnici vikendica i restorana na Adinoj strani rijeke beskrupulozno bacaju u hotelsko naselje i u rijeku Bojanu \u2013 istakao je Zec.<\/p>\n<p>Ada Bojana, kao i kampovi \u0161irom svijeta, ima poseban re\u017eim i standarde. U nudisti\u010dkom kampu Ada Bojana ulaz se napla\u0107uje svima koji nijesu gosti hotela po odluci borda direktora po cijeni od pet eura za automobil, jedan euro po osobi u vozilu i dva eura za pje\u0161ake. Ova odluka je u skladu sa poglavljem IV ta\u010dka 3 \u201ePrograma organizacije kupali\u0161ta u sezoni 2011\u201c koje je propisalo JP Morsko dobro.<br \/>\n<a href=\"http:\/\/www.pobjeda.co.me\/citanje.php?datum=2011-06-11&amp;id=211199\" target=\"_blank\" rel=\"noopener\"><strong>Ana \u017divanovi\u0107<br \/>\nPobjeda<\/strong><br \/>\n<\/a><\/p>\n\n\t\t<style type=\"text\/css\">\n\t\t\t#gallery-1 {\n\t\t\t\tmargin: auto;\n\t\t\t}\n\t\t\t#gallery-1 .gallery-item {\n\t\t\t\tfloat: left;\n\t\t\t\tmargin-top: 10px;\n\t\t\t\ttext-align: center;\n\t\t\t\twidth: 33%;\n\t\t\t}\n\t\t\t#gallery-1 img {\n\t\t\t\tborder: 2px solid #cfcfcf;\n\t\t\t}\n\t\t\t#gallery-1 .gallery-caption {\n\t\t\t\tmargin-left: 0;\n\t\t\t}\n\t\t\t\/* see gallery_shortcode() in wp-includes\/media.php *\/\n\t\t<\/style>\n\t\t<div id='gallery-1' class='gallery galleryid-47531 gallery-columns-3 gallery-size-thumbnail'><dl class='gallery-item'>\n\t\t\t<dt class='gallery-icon landscape'>\n\t\t\t\t<a href='https:\/\/www.visit-ulcinj.com\/blog\/wp-content\/uploads\/2011\/06\/Ada-Bojana_Nudisticka-plaza-nudistima.jpg'><img width=\"150\" height=\"150\" src=\"https:\/\/www.visit-ulcinj.com\/blog\/wp-content\/uploads\/2011\/06\/Ada-Bojana_Nudisticka-plaza-nudistima-150x150.jpg\" class=\"attachment-thumbnail size-thumbnail\" alt=\"\" loading=\"lazy\" \/><\/a>\n\t\t\t<\/dt><\/dl><dl class='gallery-item'>\n\t\t\t<dt class='gallery-icon landscape'>\n\t\t\t\t<a href='https:\/\/www.visit-ulcinj.com\/blog\/wp-content\/uploads\/2011\/06\/Ada-Bojana_Nudisticka-plaza-samo-nudistima.jpg'><img width=\"150\" height=\"150\" src=\"https:\/\/www.visit-ulcinj.com\/blog\/wp-content\/uploads\/2011\/06\/Ada-Bojana_Nudisticka-plaza-samo-nudistima-150x150.jpg\" class=\"attachment-thumbnail size-thumbnail\" alt=\"\" loading=\"lazy\" \/><\/a>\n\t\t\t<\/dt><\/dl><dl class='gallery-item'>\n\t\t\t<dt class='gallery-icon landscape'>\n\t\t\t\t<a href='https:\/\/www.visit-ulcinj.com\/blog\/wp-content\/uploads\/2011\/06\/Ada-Bojana_Apartmani_ulcinj_crna-gora.jpg'><img width=\"150\" height=\"150\" src=\"https:\/\/www.visit-ulcinj.com\/blog\/wp-content\/uploads\/2011\/06\/Ada-Bojana_Apartmani_ulcinj_crna-gora-150x150.jpg\" class=\"attachment-thumbnail size-thumbnail\" alt=\"\" loading=\"lazy\" \/><\/a>\n\t\t\t<\/dt><\/dl><br style=\"clear: both\" \/><dl class='gallery-item'>\n\t\t\t<dt class='gallery-icon landscape'>\n\t\t\t\t<a href='https:\/\/www.visit-ulcinj.com\/blog\/wp-content\/uploads\/2011\/06\/Ada-Bojana_Barbana.1.jpg'><img width=\"150\" height=\"150\" src=\"https:\/\/www.visit-ulcinj.com\/blog\/wp-content\/uploads\/2011\/06\/Ada-Bojana_Barbana.1-150x150.jpg\" class=\"attachment-thumbnail size-thumbnail\" alt=\"\" loading=\"lazy\" \/><\/a>\n\t\t\t<\/dt><\/dl><dl class='gallery-item'>\n\t\t\t<dt class='gallery-icon landscape'>\n\t\t\t\t<a href='https:\/\/www.visit-ulcinj.com\/blog\/wp-content\/uploads\/2011\/06\/Ada-Bojana_Barbana.jpg'><img width=\"150\" height=\"150\" src=\"https:\/\/www.visit-ulcinj.com\/blog\/wp-content\/uploads\/2011\/06\/Ada-Bojana_Barbana-150x150.jpg\" class=\"attachment-thumbnail size-thumbnail\" alt=\"\" loading=\"lazy\" \/><\/a>\n\t\t\t<\/dt><\/dl><dl class='gallery-item'>\n\t\t\t<dt class='gallery-icon landscape'>\n\t\t\t\t<a href='https:\/\/www.visit-ulcinj.com\/blog\/wp-content\/uploads\/2011\/06\/Ada-Bojana_Bungalows.1.jpg'><img width=\"150\" height=\"150\" src=\"https:\/\/www.visit-ulcinj.com\/blog\/wp-content\/uploads\/2011\/06\/Ada-Bojana_Bungalows.1-150x150.jpg\" class=\"attachment-thumbnail size-thumbnail\" alt=\"\" loading=\"lazy\" \/><\/a>\n\t\t\t<\/dt><\/dl><br style=\"clear: both\" \/><dl class='gallery-item'>\n\t\t\t<dt class='gallery-icon landscape'>\n\t\t\t\t<a href='https:\/\/www.visit-ulcinj.com\/blog\/wp-content\/uploads\/2011\/06\/Ada-Bojana_Bungalows.jpg'><img width=\"150\" height=\"150\" src=\"https:\/\/www.visit-ulcinj.com\/blog\/wp-content\/uploads\/2011\/06\/Ada-Bojana_Bungalows-150x150.jpg\" class=\"attachment-thumbnail size-thumbnail\" alt=\"\" loading=\"lazy\" \/><\/a>\n\t\t\t<\/dt><\/dl><dl class='gallery-item'>\n\t\t\t<dt class='gallery-icon landscape'>\n\t\t\t\t<a href='https:\/\/www.visit-ulcinj.com\/blog\/wp-content\/uploads\/2011\/06\/Ada-Bojana_Camping_Crna-Gora.jpg'><img width=\"150\" height=\"150\" src=\"https:\/\/www.visit-ulcinj.com\/blog\/wp-content\/uploads\/2011\/06\/Ada-Bojana_Camping_Crna-Gora-150x150.jpg\" class=\"attachment-thumbnail size-thumbnail\" alt=\"\" loading=\"lazy\" \/><\/a>\n\t\t\t<\/dt><\/dl><dl class='gallery-item'>\n\t\t\t<dt class='gallery-icon landscape'>\n\t\t\t\t<a href='https:\/\/www.visit-ulcinj.com\/blog\/wp-content\/uploads\/2011\/06\/Ada-Bojana_FKK-Plaza.jpg'><img width=\"150\" height=\"150\" src=\"https:\/\/www.visit-ulcinj.com\/blog\/wp-content\/uploads\/2011\/06\/Ada-Bojana_FKK-Plaza-150x150.jpg\" class=\"attachment-thumbnail size-thumbnail\" alt=\"\" loading=\"lazy\" \/><\/a>\n\t\t\t<\/dt><\/dl><br style=\"clear: both\" \/><dl class='gallery-item'>\n\t\t\t<dt class='gallery-icon landscape'>\n\t\t\t\t<a href='https:\/\/www.visit-ulcinj.com\/blog\/wp-content\/uploads\/2011\/06\/Ada-Bojana_Jahanje-Konja.jpg'><img width=\"150\" height=\"150\" src=\"https:\/\/www.visit-ulcinj.com\/blog\/wp-content\/uploads\/2011\/06\/Ada-Bojana_Jahanje-Konja-150x150.jpg\" class=\"attachment-thumbnail size-thumbnail\" alt=\"\" loading=\"lazy\" \/><\/a>\n\t\t\t<\/dt><\/dl><dl class='gallery-item'>\n\t\t\t<dt class='gallery-icon landscape'>\n\t\t\t\t<a href='https:\/\/www.visit-ulcinj.com\/blog\/wp-content\/uploads\/2011\/06\/Ada-Bojana_Tenis-Tereni.jpg'><img width=\"150\" height=\"150\" src=\"https:\/\/www.visit-ulcinj.com\/blog\/wp-content\/uploads\/2011\/06\/Ada-Bojana_Tenis-Tereni-150x150.jpg\" class=\"attachment-thumbnail size-thumbnail\" alt=\"\" loading=\"lazy\" \/><\/a>\n\t\t\t<\/dt><\/dl>\n\t\t\t<br style='clear: both' \/>\n\t\t<\/div>\n\n<p><a href=\"http:\/\/www.pobjeda.co.me\/citanje.php?datum=2011-06-11&amp;id=211199\" target=\"_blank\" rel=\"noopener\"><br \/>\n<strong>VIDEO Vijesti<\/strong><br \/>\n<!--YouTube Error: bad URL entered--><\/a><\/p>\n","protected":false},"excerpt":{"rendered":"<p>HTP \u201eUlcinjska rivijera\u201c za o\u010duvanje starog re\u017eima na Adi Bojani Mobil: Viber + Whatsapp: +382 69 335 534\u00a0 : +382 69 335 512 ULCINJ \u2013 Ve\u0107 tre\u0107u godinu za redom di\u017ee se velika \u201epra\u0161ina\u201c oko naplate ulaska na ostrvo Ada Bojana svima koji nijesu gosti hotela. \u201ePra\u0161ina\u201c je ove godine ve\u0107a nego \u0161to je to [&hellip;]<\/p>\n","protected":false},"author":1,"featured_media":0,"comment_status":"open","ping_status":"closed","sticky":false,"template":"","format":"standard","meta":{"spay_email":"","jetpack_publicize_message":"","jetpack_is_tweetstorm":false,"jetpack_publicize_feature_enabled":true},"categories":[8337],"tags":[138,17845,4815,18394,18392,18393],"jetpack_publicize_connections":[],"yoast_head":"<!-- This site is optimized with the Yoast SEO plugin v19.1 - https:\/\/yoast.com\/wordpress\/plugins\/seo\/ -->\n<title>Ada Bojana: Nudisti\u010dka pla\u017ea - nudistima - Lajme nga Ulqini<\/title>\n<meta name=\"description\" content=\"HTP \u201eUlcinjska rivijera\u201c za o\u010duvanje starog re\u017eima na Adi Bojani Mobil: Viber + Whatsapp: +382 69 335 534\u00a0 : +382 69 335 512 ULCINJ \u2013 Ve\u0107 tre\u0107u godinu za\" \/>\n<meta name=\"robots\" content=\"index, follow, max-snippet:-1, max-image-preview:large, max-video-preview:-1\" \/>\n<link rel=\"canonical\" href=\"https:\/\/www.visit-ulcinj.com\/blog\/2011\/06\/11\/ada-bojana-nudisticka-plaza-nudistima\/\" \/>\n<meta property=\"og:locale\" content=\"en_US\" \/>\n<meta property=\"og:type\" content=\"article\" \/>\n<meta property=\"og:title\" content=\"Ada Bojana: Nudisti\u010dka pla\u017ea - nudistima - Lajme nga Ulqini\" \/>\n<meta property=\"og:description\" content=\"HTP \u201eUlcinjska rivijera\u201c za o\u010duvanje starog re\u017eima na Adi Bojani Mobil: Viber + Whatsapp: +382 69 335 534\u00a0 : +382 69 335 512 ULCINJ \u2013 Ve\u0107 tre\u0107u godinu za\" \/>\n<meta property=\"og:url\" content=\"https:\/\/www.visit-ulcinj.com\/blog\/2011\/06\/11\/ada-bojana-nudisticka-plaza-nudistima\/\" \/>\n<meta property=\"og:site_name\" content=\"Lajme nga Ulqini\" \/>\n<meta property=\"article:published_time\" content=\"2011-06-11T17:03:03+00:00\" \/>\n<meta property=\"article:modified_time\" content=\"2023-04-01T12:26:41+00:00\" \/>\n<meta property=\"og:image\" content=\"http:\/\/www.visit-ulcinj.com\/blog\/wp-content\/uploads\/2011\/06\/Ada-Bojana_Nudisticka-plaza-nudistima-150x150.jpg\" \/>\n<meta name=\"twitter:label1\" content=\"Written by\" \/>\n\t<meta name=\"twitter:data1\" content=\"ulqini\" \/>\n\t<meta name=\"twitter:label2\" content=\"Est. reading time\" \/>\n\t<meta name=\"twitter:data2\" content=\"2 minutes\" \/>\n<script type=\"application\/ld+json\" class=\"yoast-schema-graph\">{\"@context\":\"https:\/\/schema.org\",\"@graph\":[{\"@type\":\"WebSite\",\"@id\":\"https:\/\/www.visit-ulcinj.com\/blog\/#website\",\"url\":\"https:\/\/www.visit-ulcinj.com\/blog\/\",\"name\":\"Lajme nga Ulqini\",\"description\":\"Lajme,Vijesti,Ulqini,Ulqin,Crna Gora,Mali i Zi\",\"potentialAction\":[{\"@type\":\"SearchAction\",\"target\":{\"@type\":\"EntryPoint\",\"urlTemplate\":\"https:\/\/www.visit-ulcinj.com\/blog\/?s={search_term_string}\"},\"query-input\":\"required name=search_term_string\"}],\"inLanguage\":\"en-US\"},{\"@type\":\"ImageObject\",\"inLanguage\":\"en-US\",\"@id\":\"https:\/\/www.visit-ulcinj.com\/blog\/2011\/06\/11\/ada-bojana-nudisticka-plaza-nudistima\/#primaryimage\",\"url\":\"https:\/\/www.visit-ulcinj.com\/blog\/wp-content\/uploads\/2011\/06\/Ada-Bojana_Nudisticka-plaza-nudistima.jpg\",\"contentUrl\":\"https:\/\/www.visit-ulcinj.com\/blog\/wp-content\/uploads\/2011\/06\/Ada-Bojana_Nudisticka-plaza-nudistima.jpg\",\"width\":\"600\",\"height\":\"396\"},{\"@type\":\"WebPage\",\"@id\":\"https:\/\/www.visit-ulcinj.com\/blog\/2011\/06\/11\/ada-bojana-nudisticka-plaza-nudistima\/#webpage\",\"url\":\"https:\/\/www.visit-ulcinj.com\/blog\/2011\/06\/11\/ada-bojana-nudisticka-plaza-nudistima\/\",\"name\":\"Ada Bojana: Nudisti\u010dka pla\u017ea - nudistima - Lajme nga Ulqini\",\"isPartOf\":{\"@id\":\"https:\/\/www.visit-ulcinj.com\/blog\/#website\"},\"primaryImageOfPage\":{\"@id\":\"https:\/\/www.visit-ulcinj.com\/blog\/2011\/06\/11\/ada-bojana-nudisticka-plaza-nudistima\/#primaryimage\"},\"datePublished\":\"2011-06-11T17:03:03+00:00\",\"dateModified\":\"2023-04-01T12:26:41+00:00\",\"author\":{\"@id\":\"https:\/\/www.visit-ulcinj.com\/blog\/#\/schema\/person\/dcab619c614d3038751c63bc2aadc06d\"},\"description\":\"HTP \u201eUlcinjska rivijera\u201c za o\u010duvanje starog re\u017eima na Adi Bojani Mobil: Viber + Whatsapp: +382 69 335 534\u00a0 : +382 69 335 512 ULCINJ \u2013 Ve\u0107 tre\u0107u godinu za\",\"breadcrumb\":{\"@id\":\"https:\/\/www.visit-ulcinj.com\/blog\/2011\/06\/11\/ada-bojana-nudisticka-plaza-nudistima\/#breadcrumb\"},\"inLanguage\":\"en-US\",\"potentialAction\":[{\"@type\":\"ReadAction\",\"target\":[\"https:\/\/www.visit-ulcinj.com\/blog\/2011\/06\/11\/ada-bojana-nudisticka-plaza-nudistima\/\"]}]},{\"@type\":\"BreadcrumbList\",\"@id\":\"https:\/\/www.visit-ulcinj.com\/blog\/2011\/06\/11\/ada-bojana-nudisticka-plaza-nudistima\/#breadcrumb\",\"itemListElement\":[{\"@type\":\"ListItem\",\"position\":1,\"name\":\"Ada Bojana: Nudisti\u010dka pla\u017ea &#8211; nudistima\"}]},{\"@type\":\"Person\",\"@id\":\"https:\/\/www.visit-ulcinj.com\/blog\/#\/schema\/person\/dcab619c614d3038751c63bc2aadc06d\",\"name\":\"ulqini\",\"sameAs\":[\"http:\/\/www.visit-ulcinj.com\"],\"url\":\"https:\/\/www.visit-ulcinj.com\/blog\/author\/admin\/\"}]}<\/script>\n<!-- \/ Yoast SEO plugin. -->","yoast_head_json":{"title":"Ada Bojana: Nudisti\u010dka pla\u017ea - nudistima - Lajme nga Ulqini","description":"HTP \u201eUlcinjska rivijera\u201c za o\u010duvanje starog re\u017eima na Adi Bojani Mobil: Viber + Whatsapp: +382 69 335 534\u00a0 : +382 69 335 512 ULCINJ \u2013 Ve\u0107 tre\u0107u godinu za","robots":{"index":"index","follow":"follow","max-snippet":"max-snippet:-1","max-image-preview":"max-image-preview:large","max-video-preview":"max-video-preview:-1"},"canonical":"https:\/\/www.visit-ulcinj.com\/blog\/2011\/06\/11\/ada-bojana-nudisticka-plaza-nudistima\/","og_locale":"en_US","og_type":"article","og_title":"Ada Bojana: Nudisti\u010dka pla\u017ea - nudistima - Lajme nga Ulqini","og_description":"HTP \u201eUlcinjska rivijera\u201c za o\u010duvanje starog re\u017eima na Adi Bojani Mobil: Viber + Whatsapp: +382 69 335 534\u00a0 : +382 69 335 512 ULCINJ \u2013 Ve\u0107 tre\u0107u godinu za","og_url":"https:\/\/www.visit-ulcinj.com\/blog\/2011\/06\/11\/ada-bojana-nudisticka-plaza-nudistima\/","og_site_name":"Lajme nga Ulqini","article_published_time":"2011-06-11T17:03:03+00:00","article_modified_time":"2023-04-01T12:26:41+00:00","og_image":[{"url":"http:\/\/www.visit-ulcinj.com\/blog\/wp-content\/uploads\/2011\/06\/Ada-Bojana_Nudisticka-plaza-nudistima-150x150.jpg"}],"twitter_misc":{"Written by":"ulqini","Est. reading time":"2 minutes"},"schema":{"@context":"https:\/\/schema.org","@graph":[{"@type":"WebSite","@id":"https:\/\/www.visit-ulcinj.com\/blog\/#website","url":"https:\/\/www.visit-ulcinj.com\/blog\/","name":"Lajme nga Ulqini","description":"Lajme,Vijesti,Ulqini,Ulqin,Crna Gora,Mali i Zi","potentialAction":[{"@type":"SearchAction","target":{"@type":"EntryPoint","urlTemplate":"https:\/\/www.visit-ulcinj.com\/blog\/?s={search_term_string}"},"query-input":"required name=search_term_string"}],"inLanguage":"en-US"},{"@type":"ImageObject","inLanguage":"en-US","@id":"https:\/\/www.visit-ulcinj.com\/blog\/2011\/06\/11\/ada-bojana-nudisticka-plaza-nudistima\/#primaryimage","url":"https:\/\/www.visit-ulcinj.com\/blog\/wp-content\/uploads\/2011\/06\/Ada-Bojana_Nudisticka-plaza-nudistima.jpg","contentUrl":"https:\/\/www.visit-ulcinj.com\/blog\/wp-content\/uploads\/2011\/06\/Ada-Bojana_Nudisticka-plaza-nudistima.jpg","width":"600","height":"396"},{"@type":"WebPage","@id":"https:\/\/www.visit-ulcinj.com\/blog\/2011\/06\/11\/ada-bojana-nudisticka-plaza-nudistima\/#webpage","url":"https:\/\/www.visit-ulcinj.com\/blog\/2011\/06\/11\/ada-bojana-nudisticka-plaza-nudistima\/","name":"Ada Bojana: Nudisti\u010dka pla\u017ea - nudistima - Lajme nga Ulqini","isPartOf":{"@id":"https:\/\/www.visit-ulcinj.com\/blog\/#website"},"primaryImageOfPage":{"@id":"https:\/\/www.visit-ulcinj.com\/blog\/2011\/06\/11\/ada-bojana-nudisticka-plaza-nudistima\/#primaryimage"},"datePublished":"2011-06-11T17:03:03+00:00","dateModified":"2023-04-01T12:26:41+00:00","author":{"@id":"https:\/\/www.visit-ulcinj.com\/blog\/#\/schema\/person\/dcab619c614d3038751c63bc2aadc06d"},"description":"HTP \u201eUlcinjska rivijera\u201c za o\u010duvanje starog re\u017eima na Adi Bojani Mobil: Viber + Whatsapp: +382 69 335 534\u00a0 : +382 69 335 512 ULCINJ \u2013 Ve\u0107 tre\u0107u godinu za","breadcrumb":{"@id":"https:\/\/www.visit-ulcinj.com\/blog\/2011\/06\/11\/ada-bojana-nudisticka-plaza-nudistima\/#breadcrumb"},"inLanguage":"en-US","potentialAction":[{"@type":"ReadAction","target":["https:\/\/www.visit-ulcinj.com\/blog\/2011\/06\/11\/ada-bojana-nudisticka-plaza-nudistima\/"]}]},{"@type":"BreadcrumbList","@id":"https:\/\/www.visit-ulcinj.com\/blog\/2011\/06\/11\/ada-bojana-nudisticka-plaza-nudistima\/#breadcrumb","itemListElement":[{"@type":"ListItem","position":1,"name":"Ada Bojana: Nudisti\u010dka pla\u017ea &#8211; nudistima"}]},{"@type":"Person","@id":"https:\/\/www.visit-ulcinj.com\/blog\/#\/schema\/person\/dcab619c614d3038751c63bc2aadc06d","name":"ulqini","sameAs":["http:\/\/www.visit-ulcinj.com"],"url":"https:\/\/www.visit-ulcinj.com\/blog\/author\/admin\/"}]}},"jetpack_featured_media_url":"","jetpack_sharing_enabled":true,"jetpack_shortlink":"https:\/\/wp.me\/pe6lTn-cmD","_links":{"self":[{"href":"https:\/\/www.visit-ulcinj.com\/blog\/wp-json\/wp\/v2\/posts\/47531"}],"collection":[{"href":"https:\/\/www.visit-ulcinj.com\/blog\/wp-json\/wp\/v2\/posts"}],"about":[{"href":"https:\/\/www.visit-ulcinj.com\/blog\/wp-json\/wp\/v2\/types\/post"}],"author":[{"embeddable":true,"href":"https:\/\/www.visit-ulcinj.com\/blog\/wp-json\/wp\/v2\/users\/1"}],"replies":[{"embeddable":true,"href":"https:\/\/www.visit-ulcinj.com\/blog\/wp-json\/wp\/v2\/comments?post=47531"}],"version-history":[{"count":1,"href":"https:\/\/www.visit-ulcinj.com\/blog\/wp-json\/wp\/v2\/posts\/47531\/revisions"}],"predecessor-version":[{"id":106898,"href":"https:\/\/www.visit-ulcinj.com\/blog\/wp-json\/wp\/v2\/posts\/47531\/revisions\/106898"}],"wp:attachment":[{"href":"https:\/\/www.visit-ulcinj.com\/blog\/wp-json\/wp\/v2\/media?parent=47531"}],"wp:term":[{"taxonomy":"category","embeddable":true,"href":"https:\/\/www.visit-ulcinj.com\/blog\/wp-json\/wp\/v2\/categories?post=47531"},{"taxonomy":"post_tag","embeddable":true,"href":"https:\/\/www.visit-ulcinj.com\/blog\/wp-json\/wp\/v2\/tags?post=47531"}],"curies":[{"name":"wp","href":"https:\/\/api.w.org\/{rel}","templated":true}]}}