{"id":47552,"date":"2011-06-11T19:27:31","date_gmt":"2011-06-11T18:27:31","guid":{"rendered":"http:\/\/www.visit-ulcinj.com\/blog\/?p=47552"},"modified":"2011-06-11T19:27:31","modified_gmt":"2011-06-11T18:27:31","slug":"htp-ulcinjska-rivijera-cak-160-odsto-vise-gostiju","status":"publish","type":"post","link":"https:\/\/www.visit-ulcinj.com\/blog\/2011\/06\/11\/htp-ulcinjska-rivijera-cak-160-odsto-vise-gostiju\/","title":{"rendered":"HTP Ulcinjska rivijera: \u010cak 160 odsto vi\u0161e gostiju"},"content":{"rendered":"<p><a href=\"http:\/\/www.visit-ulcinj.com\/blog\/wp-content\/uploads\/2011\/06\/Ulcinjska-rivijera.jpg\"><img loading=\"lazy\" class=\"alignleft size-full wp-image-47553\" title=\"Ulcinjska rivijera\" src=\"http:\/\/www.visit-ulcinj.com\/blog\/wp-content\/uploads\/2011\/06\/Ulcinjska-rivijera.jpg\" alt=\"\" width=\"508\" height=\"620\" \/><\/a>Ako je vjerovati najavama turisti\u010dkih radnika i dosada\u0161njim posjetama\u00a0 Crnoj Gori, ove sezone ugosti\u0107emo mnogo vi\u0161e turista nego lani. Dobro je i to \u0161to \u0107e se vi\u0161e novca sliti u dr\u017eavnu kasu jer su i svi hotelski kapaciteti do septembra su popunjeni.<\/p>\n<p>Ljetnja turisti\u010dka sezona po\u010dela je ve\u0107 krajem aprila. Ugostitelji bi trebalo da budu zadovoljni jer turisti\u010dke organizacije najavljuju odli\u010dnu sezonu. PR HTP Ulcinjska rivijera<strong> <\/strong>Ana \u017divanovi\u0107:\u00bbTrenutno u hotelima Ulcinjske rivijere boravi 260 gostiju ili za nekih 160 odsto vi\u0161e nego u istom periodu pro\u0161le godine. Gosti su iz \u010ce\u0161ke, Poljske, Njema\u010dke, Rusije i doma\u0107i\u00bb.<\/p>\n<p>I u Kotoru je ve\u0107i broj turista u odnosu na pro\u0161lu godinu ka\u017ee Pr turisti\u010dke organizacije toga grada Dragana Maslovar:\u00bbZa 4 mjeseca imali smo 4 odsto vi\u0161e gostiju u odnosu na isti period pro\u0161le godine.Za prvih 5 mjeseci u kotorsku luku uplovilo je 68 brodova i 100 jahti. Do kraja godine nas o\u010dekuje znatan broj dolazaka velikih brodova pa \u0107e i broj turista biti pove\u0107an\u00bb.<\/p>\n<p>Prijestonica crnogorskog turizma \u00a0protekle sedmice zabilje\u017eila je \u00a0pad posjeta od 30 odsto. Pr turisti\u010dke organizacije Budva Tanja Dra\u0161kovi\u0107 \u00a0obja\u0161njava i za\u0161to:\u00bbTaj pad je zabilje\u017een iz razloga odga\u0111anja festivala Pjesma Mediterana koji se u ovom periodu odr\u017eava u Budvi kada je veliki broj medija i posjetilaca ba\u0161 zbog toga dolazio u Budvu. Me\u0111utim najave su vrlo optimisti\u010dne tako da o\u010dekujemo mnogo ve\u0107u posjetu\u00bb.<\/p>\n<p>Predsjednik udru\u017eenja hotelijera \u017darko Radulovi\u0107 ka\u017ee da o tome kakva nas sezona o\u010dekuje govori i \u010dinjenica da su svi hotelski kapaciteti za jul \u00a0i avgust ve\u0107 popunjeni:\u00bbJa prodaju mogu slobodno da zatvorim i da radnike prodaje\u00a0 posaljem sve doma, jer smo mi ve\u0107 jul i avgust rasprodali. Sad je borba za septembar i oktobar\u00bb.<\/p>\n<p>Pr Ministarstva turizma Jelena Paovi\u0107 ka\u017ee da je za prva 4 mjeseca\u00a0 Crnu Goru posjetilo 10 odsto vi\u0161e turista nego lani. U resornom ministarstvu o\u010dekuju dobru zaradu od turisti\u010dke sezone:\u00bbPrihodi, \u0161to je najva\u017enije su za tri procenta ve\u0107i u odnosu na prva 4 mjeseca prethodne godine. Za o\u010dekivati je da \u0107e se projekcije ekonomske politike za ovu godinu ostvariti i da \u0107e CG definitivno imati bolju ponudu kako kvalitativno tako i kvantitativno\u00bb<\/p>\n<p>Paovi\u0107 ka\u017ee da su sve pripreme za do\u010dek turista zavr\u0161ene te da \u0107e svi, koji\u00a0 odlu\u010de da ove sezone u\u017eivaju na crnogorskom primorju, biti zadovoljni i uslugom i ponudom.<\/p>\n<p><strong>Milica Mandi\u0107<\/strong><br \/>\n<strong>Antena M<br \/>\n<\/strong><strong><!--YouTube Error: bad URL entered--><\/strong><\/p>\n","protected":false},"excerpt":{"rendered":"<p>Ako je vjerovati najavama turisti\u010dkih radnika i dosada\u0161njim posjetama\u00a0 Crnoj Gori, ove sezone ugosti\u0107emo mnogo vi\u0161e turista nego lani. Dobro je i to \u0161to \u0107e se vi\u0161e novca sliti u dr\u017eavnu kasu jer su i svi hotelski kapaciteti do septembra su popunjeni. Ljetnja turisti\u010dka sezona po\u010dela je ve\u0107 krajem aprila. Ugostitelji bi trebalo da budu [&hellip;]<\/p>\n","protected":false},"author":1,"featured_media":0,"comment_status":"open","ping_status":"closed","sticky":false,"template":"","format":"standard","meta":{"spay_email":"","jetpack_publicize_message":"","jetpack_is_tweetstorm":false,"jetpack_publicize_feature_enabled":true},"categories":[8],"tags":[250,19],"jetpack_publicize_connections":[],"yoast_head":"<!-- This site is optimized with the Yoast SEO plugin v19.1 - https:\/\/yoast.com\/wordpress\/plugins\/seo\/ -->\n<title>HTP Ulcinjska rivijera: \u010cak 160 odsto vi\u0161e gostiju - Lajme nga Ulqini<\/title>\n<meta name=\"description\" content=\"Ako je vjerovati najavama turisti\u010dkih radnika i dosada\u0161njim posjetama\u00a0 Crnoj Gori, ove sezone ugosti\u0107emo mnogo vi\u0161e turista nego lani. Dobro je i to \u0161to\" \/>\n<meta name=\"robots\" content=\"index, follow, max-snippet:-1, max-image-preview:large, max-video-preview:-1\" \/>\n<link rel=\"canonical\" href=\"https:\/\/www.visit-ulcinj.com\/blog\/2011\/06\/11\/htp-ulcinjska-rivijera-cak-160-odsto-vise-gostiju\/\" \/>\n<meta property=\"og:locale\" content=\"en_US\" \/>\n<meta property=\"og:type\" content=\"article\" \/>\n<meta property=\"og:title\" content=\"HTP Ulcinjska rivijera: \u010cak 160 odsto vi\u0161e gostiju - Lajme nga Ulqini\" \/>\n<meta property=\"og:description\" content=\"Ako je vjerovati najavama turisti\u010dkih radnika i dosada\u0161njim posjetama\u00a0 Crnoj Gori, ove sezone ugosti\u0107emo mnogo vi\u0161e turista nego lani. Dobro je i to \u0161to\" \/>\n<meta property=\"og:url\" content=\"https:\/\/www.visit-ulcinj.com\/blog\/2011\/06\/11\/htp-ulcinjska-rivijera-cak-160-odsto-vise-gostiju\/\" \/>\n<meta property=\"og:site_name\" content=\"Lajme nga Ulqini\" \/>\n<meta property=\"article:published_time\" content=\"2011-06-11T18:27:31+00:00\" \/>\n<meta property=\"og:image\" content=\"http:\/\/www.visit-ulcinj.com\/blog\/wp-content\/uploads\/2011\/06\/Ulcinjska-rivijera.jpg\" \/>\n<meta name=\"twitter:label1\" content=\"Written by\" \/>\n\t<meta name=\"twitter:data1\" content=\"ulqini\" \/>\n\t<meta name=\"twitter:label2\" content=\"Est. reading time\" \/>\n\t<meta name=\"twitter:data2\" content=\"2 minutes\" \/>\n<script type=\"application\/ld+json\" class=\"yoast-schema-graph\">{\"@context\":\"https:\/\/schema.org\",\"@graph\":[{\"@type\":\"WebSite\",\"@id\":\"https:\/\/www.visit-ulcinj.com\/blog\/#website\",\"url\":\"https:\/\/www.visit-ulcinj.com\/blog\/\",\"name\":\"Lajme nga Ulqini\",\"description\":\"Lajme,Vijesti,Ulqini,Ulqin,Crna Gora,Mali i Zi\",\"potentialAction\":[{\"@type\":\"SearchAction\",\"target\":{\"@type\":\"EntryPoint\",\"urlTemplate\":\"https:\/\/www.visit-ulcinj.com\/blog\/?s={search_term_string}\"},\"query-input\":\"required name=search_term_string\"}],\"inLanguage\":\"en-US\"},{\"@type\":\"ImageObject\",\"inLanguage\":\"en-US\",\"@id\":\"https:\/\/www.visit-ulcinj.com\/blog\/2011\/06\/11\/htp-ulcinjska-rivijera-cak-160-odsto-vise-gostiju\/#primaryimage\",\"url\":\"https:\/\/www.visit-ulcinj.com\/blog\/wp-content\/uploads\/2011\/06\/Ulcinjska-rivijera.jpg\",\"contentUrl\":\"https:\/\/www.visit-ulcinj.com\/blog\/wp-content\/uploads\/2011\/06\/Ulcinjska-rivijera.jpg\",\"width\":\"720\",\"height\":\"1024\"},{\"@type\":\"WebPage\",\"@id\":\"https:\/\/www.visit-ulcinj.com\/blog\/2011\/06\/11\/htp-ulcinjska-rivijera-cak-160-odsto-vise-gostiju\/#webpage\",\"url\":\"https:\/\/www.visit-ulcinj.com\/blog\/2011\/06\/11\/htp-ulcinjska-rivijera-cak-160-odsto-vise-gostiju\/\",\"name\":\"HTP Ulcinjska rivijera: \u010cak 160 odsto vi\u0161e gostiju - Lajme nga Ulqini\",\"isPartOf\":{\"@id\":\"https:\/\/www.visit-ulcinj.com\/blog\/#website\"},\"primaryImageOfPage\":{\"@id\":\"https:\/\/www.visit-ulcinj.com\/blog\/2011\/06\/11\/htp-ulcinjska-rivijera-cak-160-odsto-vise-gostiju\/#primaryimage\"},\"datePublished\":\"2011-06-11T18:27:31+00:00\",\"dateModified\":\"2011-06-11T18:27:31+00:00\",\"author\":{\"@id\":\"https:\/\/www.visit-ulcinj.com\/blog\/#\/schema\/person\/dcab619c614d3038751c63bc2aadc06d\"},\"description\":\"Ako je vjerovati najavama turisti\u010dkih radnika i dosada\u0161njim posjetama\u00a0 Crnoj Gori, ove sezone ugosti\u0107emo mnogo vi\u0161e turista nego lani. Dobro je i to \u0161to\",\"breadcrumb\":{\"@id\":\"https:\/\/www.visit-ulcinj.com\/blog\/2011\/06\/11\/htp-ulcinjska-rivijera-cak-160-odsto-vise-gostiju\/#breadcrumb\"},\"inLanguage\":\"en-US\",\"potentialAction\":[{\"@type\":\"ReadAction\",\"target\":[\"https:\/\/www.visit-ulcinj.com\/blog\/2011\/06\/11\/htp-ulcinjska-rivijera-cak-160-odsto-vise-gostiju\/\"]}]},{\"@type\":\"BreadcrumbList\",\"@id\":\"https:\/\/www.visit-ulcinj.com\/blog\/2011\/06\/11\/htp-ulcinjska-rivijera-cak-160-odsto-vise-gostiju\/#breadcrumb\",\"itemListElement\":[{\"@type\":\"ListItem\",\"position\":1,\"name\":\"HTP Ulcinjska rivijera: \u010cak 160 odsto vi\u0161e gostiju\"}]},{\"@type\":\"Person\",\"@id\":\"https:\/\/www.visit-ulcinj.com\/blog\/#\/schema\/person\/dcab619c614d3038751c63bc2aadc06d\",\"name\":\"ulqini\",\"sameAs\":[\"http:\/\/www.visit-ulcinj.com\"],\"url\":\"https:\/\/www.visit-ulcinj.com\/blog\/author\/admin\/\"}]}<\/script>\n<!-- \/ Yoast SEO plugin. -->","yoast_head_json":{"title":"HTP Ulcinjska rivijera: \u010cak 160 odsto vi\u0161e gostiju - Lajme nga Ulqini","description":"Ako je vjerovati najavama turisti\u010dkih radnika i dosada\u0161njim posjetama\u00a0 Crnoj Gori, ove sezone ugosti\u0107emo mnogo vi\u0161e turista nego lani. Dobro je i to \u0161to","robots":{"index":"index","follow":"follow","max-snippet":"max-snippet:-1","max-image-preview":"max-image-preview:large","max-video-preview":"max-video-preview:-1"},"canonical":"https:\/\/www.visit-ulcinj.com\/blog\/2011\/06\/11\/htp-ulcinjska-rivijera-cak-160-odsto-vise-gostiju\/","og_locale":"en_US","og_type":"article","og_title":"HTP Ulcinjska rivijera: \u010cak 160 odsto vi\u0161e gostiju - Lajme nga Ulqini","og_description":"Ako je vjerovati najavama turisti\u010dkih radnika i dosada\u0161njim posjetama\u00a0 Crnoj Gori, ove sezone ugosti\u0107emo mnogo vi\u0161e turista nego lani. Dobro je i to \u0161to","og_url":"https:\/\/www.visit-ulcinj.com\/blog\/2011\/06\/11\/htp-ulcinjska-rivijera-cak-160-odsto-vise-gostiju\/","og_site_name":"Lajme nga Ulqini","article_published_time":"2011-06-11T18:27:31+00:00","og_image":[{"url":"http:\/\/www.visit-ulcinj.com\/blog\/wp-content\/uploads\/2011\/06\/Ulcinjska-rivijera.jpg"}],"twitter_misc":{"Written by":"ulqini","Est. reading time":"2 minutes"},"schema":{"@context":"https:\/\/schema.org","@graph":[{"@type":"WebSite","@id":"https:\/\/www.visit-ulcinj.com\/blog\/#website","url":"https:\/\/www.visit-ulcinj.com\/blog\/","name":"Lajme nga Ulqini","description":"Lajme,Vijesti,Ulqini,Ulqin,Crna Gora,Mali i Zi","potentialAction":[{"@type":"SearchAction","target":{"@type":"EntryPoint","urlTemplate":"https:\/\/www.visit-ulcinj.com\/blog\/?s={search_term_string}"},"query-input":"required name=search_term_string"}],"inLanguage":"en-US"},{"@type":"ImageObject","inLanguage":"en-US","@id":"https:\/\/www.visit-ulcinj.com\/blog\/2011\/06\/11\/htp-ulcinjska-rivijera-cak-160-odsto-vise-gostiju\/#primaryimage","url":"https:\/\/www.visit-ulcinj.com\/blog\/wp-content\/uploads\/2011\/06\/Ulcinjska-rivijera.jpg","contentUrl":"https:\/\/www.visit-ulcinj.com\/blog\/wp-content\/uploads\/2011\/06\/Ulcinjska-rivijera.jpg","width":"720","height":"1024"},{"@type":"WebPage","@id":"https:\/\/www.visit-ulcinj.com\/blog\/2011\/06\/11\/htp-ulcinjska-rivijera-cak-160-odsto-vise-gostiju\/#webpage","url":"https:\/\/www.visit-ulcinj.com\/blog\/2011\/06\/11\/htp-ulcinjska-rivijera-cak-160-odsto-vise-gostiju\/","name":"HTP Ulcinjska rivijera: \u010cak 160 odsto vi\u0161e gostiju - Lajme nga Ulqini","isPartOf":{"@id":"https:\/\/www.visit-ulcinj.com\/blog\/#website"},"primaryImageOfPage":{"@id":"https:\/\/www.visit-ulcinj.com\/blog\/2011\/06\/11\/htp-ulcinjska-rivijera-cak-160-odsto-vise-gostiju\/#primaryimage"},"datePublished":"2011-06-11T18:27:31+00:00","dateModified":"2011-06-11T18:27:31+00:00","author":{"@id":"https:\/\/www.visit-ulcinj.com\/blog\/#\/schema\/person\/dcab619c614d3038751c63bc2aadc06d"},"description":"Ako je vjerovati najavama turisti\u010dkih radnika i dosada\u0161njim posjetama\u00a0 Crnoj Gori, ove sezone ugosti\u0107emo mnogo vi\u0161e turista nego lani. Dobro je i to \u0161to","breadcrumb":{"@id":"https:\/\/www.visit-ulcinj.com\/blog\/2011\/06\/11\/htp-ulcinjska-rivijera-cak-160-odsto-vise-gostiju\/#breadcrumb"},"inLanguage":"en-US","potentialAction":[{"@type":"ReadAction","target":["https:\/\/www.visit-ulcinj.com\/blog\/2011\/06\/11\/htp-ulcinjska-rivijera-cak-160-odsto-vise-gostiju\/"]}]},{"@type":"BreadcrumbList","@id":"https:\/\/www.visit-ulcinj.com\/blog\/2011\/06\/11\/htp-ulcinjska-rivijera-cak-160-odsto-vise-gostiju\/#breadcrumb","itemListElement":[{"@type":"ListItem","position":1,"name":"HTP Ulcinjska rivijera: \u010cak 160 odsto vi\u0161e gostiju"}]},{"@type":"Person","@id":"https:\/\/www.visit-ulcinj.com\/blog\/#\/schema\/person\/dcab619c614d3038751c63bc2aadc06d","name":"ulqini","sameAs":["http:\/\/www.visit-ulcinj.com"],"url":"https:\/\/www.visit-ulcinj.com\/blog\/author\/admin\/"}]}},"jetpack_featured_media_url":"","jetpack_sharing_enabled":true,"jetpack_shortlink":"https:\/\/wp.me\/pe6lTn-cmY","_links":{"self":[{"href":"https:\/\/www.visit-ulcinj.com\/blog\/wp-json\/wp\/v2\/posts\/47552"}],"collection":[{"href":"https:\/\/www.visit-ulcinj.com\/blog\/wp-json\/wp\/v2\/posts"}],"about":[{"href":"https:\/\/www.visit-ulcinj.com\/blog\/wp-json\/wp\/v2\/types\/post"}],"author":[{"embeddable":true,"href":"https:\/\/www.visit-ulcinj.com\/blog\/wp-json\/wp\/v2\/users\/1"}],"replies":[{"embeddable":true,"href":"https:\/\/www.visit-ulcinj.com\/blog\/wp-json\/wp\/v2\/comments?post=47552"}],"version-history":[{"count":0,"href":"https:\/\/www.visit-ulcinj.com\/blog\/wp-json\/wp\/v2\/posts\/47552\/revisions"}],"wp:attachment":[{"href":"https:\/\/www.visit-ulcinj.com\/blog\/wp-json\/wp\/v2\/media?parent=47552"}],"wp:term":[{"taxonomy":"category","embeddable":true,"href":"https:\/\/www.visit-ulcinj.com\/blog\/wp-json\/wp\/v2\/categories?post=47552"},{"taxonomy":"post_tag","embeddable":true,"href":"https:\/\/www.visit-ulcinj.com\/blog\/wp-json\/wp\/v2\/tags?post=47552"}],"curies":[{"name":"wp","href":"https:\/\/api.w.org\/{rel}","templated":true}]}}