{"id":47572,"date":"2011-06-12T06:01:38","date_gmt":"2011-06-12T05:01:38","guid":{"rendered":"http:\/\/www.visit-ulcinj.com\/blog\/?p=47572"},"modified":"2011-06-12T06:02:29","modified_gmt":"2011-06-12T05:02:29","slug":"angjelina-dhe-alberia-surprizojne-me-sensualitetin","status":"publish","type":"post","link":"https:\/\/www.visit-ulcinj.com\/blog\/2011\/06\/12\/angjelina-dhe-alberia-surprizojne-me-sensualitetin\/","title":{"rendered":"Angjelina dhe Alb\u00ebria surprizojn\u00eb me sensualitetin"},"content":{"rendered":"<p><a href=\"http:\/\/www.visit-ulcinj.com\/blog\/wp-content\/uploads\/2011\/06\/Angjelina-Alberia-Hadergjonaj.jpg\"><img loading=\"lazy\" class=\"alignleft size-large wp-image-47573\" title=\"Angjelina &amp; Alberia Hadergjonaj\" src=\"http:\/\/www.visit-ulcinj.com\/blog\/wp-content\/uploads\/2011\/06\/Angjelina-Alberia-Hadergjonaj-588x1024.jpg\" alt=\"\" width=\"508\" height=\"720\" \/><\/a>Ato nuk ndalen n\u00eb bukurin\u00eb e tyre, nd\u00ebrkoh\u00eb q\u00eb jan\u00eb n\u00ebn\u00eb e bij\u00eb. P\u00ebr her\u00eb t\u00eb par\u00eb, Angjelina Had\u00ebrgjonaj, vajza k\u00ebng\u00ebtare e Alb\u00ebries, q\u00eb njihet n\u00eb sken\u00ebn shqiptare prej vitesh jan\u00eb shfaqur n\u00eb tapetin e kuq t\u00eb dyja bashk\u00eb\u00a0 me veshje shum\u00eb sharmante. Alb\u00ebria, e cila ka shoq\u00ebruar t\u00eb bij\u00ebn n\u00eb k\u00ebt\u00eb kompeticion muzikor, \u00ebsh\u00ebt dukur edhe m\u00eb e bukur, nd\u00ebrsa ka b\u00ebr\u00eb nj\u00eb nd\u00ebrhyrje estetike n\u00eb hund\u00eb. Nd\u00ebrsa Annxhelina, e cila n\u00eb Top Fest 8\u2033 u vler\u00ebsua m\u00eb \u00e7mimin \u201cArtisti i ri m\u00eb i mir\u00eb\u201d p\u00ebr balad\u00ebn e saj \u201cKjo jet\u00eb s\u2019mjaftoi\u201d, i ka mahnitur t\u00eb gjith\u00eb, pasi ka shkelur n\u00eb tapet me nj\u00eb fustatn t\u00eb shkurt\u00ebr krejt transparent.<\/p>\n<p><strong>Panorama Plus<\/strong><\/p>\n<p><strong><!--YouTube Error: bad URL entered--><br \/>\n<\/strong><\/p>\n","protected":false},"excerpt":{"rendered":"<p>Ato nuk ndalen n\u00eb bukurin\u00eb e tyre, nd\u00ebrkoh\u00eb q\u00eb jan\u00eb n\u00ebn\u00eb e bij\u00eb. P\u00ebr her\u00eb t\u00eb par\u00eb, Angjelina Had\u00ebrgjonaj, vajza k\u00ebng\u00ebtare e Alb\u00ebries, q\u00eb njihet n\u00eb sken\u00ebn shqiptare prej vitesh jan\u00eb shfaqur n\u00eb tapetin e kuq t\u00eb dyja bashk\u00eb\u00a0 me veshje shum\u00eb sharmante. Alb\u00ebria, e cila ka shoq\u00ebruar t\u00eb bij\u00ebn n\u00eb k\u00ebt\u00eb kompeticion muzikor, \u00ebsh\u00ebt [&hellip;]<\/p>\n","protected":false},"author":1,"featured_media":0,"comment_status":"open","ping_status":"closed","sticky":false,"template":"","format":"standard","meta":{"spay_email":"","jetpack_publicize_message":"","jetpack_is_tweetstorm":false,"jetpack_publicize_feature_enabled":true},"categories":[1],"tags":[16986],"jetpack_publicize_connections":[],"yoast_head":"<!-- This site is optimized with the Yoast SEO plugin v19.1 - https:\/\/yoast.com\/wordpress\/plugins\/seo\/ -->\n<title>Angjelina dhe Alb\u00ebria surprizojn\u00eb me sensualitetin - Lajme nga Ulqini<\/title>\n<meta name=\"description\" content=\"Ato nuk ndalen n\u00eb bukurin\u00eb e tyre, nd\u00ebrkoh\u00eb q\u00eb jan\u00eb n\u00ebn\u00eb e bij\u00eb. P\u00ebr her\u00eb t\u00eb par\u00eb, Angjelina Had\u00ebrgjonaj, vajza k\u00ebng\u00ebtare e Alb\u00ebries, q\u00eb njihet n\u00eb sken\u00ebn\" \/>\n<meta name=\"robots\" content=\"index, follow, max-snippet:-1, max-image-preview:large, max-video-preview:-1\" \/>\n<link rel=\"canonical\" href=\"https:\/\/www.visit-ulcinj.com\/blog\/2011\/06\/12\/angjelina-dhe-alberia-surprizojne-me-sensualitetin\/\" \/>\n<meta property=\"og:locale\" content=\"en_US\" \/>\n<meta property=\"og:type\" content=\"article\" \/>\n<meta property=\"og:title\" content=\"Angjelina dhe Alb\u00ebria surprizojn\u00eb me sensualitetin - Lajme nga Ulqini\" \/>\n<meta property=\"og:description\" content=\"Ato nuk ndalen n\u00eb bukurin\u00eb e tyre, nd\u00ebrkoh\u00eb q\u00eb jan\u00eb n\u00ebn\u00eb e bij\u00eb. P\u00ebr her\u00eb t\u00eb par\u00eb, Angjelina Had\u00ebrgjonaj, vajza k\u00ebng\u00ebtare e Alb\u00ebries, q\u00eb njihet n\u00eb sken\u00ebn\" \/>\n<meta property=\"og:url\" content=\"https:\/\/www.visit-ulcinj.com\/blog\/2011\/06\/12\/angjelina-dhe-alberia-surprizojne-me-sensualitetin\/\" \/>\n<meta property=\"og:site_name\" content=\"Lajme nga Ulqini\" \/>\n<meta property=\"article:published_time\" content=\"2011-06-12T05:01:38+00:00\" \/>\n<meta property=\"article:modified_time\" content=\"2011-06-12T05:02:29+00:00\" \/>\n<meta property=\"og:image\" content=\"http:\/\/www.visit-ulcinj.com\/blog\/wp-content\/uploads\/2011\/06\/Angjelina-Alberia-Hadergjonaj-588x1024.jpg\" \/>\n<meta name=\"twitter:label1\" content=\"Written by\" \/>\n\t<meta name=\"twitter:data1\" content=\"ulqini\" \/>\n\t<meta name=\"twitter:label2\" content=\"Est. reading time\" \/>\n\t<meta name=\"twitter:data2\" content=\"1 minute\" \/>\n<script type=\"application\/ld+json\" class=\"yoast-schema-graph\">{\"@context\":\"https:\/\/schema.org\",\"@graph\":[{\"@type\":\"WebSite\",\"@id\":\"https:\/\/www.visit-ulcinj.com\/blog\/#website\",\"url\":\"https:\/\/www.visit-ulcinj.com\/blog\/\",\"name\":\"Lajme nga Ulqini\",\"description\":\"Lajme,Vijesti,Ulqini,Ulqin,Crna Gora,Mali i Zi\",\"potentialAction\":[{\"@type\":\"SearchAction\",\"target\":{\"@type\":\"EntryPoint\",\"urlTemplate\":\"https:\/\/www.visit-ulcinj.com\/blog\/?s={search_term_string}\"},\"query-input\":\"required name=search_term_string\"}],\"inLanguage\":\"en-US\"},{\"@type\":\"ImageObject\",\"inLanguage\":\"en-US\",\"@id\":\"https:\/\/www.visit-ulcinj.com\/blog\/2011\/06\/12\/angjelina-dhe-alberia-surprizojne-me-sensualitetin\/#primaryimage\",\"url\":\"http:\/\/www.visit-ulcinj.com\/blog\/wp-content\/uploads\/2011\/06\/Angjelina-Alberia-Hadergjonaj-588x1024.jpg\",\"contentUrl\":\"http:\/\/www.visit-ulcinj.com\/blog\/wp-content\/uploads\/2011\/06\/Angjelina-Alberia-Hadergjonaj-588x1024.jpg\"},{\"@type\":\"WebPage\",\"@id\":\"https:\/\/www.visit-ulcinj.com\/blog\/2011\/06\/12\/angjelina-dhe-alberia-surprizojne-me-sensualitetin\/#webpage\",\"url\":\"https:\/\/www.visit-ulcinj.com\/blog\/2011\/06\/12\/angjelina-dhe-alberia-surprizojne-me-sensualitetin\/\",\"name\":\"Angjelina dhe Alb\u00ebria surprizojn\u00eb me sensualitetin - Lajme nga Ulqini\",\"isPartOf\":{\"@id\":\"https:\/\/www.visit-ulcinj.com\/blog\/#website\"},\"primaryImageOfPage\":{\"@id\":\"https:\/\/www.visit-ulcinj.com\/blog\/2011\/06\/12\/angjelina-dhe-alberia-surprizojne-me-sensualitetin\/#primaryimage\"},\"datePublished\":\"2011-06-12T05:01:38+00:00\",\"dateModified\":\"2011-06-12T05:02:29+00:00\",\"author\":{\"@id\":\"https:\/\/www.visit-ulcinj.com\/blog\/#\/schema\/person\/dcab619c614d3038751c63bc2aadc06d\"},\"description\":\"Ato nuk ndalen n\u00eb bukurin\u00eb e tyre, nd\u00ebrkoh\u00eb q\u00eb jan\u00eb n\u00ebn\u00eb e bij\u00eb. P\u00ebr her\u00eb t\u00eb par\u00eb, Angjelina Had\u00ebrgjonaj, vajza k\u00ebng\u00ebtare e Alb\u00ebries, q\u00eb njihet n\u00eb sken\u00ebn\",\"breadcrumb\":{\"@id\":\"https:\/\/www.visit-ulcinj.com\/blog\/2011\/06\/12\/angjelina-dhe-alberia-surprizojne-me-sensualitetin\/#breadcrumb\"},\"inLanguage\":\"en-US\",\"potentialAction\":[{\"@type\":\"ReadAction\",\"target\":[\"https:\/\/www.visit-ulcinj.com\/blog\/2011\/06\/12\/angjelina-dhe-alberia-surprizojne-me-sensualitetin\/\"]}]},{\"@type\":\"BreadcrumbList\",\"@id\":\"https:\/\/www.visit-ulcinj.com\/blog\/2011\/06\/12\/angjelina-dhe-alberia-surprizojne-me-sensualitetin\/#breadcrumb\",\"itemListElement\":[{\"@type\":\"ListItem\",\"position\":1,\"name\":\"Angjelina dhe Alb\u00ebria surprizojn\u00eb me sensualitetin\"}]},{\"@type\":\"Person\",\"@id\":\"https:\/\/www.visit-ulcinj.com\/blog\/#\/schema\/person\/dcab619c614d3038751c63bc2aadc06d\",\"name\":\"ulqini\",\"sameAs\":[\"http:\/\/www.visit-ulcinj.com\"],\"url\":\"https:\/\/www.visit-ulcinj.com\/blog\/author\/admin\/\"}]}<\/script>\n<!-- \/ Yoast SEO plugin. -->","yoast_head_json":{"title":"Angjelina dhe Alb\u00ebria surprizojn\u00eb me sensualitetin - Lajme nga Ulqini","description":"Ato nuk ndalen n\u00eb bukurin\u00eb e tyre, nd\u00ebrkoh\u00eb q\u00eb jan\u00eb n\u00ebn\u00eb e bij\u00eb. P\u00ebr her\u00eb t\u00eb par\u00eb, Angjelina Had\u00ebrgjonaj, vajza k\u00ebng\u00ebtare e Alb\u00ebries, q\u00eb njihet n\u00eb sken\u00ebn","robots":{"index":"index","follow":"follow","max-snippet":"max-snippet:-1","max-image-preview":"max-image-preview:large","max-video-preview":"max-video-preview:-1"},"canonical":"https:\/\/www.visit-ulcinj.com\/blog\/2011\/06\/12\/angjelina-dhe-alberia-surprizojne-me-sensualitetin\/","og_locale":"en_US","og_type":"article","og_title":"Angjelina dhe Alb\u00ebria surprizojn\u00eb me sensualitetin - Lajme nga Ulqini","og_description":"Ato nuk ndalen n\u00eb bukurin\u00eb e tyre, nd\u00ebrkoh\u00eb q\u00eb jan\u00eb n\u00ebn\u00eb e bij\u00eb. P\u00ebr her\u00eb t\u00eb par\u00eb, Angjelina Had\u00ebrgjonaj, vajza k\u00ebng\u00ebtare e Alb\u00ebries, q\u00eb njihet n\u00eb sken\u00ebn","og_url":"https:\/\/www.visit-ulcinj.com\/blog\/2011\/06\/12\/angjelina-dhe-alberia-surprizojne-me-sensualitetin\/","og_site_name":"Lajme nga Ulqini","article_published_time":"2011-06-12T05:01:38+00:00","article_modified_time":"2011-06-12T05:02:29+00:00","og_image":[{"url":"http:\/\/www.visit-ulcinj.com\/blog\/wp-content\/uploads\/2011\/06\/Angjelina-Alberia-Hadergjonaj-588x1024.jpg"}],"twitter_misc":{"Written by":"ulqini","Est. reading time":"1 minute"},"schema":{"@context":"https:\/\/schema.org","@graph":[{"@type":"WebSite","@id":"https:\/\/www.visit-ulcinj.com\/blog\/#website","url":"https:\/\/www.visit-ulcinj.com\/blog\/","name":"Lajme nga Ulqini","description":"Lajme,Vijesti,Ulqini,Ulqin,Crna Gora,Mali i Zi","potentialAction":[{"@type":"SearchAction","target":{"@type":"EntryPoint","urlTemplate":"https:\/\/www.visit-ulcinj.com\/blog\/?s={search_term_string}"},"query-input":"required name=search_term_string"}],"inLanguage":"en-US"},{"@type":"ImageObject","inLanguage":"en-US","@id":"https:\/\/www.visit-ulcinj.com\/blog\/2011\/06\/12\/angjelina-dhe-alberia-surprizojne-me-sensualitetin\/#primaryimage","url":"http:\/\/www.visit-ulcinj.com\/blog\/wp-content\/uploads\/2011\/06\/Angjelina-Alberia-Hadergjonaj-588x1024.jpg","contentUrl":"http:\/\/www.visit-ulcinj.com\/blog\/wp-content\/uploads\/2011\/06\/Angjelina-Alberia-Hadergjonaj-588x1024.jpg"},{"@type":"WebPage","@id":"https:\/\/www.visit-ulcinj.com\/blog\/2011\/06\/12\/angjelina-dhe-alberia-surprizojne-me-sensualitetin\/#webpage","url":"https:\/\/www.visit-ulcinj.com\/blog\/2011\/06\/12\/angjelina-dhe-alberia-surprizojne-me-sensualitetin\/","name":"Angjelina dhe Alb\u00ebria surprizojn\u00eb me sensualitetin - Lajme nga Ulqini","isPartOf":{"@id":"https:\/\/www.visit-ulcinj.com\/blog\/#website"},"primaryImageOfPage":{"@id":"https:\/\/www.visit-ulcinj.com\/blog\/2011\/06\/12\/angjelina-dhe-alberia-surprizojne-me-sensualitetin\/#primaryimage"},"datePublished":"2011-06-12T05:01:38+00:00","dateModified":"2011-06-12T05:02:29+00:00","author":{"@id":"https:\/\/www.visit-ulcinj.com\/blog\/#\/schema\/person\/dcab619c614d3038751c63bc2aadc06d"},"description":"Ato nuk ndalen n\u00eb bukurin\u00eb e tyre, nd\u00ebrkoh\u00eb q\u00eb jan\u00eb n\u00ebn\u00eb e bij\u00eb. P\u00ebr her\u00eb t\u00eb par\u00eb, Angjelina Had\u00ebrgjonaj, vajza k\u00ebng\u00ebtare e Alb\u00ebries, q\u00eb njihet n\u00eb sken\u00ebn","breadcrumb":{"@id":"https:\/\/www.visit-ulcinj.com\/blog\/2011\/06\/12\/angjelina-dhe-alberia-surprizojne-me-sensualitetin\/#breadcrumb"},"inLanguage":"en-US","potentialAction":[{"@type":"ReadAction","target":["https:\/\/www.visit-ulcinj.com\/blog\/2011\/06\/12\/angjelina-dhe-alberia-surprizojne-me-sensualitetin\/"]}]},{"@type":"BreadcrumbList","@id":"https:\/\/www.visit-ulcinj.com\/blog\/2011\/06\/12\/angjelina-dhe-alberia-surprizojne-me-sensualitetin\/#breadcrumb","itemListElement":[{"@type":"ListItem","position":1,"name":"Angjelina dhe Alb\u00ebria surprizojn\u00eb me sensualitetin"}]},{"@type":"Person","@id":"https:\/\/www.visit-ulcinj.com\/blog\/#\/schema\/person\/dcab619c614d3038751c63bc2aadc06d","name":"ulqini","sameAs":["http:\/\/www.visit-ulcinj.com"],"url":"https:\/\/www.visit-ulcinj.com\/blog\/author\/admin\/"}]}},"jetpack_featured_media_url":"","jetpack_sharing_enabled":true,"jetpack_shortlink":"https:\/\/wp.me\/pe6lTn-cni","_links":{"self":[{"href":"https:\/\/www.visit-ulcinj.com\/blog\/wp-json\/wp\/v2\/posts\/47572"}],"collection":[{"href":"https:\/\/www.visit-ulcinj.com\/blog\/wp-json\/wp\/v2\/posts"}],"about":[{"href":"https:\/\/www.visit-ulcinj.com\/blog\/wp-json\/wp\/v2\/types\/post"}],"author":[{"embeddable":true,"href":"https:\/\/www.visit-ulcinj.com\/blog\/wp-json\/wp\/v2\/users\/1"}],"replies":[{"embeddable":true,"href":"https:\/\/www.visit-ulcinj.com\/blog\/wp-json\/wp\/v2\/comments?post=47572"}],"version-history":[{"count":0,"href":"https:\/\/www.visit-ulcinj.com\/blog\/wp-json\/wp\/v2\/posts\/47572\/revisions"}],"wp:attachment":[{"href":"https:\/\/www.visit-ulcinj.com\/blog\/wp-json\/wp\/v2\/media?parent=47572"}],"wp:term":[{"taxonomy":"category","embeddable":true,"href":"https:\/\/www.visit-ulcinj.com\/blog\/wp-json\/wp\/v2\/categories?post=47572"},{"taxonomy":"post_tag","embeddable":true,"href":"https:\/\/www.visit-ulcinj.com\/blog\/wp-json\/wp\/v2\/tags?post=47572"}],"curies":[{"name":"wp","href":"https:\/\/api.w.org\/{rel}","templated":true}]}}