{"id":47581,"date":"2011-06-12T12:48:43","date_gmt":"2011-06-12T11:48:43","guid":{"rendered":"http:\/\/www.visit-ulcinj.com\/blog\/?p=47581"},"modified":"2011-06-12T12:49:09","modified_gmt":"2011-06-12T11:49:09","slug":"brckanje-na-adi-bojani","status":"publish","type":"post","link":"https:\/\/www.visit-ulcinj.com\/blog\/2011\/06\/12\/brckanje-na-adi-bojani\/","title":{"rendered":"Br\u010dkanje na Adi Bojani"},"content":{"rendered":"<p><strong><\/p>\n<div id=\"attachment_47584\" style=\"width: 518px\" class=\"wp-caption alignleft\"><a href=\"http:\/\/www.visit-ulcinj.com\/blog\/wp-content\/uploads\/2011\/06\/FKK-ADA-BOJANA.1.jpg\"><img aria-describedby=\"caption-attachment-47584\" loading=\"lazy\" class=\"size-full wp-image-47584 \" title=\"FKK ADA BOJANA.1\" src=\"http:\/\/www.visit-ulcinj.com\/blog\/wp-content\/uploads\/2011\/06\/FKK-ADA-BOJANA.1.jpg\" alt=\"\" width=\"508\" height=\"355\" \/><\/a><p id=\"caption-attachment-47584\" class=\"wp-caption-text\">Foto - NOVOSTI<\/p><\/div>\n<p>Vra\u0107aju se gosti iz Nema\u010dke, sve vi\u0161e i crnogorskih nudista. Na peskovitoj pla\u017ei nikada nema gu\u017eve koja bi zasmetala probirljivim gostima.<\/strong><br \/>\nSVE je isto samo se obale menjaju. Pomalo neobi\u010dno, ali istinito: iz godine u godinu sa novim rukavcima i malo pomerenim granicama, koje postavlja priroda, ostrvo Ada kod Ulcinja do\u010dekuje stare i nove goste, koji ne menjaju navike: br\u010dkanje u bistrom moru u Evinom kostimu.<\/p>\n<p>I ovog juna, u jedinom nudisti\u010dkom naselju na ju\u017enom Jadranu, zajedno su strani i doma\u0107i gosti. Nemci i Crnogorci, turisti iz Srbije, Poljske, \u010ce\u0161ke, Rusije&#8230;<\/p>\n<p>&#8211; Vra\u0107aju nam se nema\u010dki nudisti, koji su do raspada SFRJ bili glavni gosti &#8211; ka\u017ee Ana \u017divanovi\u0107, pi-ar HTP \u201eUlcinjska rivijera\u201c, koja gazduje nudisti\u010dkim kompleksom Ada Bojana. &#8211; Novina je to \u0161to je ovde sve vi\u0161e Crnogoraca, koji uglavnom va\u017ee za stidljiviji svet. Naro\u010dito su popularni vikend &#8211; aran\u017emani, koji obuhvataju dva no\u0107enja i doru\u010dak za 30 evra, koje koriste doma\u0107i nudisti.<\/p>\n<p><a href=\"http:\/\/www.visit-ulcinj.com\/blog\/wp-content\/uploads\/2011\/06\/FKK-ADA-BOJANA.jpg\"><img loading=\"lazy\" class=\"alignleft size-full wp-image-47583\" title=\"FKK ADA BOJANA\" src=\"http:\/\/www.visit-ulcinj.com\/blog\/wp-content\/uploads\/2011\/06\/FKK-ADA-BOJANA.jpg\" alt=\"\" width=\"508\" height=\"344\" \/><\/a><\/p>\n<p>Ti\u0161inu, koje je ovde u izobilju, i koja uz netaknutu prirodu najvi\u0161e mami Evropljane umorne od urbanog ludila, remete samo gosti po sopstvenoj \u017eelji. Nudi im se u\u017eivanje u jedrenju, paraglajdingu, vo\u017enja \u201ezmajevima\u201c, igranje tenisa, ali i jahanje. Decenijama ve\u0107 po\u010detkom sezone sti\u017eu konji iz ergele porodice Uro\u0161evi\u0107 iz Smederevske Palanke. Neobi\u010dnu zabavu na goloj Adi po\u010deo je deda Mikica, nastavio unuk koji je poneo njegovo ime.<\/p>\n<p>&#8211; Po\u010detak je sezone, ovde boravi stotinak turista, a mo\u017eemo da ugostimo i \u0161est puta vi\u0161e &#8211; obja\u0161njava Ana \u017divanovi\u0107. &#8211; Ovde nikada nema gu\u017eve koja bi zasmetala probirljivim gostima. Najave su odli\u010dne za glavnu sezonu, tako da \u0107e ve\u0107 krajem meseca na\u0161i bungalovi biti znatno puniji.<\/p>\n<p>Prvi doma\u0107in Ade, iskusni turisti\u010dki radnik Lui\u0111 Noc Martini, \u0161etaju\u0107i s nama po ostrvu u obliku trougla, podse\u0107a da je manje-vi\u0161e sve isto kao pre \u010detiri decenije kada su ovde stigli prvi nudisti. Istina, svake godine bungalovi, restorani i ostali objekti se renoviraju, ali jo\u0161 ni\u0161ta od novog, skupog kompleksa na Adi. Raspisivani su i ponovo najavljivani tenderi za izgradnju 2.500 postelja u modernim hotelima, ali strani investitori jo\u0161 nisu zagrizli.<\/p>\n<p>&#8211; Bilo je interesovanja. Jedan bogati Nemac hteo je da kupi deo ostrva na kojem se nalaze vreme\u0161ni bungalovi, ali je negde zapelo &#8211; veli Noc Martini. &#8211; Kao me\u0161tanin koji pamti vreme kada su gosti pili vodu iz Bojane, smatram da ovaj dragulj ne treba pritisnuti neboderima. Prizemlje plus sprat, osim\u0161ljeni sadr\u017eaji koji \u0107e le\u0107i u jo\u0161 netaknutu prirodu, bio bi pun pogodak. Verujem da \u0107e nadle\u017eni na\u0107i dobre partnere i da \u0107e Ada postati evropski nudisti\u010dki centar.<br \/>\n<a href=\"http:\/\/www.visit-ulcinj.com\/blog\/wp-content\/uploads\/2011\/06\/Ada-Bojana_Jahanje-Konja1.jpg\"><img loading=\"lazy\" class=\"alignleft size-full wp-image-47585\" title=\"Ada Bojana_Jahanje Konja\" src=\"http:\/\/www.visit-ulcinj.com\/blog\/wp-content\/uploads\/2011\/06\/Ada-Bojana_Jahanje-Konja1.jpg\" alt=\"\" width=\"508\" height=\"353\" \/><\/a><\/p>\n<p>Ada je decenijama imala stalne goste, uglavnom Nemce. Ve\u0107 godinama ima stalne posetioce, mahom iz Srbije. Ovde \u201eakumulatore\u201c redovno pune Sr\u0111an Todorovi\u0107, Furda, Mirjana Karanovi\u0107, Dejan Savi\u0107evi\u0107, Sr\u0111an Dragojevi\u0107, Katarina Radivojevi\u0107, Mima Karad\u017ei\u0107, Emir Kusturica, Goran Markovi\u0107, Danica Maksimovi\u0107, Olja Be\u0107kovi\u0107, Katarina \u017duti\u0107, Tihomir Arsi\u0107, Branislav Le\u010di\u0107&#8230;<\/p>\n<p>&#8211; Na Adi se ljubav ostvaruje na prvi pogled, a onda dugo traje. Rekla bih i da dobija na intenzitetu. Divlja lepota koja treba urbanom \u010doveku kao hleb nasu\u0161ni mami i zavodi. Tog su mi\u0161ljenja i stranci i na\u0161i ljudi &#8211; ka\u017ee Ana \u017divanovi\u0107, uz napomenu da o lepotama Ade bolje od bilo kojih prospekata govore oni koji su ovde ve\u0107 ljubili more.<\/p>\n<p><strong>POLUPANSION 40 EVRA<\/strong><\/p>\n<p>U PREDSEZONI sme\u0161taj na Adi staje 24, a u glavnoj sezoni polupansion ko\u0161ta do 40 evra. Gostu se nude tri vrste sme\u0161taja: L sa 70 soba, A sa 170 i B sa 46 soba, pa cene zavise od komfora. Za kafu u restoranima valja dati evro, toliko ko\u0161ta i lozova\u010da, koka-kola je 1,5, a pivo dva evra.<\/p>\n<p>Napla\u0107uje se i ulaz na Adu (pet evra za automobil, evro po putniku i dva za pe\u0161ake), ali je upravo u vreme posete reportera \u201eNovosti\u201c reagovala turisti\u010dka inspektorka Tatjana \u0160ljivan\u010danin, najavljuju\u0107i i prijave jer \u201ezakon o turizmu izri\u010dito zabranjuje ulaznice za kupali\u0161ta\u201c.<\/p>\n<p><a href=\"http:\/\/www.visit-ulcinj.com\/blog\/wp-content\/uploads\/2011\/06\/Ada-Bojana_Barbana1.jpg\"><img loading=\"lazy\" class=\"alignleft size-full wp-image-47586\" title=\"Ada Bojana_Barbana\" src=\"http:\/\/www.visit-ulcinj.com\/blog\/wp-content\/uploads\/2011\/06\/Ada-Bojana_Barbana1.jpg\" alt=\"\" width=\"508\" height=\"353\" \/><\/a><\/p>\n<p><strong>NASTALA U 19. VEKU<\/strong><\/p>\n<p>OSTRVO Ada, koje s dve strane zapljuskuje reka Bojana, a s tre\u0107e more, povr\u0161ine je 600 hektara. Sitnozrnasta pe\u0161\u010dana pla\u017ea duga je 2.880 metara. Ostrvo je, prema predanju, nastalo u 19. veku. Na dva spruda na samom u\u0161\u0107u Bojane nasukao se brod \u201eMerito\u201c. Kako njegovi vlasnici nisu mogli da se dogovore kako \u0107e ga izvu\u0107i iz vode, \u201eMerito\u201c je tu ostao ve\u010dno zarobljen. Preko njegove olupine reka je gomilala nanose stvaraju\u0107i ostrvo.<\/p>\n<p><a href=\"http:\/\/www.novosti.rs\/vesti\/turizam.90.html:333918-Brckanje-na-Adi-Bojani\" target=\"_blank\"><strong>S. GREGOVI\u0106 &#8211; \u010c. PRELEVI\u0106<br \/>\nNOVOSTI<\/strong><\/a><br \/>\n<strong><\/strong><br \/>\n<!--YouTube Error: bad URL entered--><\/p>\n","protected":false},"excerpt":{"rendered":"<p>Vra\u0107aju se gosti iz Nema\u010dke, sve vi\u0161e i crnogorskih nudista. Na peskovitoj pla\u017ei nikada nema gu\u017eve koja bi zasmetala probirljivim gostima. SVE je isto samo se obale menjaju. Pomalo neobi\u010dno, ali istinito: iz godine u godinu sa novim rukavcima i malo pomerenim granicama, koje postavlja priroda, ostrvo Ada kod Ulcinja do\u010dekuje stare i nove goste, [&hellip;]<\/p>\n","protected":false},"author":1,"featured_media":0,"comment_status":"open","ping_status":"closed","sticky":false,"template":"","format":"standard","meta":{"spay_email":"","jetpack_publicize_message":"","jetpack_is_tweetstorm":false,"jetpack_publicize_feature_enabled":true},"categories":[8337],"tags":[138,20,2118,19],"jetpack_publicize_connections":[],"yoast_head":"<!-- This site is optimized with the Yoast SEO plugin v19.1 - https:\/\/yoast.com\/wordpress\/plugins\/seo\/ -->\n<title>Br\u010dkanje na Adi Bojani - Lajme nga Ulqini<\/title>\n<meta name=\"description\" content=\"Vra\u0107aju se gosti iz Nema\u010dke, sve vi\u0161e i crnogorskih nudista. Na peskovitoj pla\u017ei nikada nema gu\u017eve koja bi zasmetala probirljivim gostima. SVE je isto\" \/>\n<meta name=\"robots\" content=\"index, follow, max-snippet:-1, max-image-preview:large, max-video-preview:-1\" \/>\n<link rel=\"canonical\" href=\"https:\/\/www.visit-ulcinj.com\/blog\/2011\/06\/12\/brckanje-na-adi-bojani\/\" \/>\n<meta property=\"og:locale\" content=\"en_US\" \/>\n<meta property=\"og:type\" content=\"article\" \/>\n<meta property=\"og:title\" content=\"Br\u010dkanje na Adi Bojani - Lajme nga Ulqini\" \/>\n<meta property=\"og:description\" content=\"Vra\u0107aju se gosti iz Nema\u010dke, sve vi\u0161e i crnogorskih nudista. Na peskovitoj pla\u017ei nikada nema gu\u017eve koja bi zasmetala probirljivim gostima. SVE je isto\" \/>\n<meta property=\"og:url\" content=\"https:\/\/www.visit-ulcinj.com\/blog\/2011\/06\/12\/brckanje-na-adi-bojani\/\" \/>\n<meta property=\"og:site_name\" content=\"Lajme nga Ulqini\" \/>\n<meta property=\"article:published_time\" content=\"2011-06-12T11:48:43+00:00\" \/>\n<meta property=\"article:modified_time\" content=\"2011-06-12T11:49:09+00:00\" \/>\n<meta property=\"og:image\" content=\"http:\/\/www.visit-ulcinj.com\/blog\/wp-content\/uploads\/2011\/06\/FKK-ADA-BOJANA.1.jpg\" \/>\n<meta name=\"twitter:label1\" content=\"Written by\" \/>\n\t<meta name=\"twitter:data1\" content=\"ulqini\" \/>\n\t<meta name=\"twitter:label2\" content=\"Est. reading time\" \/>\n\t<meta name=\"twitter:data2\" content=\"4 minutes\" \/>\n<script type=\"application\/ld+json\" class=\"yoast-schema-graph\">{\"@context\":\"https:\/\/schema.org\",\"@graph\":[{\"@type\":\"WebSite\",\"@id\":\"https:\/\/www.visit-ulcinj.com\/blog\/#website\",\"url\":\"https:\/\/www.visit-ulcinj.com\/blog\/\",\"name\":\"Lajme nga Ulqini\",\"description\":\"Lajme,Vijesti,Ulqini,Ulqin,Crna Gora,Mali i Zi\",\"potentialAction\":[{\"@type\":\"SearchAction\",\"target\":{\"@type\":\"EntryPoint\",\"urlTemplate\":\"https:\/\/www.visit-ulcinj.com\/blog\/?s={search_term_string}\"},\"query-input\":\"required name=search_term_string\"}],\"inLanguage\":\"en-US\"},{\"@type\":\"ImageObject\",\"inLanguage\":\"en-US\",\"@id\":\"https:\/\/www.visit-ulcinj.com\/blog\/2011\/06\/12\/brckanje-na-adi-bojani\/#primaryimage\",\"url\":\"https:\/\/www.visit-ulcinj.com\/blog\/wp-content\/uploads\/2011\/06\/FKK-ADA-BOJANA.1.jpg\",\"contentUrl\":\"https:\/\/www.visit-ulcinj.com\/blog\/wp-content\/uploads\/2011\/06\/FKK-ADA-BOJANA.1.jpg\",\"width\":\"800\",\"height\":\"355\",\"caption\":\"Foto - NOVOSTI\"},{\"@type\":\"WebPage\",\"@id\":\"https:\/\/www.visit-ulcinj.com\/blog\/2011\/06\/12\/brckanje-na-adi-bojani\/#webpage\",\"url\":\"https:\/\/www.visit-ulcinj.com\/blog\/2011\/06\/12\/brckanje-na-adi-bojani\/\",\"name\":\"Br\u010dkanje na Adi Bojani - Lajme nga Ulqini\",\"isPartOf\":{\"@id\":\"https:\/\/www.visit-ulcinj.com\/blog\/#website\"},\"primaryImageOfPage\":{\"@id\":\"https:\/\/www.visit-ulcinj.com\/blog\/2011\/06\/12\/brckanje-na-adi-bojani\/#primaryimage\"},\"datePublished\":\"2011-06-12T11:48:43+00:00\",\"dateModified\":\"2011-06-12T11:49:09+00:00\",\"author\":{\"@id\":\"https:\/\/www.visit-ulcinj.com\/blog\/#\/schema\/person\/dcab619c614d3038751c63bc2aadc06d\"},\"description\":\"Vra\u0107aju se gosti iz Nema\u010dke, sve vi\u0161e i crnogorskih nudista. Na peskovitoj pla\u017ei nikada nema gu\u017eve koja bi zasmetala probirljivim gostima. SVE je isto\",\"breadcrumb\":{\"@id\":\"https:\/\/www.visit-ulcinj.com\/blog\/2011\/06\/12\/brckanje-na-adi-bojani\/#breadcrumb\"},\"inLanguage\":\"en-US\",\"potentialAction\":[{\"@type\":\"ReadAction\",\"target\":[\"https:\/\/www.visit-ulcinj.com\/blog\/2011\/06\/12\/brckanje-na-adi-bojani\/\"]}]},{\"@type\":\"BreadcrumbList\",\"@id\":\"https:\/\/www.visit-ulcinj.com\/blog\/2011\/06\/12\/brckanje-na-adi-bojani\/#breadcrumb\",\"itemListElement\":[{\"@type\":\"ListItem\",\"position\":1,\"name\":\"Br\u010dkanje na Adi Bojani\"}]},{\"@type\":\"Person\",\"@id\":\"https:\/\/www.visit-ulcinj.com\/blog\/#\/schema\/person\/dcab619c614d3038751c63bc2aadc06d\",\"name\":\"ulqini\",\"sameAs\":[\"http:\/\/www.visit-ulcinj.com\"],\"url\":\"https:\/\/www.visit-ulcinj.com\/blog\/author\/admin\/\"}]}<\/script>\n<!-- \/ Yoast SEO plugin. -->","yoast_head_json":{"title":"Br\u010dkanje na Adi Bojani - Lajme nga Ulqini","description":"Vra\u0107aju se gosti iz Nema\u010dke, sve vi\u0161e i crnogorskih nudista. Na peskovitoj pla\u017ei nikada nema gu\u017eve koja bi zasmetala probirljivim gostima. SVE je isto","robots":{"index":"index","follow":"follow","max-snippet":"max-snippet:-1","max-image-preview":"max-image-preview:large","max-video-preview":"max-video-preview:-1"},"canonical":"https:\/\/www.visit-ulcinj.com\/blog\/2011\/06\/12\/brckanje-na-adi-bojani\/","og_locale":"en_US","og_type":"article","og_title":"Br\u010dkanje na Adi Bojani - Lajme nga Ulqini","og_description":"Vra\u0107aju se gosti iz Nema\u010dke, sve vi\u0161e i crnogorskih nudista. Na peskovitoj pla\u017ei nikada nema gu\u017eve koja bi zasmetala probirljivim gostima. SVE je isto","og_url":"https:\/\/www.visit-ulcinj.com\/blog\/2011\/06\/12\/brckanje-na-adi-bojani\/","og_site_name":"Lajme nga Ulqini","article_published_time":"2011-06-12T11:48:43+00:00","article_modified_time":"2011-06-12T11:49:09+00:00","og_image":[{"url":"http:\/\/www.visit-ulcinj.com\/blog\/wp-content\/uploads\/2011\/06\/FKK-ADA-BOJANA.1.jpg"}],"twitter_misc":{"Written by":"ulqini","Est. reading time":"4 minutes"},"schema":{"@context":"https:\/\/schema.org","@graph":[{"@type":"WebSite","@id":"https:\/\/www.visit-ulcinj.com\/blog\/#website","url":"https:\/\/www.visit-ulcinj.com\/blog\/","name":"Lajme nga Ulqini","description":"Lajme,Vijesti,Ulqini,Ulqin,Crna Gora,Mali i Zi","potentialAction":[{"@type":"SearchAction","target":{"@type":"EntryPoint","urlTemplate":"https:\/\/www.visit-ulcinj.com\/blog\/?s={search_term_string}"},"query-input":"required name=search_term_string"}],"inLanguage":"en-US"},{"@type":"ImageObject","inLanguage":"en-US","@id":"https:\/\/www.visit-ulcinj.com\/blog\/2011\/06\/12\/brckanje-na-adi-bojani\/#primaryimage","url":"https:\/\/www.visit-ulcinj.com\/blog\/wp-content\/uploads\/2011\/06\/FKK-ADA-BOJANA.1.jpg","contentUrl":"https:\/\/www.visit-ulcinj.com\/blog\/wp-content\/uploads\/2011\/06\/FKK-ADA-BOJANA.1.jpg","width":"800","height":"355","caption":"Foto - NOVOSTI"},{"@type":"WebPage","@id":"https:\/\/www.visit-ulcinj.com\/blog\/2011\/06\/12\/brckanje-na-adi-bojani\/#webpage","url":"https:\/\/www.visit-ulcinj.com\/blog\/2011\/06\/12\/brckanje-na-adi-bojani\/","name":"Br\u010dkanje na Adi Bojani - Lajme nga Ulqini","isPartOf":{"@id":"https:\/\/www.visit-ulcinj.com\/blog\/#website"},"primaryImageOfPage":{"@id":"https:\/\/www.visit-ulcinj.com\/blog\/2011\/06\/12\/brckanje-na-adi-bojani\/#primaryimage"},"datePublished":"2011-06-12T11:48:43+00:00","dateModified":"2011-06-12T11:49:09+00:00","author":{"@id":"https:\/\/www.visit-ulcinj.com\/blog\/#\/schema\/person\/dcab619c614d3038751c63bc2aadc06d"},"description":"Vra\u0107aju se gosti iz Nema\u010dke, sve vi\u0161e i crnogorskih nudista. Na peskovitoj pla\u017ei nikada nema gu\u017eve koja bi zasmetala probirljivim gostima. SVE je isto","breadcrumb":{"@id":"https:\/\/www.visit-ulcinj.com\/blog\/2011\/06\/12\/brckanje-na-adi-bojani\/#breadcrumb"},"inLanguage":"en-US","potentialAction":[{"@type":"ReadAction","target":["https:\/\/www.visit-ulcinj.com\/blog\/2011\/06\/12\/brckanje-na-adi-bojani\/"]}]},{"@type":"BreadcrumbList","@id":"https:\/\/www.visit-ulcinj.com\/blog\/2011\/06\/12\/brckanje-na-adi-bojani\/#breadcrumb","itemListElement":[{"@type":"ListItem","position":1,"name":"Br\u010dkanje na Adi Bojani"}]},{"@type":"Person","@id":"https:\/\/www.visit-ulcinj.com\/blog\/#\/schema\/person\/dcab619c614d3038751c63bc2aadc06d","name":"ulqini","sameAs":["http:\/\/www.visit-ulcinj.com"],"url":"https:\/\/www.visit-ulcinj.com\/blog\/author\/admin\/"}]}},"jetpack_featured_media_url":"","jetpack_sharing_enabled":true,"jetpack_shortlink":"https:\/\/wp.me\/pe6lTn-cnr","_links":{"self":[{"href":"https:\/\/www.visit-ulcinj.com\/blog\/wp-json\/wp\/v2\/posts\/47581"}],"collection":[{"href":"https:\/\/www.visit-ulcinj.com\/blog\/wp-json\/wp\/v2\/posts"}],"about":[{"href":"https:\/\/www.visit-ulcinj.com\/blog\/wp-json\/wp\/v2\/types\/post"}],"author":[{"embeddable":true,"href":"https:\/\/www.visit-ulcinj.com\/blog\/wp-json\/wp\/v2\/users\/1"}],"replies":[{"embeddable":true,"href":"https:\/\/www.visit-ulcinj.com\/blog\/wp-json\/wp\/v2\/comments?post=47581"}],"version-history":[{"count":0,"href":"https:\/\/www.visit-ulcinj.com\/blog\/wp-json\/wp\/v2\/posts\/47581\/revisions"}],"wp:attachment":[{"href":"https:\/\/www.visit-ulcinj.com\/blog\/wp-json\/wp\/v2\/media?parent=47581"}],"wp:term":[{"taxonomy":"category","embeddable":true,"href":"https:\/\/www.visit-ulcinj.com\/blog\/wp-json\/wp\/v2\/categories?post=47581"},{"taxonomy":"post_tag","embeddable":true,"href":"https:\/\/www.visit-ulcinj.com\/blog\/wp-json\/wp\/v2\/tags?post=47581"}],"curies":[{"name":"wp","href":"https:\/\/api.w.org\/{rel}","templated":true}]}}