{"id":47592,"date":"2011-06-12T23:24:43","date_gmt":"2011-06-12T22:24:43","guid":{"rendered":"http:\/\/www.visit-ulcinj.com\/blog\/?p=47592"},"modified":"2011-06-13T12:01:04","modified_gmt":"2011-06-13T11:01:04","slug":"taekwondo-kampionati-i-malit-te-zi-2011-kadet-dhe-senior","status":"publish","type":"post","link":"https:\/\/www.visit-ulcinj.com\/blog\/2011\/06\/12\/taekwondo-kampionati-i-malit-te-zi-2011-kadet-dhe-senior\/","title":{"rendered":"Taekwondo Kampionati i Malit t\u00eb Zi 2011 Kadet dhe Senior"},"content":{"rendered":"<p><strong><a href=\"http:\/\/www.visit-ulcinj.com\/blog\/wp-content\/uploads\/2011\/06\/Taekwondo-Ulqini-_Kampionati-i-Malit-t\u00eb-Zi-2011-Kadet-dhe-Senior.jpg\"><img loading=\"lazy\" class=\"alignleft size-full wp-image-47599\" title=\"Taekwondo Ulqini _Kampionati i Malit t\u00eb Zi 2011 Kadet dhe Senior\" src=\"http:\/\/www.visit-ulcinj.com\/blog\/wp-content\/uploads\/2011\/06\/Taekwondo-Ulqini-_Kampionati-i-Malit-t\u00eb-Zi-2011-Kadet-dhe-Senior.jpg\" alt=\"\" width=\"508\" height=\"380\" srcset=\"https:\/\/www.visit-ulcinj.com\/blog\/wp-content\/uploads\/2011\/06\/Taekwondo-Ulqini-_Kampionati-i-Malit-t\u00eb-Zi-2011-Kadet-dhe-Senior.jpg 720w, https:\/\/www.visit-ulcinj.com\/blog\/wp-content\/uploads\/2011\/06\/Taekwondo-Ulqini-_Kampionati-i-Malit-t\u00eb-Zi-2011-Kadet-dhe-Senior-300x225.jpg 300w\" sizes=\"(max-width: 508px) 100vw, 508px\" \/><\/a>T\u00eb dielen me dat\u00eb 12.06.2011 u mbajt\u00eb kampionati i Malit t\u00eb Zi p\u00ebr kadet dhe senior n\u00eb sportin olimpik t\u00eb Taekwondo-s\u00eb<\/strong><\/p>\n<p><strong>9-t\u00eb kampion t\u00eb Malit t\u00eb Zi nga Ulqini <\/strong><\/p>\n<p>Gjat\u00eb k\u00ebtij\u00eb \u00a0vikendi n\u00eb Podgoric\u00eb u mbajt\u00eb kampionati i rregullt\u00eb p\u00ebr vitin 2011 n\u00eb\u00a0 Malit t\u00eb Zi p\u00ebr kategorin e kadet\u00ebve dhe senior\u00ebve. N\u00eb k\u00ebt\u00eb\u00a0 kampionat\u00eb \u00a0si zakonisht u paraqit\u00eb edhe klubi i Taekwondo-s\u00eb \u00a0Ulqini .<\/p>\n<p>N\u00eb k\u00ebt\u00eb kampionat\u00eb Taekwondo Ulqini u paraqit\u00eb me 15 garues , 12 garues n\u00eb kategorin\u00eb e kadet\u00ebve dhe 3 garues n\u00eb kategorin\u00eb e senior\u00ebve.<\/p>\n<p>Rezultati i klubit t\u00eb Taekwondo-s\u00eb Ulqini n\u00eb kampionatin e rregullt t\u00eb Malit t\u00eb Zi p\u00ebr vitin 2011 ishte si n\u00eb vijim: Bilanci i medaljeve; gjithsejt\u00eb\u00a0 12 medalje, medaljet e fituara jan\u00eb:\u00a0 9 t\u00eb arta, 2 t\u00eb argjend\u00ebta dhe 1 t\u00eb bronzit.<\/p>\n<p>Kampion t\u00eb Malit t\u00eb Zi p\u00ebr vitin 2011 nga klubi i Taekwondo-s\u00eb Ulqini t\u00eb cil\u00ebt u shp\u00ebrblyen me medalje t\u00eb arta ishin k\u00ebto garues:<\/p>\n<ol>\n<li>Mersudin Kurti<\/li>\n<li>Ardiana Karamanaga<\/li>\n<li>Medina Kanaqi<\/li>\n<li>Nuri Kanaqi<\/li>\n<li>Amina Kanaqi<\/li>\n<li>Sulejman Murati<\/li>\n<li>Levent Murati<\/li>\n<li>Rinor Jahja<\/li>\n<li>Amir Sukaliq<\/li>\n<\/ol>\n<p>N\u00ebnkampion t\u00eb Malit t\u00eb Zi p\u00ebr vitin 2011 t\u00eb cil\u00ebt u shp\u00ebrblyen me medalje t\u00eb argjend\u00eb ishin k\u00ebto garues:<\/p>\n<ol>\n<li>Arben Kollari ku p\u00ebr shkak      t\u00eb l\u00ebndimit ishte i detyruar q\u00eb ta dorzoj\u00eb luft\u00ebn me lejen e mjekut<\/li>\n<li>Izedin Kurti<\/li>\n<\/ol>\n<p>Nd\u00ebrsa me medalje t\u00eb beronzit u shp\u00ebrblye:<\/p>\n<ol>\n<li>Bojan Vladisavljevic<\/li>\n<\/ol>\n<p>M\u00eb gj\u00ebrsisht kryetrajneri i k\u00ebtij klubi Fikret Dushku shton:\u00a0 N\u00eb k\u00ebt\u00eb kampionat\u00eb treguam edhe nj\u00ebher kvalitetin ton\u00eb, arrit\u00ebm sukses \u00a0t\u00eb lart\u00eb q\u00eb p\u00ebr vitin 2011 t\u00eb kemi\u00a0 9 kampion n\u00eb Mal t\u00eb Zi nga klubi yn\u00eb n\u00eb dy kategori si ajo e kadet\u00ebve dhe senior\u00ebve, dhe tani kan\u00eb mbet\u00eb edhe dy kategori \u00a0tjera si ajo e pionir\u00ebve dhe e junior\u00ebve ku shpresojm\u00eb se edhe aty do t\u00eb kemi kampion dhe ta ngrisim numrin e kampion\u00ebve n\u00eb Mal t \u00eb Zi nga klubi i Taekwondo-s\u00eb Ulqini.<\/p>\n<p>Kampionati i Malit t\u00eb Zi p\u00ebr pionir\u00eb dhe junior\u00eb do t\u00eb mbahet n\u00eb pjes\u00ebn e dyt\u00eb t\u00eb sezonit t\u00eb garave diku rreth muajit tetor.\u00a0 Jemi t\u00eb k\u00ebnaqur p\u00ebr suksesin e arritur shpresojm\u00eb se edhe n\u00eb t\u00eb ardhmen do t\u00eb mundohemi ti p\u00ebrs\u00ebsrisim k\u00ebto suksese me k\u00ebto garuesit tan\u00eb t\u00eb cil\u00ebt po bejn\u00eb nj\u00eb st\u00ebrvitje shum\u00eb t\u00eb mir\u00eb.<\/p>\n<p>Jemi n\u00eb pregatitje p\u00ebr turnirin nd\u00ebrkomb\u00ebtar\u00eb \u201cSarajevo Olympic\u00a0 Open\u201d pastja p\u00ebr\u00a0 kampionatin europian p\u00ebr kategorin\u00eb e kadet\u00ebve do mundohemi t\u00eb japim maksimumin e forcave tona q\u00eb t\u00eb arrijm\u00eb edhe m\u00eb tutje suksese si n\u00eb vend ashtu edhe jasht\u00eb vendit.<\/p>\n<p>I p\u00ebrsh\u00ebndes\u00eb t\u00eb gjith\u00eb garuesit q\u00eb arrit\u00ebn fitore duke ju uruar suksese n\u00eb jet\u00eb, poashtu falenderoj\u00eb sponsor\u00ebt q\u00eb na ndihmuan q\u00eb k\u00ebto suksese ti ndajm\u00eb\u00a0 sebashku me gjith\u00eb bashk\u00ebvendasit tan\u00eb ata jan\u00eb: Tapacir Kurti, Kallaba company, Gradja commerc, Milla impex, Hermetik, res, Rozafa, res. Alfa, Cungu &amp;co, Ardi company, Blini com, sport caffe Avanti. Ju urojm\u00eb suksese Afarist\u00ebve tan\u00eb n\u00eb pun\u00ebn e tyre dhe njikoh\u00ebsisht ju k\u00ebrkojm\u00eb ndjes\u00eb p\u00ebr shqet\u00ebsime. Nj\u00eb falenderim t\u00eb posa\u00e7\u00ebm ja dedikojm\u00eb\u00a0 prind\u00ebrve t\u00eb garuesve\u00a0 tan\u00eb t\u00eb cil\u00ebt ishin ata q\u00eb dhan\u00eb kontributin m\u00eb t\u00eb madh\u00eb\u00a0 p\u00ebr arrijtjen e k\u00ebtij rezultati.<\/p>\n<p>P\u00ebrshendetje p\u00ebr t\u00eb gjith\u00eb ata q\u00eb na p\u00ebrkrahin n\u00eb sukseset ton\u00eb si sponsor\u00ebt mediatik Tv Teuta, web faqet, Promul Ulqin, Lajme nga Ulqini, revista koha javore.<\/p>\n<p><a href=\"http:\/\/www.facebook.com\/pages\/Taekwondo-ULQINI-Club\/57847213136\" target=\"_blank\"><strong>Taekwondo &#8221;ULQINI&#8221; Club Facebook<\/strong><\/a><\/p>\n\n\t\t<style type=\"text\/css\">\n\t\t\t#gallery-1 {\n\t\t\t\tmargin: auto;\n\t\t\t}\n\t\t\t#gallery-1 .gallery-item {\n\t\t\t\tfloat: left;\n\t\t\t\tmargin-top: 10px;\n\t\t\t\ttext-align: center;\n\t\t\t\twidth: 33%;\n\t\t\t}\n\t\t\t#gallery-1 img {\n\t\t\t\tborder: 2px solid #cfcfcf;\n\t\t\t}\n\t\t\t#gallery-1 .gallery-caption {\n\t\t\t\tmargin-left: 0;\n\t\t\t}\n\t\t\t\/* see gallery_shortcode() in wp-includes\/media.php *\/\n\t\t<\/style>\n\t\t<div id='gallery-1' class='gallery galleryid-47592 gallery-columns-3 gallery-size-thumbnail'><dl class='gallery-item'>\n\t\t\t<dt class='gallery-icon landscape'>\n\t\t\t\t<a href='https:\/\/www.visit-ulcinj.com\/blog\/wp-content\/uploads\/2011\/06\/Taekwondo-Ulqini-_Kampionati-i-Malit-t\u00eb-Zi-2011-Kadet-dhe-Senior.1.jpg'><img width=\"150\" height=\"150\" src=\"https:\/\/www.visit-ulcinj.com\/blog\/wp-content\/uploads\/2011\/06\/Taekwondo-Ulqini-_Kampionati-i-Malit-t\u00eb-Zi-2011-Kadet-dhe-Senior.1-150x150.jpg\" class=\"attachment-thumbnail size-thumbnail\" alt=\"\" loading=\"lazy\" \/><\/a>\n\t\t\t<\/dt><\/dl><dl class='gallery-item'>\n\t\t\t<dt class='gallery-icon landscape'>\n\t\t\t\t<a href='https:\/\/www.visit-ulcinj.com\/blog\/wp-content\/uploads\/2011\/06\/Taekwondo-Ulqini-_Kampionati-i-Malit-t\u00eb-Zi-2011-Kadet-dhe-Senior.2.jpg'><img width=\"150\" height=\"150\" src=\"https:\/\/www.visit-ulcinj.com\/blog\/wp-content\/uploads\/2011\/06\/Taekwondo-Ulqini-_Kampionati-i-Malit-t\u00eb-Zi-2011-Kadet-dhe-Senior.2-150x150.jpg\" class=\"attachment-thumbnail size-thumbnail\" alt=\"\" loading=\"lazy\" \/><\/a>\n\t\t\t<\/dt><\/dl><dl class='gallery-item'>\n\t\t\t<dt class='gallery-icon landscape'>\n\t\t\t\t<a href='https:\/\/www.visit-ulcinj.com\/blog\/wp-content\/uploads\/2011\/06\/Taekwondo-Ulqini-_Kampionati-i-Malit-t\u00eb-Zi-2011-Kadet-dhe-Senior.3.jpg'><img width=\"150\" height=\"150\" src=\"https:\/\/www.visit-ulcinj.com\/blog\/wp-content\/uploads\/2011\/06\/Taekwondo-Ulqini-_Kampionati-i-Malit-t\u00eb-Zi-2011-Kadet-dhe-Senior.3-150x150.jpg\" class=\"attachment-thumbnail size-thumbnail\" alt=\"\" loading=\"lazy\" \/><\/a>\n\t\t\t<\/dt><\/dl><br style=\"clear: both\" \/><dl class='gallery-item'>\n\t\t\t<dt class='gallery-icon landscape'>\n\t\t\t\t<a href='https:\/\/www.visit-ulcinj.com\/blog\/wp-content\/uploads\/2011\/06\/Taekwondo-Ulqini-_Kampionati-i-Malit-t\u00eb-Zi-2011-Kadet-dhe-Senior.4.jpg'><img width=\"150\" height=\"150\" src=\"https:\/\/www.visit-ulcinj.com\/blog\/wp-content\/uploads\/2011\/06\/Taekwondo-Ulqini-_Kampionati-i-Malit-t\u00eb-Zi-2011-Kadet-dhe-Senior.4-150x150.jpg\" class=\"attachment-thumbnail size-thumbnail\" alt=\"\" loading=\"lazy\" \/><\/a>\n\t\t\t<\/dt><\/dl><dl class='gallery-item'>\n\t\t\t<dt class='gallery-icon landscape'>\n\t\t\t\t<a href='https:\/\/www.visit-ulcinj.com\/blog\/wp-content\/uploads\/2011\/06\/Taekwondo-Ulqini-_Kampionati-i-Malit-t\u00eb-Zi-2011-Kadet-dhe-Senior.5.jpg'><img width=\"150\" height=\"150\" src=\"https:\/\/www.visit-ulcinj.com\/blog\/wp-content\/uploads\/2011\/06\/Taekwondo-Ulqini-_Kampionati-i-Malit-t\u00eb-Zi-2011-Kadet-dhe-Senior.5-150x150.jpg\" class=\"attachment-thumbnail size-thumbnail\" alt=\"\" loading=\"lazy\" \/><\/a>\n\t\t\t<\/dt><\/dl><dl class='gallery-item'>\n\t\t\t<dt class='gallery-icon landscape'>\n\t\t\t\t<a href='https:\/\/www.visit-ulcinj.com\/blog\/wp-content\/uploads\/2011\/06\/Taekwondo-Ulqini-_Kampionati-i-Malit-t\u00eb-Zi-2011-Kadet-dhe-Senior.6.jpg'><img width=\"150\" height=\"150\" src=\"https:\/\/www.visit-ulcinj.com\/blog\/wp-content\/uploads\/2011\/06\/Taekwondo-Ulqini-_Kampionati-i-Malit-t\u00eb-Zi-2011-Kadet-dhe-Senior.6-150x150.jpg\" class=\"attachment-thumbnail size-thumbnail\" alt=\"\" loading=\"lazy\" \/><\/a>\n\t\t\t<\/dt><\/dl><br style=\"clear: both\" \/><dl class='gallery-item'>\n\t\t\t<dt class='gallery-icon landscape'>\n\t\t\t\t<a href='https:\/\/www.visit-ulcinj.com\/blog\/wp-content\/uploads\/2011\/06\/Taekwondo-Ulqini-_Kampionati-i-Malit-t\u00eb-Zi-2011-Kadet-dhe-Senior.jpg'><img width=\"150\" height=\"150\" src=\"https:\/\/www.visit-ulcinj.com\/blog\/wp-content\/uploads\/2011\/06\/Taekwondo-Ulqini-_Kampionati-i-Malit-t\u00eb-Zi-2011-Kadet-dhe-Senior-150x150.jpg\" class=\"attachment-thumbnail size-thumbnail\" alt=\"\" loading=\"lazy\" \/><\/a>\n\t\t\t<\/dt><\/dl><dl class='gallery-item'>\n\t\t\t<dt class='gallery-icon landscape'>\n\t\t\t\t<a href='https:\/\/www.visit-ulcinj.com\/blog\/wp-content\/uploads\/2011\/06\/Taekwondo-Ulqini-_Kampionati-i-Malit-t\u00eb-Zi-2011-Kadet-dhe-Senior.7.jpg'><img width=\"150\" height=\"150\" src=\"https:\/\/www.visit-ulcinj.com\/blog\/wp-content\/uploads\/2011\/06\/Taekwondo-Ulqini-_Kampionati-i-Malit-t\u00eb-Zi-2011-Kadet-dhe-Senior.7-150x150.jpg\" class=\"attachment-thumbnail size-thumbnail\" alt=\"\" loading=\"lazy\" \/><\/a>\n\t\t\t<\/dt><\/dl><dl class='gallery-item'>\n\t\t\t<dt class='gallery-icon landscape'>\n\t\t\t\t<a href='https:\/\/www.visit-ulcinj.com\/blog\/wp-content\/uploads\/2011\/06\/Taekwondo-Ulqini-_Kampionati-i-Malit-t\u00eb-Zi-2011-Kadet-dhe-Senior.9.jpg'><img width=\"150\" height=\"150\" src=\"https:\/\/www.visit-ulcinj.com\/blog\/wp-content\/uploads\/2011\/06\/Taekwondo-Ulqini-_Kampionati-i-Malit-t\u00eb-Zi-2011-Kadet-dhe-Senior.9-150x150.jpg\" class=\"attachment-thumbnail size-thumbnail\" alt=\"\" loading=\"lazy\" \/><\/a>\n\t\t\t<\/dt><\/dl><br style=\"clear: both\" \/>\n\t\t<\/div>\n\n<!--YouTube Error: bad URL entered-->\n","protected":false},"excerpt":{"rendered":"<p>T\u00eb dielen me dat\u00eb 12.06.2011 u mbajt\u00eb kampionati i Malit t\u00eb Zi p\u00ebr kadet dhe senior n\u00eb sportin olimpik t\u00eb Taekwondo-s\u00eb 9-t\u00eb kampion t\u00eb Malit t\u00eb Zi nga Ulqini Gjat\u00eb k\u00ebtij\u00eb \u00a0vikendi n\u00eb Podgoric\u00eb u mbajt\u00eb kampionati i rregullt\u00eb p\u00ebr vitin 2011 n\u00eb\u00a0 Malit t\u00eb Zi p\u00ebr kategorin e kadet\u00ebve dhe senior\u00ebve. N\u00eb k\u00ebt\u00eb\u00a0 kampionat\u00eb [&hellip;]<\/p>\n","protected":false},"author":1,"featured_media":0,"comment_status":"open","ping_status":"closed","sticky":false,"template":"","format":"standard","meta":{"spay_email":"","jetpack_publicize_message":"","jetpack_is_tweetstorm":false,"jetpack_publicize_feature_enabled":true},"categories":[3],"tags":[13045],"jetpack_publicize_connections":[],"yoast_head":"<!-- This site is optimized with the Yoast SEO plugin v19.1 - https:\/\/yoast.com\/wordpress\/plugins\/seo\/ -->\n<title>Taekwondo Kampionati i Malit t\u00eb Zi 2011 Kadet dhe Senior - Lajme nga Ulqini<\/title>\n<meta name=\"description\" content=\"T\u00eb dielen me dat\u00eb 12.06.2011 u mbajt\u00eb kampionati i Malit t\u00eb Zi p\u00ebr kadet dhe senior n\u00eb sportin olimpik t\u00eb Taekwondo-s\u00eb 9-t\u00eb kampion t\u00eb Malit t\u00eb Zi nga\" \/>\n<meta name=\"robots\" content=\"index, follow, max-snippet:-1, max-image-preview:large, max-video-preview:-1\" \/>\n<link rel=\"canonical\" href=\"https:\/\/www.visit-ulcinj.com\/blog\/2011\/06\/12\/taekwondo-kampionati-i-malit-te-zi-2011-kadet-dhe-senior\/\" \/>\n<meta property=\"og:locale\" content=\"en_US\" \/>\n<meta property=\"og:type\" content=\"article\" \/>\n<meta property=\"og:title\" content=\"Taekwondo Kampionati i Malit t\u00eb Zi 2011 Kadet dhe Senior - Lajme nga Ulqini\" \/>\n<meta property=\"og:description\" content=\"T\u00eb dielen me dat\u00eb 12.06.2011 u mbajt\u00eb kampionati i Malit t\u00eb Zi p\u00ebr kadet dhe senior n\u00eb sportin olimpik t\u00eb Taekwondo-s\u00eb 9-t\u00eb kampion t\u00eb Malit t\u00eb Zi nga\" \/>\n<meta property=\"og:url\" content=\"https:\/\/www.visit-ulcinj.com\/blog\/2011\/06\/12\/taekwondo-kampionati-i-malit-te-zi-2011-kadet-dhe-senior\/\" \/>\n<meta property=\"og:site_name\" content=\"Lajme nga Ulqini\" \/>\n<meta property=\"article:published_time\" content=\"2011-06-12T22:24:43+00:00\" \/>\n<meta property=\"article:modified_time\" content=\"2011-06-13T11:01:04+00:00\" \/>\n<meta property=\"og:image\" content=\"https:\/\/www.visit-ulcinj.com\/blog\/wp-content\/uploads\/2011\/06\/Taekwondo-Ulqini-_Kampionati-i-Malit-t\u00eb-Zi-2011-Kadet-dhe-Senior.1-150x150.jpg\" \/>\n<meta name=\"twitter:label1\" content=\"Written by\" \/>\n\t<meta name=\"twitter:data1\" content=\"ulqini\" \/>\n\t<meta name=\"twitter:label2\" content=\"Est. reading time\" \/>\n\t<meta name=\"twitter:data2\" content=\"3 minutes\" \/>\n<script type=\"application\/ld+json\" class=\"yoast-schema-graph\">{\"@context\":\"https:\/\/schema.org\",\"@graph\":[{\"@type\":\"WebSite\",\"@id\":\"https:\/\/www.visit-ulcinj.com\/blog\/#website\",\"url\":\"https:\/\/www.visit-ulcinj.com\/blog\/\",\"name\":\"Lajme nga Ulqini\",\"description\":\"Lajme,Vijesti,Ulqini,Ulqin,Crna Gora,Mali i Zi\",\"potentialAction\":[{\"@type\":\"SearchAction\",\"target\":{\"@type\":\"EntryPoint\",\"urlTemplate\":\"https:\/\/www.visit-ulcinj.com\/blog\/?s={search_term_string}\"},\"query-input\":\"required name=search_term_string\"}],\"inLanguage\":\"en-US\"},{\"@type\":\"WebPage\",\"@id\":\"https:\/\/www.visit-ulcinj.com\/blog\/2011\/06\/12\/taekwondo-kampionati-i-malit-te-zi-2011-kadet-dhe-senior\/#webpage\",\"url\":\"https:\/\/www.visit-ulcinj.com\/blog\/2011\/06\/12\/taekwondo-kampionati-i-malit-te-zi-2011-kadet-dhe-senior\/\",\"name\":\"Taekwondo Kampionati i Malit t\u00eb Zi 2011 Kadet dhe Senior - Lajme nga Ulqini\",\"isPartOf\":{\"@id\":\"https:\/\/www.visit-ulcinj.com\/blog\/#website\"},\"datePublished\":\"2011-06-12T22:24:43+00:00\",\"dateModified\":\"2011-06-13T11:01:04+00:00\",\"author\":{\"@id\":\"https:\/\/www.visit-ulcinj.com\/blog\/#\/schema\/person\/dcab619c614d3038751c63bc2aadc06d\"},\"description\":\"T\u00eb dielen me dat\u00eb 12.06.2011 u mbajt\u00eb kampionati i Malit t\u00eb Zi p\u00ebr kadet dhe senior n\u00eb sportin olimpik t\u00eb Taekwondo-s\u00eb 9-t\u00eb kampion t\u00eb Malit t\u00eb Zi nga\",\"breadcrumb\":{\"@id\":\"https:\/\/www.visit-ulcinj.com\/blog\/2011\/06\/12\/taekwondo-kampionati-i-malit-te-zi-2011-kadet-dhe-senior\/#breadcrumb\"},\"inLanguage\":\"en-US\",\"potentialAction\":[{\"@type\":\"ReadAction\",\"target\":[\"https:\/\/www.visit-ulcinj.com\/blog\/2011\/06\/12\/taekwondo-kampionati-i-malit-te-zi-2011-kadet-dhe-senior\/\"]}]},{\"@type\":\"BreadcrumbList\",\"@id\":\"https:\/\/www.visit-ulcinj.com\/blog\/2011\/06\/12\/taekwondo-kampionati-i-malit-te-zi-2011-kadet-dhe-senior\/#breadcrumb\",\"itemListElement\":[{\"@type\":\"ListItem\",\"position\":1,\"name\":\"Taekwondo Kampionati i Malit t\u00eb Zi 2011 Kadet dhe Senior\"}]},{\"@type\":\"Person\",\"@id\":\"https:\/\/www.visit-ulcinj.com\/blog\/#\/schema\/person\/dcab619c614d3038751c63bc2aadc06d\",\"name\":\"ulqini\",\"sameAs\":[\"http:\/\/www.visit-ulcinj.com\"],\"url\":\"https:\/\/www.visit-ulcinj.com\/blog\/author\/admin\/\"}]}<\/script>\n<!-- \/ Yoast SEO plugin. -->","yoast_head_json":{"title":"Taekwondo Kampionati i Malit t\u00eb Zi 2011 Kadet dhe Senior - Lajme nga Ulqini","description":"T\u00eb dielen me dat\u00eb 12.06.2011 u mbajt\u00eb kampionati i Malit t\u00eb Zi p\u00ebr kadet dhe senior n\u00eb sportin olimpik t\u00eb Taekwondo-s\u00eb 9-t\u00eb kampion t\u00eb Malit t\u00eb Zi nga","robots":{"index":"index","follow":"follow","max-snippet":"max-snippet:-1","max-image-preview":"max-image-preview:large","max-video-preview":"max-video-preview:-1"},"canonical":"https:\/\/www.visit-ulcinj.com\/blog\/2011\/06\/12\/taekwondo-kampionati-i-malit-te-zi-2011-kadet-dhe-senior\/","og_locale":"en_US","og_type":"article","og_title":"Taekwondo Kampionati i Malit t\u00eb Zi 2011 Kadet dhe Senior - Lajme nga Ulqini","og_description":"T\u00eb dielen me dat\u00eb 12.06.2011 u mbajt\u00eb kampionati i Malit t\u00eb Zi p\u00ebr kadet dhe senior n\u00eb sportin olimpik t\u00eb Taekwondo-s\u00eb 9-t\u00eb kampion t\u00eb Malit t\u00eb Zi nga","og_url":"https:\/\/www.visit-ulcinj.com\/blog\/2011\/06\/12\/taekwondo-kampionati-i-malit-te-zi-2011-kadet-dhe-senior\/","og_site_name":"Lajme nga Ulqini","article_published_time":"2011-06-12T22:24:43+00:00","article_modified_time":"2011-06-13T11:01:04+00:00","og_image":[{"url":"https:\/\/www.visit-ulcinj.com\/blog\/wp-content\/uploads\/2011\/06\/Taekwondo-Ulqini-_Kampionati-i-Malit-t\u00eb-Zi-2011-Kadet-dhe-Senior.1-150x150.jpg"}],"twitter_misc":{"Written by":"ulqini","Est. reading time":"3 minutes"},"schema":{"@context":"https:\/\/schema.org","@graph":[{"@type":"WebSite","@id":"https:\/\/www.visit-ulcinj.com\/blog\/#website","url":"https:\/\/www.visit-ulcinj.com\/blog\/","name":"Lajme nga Ulqini","description":"Lajme,Vijesti,Ulqini,Ulqin,Crna Gora,Mali i Zi","potentialAction":[{"@type":"SearchAction","target":{"@type":"EntryPoint","urlTemplate":"https:\/\/www.visit-ulcinj.com\/blog\/?s={search_term_string}"},"query-input":"required name=search_term_string"}],"inLanguage":"en-US"},{"@type":"WebPage","@id":"https:\/\/www.visit-ulcinj.com\/blog\/2011\/06\/12\/taekwondo-kampionati-i-malit-te-zi-2011-kadet-dhe-senior\/#webpage","url":"https:\/\/www.visit-ulcinj.com\/blog\/2011\/06\/12\/taekwondo-kampionati-i-malit-te-zi-2011-kadet-dhe-senior\/","name":"Taekwondo Kampionati i Malit t\u00eb Zi 2011 Kadet dhe Senior - Lajme nga Ulqini","isPartOf":{"@id":"https:\/\/www.visit-ulcinj.com\/blog\/#website"},"datePublished":"2011-06-12T22:24:43+00:00","dateModified":"2011-06-13T11:01:04+00:00","author":{"@id":"https:\/\/www.visit-ulcinj.com\/blog\/#\/schema\/person\/dcab619c614d3038751c63bc2aadc06d"},"description":"T\u00eb dielen me dat\u00eb 12.06.2011 u mbajt\u00eb kampionati i Malit t\u00eb Zi p\u00ebr kadet dhe senior n\u00eb sportin olimpik t\u00eb Taekwondo-s\u00eb 9-t\u00eb kampion t\u00eb Malit t\u00eb Zi nga","breadcrumb":{"@id":"https:\/\/www.visit-ulcinj.com\/blog\/2011\/06\/12\/taekwondo-kampionati-i-malit-te-zi-2011-kadet-dhe-senior\/#breadcrumb"},"inLanguage":"en-US","potentialAction":[{"@type":"ReadAction","target":["https:\/\/www.visit-ulcinj.com\/blog\/2011\/06\/12\/taekwondo-kampionati-i-malit-te-zi-2011-kadet-dhe-senior\/"]}]},{"@type":"BreadcrumbList","@id":"https:\/\/www.visit-ulcinj.com\/blog\/2011\/06\/12\/taekwondo-kampionati-i-malit-te-zi-2011-kadet-dhe-senior\/#breadcrumb","itemListElement":[{"@type":"ListItem","position":1,"name":"Taekwondo Kampionati i Malit t\u00eb Zi 2011 Kadet dhe Senior"}]},{"@type":"Person","@id":"https:\/\/www.visit-ulcinj.com\/blog\/#\/schema\/person\/dcab619c614d3038751c63bc2aadc06d","name":"ulqini","sameAs":["http:\/\/www.visit-ulcinj.com"],"url":"https:\/\/www.visit-ulcinj.com\/blog\/author\/admin\/"}]}},"jetpack_featured_media_url":"","jetpack_sharing_enabled":true,"jetpack_shortlink":"https:\/\/wp.me\/pe6lTn-cnC","_links":{"self":[{"href":"https:\/\/www.visit-ulcinj.com\/blog\/wp-json\/wp\/v2\/posts\/47592"}],"collection":[{"href":"https:\/\/www.visit-ulcinj.com\/blog\/wp-json\/wp\/v2\/posts"}],"about":[{"href":"https:\/\/www.visit-ulcinj.com\/blog\/wp-json\/wp\/v2\/types\/post"}],"author":[{"embeddable":true,"href":"https:\/\/www.visit-ulcinj.com\/blog\/wp-json\/wp\/v2\/users\/1"}],"replies":[{"embeddable":true,"href":"https:\/\/www.visit-ulcinj.com\/blog\/wp-json\/wp\/v2\/comments?post=47592"}],"version-history":[{"count":0,"href":"https:\/\/www.visit-ulcinj.com\/blog\/wp-json\/wp\/v2\/posts\/47592\/revisions"}],"wp:attachment":[{"href":"https:\/\/www.visit-ulcinj.com\/blog\/wp-json\/wp\/v2\/media?parent=47592"}],"wp:term":[{"taxonomy":"category","embeddable":true,"href":"https:\/\/www.visit-ulcinj.com\/blog\/wp-json\/wp\/v2\/categories?post=47592"},{"taxonomy":"post_tag","embeddable":true,"href":"https:\/\/www.visit-ulcinj.com\/blog\/wp-json\/wp\/v2\/tags?post=47592"}],"curies":[{"name":"wp","href":"https:\/\/api.w.org\/{rel}","templated":true}]}}