{"id":47607,"date":"2011-06-13T12:00:34","date_gmt":"2011-06-13T11:00:34","guid":{"rendered":"http:\/\/www.visit-ulcinj.com\/blog\/?p=47607"},"modified":"2011-06-13T19:03:30","modified_gmt":"2011-06-13T18:03:30","slug":"potencialet-turistike-te-anes-se-malit","status":"publish","type":"post","link":"https:\/\/www.visit-ulcinj.com\/blog\/2011\/06\/13\/potencialet-turistike-te-anes-se-malit\/","title":{"rendered":"Potencialet  turistike t\u00eb Anes se Malit"},"content":{"rendered":"<p><a href=\"http:\/\/www.visit-ulcinj.com\/blog\/wp-content\/uploads\/2011\/06\/Potencialet-turistike-te-Anes-se-Malit.jpg\"><img loading=\"lazy\" class=\"alignleft size-full wp-image-47608\" title=\"Potencialet  turistike te Anes se Malit\" src=\"http:\/\/www.visit-ulcinj.com\/blog\/wp-content\/uploads\/2011\/06\/Potencialet-turistike-te-Anes-se-Malit.jpg\" alt=\"\" width=\"508\" height=\"380\" \/><\/a>Vlera turistike kan\u00eb pothuaj t\u00eb gjitha trevat e Ulqinit n\u00eb format dhe dimensionet, var\u00ebsisht nga resurset dhe shkalla e zhvillimit.Fizionomia e elementeve t\u00ebrheq\u00ebs t\u00eb Ulqinit udh\u00ebzon qart\u00eb n\u00eb rajonet malore,drejtimet e transitit turistik sikurse pika kufitare Sukubin &#8211; Muriqan, qytetet e m\u00ebdha q\u00eb rrethojn\u00eb k\u00ebto vise t\u00eb Ulqinit dhe Shkodr\u00ebs, komplekset turistike dhe pasurit\u00eb e trash\u00ebgimis\u00eb natyrore dhe kulturore, lokalitetet e gjuetis\u00eb dhe fshatrat turistike.<br \/>\nNe etap\u00ebn e par\u00eb t\u00eb zhvillimit t\u00eb turizmit theksi do t\u00eb vihet n\u00eb koncentrimin e ofert\u00ebs s\u00eb vendosur mir\u00eb p\u00ebr pjes\u00ebn kryesore t\u00eb k\u00ebrkes\u00ebs turistike ,ashtu q\u00eb pjesa m\u00eb e madhe e kapaciteteve t\u00eb gjenden shum\u00eb af\u00ebr atyre q\u00eb deshirojn\u00eb t\u00eb gjenden n\u00eb natyr\u00eb ,t\u00eb zhvillojn\u00eb alpiniz\u00ebm ,t\u00eb merren me gjueti dhe peshkim ,t\u00eb k\u00ebnaqen me vlerat kulturore si n\u00eb sezonin veror dhe ate dim\u00ebror.<br \/>\n<a href=\"http:\/\/www.visit-ulcinj.com\/blog\/wp-content\/uploads\/2011\/06\/Potencialet-turistike-te-Anes-se-Malit.1.jpg\"><img loading=\"lazy\" class=\"alignleft size-full wp-image-47609\" title=\"Potencialet  turistike te Anes se Malit.1\" src=\"http:\/\/www.visit-ulcinj.com\/blog\/wp-content\/uploads\/2011\/06\/Potencialet-turistike-te-Anes-se-Malit.1.jpg\" alt=\"\" width=\"508\" height=\"340\" \/><\/a><br \/>\n<strong>Foto: Elvadin Dado Zoganjor<\/strong><br \/>\nN\u00eb k\u00ebt\u00eb m\u00ebnyr\u00eb nj\u00eb oferte e till\u00eb mund t\u00eb k\u00ebnaq klientel\u00ebn e shum\u00ebllojshme n\u00eb kuad\u00ebr t\u00eb turizmit popullor dhe pas afirmimit, m\u00eb von\u00eb do t\u00eb rritej aktiviteti n\u00eb tregjet m\u00eb ekskluzive dhe m\u00eb t\u00eb ndjeshme, por me nj\u00eb rrezik m\u00eb t\u00eb vog\u00ebl n\u00eb investime.<\/p>\n<p>Oferta kulminante turistike e Anes s\u00eb Malit q\u00eb p\u00ebrfshin\u00eb rrethin m\u00eb t\u00eb gjer\u00eb t\u00eb k\u00ebrkes\u00ebs lokale, rajonale, komb\u00ebtare dhe nd\u00ebrkomb\u00ebtare jan\u00eb:<\/p>\n<p>1.Peizazhet masive malore t\u00eb An\u00ebs s\u00eb Malit ,q\u00eb kan\u00eb kapacitett\u00eb madh pranimi, natyra e ruajtur ,sidomos flora pyjore dhe fauna.<\/p>\n<p>2. Lart\u00ebsit\u00eb malore q\u00eb arrijn\u00eb mbi 1000 m me kushte t\u00eb p\u00ebrshtatshme klimatike p\u00ebr zhvillimin e turizmit veror.<\/p>\n<p>3. Rrjeti i qyteteve dhe vendbanimeve me ofert\u00ebn e organizuar t\u00eb serviseve sh\u00ebrbyese q\u00eb lidhen me korridoret kryesore t\u00eb komunikacionit ,sikurse koridori kufitar Sukubin \u2013 Muriqan,e sidomos ai si sistem hap\u00ebsinor i zhvillimit t\u00eb qarkullimit dinamik me (qendrat kryesore,Ulqin, Tivar dhe Shkoder).<\/p>\n<div id=\"attachment_47610\" style=\"width: 518px\" class=\"wp-caption alignleft\"><a href=\"http:\/\/www.visit-ulcinj.com\/blog\/wp-content\/uploads\/2011\/06\/Potencialet-turistike-te-Anes-se-Malit.2.jpg\"><img aria-describedby=\"caption-attachment-47610\" loading=\"lazy\" class=\"size-large wp-image-47610\" title=\"Potencialet  turistike te Anes se Malit.2\" src=\"http:\/\/www.visit-ulcinj.com\/blog\/wp-content\/uploads\/2011\/06\/Potencialet-turistike-te-Anes-se-Malit.2-1024x365.jpg\" alt=\"\" width=\"508\" height=\"365\" \/><\/a><p id=\"caption-attachment-47610\" class=\"wp-caption-text\">Foto nga Zaim Halili<\/p><\/div>\n<p>Sistemi i atraksioneve natyrore t\u00eb An\u00ebs s\u00eb Malit me bukuri t\u00eb ve\u00e7ant\u00eb si,Shasi,pamja panoramike e plazhit t\u00eb madh\u00eb t\u00eb Ulqinit nga bjeshk\u00ebt e An\u00ebs s\u00eb Malit,pasuria, shum\u00ebllojshm\u00ebria etnike dhe kulturore por edhe t\u00ebr\u00ebsit\u00eb e ruajtura kulturore historike dhe monumentet e ve\u00e7anta, midis t\u00eb cil\u00ebve ka t\u00eb till\u00eb q\u00eb jan\u00eb atraksione unike p\u00ebr nj\u00eb klientel\u00eb t\u00eb caktuar.<br \/>\nAna e Malit duhet t\u00eb jet\u00eb oferta turistike e ekskursioneve n\u00eb bashkpunim me hotelet private t\u00eb Ulqinit dhe sidomos n\u00eb bashpunim t\u00eb organizuar me Organizat\u00ebn turistike t\u00eb Ulqinit n\u00eb baz\u00eb t\u00eb elementeve ekzistuese natyrore q\u00eb ka si q\u00ebllim rekreacionin dhe pushimin e vazhduesh\u00ebm t\u00eb turist\u00ebve.<br \/>\n<a href=\"http:\/\/www.visit-ulcinj.com\/blog\/wp-content\/uploads\/2011\/06\/Potencialet-turistike-te-Anes-se-Malit.1.Fraskanjeli.jpg\"><img loading=\"lazy\" class=\"alignleft size-full wp-image-47611\" title=\"Potencialet  turistike te Anes se Malit.1.Fraskanjeli\" src=\"http:\/\/www.visit-ulcinj.com\/blog\/wp-content\/uploads\/2011\/06\/Potencialet-turistike-te-Anes-se-Malit.1.Fraskanjeli.jpg\" alt=\"\" width=\"508\" height=\"340\" \/><\/a><br \/>\n<strong>Foto: Gazmend \u00c7itaku<\/strong><br \/>\nAna e Malit duhet t\u00eb jet\u00eb epiqendra e t\u00eb gjitha ecurive turistike t\u00eb Ulqinit,edhe pse turizmi k\u00ebtu nuk paraqet ndonj\u00eb drejtim t\u00eb theksuar t\u00eb zhvillimit, llogaritet n\u00eb ecurin\u00eb e r\u00ebnd\u00ebsishme t\u00eb turizmit transit dhe afarist, n\u00eb baz\u00eb t\u00eb sistemit t\u00eb qarkullimit, t\u00eb monumenteve t\u00eb r\u00ebnd\u00ebsishme t\u00eb trash\u00ebgimis\u00eb historike.<br \/>\nAna e Malit \u00ebsht\u00eb rajoni potencialisht m\u00eb i r\u00ebnd\u00ebsish\u00ebm turistik i Ulqinit. Hap\u00ebsirat natyrore jasht\u00ebzakonisht cil\u00ebsore ,mund\u00ebsit\u00eb e m\u00ebdha t\u00eb pranimit t\u00eb vizitor\u00ebve dhe monumentet kulturore-turistike krijojn\u00eb mund\u00ebsi t\u00eb pakufizuara t\u00eb zhvillimit turistik Nd\u00ebr vlerat me t\u00eb r\u00ebnd\u00ebsishme duhet t\u00eb theksojm\u00eb vet\u00eb masivin malor,liqenin e Shasit,liqeni i Shkodres,lumi Buna etj.<br \/>\nVet rajoni i An\u00ebs s\u00eb Malit duhet t\u00eb shfryt\u00ebzohet p\u00ebr organizimin e ofert\u00ebs s\u00eb t\u00ebr\u00ebsishme turistike me nj\u00eb afariz\u00ebm gjat\u00eb gjith\u00eb vitit (sidomos n\u00eb sezonin e ver\u00ebs ). Ve\u00e7 zhvillimit t\u00eb t\u00eb gjitha llojeve t\u00eb sporteve n\u00eb lart\u00ebsi mbi 1.000 m. ofrojn\u00eb mund\u00ebsi ideale p\u00ebr turizmin veror malor (ecja, alpinizmi) si dhe zhvillimi i turizmit sh\u00ebndet\u00ebsor.<br \/>\n<a href=\"http:\/\/www.visit-ulcinj.com\/blog\/wp-content\/uploads\/2011\/06\/Potencialet-turistike-te-Anes-se-Malit.Tradita.Kalaja-Shasit_liqenijpg.jpg\"><img loading=\"lazy\" class=\"alignleft size-full wp-image-47613\" title=\"Potencialet  turistike te Anes se Malit.Tradita.Kalaja Shasit_liqenijpg\" src=\"http:\/\/www.visit-ulcinj.com\/blog\/wp-content\/uploads\/2011\/06\/Potencialet-turistike-te-Anes-se-Malit.Tradita.Kalaja-Shasit_liqenijpg.jpg\" alt=\"\" width=\"508\" height=\"340\" \/><\/a><br \/>\n<strong>Foto: Fadil Kova\u00e7i<\/strong><br \/>\nAna e Malit mund t\u00eb klasifikohen n\u00eb rajonet natyrore potenciale malore turistike q\u00eb ofrojn\u00eb mund\u00ebsi p\u00ebr formimin e ofertave komplete turistike q\u00eb mb\u00ebshteten n\u00eb potencialin e jasht\u00ebzakonsh\u00ebm atraktiv t\u00eb masivit malor dhe fushor.<br \/>\nSipas specifikave dhe karakteristikave natyrore, sidomos sipas ve\u00e7orive t\u00eb relievit, t\u00eb shum\u00ebllojshm\u00ebris\u00eb biogjeografike t\u00eb resurseve jasht\u00ebzakonisht t\u00eb pasura ujore, t\u00eb pasuris\u00eb s\u00eb peizazheve dhe t\u00eb motiveve t\u00eb mjedisit.<br \/>\nK\u00ebtu ekzistojn\u00eb kushte t\u00eb p\u00ebrshtatshme jo vet\u00ebm klimatike, por edhe fizikogjeografike (komplekset e gjera t\u00eb pyjeve dhe t\u00eb livadheve, pasuria hidrografike, bukurit\u00eb natyrore etj.) ku mund t\u00eb nd\u00ebrtohen sanatoriume, qendra kurimi, rekreacioni dhe qendra p\u00ebr p\u00ebrgatitjen e sportist\u00ebve n\u00eb lart\u00ebsit\u00eb mbidetare.<br \/>\nJan\u00eb t\u00eb rralla malet q\u00eb kan\u00eb nj\u00eb pasuri aq t\u00eb madhe me nj\u00eb faun\u00eb interesante.Kjo faun\u00eb (derri i eg\u00ebr,dhia e eg\u00ebr ,pulegra e madhe,dhelpra, etj.) q\u00eb kan\u00eb vler\u00eb t\u00eb madhe p\u00ebr rajon\u00eb.<br \/>\nVendet e gjuetis\u00eb n\u00eb An\u00eb t\u00eb Malit jan\u00eb mjaft atraktive, por duhet t\u00eb rregullohen teknikisht dhe t\u00eb mbrohen, n\u00eb m\u00ebnyr\u00eb q\u00eb t\u00eb p\u00ebrfshihen m\u00eb me sukses n\u00eb zhvillimin e turizmit t\u00eb gjuetis\u00eb.<br \/>\nRajoni i Shasit dhe i lumit Buna jan\u00eb p\u00ebrplot me lloje t\u00eb r\u00ebnd\u00ebsishme peshqish q\u00eb krahas bukuris\u00eb s\u00eb peizazhit, ofrojn\u00eb kushte t\u00eb jasht\u00ebzakonshme p\u00ebr zhvillimin e turizmit t\u00eb peshkimit.<br \/>\nNga vlerat dhe atraksionet antropogjene turistike<strong> <\/strong>q\u00eb p\u00ebrb\u00ebjn\u00eb nj\u00ebrin nga komponent\u00ebt m\u00eb atraktive t\u00eb ofert\u00ebs turistike t\u00eb An\u00ebs s\u00eb Malit mund t\u00eb ve\u00e7ojm\u00eb:<br \/>\nTrash\u00ebgimia e pasur dhe e shum\u00ebllojshme e monumenteve (zbulimet parahistorike), kishat mesjetare, monumentet e arkitektur\u00ebs islame (xhamit\u00eb, hamamet, urat dhe hanet),pasuria etnografike dhe folklorike ,(veshja e An\u00ebs s\u00eb Malit,vallet dhe k\u00ebng\u00ebt folklorike, zakonet tradicionale etj.).<br \/>\n<a href=\"http:\/\/www.visit-ulcinj.com\/blog\/wp-content\/uploads\/2011\/06\/Potencialet-turistike-te-Anes-se-Malit.Tradita.jpg\"><img loading=\"lazy\" class=\"alignleft size-full wp-image-47612\" title=\"Potencialet  turistike te Anes se Malit.Tradita\" src=\"http:\/\/www.visit-ulcinj.com\/blog\/wp-content\/uploads\/2011\/06\/Potencialet-turistike-te-Anes-se-Malit.Tradita.jpg\" alt=\"\" width=\"508\" height=\"340\" \/><\/a><br \/>\n<strong>Foto: Fadil Kova\u00e7i<\/strong><br \/>\nNevoja e shpalljes sa m\u00eb t\u00eb shpejt\u00eb t\u00eb \u00a0Liqenit t\u00eb Shasit dhe gjithashtu Kalas s\u00eb Shasit si park historik dhe ekologjik,<strong> <\/strong>buron nga fakti se dekadave t\u00eb fundit seriozisht jan\u00eb<strong> <\/strong>rrezikuar dhe i jan\u00eb n\u00ebnshtruar shkat\u00ebrrimit dhe degradimit e<strong> <\/strong>devastimit t\u00eb pam\u00ebshirsh\u00ebm.<br \/>\nDuke pasur parasysh struktur\u00ebn e produkteve turistike dhe tendencat dhe k\u00ebrkesat e turizmit, n\u00eb An\u00eb t\u00eb Malit mund te zhvillohen deg\u00eb t\u00eb shumta dhe te shum\u00ebllojshme te turzmit, si : turizmi dim\u00ebroro-sportiv,sh\u00ebndet\u00ebsor rekreativ, sh\u00ebndet\u00ebsoro-kurues, ekskursionist rekreativ, gjuetie,peshkimi,fshatar, alpinist, spelleturiz\u00ebm, etj. N\u00eb pajtim me k\u00ebrkesat ekologjike, p\u00ebrpar\u00ebsi duhet t\u2019i epet zhvillimit t\u00eb deg\u00ebve selektive t\u00eb turizmit, si: turizmit ekolgjik, fshatar, gjuetis\u00eb dhe t\u00eb peshkimit, turizmit sh\u00ebndet\u00ebsor, rekreativ,alpinizmit, etj.<\/p>\n<div id=\"attachment_47614\" style=\"width: 518px\" class=\"wp-caption alignleft\"><a href=\"http:\/\/www.visit-ulcinj.com\/blog\/wp-content\/uploads\/2011\/06\/Potencialet-turistike-te-Anes-se-Malit.Ura-e-Bunes.jpg\"><img aria-describedby=\"caption-attachment-47614\" loading=\"lazy\" class=\"size-full wp-image-47614\" title=\"Potencialet  turistike te Anes se Malit.Ura e Bunes\" src=\"http:\/\/www.visit-ulcinj.com\/blog\/wp-content\/uploads\/2011\/06\/Potencialet-turistike-te-Anes-se-Malit.Ura-e-Bunes.jpg\" alt=\"\" width=\"508\" height=\"340\" \/><\/a><p id=\"caption-attachment-47614\" class=\"wp-caption-text\">Foto: Tahir Tahiri<\/p><\/div>\n<p>Karakteristika kryesore e ofert\u00ebs turistike t\u00eb An\u00ebs s\u00eb Malit p\u00ebrq\u00ebndrohet n\u00eb turizmin transit dhe t\u00eb motorizuar, dhe t\u00eb turizmit stacionar (ferial), sidomos n\u00eb sezonin e ver\u00ebs.<\/p>\n<p>Me nd\u00ebrtimin e rrjetit p\u00ebrkat\u00ebs rrugor, rrjedhat kryesore turistike shkojn\u00eb n\u00ebp\u00ebr unaz\u00ebn primare rrugore, Ulqin \u2013 Kryth\u00eb \u2013 Sukubin\u00eb \u2013 Muriqan dhe q\u00eb vazhdon \u00a0drejt Tiran\u00ebs ose Prishtin\u00ebs.<br \/>\nKy rrjet komunikacioni duhet t\u00eb pajiset me t\u00eb gjith\u00eb serviset e nevojsh\u00ebm, (motele, stacione servisi e karburantesh q\u00eb ve\u00e7 ekzistojn,parkingje,p\u00ebrmbajtje arg\u00ebtuese, autokampe, rrug\u00eb deri te vlerat natyrore dhe historike, etj.)<br \/>\nDrejtimet transite turistike jan\u00eb t\u00eb ve\u00e7anta, jan\u00eb hap\u00ebsira specifike t\u00eb ofert\u00ebs turistike p\u00ebrgjat\u00eb korridoreve t\u00eb r\u00ebnd\u00ebsishme t\u00eb rrug\u00ebve vendore dhe nd\u00ebrkomb\u00ebtare, si n\u00eb kuad\u00ebr t\u00eb rajoneve turistike, gjithashtu edhe si ofert\u00eb e ve\u00e7ant\u00eb. Sipas r\u00ebnd\u00ebsis\u00eb radhit\u00ebn n\u00eb drejtime rrugore turistike t\u00eb shkall\u00ebs s\u00eb I he t\u00eb II-t\u00eb p\u00ebr zhvillimin e qarkullimit t\u00eb turizmit turistik, r\u00ebnd\u00ebsi t\u00eb ve\u00e7ant\u00eb kan\u00eb k\u00ebto rrug\u00eb:<\/p>\n<ol>\n<li>&#8211; Kroaci \u2013 Tivar \u2013 Ulqin \u2013 Kryth\u00eb &#8211; Sukubin &#8211; Muriqan<\/li>\n<li>&#8211; Kroaci \u2013 Tivar \u2013 Kryth\u00eb \u2013 Sukubin \u2013 Muriqan<\/li>\n<\/ol>\n<p><a href=\"http:\/\/www.visit-ulcinj.com\/blog\/wp-content\/uploads\/2011\/06\/Potencialet-turistike-te-Anes-se-Malit.Tranzit.jpg\"><img loading=\"lazy\" class=\"alignleft size-full wp-image-47615\" title=\"Potencialet  turistike te Anes se Malit.Tranzit\" src=\"http:\/\/www.visit-ulcinj.com\/blog\/wp-content\/uploads\/2011\/06\/Potencialet-turistike-te-Anes-se-Malit.Tranzit.jpg\" alt=\"\" width=\"508\" height=\"340\" \/><\/a>An\u00ebs s\u00eb Malit i mbetet p\u00ebr t\u00eb krijuar sa m\u00eb shpejt nj\u00eb rrjet me 4 Qendra Informacioni Turistiko territoriale n\u00eb punktet \u00a0kryesore t\u00eb akseve rrugore si n\u00eb:<\/p>\n<ol>\n<li>Triangli Ulqin &#8211;      Kryth\u00eb,(mbarimi i magjistrales tek nd\u00ebrmarrja\u00a0 e NKP \u201cUlqini\u201d,<\/li>\n<li>Triangli i Krythe<\/li>\n<li>Trangli \u00a0Katerkoll\u00eb \u2013      Sukubin &#8211; Muriqan<\/li>\n<li>Triangli Shas \u2013 Kat\u00ebrkoll\u00eb<\/li>\n<\/ol>\n<p>Si Ana Malit i p\u00ebrq\u00ebndrohet disave \u00a0k\u00ebrkesave turistike operative ajo do gjej\u00eb vedin n\u00eb tregun botror t\u00eb turizmit tranzitor.<\/p>\n<p>Ana Malit me fshatrat e veta \u00a0Amull ,Bojk ,Brajsh ,Katerkoll\u00eb ,Kllezna e  Nalt ,Kllezna e Posht ,Dragin\u00eb ,Kaliman ,Kosiq ,Kravar,Kryth\u00eb, Leskovc  ,Lisna Bor\u00eb , Megjure\u00e7 , Mill\u00eb, Sukubin\u00eb ,Fraskanjel ,Shas,Shtoder,Selit\u00eb  ofrojn\u00eb mund\u00ebsi pa fund p\u00ebr turiz\u00ebm rural dhe malor q\u00eb vet\u00ebm duke i\u00a0  prekur mund ti shijosh dhe p\u00ebrjetosh nga af\u00ebr eksperienca t\u00eb  paharueshme.<br \/>\n<a href=\"http:\/\/www.visit-ulcinj.com\/blog\/wp-content\/uploads\/2011\/06\/Kufiri-Sukubin_Muriqan.1.jpg\"><img loading=\"lazy\" class=\"alignleft size-full wp-image-47616\" title=\"Kufiri-Sukubin_Muriqan.1\" src=\"http:\/\/www.visit-ulcinj.com\/blog\/wp-content\/uploads\/2011\/06\/Kufiri-Sukubin_Muriqan.1.jpg\" alt=\"\" width=\"508\" height=\"340\" \/><\/a><br \/>\nShpresoj se bashkarisht, do ja arijm\u00eb qellimeve,prandaj nj\u00ebherit, dhe  presim kontributin e juaj,q\u00eb t\u00eb na shkruani sugjerimet e juaja,t\u00eb na  d\u00ebrgoni fotografi dhe video nga Ana Malit me karakter turistik\u00eb.<br \/>\nGjith\u00eb an\u00ebtar\u00ebve t\u00eb vjet\u00ebr dhe t\u00eb rinj u d\u00ebshiroj mir\u00ebseardhje t\u00eb  s\u00ebrishme t\u00eb sinqert\u00eb n\u00eb Lajme nga Ulqini  dhe ky\u00e7je t\u00eb menj\u00ebher\u00ebshme t\u00eb  talentit t\u00eb juve n\u00eb l\u00ebmi q\u00eb u ka dhuruar zoti i madh\u00ebrish\u00ebm.Mos i leni  sugjerimet e juaja n\u00eb fiok\u00eb.Suksese pra dhe bujrum n\u00eb Sofr\u00ebn ton\u00eb t\u00eb  madhe shum\u00eb t\u00eb adhuruar.<\/p>\n<p><strong>H.B<\/strong><br \/>\n<strong>Lajme nga Ulqini<\/strong><\/p>\n<p><strong><!--YouTube Error: bad URL entered--><br \/>\n<\/strong><\/p>\n<p>&nbsp;<\/p>\n","protected":false},"excerpt":{"rendered":"<p>Vlera turistike kan\u00eb pothuaj t\u00eb gjitha trevat e Ulqinit n\u00eb format dhe dimensionet, var\u00ebsisht nga resurset dhe shkalla e zhvillimit.Fizionomia e elementeve t\u00ebrheq\u00ebs t\u00eb Ulqinit udh\u00ebzon qart\u00eb n\u00eb rajonet malore,drejtimet e transitit turistik sikurse pika kufitare Sukubin &#8211; Muriqan, qytetet e m\u00ebdha q\u00eb rrethojn\u00eb k\u00ebto vise t\u00eb Ulqinit dhe Shkodr\u00ebs, komplekset turistike dhe pasurit\u00eb e [&hellip;]<\/p>\n","protected":false},"author":1,"featured_media":0,"comment_status":"open","ping_status":"closed","sticky":false,"template":"","format":"standard","meta":{"spay_email":"","jetpack_publicize_message":"","jetpack_is_tweetstorm":false,"jetpack_publicize_feature_enabled":true},"categories":[10,1],"tags":[14351,212,15136,17401,15139,10203,14279,14359,214,16210,17402,3507,49,3717,3147,14364,2202,15140,18236,3512,11648,95,15141,14366,18395,2083,3231,15143,18397,2800,1005,2797,18185,18184,18396,200,18],"jetpack_publicize_connections":[],"yoast_head":"<!-- This site is optimized with the Yoast SEO plugin v19.1 - https:\/\/yoast.com\/wordpress\/plugins\/seo\/ -->\n<title>Potencialet turistike t\u00eb Anes se Malit - Lajme nga Ulqini<\/title>\n<meta name=\"description\" content=\"Vlera turistike kan\u00eb pothuaj t\u00eb gjitha trevat e Ulqinit n\u00eb format dhe dimensionet, var\u00ebsisht nga resurset dhe shkalla e zhvillimit.Fizionomia e elementeve\" \/>\n<meta name=\"robots\" content=\"index, follow, max-snippet:-1, max-image-preview:large, max-video-preview:-1\" \/>\n<link rel=\"canonical\" href=\"https:\/\/www.visit-ulcinj.com\/blog\/2011\/06\/13\/potencialet-turistike-te-anes-se-malit\/\" \/>\n<meta property=\"og:locale\" content=\"en_US\" \/>\n<meta property=\"og:type\" content=\"article\" \/>\n<meta property=\"og:title\" content=\"Potencialet turistike t\u00eb Anes se Malit - Lajme nga Ulqini\" \/>\n<meta property=\"og:description\" content=\"Vlera turistike kan\u00eb pothuaj t\u00eb gjitha trevat e Ulqinit n\u00eb format dhe dimensionet, var\u00ebsisht nga resurset dhe shkalla e zhvillimit.Fizionomia e elementeve\" \/>\n<meta property=\"og:url\" content=\"https:\/\/www.visit-ulcinj.com\/blog\/2011\/06\/13\/potencialet-turistike-te-anes-se-malit\/\" \/>\n<meta property=\"og:site_name\" content=\"Lajme nga Ulqini\" \/>\n<meta property=\"article:published_time\" content=\"2011-06-13T11:00:34+00:00\" \/>\n<meta property=\"article:modified_time\" content=\"2011-06-13T18:03:30+00:00\" \/>\n<meta property=\"og:image\" content=\"http:\/\/www.visit-ulcinj.com\/blog\/wp-content\/uploads\/2011\/06\/Potencialet-turistike-te-Anes-se-Malit.jpg\" \/>\n<meta name=\"twitter:label1\" content=\"Written by\" \/>\n\t<meta name=\"twitter:data1\" content=\"ulqini\" \/>\n\t<meta name=\"twitter:label2\" content=\"Est. reading time\" \/>\n\t<meta name=\"twitter:data2\" content=\"8 minutes\" \/>\n<script type=\"application\/ld+json\" class=\"yoast-schema-graph\">{\"@context\":\"https:\/\/schema.org\",\"@graph\":[{\"@type\":\"WebSite\",\"@id\":\"https:\/\/www.visit-ulcinj.com\/blog\/#website\",\"url\":\"https:\/\/www.visit-ulcinj.com\/blog\/\",\"name\":\"Lajme nga Ulqini\",\"description\":\"Lajme,Vijesti,Ulqini,Ulqin,Crna Gora,Mali i Zi\",\"potentialAction\":[{\"@type\":\"SearchAction\",\"target\":{\"@type\":\"EntryPoint\",\"urlTemplate\":\"https:\/\/www.visit-ulcinj.com\/blog\/?s={search_term_string}\"},\"query-input\":\"required name=search_term_string\"}],\"inLanguage\":\"en-US\"},{\"@type\":\"ImageObject\",\"inLanguage\":\"en-US\",\"@id\":\"https:\/\/www.visit-ulcinj.com\/blog\/2011\/06\/13\/potencialet-turistike-te-anes-se-malit\/#primaryimage\",\"url\":\"https:\/\/www.visit-ulcinj.com\/blog\/wp-content\/uploads\/2011\/06\/Potencialet-turistike-te-Anes-se-Malit.jpg\",\"contentUrl\":\"https:\/\/www.visit-ulcinj.com\/blog\/wp-content\/uploads\/2011\/06\/Potencialet-turistike-te-Anes-se-Malit.jpg\",\"width\":\"580\",\"height\":\"586\"},{\"@type\":\"WebPage\",\"@id\":\"https:\/\/www.visit-ulcinj.com\/blog\/2011\/06\/13\/potencialet-turistike-te-anes-se-malit\/#webpage\",\"url\":\"https:\/\/www.visit-ulcinj.com\/blog\/2011\/06\/13\/potencialet-turistike-te-anes-se-malit\/\",\"name\":\"Potencialet turistike t\u00eb Anes se Malit - Lajme nga Ulqini\",\"isPartOf\":{\"@id\":\"https:\/\/www.visit-ulcinj.com\/blog\/#website\"},\"primaryImageOfPage\":{\"@id\":\"https:\/\/www.visit-ulcinj.com\/blog\/2011\/06\/13\/potencialet-turistike-te-anes-se-malit\/#primaryimage\"},\"datePublished\":\"2011-06-13T11:00:34+00:00\",\"dateModified\":\"2011-06-13T18:03:30+00:00\",\"author\":{\"@id\":\"https:\/\/www.visit-ulcinj.com\/blog\/#\/schema\/person\/dcab619c614d3038751c63bc2aadc06d\"},\"description\":\"Vlera turistike kan\u00eb pothuaj t\u00eb gjitha trevat e Ulqinit n\u00eb format dhe dimensionet, var\u00ebsisht nga resurset dhe shkalla e zhvillimit.Fizionomia e elementeve\",\"breadcrumb\":{\"@id\":\"https:\/\/www.visit-ulcinj.com\/blog\/2011\/06\/13\/potencialet-turistike-te-anes-se-malit\/#breadcrumb\"},\"inLanguage\":\"en-US\",\"potentialAction\":[{\"@type\":\"ReadAction\",\"target\":[\"https:\/\/www.visit-ulcinj.com\/blog\/2011\/06\/13\/potencialet-turistike-te-anes-se-malit\/\"]}]},{\"@type\":\"BreadcrumbList\",\"@id\":\"https:\/\/www.visit-ulcinj.com\/blog\/2011\/06\/13\/potencialet-turistike-te-anes-se-malit\/#breadcrumb\",\"itemListElement\":[{\"@type\":\"ListItem\",\"position\":1,\"name\":\"Potencialet turistike t\u00eb Anes se Malit\"}]},{\"@type\":\"Person\",\"@id\":\"https:\/\/www.visit-ulcinj.com\/blog\/#\/schema\/person\/dcab619c614d3038751c63bc2aadc06d\",\"name\":\"ulqini\",\"sameAs\":[\"http:\/\/www.visit-ulcinj.com\"],\"url\":\"https:\/\/www.visit-ulcinj.com\/blog\/author\/admin\/\"}]}<\/script>\n<!-- \/ Yoast SEO plugin. -->","yoast_head_json":{"title":"Potencialet turistike t\u00eb Anes se Malit - Lajme nga Ulqini","description":"Vlera turistike kan\u00eb pothuaj t\u00eb gjitha trevat e Ulqinit n\u00eb format dhe dimensionet, var\u00ebsisht nga resurset dhe shkalla e zhvillimit.Fizionomia e elementeve","robots":{"index":"index","follow":"follow","max-snippet":"max-snippet:-1","max-image-preview":"max-image-preview:large","max-video-preview":"max-video-preview:-1"},"canonical":"https:\/\/www.visit-ulcinj.com\/blog\/2011\/06\/13\/potencialet-turistike-te-anes-se-malit\/","og_locale":"en_US","og_type":"article","og_title":"Potencialet turistike t\u00eb Anes se Malit - Lajme nga Ulqini","og_description":"Vlera turistike kan\u00eb pothuaj t\u00eb gjitha trevat e Ulqinit n\u00eb format dhe dimensionet, var\u00ebsisht nga resurset dhe shkalla e zhvillimit.Fizionomia e elementeve","og_url":"https:\/\/www.visit-ulcinj.com\/blog\/2011\/06\/13\/potencialet-turistike-te-anes-se-malit\/","og_site_name":"Lajme nga Ulqini","article_published_time":"2011-06-13T11:00:34+00:00","article_modified_time":"2011-06-13T18:03:30+00:00","og_image":[{"url":"http:\/\/www.visit-ulcinj.com\/blog\/wp-content\/uploads\/2011\/06\/Potencialet-turistike-te-Anes-se-Malit.jpg"}],"twitter_misc":{"Written by":"ulqini","Est. reading time":"8 minutes"},"schema":{"@context":"https:\/\/schema.org","@graph":[{"@type":"WebSite","@id":"https:\/\/www.visit-ulcinj.com\/blog\/#website","url":"https:\/\/www.visit-ulcinj.com\/blog\/","name":"Lajme nga Ulqini","description":"Lajme,Vijesti,Ulqini,Ulqin,Crna Gora,Mali i Zi","potentialAction":[{"@type":"SearchAction","target":{"@type":"EntryPoint","urlTemplate":"https:\/\/www.visit-ulcinj.com\/blog\/?s={search_term_string}"},"query-input":"required name=search_term_string"}],"inLanguage":"en-US"},{"@type":"ImageObject","inLanguage":"en-US","@id":"https:\/\/www.visit-ulcinj.com\/blog\/2011\/06\/13\/potencialet-turistike-te-anes-se-malit\/#primaryimage","url":"https:\/\/www.visit-ulcinj.com\/blog\/wp-content\/uploads\/2011\/06\/Potencialet-turistike-te-Anes-se-Malit.jpg","contentUrl":"https:\/\/www.visit-ulcinj.com\/blog\/wp-content\/uploads\/2011\/06\/Potencialet-turistike-te-Anes-se-Malit.jpg","width":"580","height":"586"},{"@type":"WebPage","@id":"https:\/\/www.visit-ulcinj.com\/blog\/2011\/06\/13\/potencialet-turistike-te-anes-se-malit\/#webpage","url":"https:\/\/www.visit-ulcinj.com\/blog\/2011\/06\/13\/potencialet-turistike-te-anes-se-malit\/","name":"Potencialet turistike t\u00eb Anes se Malit - Lajme nga Ulqini","isPartOf":{"@id":"https:\/\/www.visit-ulcinj.com\/blog\/#website"},"primaryImageOfPage":{"@id":"https:\/\/www.visit-ulcinj.com\/blog\/2011\/06\/13\/potencialet-turistike-te-anes-se-malit\/#primaryimage"},"datePublished":"2011-06-13T11:00:34+00:00","dateModified":"2011-06-13T18:03:30+00:00","author":{"@id":"https:\/\/www.visit-ulcinj.com\/blog\/#\/schema\/person\/dcab619c614d3038751c63bc2aadc06d"},"description":"Vlera turistike kan\u00eb pothuaj t\u00eb gjitha trevat e Ulqinit n\u00eb format dhe dimensionet, var\u00ebsisht nga resurset dhe shkalla e zhvillimit.Fizionomia e elementeve","breadcrumb":{"@id":"https:\/\/www.visit-ulcinj.com\/blog\/2011\/06\/13\/potencialet-turistike-te-anes-se-malit\/#breadcrumb"},"inLanguage":"en-US","potentialAction":[{"@type":"ReadAction","target":["https:\/\/www.visit-ulcinj.com\/blog\/2011\/06\/13\/potencialet-turistike-te-anes-se-malit\/"]}]},{"@type":"BreadcrumbList","@id":"https:\/\/www.visit-ulcinj.com\/blog\/2011\/06\/13\/potencialet-turistike-te-anes-se-malit\/#breadcrumb","itemListElement":[{"@type":"ListItem","position":1,"name":"Potencialet turistike t\u00eb Anes se Malit"}]},{"@type":"Person","@id":"https:\/\/www.visit-ulcinj.com\/blog\/#\/schema\/person\/dcab619c614d3038751c63bc2aadc06d","name":"ulqini","sameAs":["http:\/\/www.visit-ulcinj.com"],"url":"https:\/\/www.visit-ulcinj.com\/blog\/author\/admin\/"}]}},"jetpack_featured_media_url":"","jetpack_sharing_enabled":true,"jetpack_shortlink":"https:\/\/wp.me\/pe6lTn-cnR","_links":{"self":[{"href":"https:\/\/www.visit-ulcinj.com\/blog\/wp-json\/wp\/v2\/posts\/47607"}],"collection":[{"href":"https:\/\/www.visit-ulcinj.com\/blog\/wp-json\/wp\/v2\/posts"}],"about":[{"href":"https:\/\/www.visit-ulcinj.com\/blog\/wp-json\/wp\/v2\/types\/post"}],"author":[{"embeddable":true,"href":"https:\/\/www.visit-ulcinj.com\/blog\/wp-json\/wp\/v2\/users\/1"}],"replies":[{"embeddable":true,"href":"https:\/\/www.visit-ulcinj.com\/blog\/wp-json\/wp\/v2\/comments?post=47607"}],"version-history":[{"count":0,"href":"https:\/\/www.visit-ulcinj.com\/blog\/wp-json\/wp\/v2\/posts\/47607\/revisions"}],"wp:attachment":[{"href":"https:\/\/www.visit-ulcinj.com\/blog\/wp-json\/wp\/v2\/media?parent=47607"}],"wp:term":[{"taxonomy":"category","embeddable":true,"href":"https:\/\/www.visit-ulcinj.com\/blog\/wp-json\/wp\/v2\/categories?post=47607"},{"taxonomy":"post_tag","embeddable":true,"href":"https:\/\/www.visit-ulcinj.com\/blog\/wp-json\/wp\/v2\/tags?post=47607"}],"curies":[{"name":"wp","href":"https:\/\/api.w.org\/{rel}","templated":true}]}}