{"id":47667,"date":"2011-06-14T12:58:03","date_gmt":"2011-06-14T11:58:03","guid":{"rendered":"http:\/\/www.visit-ulcinj.com\/blog\/?p=47667"},"modified":"2011-06-15T08:12:40","modified_gmt":"2011-06-15T07:12:40","slug":"video-eskluzive-edhe-nje-provokim-ne-majen-e-rumise","status":"publish","type":"post","link":"https:\/\/www.visit-ulcinj.com\/blog\/2011\/06\/14\/video-eskluzive-edhe-nje-provokim-ne-majen-e-rumise\/","title":{"rendered":"Video Eskluzive &#8211; Edhe nj\u00eb provokim n\u00eb maj\u00ebn e Rumis\u00eb"},"content":{"rendered":"<p><a href=\"http:\/\/www.visit-ulcinj.com\/blog\/wp-content\/uploads\/2011\/06\/KISHA-NE-RUMI.jpg\"><img loading=\"lazy\" class=\"alignleft size-full wp-image-47669\" title=\"KISHA NE RUMI\" src=\"http:\/\/www.visit-ulcinj.com\/blog\/wp-content\/uploads\/2011\/06\/KISHA-NE-RUMI.jpg\" alt=\"\" width=\"508\" height=\"380\" \/><\/a>Podgoric\u00eb, 13 qershor-\u00a0 Liberal\u00ebt malazias e kan\u00eb d\u00ebnuar ashp\u00ebr t\u00eb ashtuquajtur\u00ebn ceremoni fetare n\u00eb maj\u00ebn e malit t\u00eb Rumis\u00eb, t\u00eb organizuar nga Kisha Ortodokse Serbe \/KOS\/.<\/p>\n<p>Liberal\u00ebt akuzojn\u00eb mazhoranc\u00ebn q\u00eb nuk e ka hequr kish\u00ebn e metalt\u00eb nga Rumia, t\u00eb cil\u00ebn e ka ngritur KOS-i me ndihm\u00ebn e ish-ushtris\u00eb serbo-malazeze n\u00eb vitin 2005 \u201cedhe nuk ka asnj\u00eb lidhje fetare\u201d, transmeton Kosovalive.<\/p>\n<p>KOS-i, n\u00eb ceremonin\u00eb liturgjike ftoi edhe besimtar\u00ebt islam\u00eb edhe ata katolik\u00eb, por nuk kan\u00eb marr\u00eb pjes\u00eb\u201dsepse kjo ftes\u00eb nuk ishte q\u00ebllimir\u00eb.\u201d<\/p>\n<p>Sipas tradit\u00ebs s\u00eb lasht\u00eb, besimtar\u00ebt e tre konfesioneve nga rajoni i Tivarit, Dit\u00ebn e Sh\u00ebn Gjonit jan\u00eb ngjitur n\u00eb Rumi, duke e konsideruar vend t\u00eb shenjt\u00eb t\u00eb p\u00ebrbashk\u00ebt. Nd\u00ebrkaq, veprimet e KOS-it me prapavij\u00eb politike, kan\u00eb humbur \u00e7do kuptim t\u00eb festimit t\u00eb p\u00ebrbashk\u00ebt.<\/p>\n<p>Mitropoliti i KOS-it, Amfilohije Radovic paralajm\u00ebrimin e rr\u00ebnimit t\u00eb Kish\u00ebs n\u00eb Rumi, pat porositur se n\u00ebse ndodh kjo, do t\u00eb rr\u00ebnohen edhe xhamit\u00eb.<\/p>\n<p>Ai p\u00ebr shkak t\u00eb k\u00ebrkes\u00ebs p\u00ebr heqjen e atij objekti maket\u00eb nga maja e Rumis\u00eb, akuzoi edhe kryetarin e Lidhjes Demokratike n\u00eb Malin e Zi, Mehmet Bardhi se \u201cpo p\u00ebrdor metoda t\u00eb koh\u00ebs s\u00eb Turqis\u00eb\u201d, i cili me aq p\u00ebrkushtim k\u00ebrkon q\u00eb t\u00eb hiqet kisha,\u201dmeq\u00eb kurr\u00eb gjat\u00eb histories nuk ka pasur objekt t\u00eb atill\u00eb n\u00eb trojet shqiptare.<\/p>\n<p>Shqiptar\u00ebt dhe jo vet\u00ebm ata, te besimtar\u00ebt islam\u00eb edhe ata katolik\u00eb, liturgjin\u00eb e s\u00eb dieles n\u00eb majen e malit t\u00eb Rumis\u00eb, e shohin si provokim.<\/p>\n<p><strong>KOHA NET<\/strong><\/p>\n<p><strong>Klikoni direkt ne vijat e You Tubit per shikuar videon<br \/>\n<!--YouTube Error: bad URL entered--><\/strong><\/p>\n","protected":false},"excerpt":{"rendered":"<p>Podgoric\u00eb, 13 qershor-\u00a0 Liberal\u00ebt malazias e kan\u00eb d\u00ebnuar ashp\u00ebr t\u00eb ashtuquajtur\u00ebn ceremoni fetare n\u00eb maj\u00ebn e malit t\u00eb Rumis\u00eb, t\u00eb organizuar nga Kisha Ortodokse Serbe \/KOS\/. Liberal\u00ebt akuzojn\u00eb mazhoranc\u00ebn q\u00eb nuk e ka hequr kish\u00ebn e metalt\u00eb nga Rumia, t\u00eb cil\u00ebn e ka ngritur KOS-i me ndihm\u00ebn e ish-ushtris\u00eb serbo-malazeze n\u00eb vitin 2005 \u201cedhe nuk [&hellip;]<\/p>\n","protected":false},"author":1,"featured_media":0,"comment_status":"open","ping_status":"closed","sticky":false,"template":"","format":"standard","meta":{"spay_email":"","jetpack_publicize_message":"","jetpack_is_tweetstorm":false,"jetpack_publicize_feature_enabled":true},"categories":[1,14],"tags":[13649],"jetpack_publicize_connections":[],"yoast_head":"<!-- This site is optimized with the Yoast SEO plugin v19.1 - https:\/\/yoast.com\/wordpress\/plugins\/seo\/ -->\n<title>Video Eskluzive - Edhe nj\u00eb provokim n\u00eb maj\u00ebn e Rumis\u00eb - Lajme nga Ulqini<\/title>\n<meta name=\"description\" content=\"Podgoric\u00eb, 13 qershor-\u00a0 Liberal\u00ebt malazias e kan\u00eb d\u00ebnuar ashp\u00ebr t\u00eb ashtuquajtur\u00ebn ceremoni fetare n\u00eb maj\u00ebn e malit t\u00eb Rumis\u00eb, t\u00eb organizuar nga Kisha\" \/>\n<meta name=\"robots\" content=\"index, follow, max-snippet:-1, max-image-preview:large, max-video-preview:-1\" \/>\n<link rel=\"canonical\" href=\"https:\/\/www.visit-ulcinj.com\/blog\/2011\/06\/14\/video-eskluzive-edhe-nje-provokim-ne-majen-e-rumise\/\" \/>\n<meta property=\"og:locale\" content=\"en_US\" \/>\n<meta property=\"og:type\" content=\"article\" \/>\n<meta property=\"og:title\" content=\"Video Eskluzive - Edhe nj\u00eb provokim n\u00eb maj\u00ebn e Rumis\u00eb - Lajme nga Ulqini\" \/>\n<meta property=\"og:description\" content=\"Podgoric\u00eb, 13 qershor-\u00a0 Liberal\u00ebt malazias e kan\u00eb d\u00ebnuar ashp\u00ebr t\u00eb ashtuquajtur\u00ebn ceremoni fetare n\u00eb maj\u00ebn e malit t\u00eb Rumis\u00eb, t\u00eb organizuar nga Kisha\" \/>\n<meta property=\"og:url\" content=\"https:\/\/www.visit-ulcinj.com\/blog\/2011\/06\/14\/video-eskluzive-edhe-nje-provokim-ne-majen-e-rumise\/\" \/>\n<meta property=\"og:site_name\" content=\"Lajme nga Ulqini\" \/>\n<meta property=\"article:published_time\" content=\"2011-06-14T11:58:03+00:00\" \/>\n<meta property=\"article:modified_time\" content=\"2011-06-15T07:12:40+00:00\" \/>\n<meta property=\"og:image\" content=\"http:\/\/www.visit-ulcinj.com\/blog\/wp-content\/uploads\/2011\/06\/KISHA-NE-RUMI.jpg\" \/>\n<meta name=\"twitter:label1\" content=\"Written by\" \/>\n\t<meta name=\"twitter:data1\" content=\"ulqini\" \/>\n\t<meta name=\"twitter:label2\" content=\"Est. reading time\" \/>\n\t<meta name=\"twitter:data2\" content=\"1 minute\" \/>\n<script type=\"application\/ld+json\" class=\"yoast-schema-graph\">{\"@context\":\"https:\/\/schema.org\",\"@graph\":[{\"@type\":\"WebSite\",\"@id\":\"https:\/\/www.visit-ulcinj.com\/blog\/#website\",\"url\":\"https:\/\/www.visit-ulcinj.com\/blog\/\",\"name\":\"Lajme nga Ulqini\",\"description\":\"Lajme,Vijesti,Ulqini,Ulqin,Crna Gora,Mali i Zi\",\"potentialAction\":[{\"@type\":\"SearchAction\",\"target\":{\"@type\":\"EntryPoint\",\"urlTemplate\":\"https:\/\/www.visit-ulcinj.com\/blog\/?s={search_term_string}\"},\"query-input\":\"required name=search_term_string\"}],\"inLanguage\":\"en-US\"},{\"@type\":\"ImageObject\",\"inLanguage\":\"en-US\",\"@id\":\"https:\/\/www.visit-ulcinj.com\/blog\/2011\/06\/14\/video-eskluzive-edhe-nje-provokim-ne-majen-e-rumise\/#primaryimage\",\"url\":\"https:\/\/www.visit-ulcinj.com\/blog\/wp-content\/uploads\/2011\/06\/KISHA-NE-RUMI.jpg\",\"contentUrl\":\"https:\/\/www.visit-ulcinj.com\/blog\/wp-content\/uploads\/2011\/06\/KISHA-NE-RUMI.jpg\",\"width\":\"632\",\"height\":\"404\"},{\"@type\":\"WebPage\",\"@id\":\"https:\/\/www.visit-ulcinj.com\/blog\/2011\/06\/14\/video-eskluzive-edhe-nje-provokim-ne-majen-e-rumise\/#webpage\",\"url\":\"https:\/\/www.visit-ulcinj.com\/blog\/2011\/06\/14\/video-eskluzive-edhe-nje-provokim-ne-majen-e-rumise\/\",\"name\":\"Video Eskluzive - Edhe nj\u00eb provokim n\u00eb maj\u00ebn e Rumis\u00eb - Lajme nga Ulqini\",\"isPartOf\":{\"@id\":\"https:\/\/www.visit-ulcinj.com\/blog\/#website\"},\"primaryImageOfPage\":{\"@id\":\"https:\/\/www.visit-ulcinj.com\/blog\/2011\/06\/14\/video-eskluzive-edhe-nje-provokim-ne-majen-e-rumise\/#primaryimage\"},\"datePublished\":\"2011-06-14T11:58:03+00:00\",\"dateModified\":\"2011-06-15T07:12:40+00:00\",\"author\":{\"@id\":\"https:\/\/www.visit-ulcinj.com\/blog\/#\/schema\/person\/dcab619c614d3038751c63bc2aadc06d\"},\"description\":\"Podgoric\u00eb, 13 qershor-\u00a0 Liberal\u00ebt malazias e kan\u00eb d\u00ebnuar ashp\u00ebr t\u00eb ashtuquajtur\u00ebn ceremoni fetare n\u00eb maj\u00ebn e malit t\u00eb Rumis\u00eb, t\u00eb organizuar nga Kisha\",\"breadcrumb\":{\"@id\":\"https:\/\/www.visit-ulcinj.com\/blog\/2011\/06\/14\/video-eskluzive-edhe-nje-provokim-ne-majen-e-rumise\/#breadcrumb\"},\"inLanguage\":\"en-US\",\"potentialAction\":[{\"@type\":\"ReadAction\",\"target\":[\"https:\/\/www.visit-ulcinj.com\/blog\/2011\/06\/14\/video-eskluzive-edhe-nje-provokim-ne-majen-e-rumise\/\"]}]},{\"@type\":\"BreadcrumbList\",\"@id\":\"https:\/\/www.visit-ulcinj.com\/blog\/2011\/06\/14\/video-eskluzive-edhe-nje-provokim-ne-majen-e-rumise\/#breadcrumb\",\"itemListElement\":[{\"@type\":\"ListItem\",\"position\":1,\"name\":\"Video Eskluzive &#8211; Edhe nj\u00eb provokim n\u00eb maj\u00ebn e Rumis\u00eb\"}]},{\"@type\":\"Person\",\"@id\":\"https:\/\/www.visit-ulcinj.com\/blog\/#\/schema\/person\/dcab619c614d3038751c63bc2aadc06d\",\"name\":\"ulqini\",\"sameAs\":[\"http:\/\/www.visit-ulcinj.com\"],\"url\":\"https:\/\/www.visit-ulcinj.com\/blog\/author\/admin\/\"}]}<\/script>\n<!-- \/ Yoast SEO plugin. -->","yoast_head_json":{"title":"Video Eskluzive - Edhe nj\u00eb provokim n\u00eb maj\u00ebn e Rumis\u00eb - Lajme nga Ulqini","description":"Podgoric\u00eb, 13 qershor-\u00a0 Liberal\u00ebt malazias e kan\u00eb d\u00ebnuar ashp\u00ebr t\u00eb ashtuquajtur\u00ebn ceremoni fetare n\u00eb maj\u00ebn e malit t\u00eb Rumis\u00eb, t\u00eb organizuar nga Kisha","robots":{"index":"index","follow":"follow","max-snippet":"max-snippet:-1","max-image-preview":"max-image-preview:large","max-video-preview":"max-video-preview:-1"},"canonical":"https:\/\/www.visit-ulcinj.com\/blog\/2011\/06\/14\/video-eskluzive-edhe-nje-provokim-ne-majen-e-rumise\/","og_locale":"en_US","og_type":"article","og_title":"Video Eskluzive - Edhe nj\u00eb provokim n\u00eb maj\u00ebn e Rumis\u00eb - Lajme nga Ulqini","og_description":"Podgoric\u00eb, 13 qershor-\u00a0 Liberal\u00ebt malazias e kan\u00eb d\u00ebnuar ashp\u00ebr t\u00eb ashtuquajtur\u00ebn ceremoni fetare n\u00eb maj\u00ebn e malit t\u00eb Rumis\u00eb, t\u00eb organizuar nga Kisha","og_url":"https:\/\/www.visit-ulcinj.com\/blog\/2011\/06\/14\/video-eskluzive-edhe-nje-provokim-ne-majen-e-rumise\/","og_site_name":"Lajme nga Ulqini","article_published_time":"2011-06-14T11:58:03+00:00","article_modified_time":"2011-06-15T07:12:40+00:00","og_image":[{"url":"http:\/\/www.visit-ulcinj.com\/blog\/wp-content\/uploads\/2011\/06\/KISHA-NE-RUMI.jpg"}],"twitter_misc":{"Written by":"ulqini","Est. reading time":"1 minute"},"schema":{"@context":"https:\/\/schema.org","@graph":[{"@type":"WebSite","@id":"https:\/\/www.visit-ulcinj.com\/blog\/#website","url":"https:\/\/www.visit-ulcinj.com\/blog\/","name":"Lajme nga Ulqini","description":"Lajme,Vijesti,Ulqini,Ulqin,Crna Gora,Mali i Zi","potentialAction":[{"@type":"SearchAction","target":{"@type":"EntryPoint","urlTemplate":"https:\/\/www.visit-ulcinj.com\/blog\/?s={search_term_string}"},"query-input":"required name=search_term_string"}],"inLanguage":"en-US"},{"@type":"ImageObject","inLanguage":"en-US","@id":"https:\/\/www.visit-ulcinj.com\/blog\/2011\/06\/14\/video-eskluzive-edhe-nje-provokim-ne-majen-e-rumise\/#primaryimage","url":"https:\/\/www.visit-ulcinj.com\/blog\/wp-content\/uploads\/2011\/06\/KISHA-NE-RUMI.jpg","contentUrl":"https:\/\/www.visit-ulcinj.com\/blog\/wp-content\/uploads\/2011\/06\/KISHA-NE-RUMI.jpg","width":"632","height":"404"},{"@type":"WebPage","@id":"https:\/\/www.visit-ulcinj.com\/blog\/2011\/06\/14\/video-eskluzive-edhe-nje-provokim-ne-majen-e-rumise\/#webpage","url":"https:\/\/www.visit-ulcinj.com\/blog\/2011\/06\/14\/video-eskluzive-edhe-nje-provokim-ne-majen-e-rumise\/","name":"Video Eskluzive - Edhe nj\u00eb provokim n\u00eb maj\u00ebn e Rumis\u00eb - Lajme nga Ulqini","isPartOf":{"@id":"https:\/\/www.visit-ulcinj.com\/blog\/#website"},"primaryImageOfPage":{"@id":"https:\/\/www.visit-ulcinj.com\/blog\/2011\/06\/14\/video-eskluzive-edhe-nje-provokim-ne-majen-e-rumise\/#primaryimage"},"datePublished":"2011-06-14T11:58:03+00:00","dateModified":"2011-06-15T07:12:40+00:00","author":{"@id":"https:\/\/www.visit-ulcinj.com\/blog\/#\/schema\/person\/dcab619c614d3038751c63bc2aadc06d"},"description":"Podgoric\u00eb, 13 qershor-\u00a0 Liberal\u00ebt malazias e kan\u00eb d\u00ebnuar ashp\u00ebr t\u00eb ashtuquajtur\u00ebn ceremoni fetare n\u00eb maj\u00ebn e malit t\u00eb Rumis\u00eb, t\u00eb organizuar nga Kisha","breadcrumb":{"@id":"https:\/\/www.visit-ulcinj.com\/blog\/2011\/06\/14\/video-eskluzive-edhe-nje-provokim-ne-majen-e-rumise\/#breadcrumb"},"inLanguage":"en-US","potentialAction":[{"@type":"ReadAction","target":["https:\/\/www.visit-ulcinj.com\/blog\/2011\/06\/14\/video-eskluzive-edhe-nje-provokim-ne-majen-e-rumise\/"]}]},{"@type":"BreadcrumbList","@id":"https:\/\/www.visit-ulcinj.com\/blog\/2011\/06\/14\/video-eskluzive-edhe-nje-provokim-ne-majen-e-rumise\/#breadcrumb","itemListElement":[{"@type":"ListItem","position":1,"name":"Video Eskluzive &#8211; Edhe nj\u00eb provokim n\u00eb maj\u00ebn e Rumis\u00eb"}]},{"@type":"Person","@id":"https:\/\/www.visit-ulcinj.com\/blog\/#\/schema\/person\/dcab619c614d3038751c63bc2aadc06d","name":"ulqini","sameAs":["http:\/\/www.visit-ulcinj.com"],"url":"https:\/\/www.visit-ulcinj.com\/blog\/author\/admin\/"}]}},"jetpack_featured_media_url":"","jetpack_sharing_enabled":true,"jetpack_shortlink":"https:\/\/wp.me\/pe6lTn-coP","_links":{"self":[{"href":"https:\/\/www.visit-ulcinj.com\/blog\/wp-json\/wp\/v2\/posts\/47667"}],"collection":[{"href":"https:\/\/www.visit-ulcinj.com\/blog\/wp-json\/wp\/v2\/posts"}],"about":[{"href":"https:\/\/www.visit-ulcinj.com\/blog\/wp-json\/wp\/v2\/types\/post"}],"author":[{"embeddable":true,"href":"https:\/\/www.visit-ulcinj.com\/blog\/wp-json\/wp\/v2\/users\/1"}],"replies":[{"embeddable":true,"href":"https:\/\/www.visit-ulcinj.com\/blog\/wp-json\/wp\/v2\/comments?post=47667"}],"version-history":[{"count":0,"href":"https:\/\/www.visit-ulcinj.com\/blog\/wp-json\/wp\/v2\/posts\/47667\/revisions"}],"wp:attachment":[{"href":"https:\/\/www.visit-ulcinj.com\/blog\/wp-json\/wp\/v2\/media?parent=47667"}],"wp:term":[{"taxonomy":"category","embeddable":true,"href":"https:\/\/www.visit-ulcinj.com\/blog\/wp-json\/wp\/v2\/categories?post=47667"},{"taxonomy":"post_tag","embeddable":true,"href":"https:\/\/www.visit-ulcinj.com\/blog\/wp-json\/wp\/v2\/tags?post=47667"}],"curies":[{"name":"wp","href":"https:\/\/api.w.org\/{rel}","templated":true}]}}