{"id":47689,"date":"2011-06-14T13:53:30","date_gmt":"2011-06-14T12:53:30","guid":{"rendered":"http:\/\/www.visit-ulcinj.com\/blog\/?p=47689"},"modified":"2011-06-14T13:56:10","modified_gmt":"2011-06-14T12:56:10","slug":"zyrtaret-kosovare-vizitojne-podgoricen-shmangin-ulqinin","status":"publish","type":"post","link":"https:\/\/www.visit-ulcinj.com\/blog\/2011\/06\/14\/zyrtaret-kosovare-vizitojne-podgoricen-shmangin-ulqinin\/","title":{"rendered":"Zyrtar\u00ebt kosovar\u00eb vizitojn\u00eb Podgoric\u00ebn, shmangin Ulqinin"},"content":{"rendered":"<p><a rel=\"attachment wp-att-47690\" href=\"http:\/\/www.visit-ulcinj.com\/blog\/2011\/06\/14\/zyrtaret-kosovare-vizitojne-podgoricen-shmangin-ulqinin\/gezim-hajdinaga-lutfi-haziri-2\/\"><img loading=\"lazy\" class=\"alignleft size-full wp-image-47690\" title=\"G\u00ebzim Hajdinaga - lutfi haziri (2)\" src=\"http:\/\/www.visit-ulcinj.com\/blog\/wp-content\/uploads\/2011\/06\/G\u00ebzim-Hajdinaga-lutfi-haziri-2.jpg\" alt=\"\" width=\"490\" height=\"358\" \/><\/a>Ulqini, 14 qershor &#8211; I pari i Ulqinit, G\u00ebzim Hajdinaga n\u00eb konferenc\u00ebn me gazetar\u00ebt kosovar\u00eb, t\u00eb cil\u00ebt kat\u00ebr dit\u00eb ishin t\u00eb ftuarit e Komun\u00ebs s\u00eb Ulqinit, ka komentuar vizit\u00ebn e z\u00ebvend\u00ebskryeministrit kosovar, Hajredin Ku\u00e7i, i cili koh\u00eb m\u00eb par\u00eb i b\u00ebri nj\u00eb vizit\u00eb zyrtare Podgoric\u00ebs, por nuk e ka par\u00eb t\u00eb udh\u00ebs q\u00eb t\u00eb vij\u00eb edhe n\u00eb Ulqin.<\/p>\n<p>Kryetari i Komun\u00ebs s\u00eb Ulqinit, G\u00ebzim Hajdinaga mori shembull zyrtar\u00ebt m\u00eb t\u00eb lart\u00eb t\u00eb Shqip\u00ebris\u00eb, duke filluar nga presidenti, adres\u00eb t\u00eb par\u00eb n\u00eb Malin e Zi kan\u00eb Ulqinin, raporton KosovaLive.<\/p>\n<p>\u201cQoft\u00eb n\u00eb cil\u00ebsin\u00eb e ministrit t\u00eb pakicave, apo t\u00eb kryetarit t\u00eb komun\u00ebs s\u00eb Ulqinit, kam pasur k\u00ebnaq\u00ebsin\u00eb t\u00eb jam ur\u00eb lidh\u00ebse midis dy qeverive t\u00eb koh\u00ebs, asaj t\u00eb Malit t\u00eb Zi dhe t\u00eb Kosov\u00ebs, duke filluar nga viti 2000 e k\u00ebndej. N\u00eb kabinetin e kryetarit t\u00eb Komun\u00ebs s\u00eb Ulqinit kam pritur ish- kryeministrin e Kosov\u00ebs, Agim \u00c7ekun, ish-zv\/kryeministrin dhe ish- minist\u00ebr i kultur\u00ebs, Lutfi Hazirin edhe ministra e autoritete tjera t\u00eb Kosov\u00ebs\u201d,- u shpreh Hajdinaga.<\/p>\n<p>Ai thot\u00eb se Ulqini \u00ebsht\u00eb qytet i hapur p\u00ebr bashk\u00ebpunim edhe kontribues i d\u00ebshmuar i nd\u00ebrtimit t\u00eb marr\u00ebsh\u00ebnieve t\u00eb mira mes Podgoric\u00ebs e Prishtin\u00ebs dhe Podgoric\u00ebs e Tiran\u00ebs n\u00eb koh\u00eb t\u00eb v\u00ebshtira politike dhe shoq\u00ebrore.<\/p>\n<p>Nd\u00ebrkaq, n\u00eb pyetjen tjet\u00ebr nga gazetar\u00ebt kosovar\u00eb se \u00e7far\u00eb ndikimi ka pasur p\u00ebr Ulqinin \u201cRruga e Kombit\u201d, Hajdinaga n\u00ebnvizoi se \u201cRruga e Kombit\u201d \u00ebsht\u00eb favor p\u00ebr Ulqinin.<\/p>\n<p>&#8220;Ka ndodhur ajo realja, duke e rritur numrin e turist\u00ebve kosovar\u00eb n\u00eb Ulqin. Sipas t\u00eb dh\u00ebnave q\u00eb disponojm\u00eb, nga janari i k\u00ebtij viti e deri m\u00eb tash, krahasuar me t\u00eb nj\u00ebjt\u00ebn periudh\u00eb t\u00eb vitit t\u00eb kaluar, \u00ebsht\u00eb rritur 35 p\u00ebr qind numri i makinave me targ\u00eb t\u00eb Kosov\u00ebs q\u00eb kan\u00eb hyr\u00eb n\u00eb pik\u00ebn kufitare t\u00eb Sukubin\u00ebs\/Muriqanit, midis Ulqinit e Shkodr\u00ebs.<\/p>\n<p>Hajdinaga shtoi se Ulqini vazhdon t\u00eb jet\u00eb adresa kryesore e kultur\u00ebs mbar\u00ebkomb\u00ebtare n\u00eb stin\u00ebn e ver\u00ebs. Tash, po b\u00ebhen p\u00ebrgatitjet p\u00ebrfundimtare t\u00eb organizimit t\u00eb edicionit t\u00eb 11 t\u00eb Panairit t\u00eb librit, por ky qytet vazhdon t\u00eb jet\u00eb simbol i jet\u00ebs s\u00eb nat\u00ebs rinore, duke shtuar se n\u00eb disponim t\u00eb turist\u00ebve do t\u00eb jen\u00eb 25 hotele me 3\u20134 yje.<\/p>\n<p>Disa gazetar\u00eb u ankuan se \u00e7mimet e vendosjes q\u00eb ofrohen, p\u00ebr kosovar\u00ebt jan\u00eb t\u00eb larta, Hajdinaga edhe drejtori i Organizat\u00ebs turistike komunale, Ali Rexha u p\u00ebrgjigjen se n\u00eb cilin vend n\u00eb Adriatik mund t\u00eb gjesh akomodim me 5, mbase edhe me 4 euro bujtje, me furnizim 24 or\u00eb me uj\u00eb t\u00eb pijsh\u00ebm e rrym\u00eb elektrike. Ata shtuan se produktet kosovare, jo vet\u00ebm l\u00ebngjet e pijet tjera freskuese, por edhe ushqimore, jan\u00eb t\u00eb pranishme n\u00eb tregun e Ulqinit.<\/p>\n<p><strong>KOHA NET<\/strong><\/p>\n<p><strong><!--YouTube Error: bad URL entered--><br \/>\n<\/strong><\/p>\n","protected":false},"excerpt":{"rendered":"<p>Ulqini, 14 qershor &#8211; I pari i Ulqinit, G\u00ebzim Hajdinaga n\u00eb konferenc\u00ebn me gazetar\u00ebt kosovar\u00eb, t\u00eb cil\u00ebt kat\u00ebr dit\u00eb ishin t\u00eb ftuarit e Komun\u00ebs s\u00eb Ulqinit, ka komentuar vizit\u00ebn e z\u00ebvend\u00ebskryeministrit kosovar, Hajredin Ku\u00e7i, i cili koh\u00eb m\u00eb par\u00eb i b\u00ebri nj\u00eb vizit\u00eb zyrtare Podgoric\u00ebs, por nuk e ka par\u00eb t\u00eb udh\u00ebs q\u00eb t\u00eb vij\u00eb [&hellip;]<\/p>\n","protected":false},"author":1,"featured_media":0,"comment_status":"open","ping_status":"closed","sticky":false,"template":"","format":"standard","meta":{"spay_email":"","jetpack_publicize_message":"","jetpack_is_tweetstorm":false,"jetpack_publicize_feature_enabled":true},"categories":[6],"tags":[222,49,95,2306,200,18],"jetpack_publicize_connections":[],"yoast_head":"<!-- This site is optimized with the Yoast SEO plugin v19.1 - https:\/\/yoast.com\/wordpress\/plugins\/seo\/ -->\n<title>Zyrtar\u00ebt kosovar\u00eb vizitojn\u00eb Podgoric\u00ebn, shmangin Ulqinin - Lajme nga Ulqini<\/title>\n<meta name=\"description\" content=\"Ulqini, 14 qershor - I pari i Ulqinit, G\u00ebzim Hajdinaga n\u00eb konferenc\u00ebn me gazetar\u00ebt kosovar\u00eb, t\u00eb cil\u00ebt kat\u00ebr dit\u00eb ishin t\u00eb ftuarit e Komun\u00ebs s\u00eb Ulqinit, ka\" \/>\n<meta name=\"robots\" content=\"index, follow, max-snippet:-1, max-image-preview:large, max-video-preview:-1\" \/>\n<link rel=\"canonical\" href=\"https:\/\/www.visit-ulcinj.com\/blog\/2011\/06\/14\/zyrtaret-kosovare-vizitojne-podgoricen-shmangin-ulqinin\/\" \/>\n<meta property=\"og:locale\" content=\"en_US\" \/>\n<meta property=\"og:type\" content=\"article\" \/>\n<meta property=\"og:title\" content=\"Zyrtar\u00ebt kosovar\u00eb vizitojn\u00eb Podgoric\u00ebn, shmangin Ulqinin - Lajme nga Ulqini\" \/>\n<meta property=\"og:description\" content=\"Ulqini, 14 qershor - I pari i Ulqinit, G\u00ebzim Hajdinaga n\u00eb konferenc\u00ebn me gazetar\u00ebt kosovar\u00eb, t\u00eb cil\u00ebt kat\u00ebr dit\u00eb ishin t\u00eb ftuarit e Komun\u00ebs s\u00eb Ulqinit, ka\" \/>\n<meta property=\"og:url\" content=\"https:\/\/www.visit-ulcinj.com\/blog\/2011\/06\/14\/zyrtaret-kosovare-vizitojne-podgoricen-shmangin-ulqinin\/\" \/>\n<meta property=\"og:site_name\" content=\"Lajme nga Ulqini\" \/>\n<meta property=\"article:published_time\" content=\"2011-06-14T12:53:30+00:00\" \/>\n<meta property=\"article:modified_time\" content=\"2011-06-14T12:56:10+00:00\" \/>\n<meta name=\"twitter:label1\" content=\"Written by\" \/>\n\t<meta name=\"twitter:data1\" content=\"ulqini\" \/>\n\t<meta name=\"twitter:label2\" content=\"Est. reading time\" \/>\n\t<meta name=\"twitter:data2\" content=\"3 minutes\" \/>\n<script type=\"application\/ld+json\" class=\"yoast-schema-graph\">{\"@context\":\"https:\/\/schema.org\",\"@graph\":[{\"@type\":\"WebSite\",\"@id\":\"https:\/\/www.visit-ulcinj.com\/blog\/#website\",\"url\":\"https:\/\/www.visit-ulcinj.com\/blog\/\",\"name\":\"Lajme nga Ulqini\",\"description\":\"Lajme,Vijesti,Ulqini,Ulqin,Crna Gora,Mali i Zi\",\"potentialAction\":[{\"@type\":\"SearchAction\",\"target\":{\"@type\":\"EntryPoint\",\"urlTemplate\":\"https:\/\/www.visit-ulcinj.com\/blog\/?s={search_term_string}\"},\"query-input\":\"required name=search_term_string\"}],\"inLanguage\":\"en-US\"},{\"@type\":\"WebPage\",\"@id\":\"https:\/\/www.visit-ulcinj.com\/blog\/2011\/06\/14\/zyrtaret-kosovare-vizitojne-podgoricen-shmangin-ulqinin\/#webpage\",\"url\":\"https:\/\/www.visit-ulcinj.com\/blog\/2011\/06\/14\/zyrtaret-kosovare-vizitojne-podgoricen-shmangin-ulqinin\/\",\"name\":\"Zyrtar\u00ebt kosovar\u00eb vizitojn\u00eb Podgoric\u00ebn, shmangin Ulqinin - Lajme nga Ulqini\",\"isPartOf\":{\"@id\":\"https:\/\/www.visit-ulcinj.com\/blog\/#website\"},\"datePublished\":\"2011-06-14T12:53:30+00:00\",\"dateModified\":\"2011-06-14T12:56:10+00:00\",\"author\":{\"@id\":\"https:\/\/www.visit-ulcinj.com\/blog\/#\/schema\/person\/dcab619c614d3038751c63bc2aadc06d\"},\"description\":\"Ulqini, 14 qershor - I pari i Ulqinit, G\u00ebzim Hajdinaga n\u00eb konferenc\u00ebn me gazetar\u00ebt kosovar\u00eb, t\u00eb cil\u00ebt kat\u00ebr dit\u00eb ishin t\u00eb ftuarit e Komun\u00ebs s\u00eb Ulqinit, ka\",\"breadcrumb\":{\"@id\":\"https:\/\/www.visit-ulcinj.com\/blog\/2011\/06\/14\/zyrtaret-kosovare-vizitojne-podgoricen-shmangin-ulqinin\/#breadcrumb\"},\"inLanguage\":\"en-US\",\"potentialAction\":[{\"@type\":\"ReadAction\",\"target\":[\"https:\/\/www.visit-ulcinj.com\/blog\/2011\/06\/14\/zyrtaret-kosovare-vizitojne-podgoricen-shmangin-ulqinin\/\"]}]},{\"@type\":\"BreadcrumbList\",\"@id\":\"https:\/\/www.visit-ulcinj.com\/blog\/2011\/06\/14\/zyrtaret-kosovare-vizitojne-podgoricen-shmangin-ulqinin\/#breadcrumb\",\"itemListElement\":[{\"@type\":\"ListItem\",\"position\":1,\"name\":\"Zyrtar\u00ebt kosovar\u00eb vizitojn\u00eb Podgoric\u00ebn, shmangin Ulqinin\"}]},{\"@type\":\"Person\",\"@id\":\"https:\/\/www.visit-ulcinj.com\/blog\/#\/schema\/person\/dcab619c614d3038751c63bc2aadc06d\",\"name\":\"ulqini\",\"sameAs\":[\"http:\/\/www.visit-ulcinj.com\"],\"url\":\"https:\/\/www.visit-ulcinj.com\/blog\/author\/admin\/\"}]}<\/script>\n<!-- \/ Yoast SEO plugin. -->","yoast_head_json":{"title":"Zyrtar\u00ebt kosovar\u00eb vizitojn\u00eb Podgoric\u00ebn, shmangin Ulqinin - Lajme nga Ulqini","description":"Ulqini, 14 qershor - I pari i Ulqinit, G\u00ebzim Hajdinaga n\u00eb konferenc\u00ebn me gazetar\u00ebt kosovar\u00eb, t\u00eb cil\u00ebt kat\u00ebr dit\u00eb ishin t\u00eb ftuarit e Komun\u00ebs s\u00eb Ulqinit, ka","robots":{"index":"index","follow":"follow","max-snippet":"max-snippet:-1","max-image-preview":"max-image-preview:large","max-video-preview":"max-video-preview:-1"},"canonical":"https:\/\/www.visit-ulcinj.com\/blog\/2011\/06\/14\/zyrtaret-kosovare-vizitojne-podgoricen-shmangin-ulqinin\/","og_locale":"en_US","og_type":"article","og_title":"Zyrtar\u00ebt kosovar\u00eb vizitojn\u00eb Podgoric\u00ebn, shmangin Ulqinin - Lajme nga Ulqini","og_description":"Ulqini, 14 qershor - I pari i Ulqinit, G\u00ebzim Hajdinaga n\u00eb konferenc\u00ebn me gazetar\u00ebt kosovar\u00eb, t\u00eb cil\u00ebt kat\u00ebr dit\u00eb ishin t\u00eb ftuarit e Komun\u00ebs s\u00eb Ulqinit, ka","og_url":"https:\/\/www.visit-ulcinj.com\/blog\/2011\/06\/14\/zyrtaret-kosovare-vizitojne-podgoricen-shmangin-ulqinin\/","og_site_name":"Lajme nga Ulqini","article_published_time":"2011-06-14T12:53:30+00:00","article_modified_time":"2011-06-14T12:56:10+00:00","twitter_misc":{"Written by":"ulqini","Est. reading time":"3 minutes"},"schema":{"@context":"https:\/\/schema.org","@graph":[{"@type":"WebSite","@id":"https:\/\/www.visit-ulcinj.com\/blog\/#website","url":"https:\/\/www.visit-ulcinj.com\/blog\/","name":"Lajme nga Ulqini","description":"Lajme,Vijesti,Ulqini,Ulqin,Crna Gora,Mali i Zi","potentialAction":[{"@type":"SearchAction","target":{"@type":"EntryPoint","urlTemplate":"https:\/\/www.visit-ulcinj.com\/blog\/?s={search_term_string}"},"query-input":"required name=search_term_string"}],"inLanguage":"en-US"},{"@type":"WebPage","@id":"https:\/\/www.visit-ulcinj.com\/blog\/2011\/06\/14\/zyrtaret-kosovare-vizitojne-podgoricen-shmangin-ulqinin\/#webpage","url":"https:\/\/www.visit-ulcinj.com\/blog\/2011\/06\/14\/zyrtaret-kosovare-vizitojne-podgoricen-shmangin-ulqinin\/","name":"Zyrtar\u00ebt kosovar\u00eb vizitojn\u00eb Podgoric\u00ebn, shmangin Ulqinin - Lajme nga Ulqini","isPartOf":{"@id":"https:\/\/www.visit-ulcinj.com\/blog\/#website"},"datePublished":"2011-06-14T12:53:30+00:00","dateModified":"2011-06-14T12:56:10+00:00","author":{"@id":"https:\/\/www.visit-ulcinj.com\/blog\/#\/schema\/person\/dcab619c614d3038751c63bc2aadc06d"},"description":"Ulqini, 14 qershor - I pari i Ulqinit, G\u00ebzim Hajdinaga n\u00eb konferenc\u00ebn me gazetar\u00ebt kosovar\u00eb, t\u00eb cil\u00ebt kat\u00ebr dit\u00eb ishin t\u00eb ftuarit e Komun\u00ebs s\u00eb Ulqinit, ka","breadcrumb":{"@id":"https:\/\/www.visit-ulcinj.com\/blog\/2011\/06\/14\/zyrtaret-kosovare-vizitojne-podgoricen-shmangin-ulqinin\/#breadcrumb"},"inLanguage":"en-US","potentialAction":[{"@type":"ReadAction","target":["https:\/\/www.visit-ulcinj.com\/blog\/2011\/06\/14\/zyrtaret-kosovare-vizitojne-podgoricen-shmangin-ulqinin\/"]}]},{"@type":"BreadcrumbList","@id":"https:\/\/www.visit-ulcinj.com\/blog\/2011\/06\/14\/zyrtaret-kosovare-vizitojne-podgoricen-shmangin-ulqinin\/#breadcrumb","itemListElement":[{"@type":"ListItem","position":1,"name":"Zyrtar\u00ebt kosovar\u00eb vizitojn\u00eb Podgoric\u00ebn, shmangin Ulqinin"}]},{"@type":"Person","@id":"https:\/\/www.visit-ulcinj.com\/blog\/#\/schema\/person\/dcab619c614d3038751c63bc2aadc06d","name":"ulqini","sameAs":["http:\/\/www.visit-ulcinj.com"],"url":"https:\/\/www.visit-ulcinj.com\/blog\/author\/admin\/"}]}},"jetpack_featured_media_url":"","jetpack_sharing_enabled":true,"jetpack_shortlink":"https:\/\/wp.me\/pe6lTn-cpb","_links":{"self":[{"href":"https:\/\/www.visit-ulcinj.com\/blog\/wp-json\/wp\/v2\/posts\/47689"}],"collection":[{"href":"https:\/\/www.visit-ulcinj.com\/blog\/wp-json\/wp\/v2\/posts"}],"about":[{"href":"https:\/\/www.visit-ulcinj.com\/blog\/wp-json\/wp\/v2\/types\/post"}],"author":[{"embeddable":true,"href":"https:\/\/www.visit-ulcinj.com\/blog\/wp-json\/wp\/v2\/users\/1"}],"replies":[{"embeddable":true,"href":"https:\/\/www.visit-ulcinj.com\/blog\/wp-json\/wp\/v2\/comments?post=47689"}],"version-history":[{"count":0,"href":"https:\/\/www.visit-ulcinj.com\/blog\/wp-json\/wp\/v2\/posts\/47689\/revisions"}],"wp:attachment":[{"href":"https:\/\/www.visit-ulcinj.com\/blog\/wp-json\/wp\/v2\/media?parent=47689"}],"wp:term":[{"taxonomy":"category","embeddable":true,"href":"https:\/\/www.visit-ulcinj.com\/blog\/wp-json\/wp\/v2\/categories?post=47689"},{"taxonomy":"post_tag","embeddable":true,"href":"https:\/\/www.visit-ulcinj.com\/blog\/wp-json\/wp\/v2\/tags?post=47689"}],"curies":[{"name":"wp","href":"https:\/\/api.w.org\/{rel}","templated":true}]}}