{"id":47711,"date":"2011-06-14T17:16:18","date_gmt":"2011-06-14T16:16:18","guid":{"rendered":"http:\/\/www.visit-ulcinj.com\/blog\/?p=47711"},"modified":"2011-06-14T17:36:12","modified_gmt":"2011-06-14T16:36:12","slug":"netacni-podaci-iz-popisa-stanovnistva-za-opstinu-ulcinj","status":"publish","type":"post","link":"https:\/\/www.visit-ulcinj.com\/blog\/2011\/06\/14\/netacni-podaci-iz-popisa-stanovnistva-za-opstinu-ulcinj\/","title":{"rendered":"Neta\u010dni podaci iz popisa stanovni\u0161tva za op\u0161tinu Ulcinj"},"content":{"rendered":"<p><strong><a rel=\"attachment wp-att-47712\" href=\"http:\/\/www.visit-ulcinj.com\/blog\/2011\/06\/14\/netacni-podaci-iz-popisa-stanovnistva-za-opstinu-ulcinj\/nail-draga_forca_ulcinj-2\/\"><img loading=\"lazy\" class=\"alignleft size-full wp-image-47712\" title=\"Nail Draga_Forca_Ulcinj\" src=\"http:\/\/www.visit-ulcinj.com\/blog\/wp-content\/uploads\/2011\/06\/Nail-Draga_Forca_Ulcinj.jpg\" alt=\"\" width=\"508\" height=\"380\" \/><\/a>SAOPSTENJE ZA JAVNOST<\/strong><\/p>\n<p>Ulcinj, 14.6.2011<br \/>\nNr:\u00a0 122 \/11<\/p>\n<p><strong>NETA\u010cNI PODACI IZ POPISA STANOVNI\u0160TVA ZA OP\u0160TINU ULCINJ<\/strong><\/p>\n<p>Objavljivanje prvih rezultata popisa stanovni\u0161tva koji je odr\u017ean od 1-15-tog aprila ove godine, otvara neke dileme za diskusiju.<\/p>\n<p>Proizilazi da je za prethodnih osam godina u ukupnoj populaciji\u00a0 u Crnoj Gori do\u0161lo do simboli\u010dnog porasta za oko 5000 stanovnika. Ali analizom objavljenih podataka za op\u0161tinu Ulcinj, ta\u010dnije za naselja u Op\u0161tini, primjetili smo neke neregularnosti koje potvrdjuju da ovaj popis ima numeri\u010dkih neta\u010dnosti i ne predstavlja realno stanje broja stanovnika u ovoj Op\u0161tini. Nema dileme da za ove postupke odgovornost pada na Op\u0161tinsku popisnu komisiju ali i na MONSTAT, jer su oni obradjiva\u010di podataka.<br \/>\n<a rel=\"attachment wp-att-47718\" href=\"http:\/\/www.visit-ulcinj.com\/blog\/2011\/06\/14\/netacni-podaci-iz-popisa-stanovnistva-za-opstinu-ulcinj\/nail-draga_forca_ulcinj-1\/\"><img loading=\"lazy\" class=\"alignleft size-full wp-image-47718\" title=\"Nail Draga_Forca_Ulcinj.1\" src=\"http:\/\/www.visit-ulcinj.com\/blog\/wp-content\/uploads\/2011\/06\/Nail-Draga_Forca_Ulcinj.1.jpg\" alt=\"\" width=\"508\" height=\"360\" \/><\/a><\/p>\n<p>Iz objavljenih podataka proizilazi da osim naselja Mo\u017eura koje je bilo nenaseljeno u 2003.god., ovoj kategoriji su, na zadnjem popisu,\u00a0 dodata i naselja Medjure\u010d, Salc i Kaliman.<\/p>\n<p>Ali na osnovu informacija na terenu, o\u010dito je da je ta informacija neta\u010dna, jer Kaliman ima 5 stanovnika.Salc 4 stanovnika i Medjure\u010d 2\u00a0 stanovnika. Posumnjali smo, takodje, i u podatke koji se ti\u010du naselja Draginje, gdje objavljeni podaci bilje\u017ee 72 stanovnika, ili manje za 91 stanovnika \u0161to je 55.82% u odnosu na 2003.godinu. Jedan ovakav podatak se ne sla\u017ee sa stanjem na terenu, jer nije bilo razloga za ovakvo smanjenje broja, po\u0161to nije bilo migracije stanovnika za ovih osam godina.<\/p>\n<p>Da bi otklonili svaku dilemu uradili smo detaljan popis stanovnika ovog naselja i do\u0161li do broja od 134 stanovnika ( vidjeti registar stanovnika sa imenima i prezimanima), odakle proizilazi da je brojka koje je data od MONSTATA nerealna, jer je broj veci \u00a0za 62 stanovnika ili 46.26%.<\/p>\n<p>Osim ovih naselja, analizirali smo i evidentirali broj stanovnika jo\u0161 jednog naselja, a to je naselje \u0160as. Prema objavljenim podacima proizilazi da \u0160as ima 239 stanovnika, dok je na\u0161a evidencija na terenu potvrdila da je taj broj ve\u0107i, to jest, da ima 271 stanovnika, dakle za 32 stanovnika vi\u0161e od broja koji daje MONSTAT.<\/p>\n<p>Samo podaci za ova naselja demantuju\u00a0 ukupan broj stanovnika za op\u0161tinu Ulcinj \u00a0od <strong>20265<\/strong> stanovnika, koji treba da bude ve\u0107i, makar za\u00a0 <strong>104 <\/strong>stanovnika verifikovanih imenima i prezimenima, daklje <strong>20369,<\/strong> a taj broj je ve\u0107i za 79 stanovnika u poredjenju sa 2003. godinom.<br \/>\n<a rel=\"attachment wp-att-47729\" href=\"http:\/\/www.visit-ulcinj.com\/blog\/2011\/06\/14\/netacni-podaci-iz-popisa-stanovnistva-za-opstinu-ulcinj\/nail-draga_forca_ulcinj-2-2\/\"><img loading=\"lazy\" class=\"alignleft size-full wp-image-47729\" title=\"Nail Draga_Forca_Ulcinj.2\" src=\"http:\/\/www.visit-ulcinj.com\/blog\/wp-content\/uploads\/2011\/06\/Nail-Draga_Forca_Ulcinj.2.jpg\" alt=\"\" width=\"508\" height=\"360\" \/><\/a><\/p>\n<p>Mi smo u postupku evidentiranja i drugih podataka, kao \u0161to su slu\u010dajevi neevidentiranja od strane popisiva\u010da, nekih \u010dlanova familjije koji se nijesu zatekli tu, a odnosi se uglavnom na studente. Takodje nijesu evidentirani i neki \u010dlanovi domacinstva koji su se zatekli u inostranstvu i ulaze u ketegoriju diaspore.<\/p>\n<p>Mislimo da ovi podaci koji se odnose na op\u0161tinu Ulcinj nijesu usamljeni, ve\u0107 mislimo da postoje i druge neta\u010dnosti i u drugim sredinama u Crnoj Gori, dakle ne samo tamo gdje \u017eive Albanci, ve\u0107 i pripadnici drugih naroda, ali to mora da se istra\u017euje.<\/p>\n<p>Naredne aktivnosti posve\u0107ene popisu stanovni\u0161tva odr\u017ea\u0107emo nakon objavljivanja podataka o nacionalnoj, jezi\u010dkoj i vjerskoj strukturi stanovni\u0161tva, a to se o\u010dekuje nakon 15-tog jula. Nadamo se da \u0107emo do tada imati i podatke o stanovnicima Crne Gore u dijaspori, iako \u0107e ti podaci biti dati samo kao brojke, dakle bez nacionalne, jezi\u010dke i vjerske strukture, \u0161to je nedostatak ovoga popisa stanovni\u0161tva.<\/p>\n<p><strong>Slu\u017eba za informisanje Force<br \/>\n<\/strong><\/p>\n","protected":false},"excerpt":{"rendered":"<p>SAOPSTENJE ZA JAVNOST Ulcinj, 14.6.2011 Nr:\u00a0 122 \/11 NETA\u010cNI PODACI IZ POPISA STANOVNI\u0160TVA ZA OP\u0160TINU ULCINJ Objavljivanje prvih rezultata popisa stanovni\u0161tva koji je odr\u017ean od 1-15-tog aprila ove godine, otvara neke dileme za diskusiju. Proizilazi da je za prethodnih osam godina u ukupnoj populaciji\u00a0 u Crnoj Gori do\u0161lo do simboli\u010dnog porasta za oko 5000 stanovnika. [&hellip;]<\/p>\n","protected":false},"author":1,"featured_media":0,"comment_status":"open","ping_status":"closed","sticky":false,"template":"","format":"standard","meta":{"spay_email":"","jetpack_publicize_message":"","jetpack_is_tweetstorm":false,"jetpack_publicize_feature_enabled":true},"categories":[8337],"tags":[117,318,4666,264,19],"jetpack_publicize_connections":[],"yoast_head":"<!-- This site is optimized with the Yoast SEO plugin v19.1 - https:\/\/yoast.com\/wordpress\/plugins\/seo\/ -->\n<title>Neta\u010dni podaci iz popisa stanovni\u0161tva za op\u0161tinu Ulcinj - Lajme nga Ulqini<\/title>\n<meta name=\"description\" content=\"SAOPSTENJE ZA JAVNOST Ulcinj, 14.6.2011 Nr:\u00a0 122 \/11 NETA\u010cNI PODACI IZ POPISA STANOVNI\u0160TVA ZA OP\u0160TINU ULCINJ Objavljivanje prvih rezultata popisa\" \/>\n<meta name=\"robots\" content=\"index, follow, max-snippet:-1, max-image-preview:large, max-video-preview:-1\" \/>\n<link rel=\"canonical\" href=\"https:\/\/www.visit-ulcinj.com\/blog\/2011\/06\/14\/netacni-podaci-iz-popisa-stanovnistva-za-opstinu-ulcinj\/\" \/>\n<meta property=\"og:locale\" content=\"en_US\" \/>\n<meta property=\"og:type\" content=\"article\" \/>\n<meta property=\"og:title\" content=\"Neta\u010dni podaci iz popisa stanovni\u0161tva za op\u0161tinu Ulcinj - Lajme nga Ulqini\" \/>\n<meta property=\"og:description\" content=\"SAOPSTENJE ZA JAVNOST Ulcinj, 14.6.2011 Nr:\u00a0 122 \/11 NETA\u010cNI PODACI IZ POPISA STANOVNI\u0160TVA ZA OP\u0160TINU ULCINJ Objavljivanje prvih rezultata popisa\" \/>\n<meta property=\"og:url\" content=\"https:\/\/www.visit-ulcinj.com\/blog\/2011\/06\/14\/netacni-podaci-iz-popisa-stanovnistva-za-opstinu-ulcinj\/\" \/>\n<meta property=\"og:site_name\" content=\"Lajme nga Ulqini\" \/>\n<meta property=\"article:published_time\" content=\"2011-06-14T16:16:18+00:00\" \/>\n<meta property=\"article:modified_time\" content=\"2011-06-14T16:36:12+00:00\" \/>\n<meta property=\"og:image\" content=\"http:\/\/www.visit-ulcinj.com\/blog\/wp-content\/uploads\/2011\/06\/Nail-Draga_Forca_Ulcinj.jpg\" \/>\n<meta name=\"twitter:label1\" content=\"Written by\" \/>\n\t<meta name=\"twitter:data1\" content=\"ulqini\" \/>\n\t<meta name=\"twitter:label2\" content=\"Est. reading time\" \/>\n\t<meta name=\"twitter:data2\" content=\"3 minutes\" \/>\n<script type=\"application\/ld+json\" class=\"yoast-schema-graph\">{\"@context\":\"https:\/\/schema.org\",\"@graph\":[{\"@type\":\"WebSite\",\"@id\":\"https:\/\/www.visit-ulcinj.com\/blog\/#website\",\"url\":\"https:\/\/www.visit-ulcinj.com\/blog\/\",\"name\":\"Lajme nga Ulqini\",\"description\":\"Lajme,Vijesti,Ulqini,Ulqin,Crna Gora,Mali i Zi\",\"potentialAction\":[{\"@type\":\"SearchAction\",\"target\":{\"@type\":\"EntryPoint\",\"urlTemplate\":\"https:\/\/www.visit-ulcinj.com\/blog\/?s={search_term_string}\"},\"query-input\":\"required name=search_term_string\"}],\"inLanguage\":\"en-US\"},{\"@type\":\"ImageObject\",\"inLanguage\":\"en-US\",\"@id\":\"https:\/\/www.visit-ulcinj.com\/blog\/2011\/06\/14\/netacni-podaci-iz-popisa-stanovnistva-za-opstinu-ulcinj\/#primaryimage\",\"url\":\"https:\/\/www.visit-ulcinj.com\/blog\/wp-content\/uploads\/2011\/06\/Nail-Draga_Forca_Ulcinj.jpg\",\"contentUrl\":\"https:\/\/www.visit-ulcinj.com\/blog\/wp-content\/uploads\/2011\/06\/Nail-Draga_Forca_Ulcinj.jpg\",\"width\":\"1024\",\"height\":\"671\"},{\"@type\":\"WebPage\",\"@id\":\"https:\/\/www.visit-ulcinj.com\/blog\/2011\/06\/14\/netacni-podaci-iz-popisa-stanovnistva-za-opstinu-ulcinj\/#webpage\",\"url\":\"https:\/\/www.visit-ulcinj.com\/blog\/2011\/06\/14\/netacni-podaci-iz-popisa-stanovnistva-za-opstinu-ulcinj\/\",\"name\":\"Neta\u010dni podaci iz popisa stanovni\u0161tva za op\u0161tinu Ulcinj - Lajme nga Ulqini\",\"isPartOf\":{\"@id\":\"https:\/\/www.visit-ulcinj.com\/blog\/#website\"},\"primaryImageOfPage\":{\"@id\":\"https:\/\/www.visit-ulcinj.com\/blog\/2011\/06\/14\/netacni-podaci-iz-popisa-stanovnistva-za-opstinu-ulcinj\/#primaryimage\"},\"datePublished\":\"2011-06-14T16:16:18+00:00\",\"dateModified\":\"2011-06-14T16:36:12+00:00\",\"author\":{\"@id\":\"https:\/\/www.visit-ulcinj.com\/blog\/#\/schema\/person\/dcab619c614d3038751c63bc2aadc06d\"},\"description\":\"SAOPSTENJE ZA JAVNOST Ulcinj, 14.6.2011 Nr:\u00a0 122 \/11 NETA\u010cNI PODACI IZ POPISA STANOVNI\u0160TVA ZA OP\u0160TINU ULCINJ Objavljivanje prvih rezultata popisa\",\"breadcrumb\":{\"@id\":\"https:\/\/www.visit-ulcinj.com\/blog\/2011\/06\/14\/netacni-podaci-iz-popisa-stanovnistva-za-opstinu-ulcinj\/#breadcrumb\"},\"inLanguage\":\"en-US\",\"potentialAction\":[{\"@type\":\"ReadAction\",\"target\":[\"https:\/\/www.visit-ulcinj.com\/blog\/2011\/06\/14\/netacni-podaci-iz-popisa-stanovnistva-za-opstinu-ulcinj\/\"]}]},{\"@type\":\"BreadcrumbList\",\"@id\":\"https:\/\/www.visit-ulcinj.com\/blog\/2011\/06\/14\/netacni-podaci-iz-popisa-stanovnistva-za-opstinu-ulcinj\/#breadcrumb\",\"itemListElement\":[{\"@type\":\"ListItem\",\"position\":1,\"name\":\"Neta\u010dni podaci iz popisa stanovni\u0161tva za op\u0161tinu Ulcinj\"}]},{\"@type\":\"Person\",\"@id\":\"https:\/\/www.visit-ulcinj.com\/blog\/#\/schema\/person\/dcab619c614d3038751c63bc2aadc06d\",\"name\":\"ulqini\",\"sameAs\":[\"http:\/\/www.visit-ulcinj.com\"],\"url\":\"https:\/\/www.visit-ulcinj.com\/blog\/author\/admin\/\"}]}<\/script>\n<!-- \/ Yoast SEO plugin. -->","yoast_head_json":{"title":"Neta\u010dni podaci iz popisa stanovni\u0161tva za op\u0161tinu Ulcinj - Lajme nga Ulqini","description":"SAOPSTENJE ZA JAVNOST Ulcinj, 14.6.2011 Nr:\u00a0 122 \/11 NETA\u010cNI PODACI IZ POPISA STANOVNI\u0160TVA ZA OP\u0160TINU ULCINJ Objavljivanje prvih rezultata popisa","robots":{"index":"index","follow":"follow","max-snippet":"max-snippet:-1","max-image-preview":"max-image-preview:large","max-video-preview":"max-video-preview:-1"},"canonical":"https:\/\/www.visit-ulcinj.com\/blog\/2011\/06\/14\/netacni-podaci-iz-popisa-stanovnistva-za-opstinu-ulcinj\/","og_locale":"en_US","og_type":"article","og_title":"Neta\u010dni podaci iz popisa stanovni\u0161tva za op\u0161tinu Ulcinj - Lajme nga Ulqini","og_description":"SAOPSTENJE ZA JAVNOST Ulcinj, 14.6.2011 Nr:\u00a0 122 \/11 NETA\u010cNI PODACI IZ POPISA STANOVNI\u0160TVA ZA OP\u0160TINU ULCINJ Objavljivanje prvih rezultata popisa","og_url":"https:\/\/www.visit-ulcinj.com\/blog\/2011\/06\/14\/netacni-podaci-iz-popisa-stanovnistva-za-opstinu-ulcinj\/","og_site_name":"Lajme nga Ulqini","article_published_time":"2011-06-14T16:16:18+00:00","article_modified_time":"2011-06-14T16:36:12+00:00","og_image":[{"url":"http:\/\/www.visit-ulcinj.com\/blog\/wp-content\/uploads\/2011\/06\/Nail-Draga_Forca_Ulcinj.jpg"}],"twitter_misc":{"Written by":"ulqini","Est. reading time":"3 minutes"},"schema":{"@context":"https:\/\/schema.org","@graph":[{"@type":"WebSite","@id":"https:\/\/www.visit-ulcinj.com\/blog\/#website","url":"https:\/\/www.visit-ulcinj.com\/blog\/","name":"Lajme nga Ulqini","description":"Lajme,Vijesti,Ulqini,Ulqin,Crna Gora,Mali i Zi","potentialAction":[{"@type":"SearchAction","target":{"@type":"EntryPoint","urlTemplate":"https:\/\/www.visit-ulcinj.com\/blog\/?s={search_term_string}"},"query-input":"required name=search_term_string"}],"inLanguage":"en-US"},{"@type":"ImageObject","inLanguage":"en-US","@id":"https:\/\/www.visit-ulcinj.com\/blog\/2011\/06\/14\/netacni-podaci-iz-popisa-stanovnistva-za-opstinu-ulcinj\/#primaryimage","url":"https:\/\/www.visit-ulcinj.com\/blog\/wp-content\/uploads\/2011\/06\/Nail-Draga_Forca_Ulcinj.jpg","contentUrl":"https:\/\/www.visit-ulcinj.com\/blog\/wp-content\/uploads\/2011\/06\/Nail-Draga_Forca_Ulcinj.jpg","width":"1024","height":"671"},{"@type":"WebPage","@id":"https:\/\/www.visit-ulcinj.com\/blog\/2011\/06\/14\/netacni-podaci-iz-popisa-stanovnistva-za-opstinu-ulcinj\/#webpage","url":"https:\/\/www.visit-ulcinj.com\/blog\/2011\/06\/14\/netacni-podaci-iz-popisa-stanovnistva-za-opstinu-ulcinj\/","name":"Neta\u010dni podaci iz popisa stanovni\u0161tva za op\u0161tinu Ulcinj - Lajme nga Ulqini","isPartOf":{"@id":"https:\/\/www.visit-ulcinj.com\/blog\/#website"},"primaryImageOfPage":{"@id":"https:\/\/www.visit-ulcinj.com\/blog\/2011\/06\/14\/netacni-podaci-iz-popisa-stanovnistva-za-opstinu-ulcinj\/#primaryimage"},"datePublished":"2011-06-14T16:16:18+00:00","dateModified":"2011-06-14T16:36:12+00:00","author":{"@id":"https:\/\/www.visit-ulcinj.com\/blog\/#\/schema\/person\/dcab619c614d3038751c63bc2aadc06d"},"description":"SAOPSTENJE ZA JAVNOST Ulcinj, 14.6.2011 Nr:\u00a0 122 \/11 NETA\u010cNI PODACI IZ POPISA STANOVNI\u0160TVA ZA OP\u0160TINU ULCINJ Objavljivanje prvih rezultata popisa","breadcrumb":{"@id":"https:\/\/www.visit-ulcinj.com\/blog\/2011\/06\/14\/netacni-podaci-iz-popisa-stanovnistva-za-opstinu-ulcinj\/#breadcrumb"},"inLanguage":"en-US","potentialAction":[{"@type":"ReadAction","target":["https:\/\/www.visit-ulcinj.com\/blog\/2011\/06\/14\/netacni-podaci-iz-popisa-stanovnistva-za-opstinu-ulcinj\/"]}]},{"@type":"BreadcrumbList","@id":"https:\/\/www.visit-ulcinj.com\/blog\/2011\/06\/14\/netacni-podaci-iz-popisa-stanovnistva-za-opstinu-ulcinj\/#breadcrumb","itemListElement":[{"@type":"ListItem","position":1,"name":"Neta\u010dni podaci iz popisa stanovni\u0161tva za op\u0161tinu Ulcinj"}]},{"@type":"Person","@id":"https:\/\/www.visit-ulcinj.com\/blog\/#\/schema\/person\/dcab619c614d3038751c63bc2aadc06d","name":"ulqini","sameAs":["http:\/\/www.visit-ulcinj.com"],"url":"https:\/\/www.visit-ulcinj.com\/blog\/author\/admin\/"}]}},"jetpack_featured_media_url":"","jetpack_sharing_enabled":true,"jetpack_shortlink":"https:\/\/wp.me\/pe6lTn-cpx","_links":{"self":[{"href":"https:\/\/www.visit-ulcinj.com\/blog\/wp-json\/wp\/v2\/posts\/47711"}],"collection":[{"href":"https:\/\/www.visit-ulcinj.com\/blog\/wp-json\/wp\/v2\/posts"}],"about":[{"href":"https:\/\/www.visit-ulcinj.com\/blog\/wp-json\/wp\/v2\/types\/post"}],"author":[{"embeddable":true,"href":"https:\/\/www.visit-ulcinj.com\/blog\/wp-json\/wp\/v2\/users\/1"}],"replies":[{"embeddable":true,"href":"https:\/\/www.visit-ulcinj.com\/blog\/wp-json\/wp\/v2\/comments?post=47711"}],"version-history":[{"count":0,"href":"https:\/\/www.visit-ulcinj.com\/blog\/wp-json\/wp\/v2\/posts\/47711\/revisions"}],"wp:attachment":[{"href":"https:\/\/www.visit-ulcinj.com\/blog\/wp-json\/wp\/v2\/media?parent=47711"}],"wp:term":[{"taxonomy":"category","embeddable":true,"href":"https:\/\/www.visit-ulcinj.com\/blog\/wp-json\/wp\/v2\/categories?post=47711"},{"taxonomy":"post_tag","embeddable":true,"href":"https:\/\/www.visit-ulcinj.com\/blog\/wp-json\/wp\/v2\/tags?post=47711"}],"curies":[{"name":"wp","href":"https:\/\/api.w.org\/{rel}","templated":true}]}}