{"id":47717,"date":"2011-06-14T17:27:37","date_gmt":"2011-06-14T16:27:37","guid":{"rendered":"http:\/\/www.visit-ulcinj.com\/blog\/?p=47717"},"modified":"2011-06-17T14:54:03","modified_gmt":"2011-06-17T13:54:03","slug":"pasaktesi-te-dhenash-ne-regjistrimin-e-popullsise-per-komunen-e-ulqinit","status":"publish","type":"post","link":"https:\/\/www.visit-ulcinj.com\/blog\/2011\/06\/14\/pasaktesi-te-dhenash-ne-regjistrimin-e-popullsise-per-komunen-e-ulqinit\/","title":{"rendered":"Pasakt\u00ebsi t\u00eb dh\u00ebnash n\u00eb regjistrimin e popullsis\u00eb p\u00ebr komun\u00ebn e Ulqinit &#8211; Video"},"content":{"rendered":"<p><a rel=\"attachment wp-att-47721\" href=\"http:\/\/www.visit-ulcinj.com\/blog\/2011\/06\/14\/pasaktesi-te-dhenash-ne-regjistrimin-e-popullsise-per-komunen-e-ulqinit\/nail-draga_forca_ulqin_picnik\/\"><img loading=\"lazy\" class=\"alignleft size-full wp-image-47721\" title=\"Nail Draga_Forca_Ulqin_picnik\" src=\"http:\/\/www.visit-ulcinj.com\/blog\/wp-content\/uploads\/2011\/06\/Nail-Draga_Forca_Ulqin_picnik.jpg\" alt=\"\" width=\"508\" height=\"380\" \/><\/a>Publikimi i rezultat\u00ebve t\u00eb para t\u00eb regjistrimit t\u00eb popullsis\u00eb i cili \u00ebsht\u00eb mbajtur nga data 1-15 prill t\u00eb k\u00ebtij viti, paraqet dilema p\u00ebr diskutim. Dhe nga t\u00eb dh\u00ebnat e publikuara p\u00ebr popullsin\u00eb e p\u00ebrgjithshme t\u00eb Malit t\u00eb Zi p\u00ebr 8 vite numri i popullsis\u00eb \u00ebsht\u00eb rritur n\u00eb m\u00ebnyr\u00eb simbolike p\u00ebr 5000 banor\u00eb. Por, duke analizuar t\u00eb dh\u00ebnat e publikuara p\u00ebr komun\u00ebn e Ulqinit, p\u00ebrkat\u00ebsisht t\u00eb vendbanimeve t\u00eb saj, kemi hetuar disa parregullsi t\u00eb cilat d\u00ebshmojn\u00eb s\u00eb ky regjistrim ka pasakt\u00ebsi numerike dhe <strong>nuk tregon gjendjen reale t\u00eb numrit t\u00eb banor\u00ebve n\u00eb ket\u00eb komun\u00eb<\/strong>. Nuk ka dilem\u00eb se p\u00ebr nj\u00eb veprim t\u00eb till\u00eb p\u00ebrgjegj\u00ebsia bie mbi Komision komunal t\u00eb regjistrimit e po ashtu edhe n\u00eb MONSTAT-in sepse ata i kan\u00eb p\u00ebrpunuar t\u00eb dh\u00ebnat.<\/p>\n<p>Nga t\u00eb dh\u00ebnat e publikuara del s\u00eb p\u00ebrve\u00e7 vendbanimit t\u00eb <strong>Mozhur\u00ebs <\/strong>i cili ishte pa banor\u00eb n\u00eb vitin 2003, k\u00ebsaj kategorie i jan\u00eb shtuar edhe tre vendbanime tjera e ato jan\u00eb <strong>Megjure\u00e7i<\/strong>, <strong>Kaliman dhe Sal\u00e7i. <\/strong><\/p>\n<p>Por, n\u00eb saj\u00eb t\u00eb informacioneve nga terreni del s\u00eb nj\u00eb informat\u00eb e till\u00eb nuk \u00ebsht\u00eb e v\u00ebrtet\u00eb sepse <strong>Kalimani<\/strong> ka <strong>5 banor\u00eb<\/strong> (2 familje Musliqi), nd\u00ebrsa <strong>Megjure\u00e7i<\/strong> <strong>2 banor\u00eb<\/strong> ( familja Skornjani) dhe <strong>Sal\u00e7i<\/strong> <strong>4 banor\u00eb<\/strong>.<\/p>\n<p>Po ashtu kemi dyshuar n\u00eb t\u00eb dh\u00ebnat q\u00eb kan\u00eb t\u00eb b\u00ebjn\u00eb me vendbanimin e <strong>Dragin\u00ebs<\/strong>, ku t\u00eb dh\u00ebnat e publikuar d\u00ebshmojn\u00eb s\u00eb k\u00ebtu jetojn\u00eb <strong>72 banor\u00eb<\/strong>, apo m\u00eb pak p\u00ebr <strong>91 banor\u00eb<\/strong> apo <strong>55.82%<\/strong> se sa n\u00eb vitin 2003. Nj\u00eb e dh\u00ebn\u00eb e till\u00eb nuk p\u00ebrkon me realitetin sepse nuk ka pasur asnj\u00eb shkak q\u00eb popullsia e k\u00ebti vendbanimi t\u00eb ket\u00eb shpopullim t\u00eb till\u00eb sepse nuk kemi pasur ndonj\u00eb migrim t\u00eb popullsis\u00eb p\u00ebr k\u00ebto 8 vite.<br \/>\n<a rel=\"attachment wp-att-47722\" href=\"http:\/\/www.visit-ulcinj.com\/blog\/2011\/06\/14\/pasaktesi-te-dhenash-ne-regjistrimin-e-popullsise-per-komunen-e-ulqinit\/nail-draga_forca_ulqin-1\/\"><img loading=\"lazy\" class=\"alignleft size-full wp-image-47722\" title=\"Nail Draga_Forca_Ulqin.1\" src=\"http:\/\/www.visit-ulcinj.com\/blog\/wp-content\/uploads\/2011\/06\/Nail-Draga_Forca_Ulqin.1.jpg\" alt=\"\" width=\"508\" height=\"360\" \/><\/a><\/p>\n<p>P\u00ebr t\u00eb eliminuar k\u00ebt\u00eb dilem\u00eb kemi b\u00ebr\u00eb regjistrin detal t\u00eb popullsis\u00eb s\u00eb k\u00ebti vendbanimi q\u00eb \u00ebsht\u00eb <strong>134 banor\u00eb<\/strong>(shih regjistrin e banor\u00ebve m\u00eb em\u00ebr e mbiem\u00ebr), nga del s\u00eb numri i publikuar nga MONSTATI nuk \u00ebsht\u00eb real, pra numri sipas gjendjes ne terren eshte m\u00eb i madh p\u00ebr <strong>62 banor\u00eb apo 46.26.%. se sa e paraqet Monstati.<\/strong><\/p>\n<p>P\u00ebrve\u00e7 tyre vendbimeve kemi analizuar dhe evidentuar numrin e banor\u00ebve edhe t\u00eb nj\u00eb vendbanimi tjet\u00ebr e ky \u00ebsht\u00eb <strong>Shasi<\/strong>. Nga t\u00eb dh\u00ebnat e publikuara del se Shasi ka <strong>239 <\/strong>banor\u00eb, nd\u00ebrsa evidentimi i jon\u00eb n\u00eb terren d\u00ebshmon s\u00eb ky num\u00ebr \u00ebsht\u00eb m\u00eb i lart\u00eb e ai \u00ebsht\u00eb <strong>271<\/strong> banor\u00eb, pra p\u00ebr <strong>32<\/strong> banor\u00eb m\u00eb tep\u00ebr se sa e paraqet Monstati.<\/p>\n<p>Vet\u00ebm k\u00ebto t\u00eb dh\u00ebna p\u00ebr ket\u00eb vendbanim demantojn\u00eb numrin e p\u00ebrgjithsh\u00ebm t\u00eb popullsis\u00eb s\u00eb komun\u00ebs s\u00eb Ulqinit prej <strong>20265<\/strong> banor\u00eb q\u00eb \u00ebsht\u00eb m\u00eb i lart\u00eb, t\u00eb pakt\u00ebn p\u00ebr <strong>104 banor\u00eb<\/strong> t\u00eb verifikuar m\u00eb em\u00ebr e mbiem\u00ebr, pra <strong>20369<\/strong>, q\u00eb \u00ebsht\u00eb m\u00eb i lart\u00eb s\u00eb n\u00eb vitin 2003, p\u00ebr <strong>79 banor\u00eb<\/strong>.<br \/>\n<a rel=\"attachment wp-att-47726\" href=\"http:\/\/www.visit-ulcinj.com\/blog\/2011\/06\/14\/pasaktesi-te-dhenash-ne-regjistrimin-e-popullsise-per-komunen-e-ulqinit\/nail-draga_forca_ulqin-2\/\"><img loading=\"lazy\" class=\"alignleft size-full wp-image-47726\" title=\"Nail Draga_Forca_Ulqin.2\" src=\"http:\/\/www.visit-ulcinj.com\/blog\/wp-content\/uploads\/2011\/06\/Nail-Draga_Forca_Ulqin.2.jpg\" alt=\"\" width=\"508\" height=\"360\" \/><\/a><\/p>\n<p>Ne jemi duke evidentuar t\u00eb dh\u00ebna t\u00eb tjera, sikurse kemi t\u00eb b\u00ebjm\u00eb ku n\u00eb disa raste regjistruesit nuk i kan\u00eb sh\u00ebnuar antar\u00ebt e familjes q\u00eb nuk kan\u00eb qen\u00eb t\u00eb pranish\u00ebm-e kjo ka t\u00eb b\u00ebj me student\u00ebt. Po ashtu nuk jan\u00eb regjistruar antar\u00ebt e familjeve q\u00eb jan\u00eb n\u00eb bot\u00ebn e jashtme q\u00eb i takon kategoris\u00eb s\u00eb diaspor\u00ebs.<\/p>\n<p>T\u00eb dh\u00ebnat e ofruara me ket\u00eb rast p\u00ebr komun\u00ebn e Ulqinit, mendojm\u00eb s\u00eb nuk duhet t\u00eb jen\u00eb t\u00eb vetm\u00ebt, por mendojm\u00eb s\u00eb pasakt\u00ebsi t\u00eb tilla ka edhe n\u00eb mjediset e tjera n\u00eb Mal t\u00eb Zi, pra jo vet\u00ebm n\u00eb mjediset ku jetojn\u00eb shqiptar\u00ebt por edhe aty ku jetojn\u00eb pjes\u00ebtar\u00ebt e popujve t\u00eb tjer\u00eb, por ato duhet t\u00eb hulumtohen.<\/p>\n<p>Takimin e radh\u00ebs kushtuar regjistrimit t\u00eb popullsis\u00eb do ta mbajm\u00eb pasi t\u00eb publikohen t\u00eb dh\u00ebnat p\u00ebr struktur\u00ebn nacionale, gjuh\u00ebsore dhe fetare t\u00eb popullsis\u00eb pas dat\u00ebs 15 korrik. Po ashtu deri at\u00ebher\u00eb shpresojm\u00eb s\u00eb do t\u00eb kemi t\u00eb dh\u00ebna edhe p\u00ebr numrin e qytetar\u00ebve t\u00eb Malit t\u00eb Zi n\u00eb diaspor\u00eb, edhe pse ata do t\u00eb prezentohen vet\u00ebm si shifra numerike, pra pa struktur\u00ebn nacionale, gjuh\u00ebsore dhe fetare, q\u00eb \u00ebsht\u00eb hendikep i regjistrimit t\u00eb popullsis\u00eb.<\/p>\n<p><strong>Sh\u00ebrbimi p\u00ebr informim i Forces<br \/>\n<!--YouTube Error: bad URL entered--> <\/strong><\/p>\n","protected":false},"excerpt":{"rendered":"<p>Publikimi i rezultat\u00ebve t\u00eb para t\u00eb regjistrimit t\u00eb popullsis\u00eb i cili \u00ebsht\u00eb mbajtur nga data 1-15 prill t\u00eb k\u00ebtij viti, paraqet dilema p\u00ebr diskutim. Dhe nga t\u00eb dh\u00ebnat e publikuara p\u00ebr popullsin\u00eb e p\u00ebrgjithshme t\u00eb Malit t\u00eb Zi p\u00ebr 8 vite numri i popullsis\u00eb \u00ebsht\u00eb rritur n\u00eb m\u00ebnyr\u00eb simbolike p\u00ebr 5000 banor\u00eb. Por, duke analizuar [&hellip;]<\/p>\n","protected":false},"author":1,"featured_media":0,"comment_status":"open","ping_status":"closed","sticky":false,"template":"","format":"standard","meta":{"spay_email":"","jetpack_publicize_message":"","jetpack_is_tweetstorm":false,"jetpack_publicize_feature_enabled":true},"categories":[1,11],"tags":[2761,117,672,95,200,18],"jetpack_publicize_connections":[],"yoast_head":"<!-- This site is optimized with the Yoast SEO plugin v19.1 - https:\/\/yoast.com\/wordpress\/plugins\/seo\/ -->\n<title>Pasakt\u00ebsi t\u00eb dh\u00ebnash n\u00eb regjistrimin e popullsis\u00eb p\u00ebr komun\u00ebn e Ulqinit - Video - Lajme nga Ulqini<\/title>\n<meta name=\"description\" content=\"Publikimi i rezultat\u00ebve t\u00eb para t\u00eb regjistrimit t\u00eb popullsis\u00eb i cili \u00ebsht\u00eb mbajtur nga data 1-15 prill t\u00eb k\u00ebtij viti, paraqet dilema p\u00ebr diskutim. Dhe nga\" \/>\n<meta name=\"robots\" content=\"index, follow, max-snippet:-1, max-image-preview:large, max-video-preview:-1\" \/>\n<link rel=\"canonical\" href=\"https:\/\/www.visit-ulcinj.com\/blog\/2011\/06\/14\/pasaktesi-te-dhenash-ne-regjistrimin-e-popullsise-per-komunen-e-ulqinit\/\" \/>\n<meta property=\"og:locale\" content=\"en_US\" \/>\n<meta property=\"og:type\" content=\"article\" \/>\n<meta property=\"og:title\" content=\"Pasakt\u00ebsi t\u00eb dh\u00ebnash n\u00eb regjistrimin e popullsis\u00eb p\u00ebr komun\u00ebn e Ulqinit - Video - Lajme nga Ulqini\" \/>\n<meta property=\"og:description\" content=\"Publikimi i rezultat\u00ebve t\u00eb para t\u00eb regjistrimit t\u00eb popullsis\u00eb i cili \u00ebsht\u00eb mbajtur nga data 1-15 prill t\u00eb k\u00ebtij viti, paraqet dilema p\u00ebr diskutim. Dhe nga\" \/>\n<meta property=\"og:url\" content=\"https:\/\/www.visit-ulcinj.com\/blog\/2011\/06\/14\/pasaktesi-te-dhenash-ne-regjistrimin-e-popullsise-per-komunen-e-ulqinit\/\" \/>\n<meta property=\"og:site_name\" content=\"Lajme nga Ulqini\" \/>\n<meta property=\"article:published_time\" content=\"2011-06-14T16:27:37+00:00\" \/>\n<meta property=\"article:modified_time\" content=\"2011-06-17T13:54:03+00:00\" \/>\n<meta property=\"og:image\" content=\"http:\/\/www.visit-ulcinj.com\/blog\/wp-content\/uploads\/2011\/06\/Nail-Draga_Forca_Ulqin_picnik.jpg\" \/>\n<meta name=\"twitter:label1\" content=\"Written by\" \/>\n\t<meta name=\"twitter:data1\" content=\"ulqini\" \/>\n\t<meta name=\"twitter:label2\" content=\"Est. reading time\" \/>\n\t<meta name=\"twitter:data2\" content=\"4 minutes\" \/>\n<script type=\"application\/ld+json\" class=\"yoast-schema-graph\">{\"@context\":\"https:\/\/schema.org\",\"@graph\":[{\"@type\":\"WebSite\",\"@id\":\"https:\/\/www.visit-ulcinj.com\/blog\/#website\",\"url\":\"https:\/\/www.visit-ulcinj.com\/blog\/\",\"name\":\"Lajme nga Ulqini\",\"description\":\"Lajme,Vijesti,Ulqini,Ulqin,Crna Gora,Mali i Zi\",\"potentialAction\":[{\"@type\":\"SearchAction\",\"target\":{\"@type\":\"EntryPoint\",\"urlTemplate\":\"https:\/\/www.visit-ulcinj.com\/blog\/?s={search_term_string}\"},\"query-input\":\"required name=search_term_string\"}],\"inLanguage\":\"en-US\"},{\"@type\":\"ImageObject\",\"inLanguage\":\"en-US\",\"@id\":\"https:\/\/www.visit-ulcinj.com\/blog\/2011\/06\/14\/pasaktesi-te-dhenash-ne-regjistrimin-e-popullsise-per-komunen-e-ulqinit\/#primaryimage\",\"url\":\"https:\/\/www.visit-ulcinj.com\/blog\/wp-content\/uploads\/2011\/06\/Nail-Draga_Forca_Ulqin_picnik.jpg\",\"contentUrl\":\"https:\/\/www.visit-ulcinj.com\/blog\/wp-content\/uploads\/2011\/06\/Nail-Draga_Forca_Ulqin_picnik.jpg\",\"width\":\"1024\",\"height\":\"798\"},{\"@type\":\"WebPage\",\"@id\":\"https:\/\/www.visit-ulcinj.com\/blog\/2011\/06\/14\/pasaktesi-te-dhenash-ne-regjistrimin-e-popullsise-per-komunen-e-ulqinit\/#webpage\",\"url\":\"https:\/\/www.visit-ulcinj.com\/blog\/2011\/06\/14\/pasaktesi-te-dhenash-ne-regjistrimin-e-popullsise-per-komunen-e-ulqinit\/\",\"name\":\"Pasakt\u00ebsi t\u00eb dh\u00ebnash n\u00eb regjistrimin e popullsis\u00eb p\u00ebr komun\u00ebn e Ulqinit - Video - Lajme nga Ulqini\",\"isPartOf\":{\"@id\":\"https:\/\/www.visit-ulcinj.com\/blog\/#website\"},\"primaryImageOfPage\":{\"@id\":\"https:\/\/www.visit-ulcinj.com\/blog\/2011\/06\/14\/pasaktesi-te-dhenash-ne-regjistrimin-e-popullsise-per-komunen-e-ulqinit\/#primaryimage\"},\"datePublished\":\"2011-06-14T16:27:37+00:00\",\"dateModified\":\"2011-06-17T13:54:03+00:00\",\"author\":{\"@id\":\"https:\/\/www.visit-ulcinj.com\/blog\/#\/schema\/person\/dcab619c614d3038751c63bc2aadc06d\"},\"description\":\"Publikimi i rezultat\u00ebve t\u00eb para t\u00eb regjistrimit t\u00eb popullsis\u00eb i cili \u00ebsht\u00eb mbajtur nga data 1-15 prill t\u00eb k\u00ebtij viti, paraqet dilema p\u00ebr diskutim. Dhe nga\",\"breadcrumb\":{\"@id\":\"https:\/\/www.visit-ulcinj.com\/blog\/2011\/06\/14\/pasaktesi-te-dhenash-ne-regjistrimin-e-popullsise-per-komunen-e-ulqinit\/#breadcrumb\"},\"inLanguage\":\"en-US\",\"potentialAction\":[{\"@type\":\"ReadAction\",\"target\":[\"https:\/\/www.visit-ulcinj.com\/blog\/2011\/06\/14\/pasaktesi-te-dhenash-ne-regjistrimin-e-popullsise-per-komunen-e-ulqinit\/\"]}]},{\"@type\":\"BreadcrumbList\",\"@id\":\"https:\/\/www.visit-ulcinj.com\/blog\/2011\/06\/14\/pasaktesi-te-dhenash-ne-regjistrimin-e-popullsise-per-komunen-e-ulqinit\/#breadcrumb\",\"itemListElement\":[{\"@type\":\"ListItem\",\"position\":1,\"name\":\"Pasakt\u00ebsi t\u00eb dh\u00ebnash n\u00eb regjistrimin e popullsis\u00eb p\u00ebr komun\u00ebn e Ulqinit &#8211; Video\"}]},{\"@type\":\"Person\",\"@id\":\"https:\/\/www.visit-ulcinj.com\/blog\/#\/schema\/person\/dcab619c614d3038751c63bc2aadc06d\",\"name\":\"ulqini\",\"sameAs\":[\"http:\/\/www.visit-ulcinj.com\"],\"url\":\"https:\/\/www.visit-ulcinj.com\/blog\/author\/admin\/\"}]}<\/script>\n<!-- \/ Yoast SEO plugin. -->","yoast_head_json":{"title":"Pasakt\u00ebsi t\u00eb dh\u00ebnash n\u00eb regjistrimin e popullsis\u00eb p\u00ebr komun\u00ebn e Ulqinit - Video - Lajme nga Ulqini","description":"Publikimi i rezultat\u00ebve t\u00eb para t\u00eb regjistrimit t\u00eb popullsis\u00eb i cili \u00ebsht\u00eb mbajtur nga data 1-15 prill t\u00eb k\u00ebtij viti, paraqet dilema p\u00ebr diskutim. Dhe nga","robots":{"index":"index","follow":"follow","max-snippet":"max-snippet:-1","max-image-preview":"max-image-preview:large","max-video-preview":"max-video-preview:-1"},"canonical":"https:\/\/www.visit-ulcinj.com\/blog\/2011\/06\/14\/pasaktesi-te-dhenash-ne-regjistrimin-e-popullsise-per-komunen-e-ulqinit\/","og_locale":"en_US","og_type":"article","og_title":"Pasakt\u00ebsi t\u00eb dh\u00ebnash n\u00eb regjistrimin e popullsis\u00eb p\u00ebr komun\u00ebn e Ulqinit - Video - Lajme nga Ulqini","og_description":"Publikimi i rezultat\u00ebve t\u00eb para t\u00eb regjistrimit t\u00eb popullsis\u00eb i cili \u00ebsht\u00eb mbajtur nga data 1-15 prill t\u00eb k\u00ebtij viti, paraqet dilema p\u00ebr diskutim. Dhe nga","og_url":"https:\/\/www.visit-ulcinj.com\/blog\/2011\/06\/14\/pasaktesi-te-dhenash-ne-regjistrimin-e-popullsise-per-komunen-e-ulqinit\/","og_site_name":"Lajme nga Ulqini","article_published_time":"2011-06-14T16:27:37+00:00","article_modified_time":"2011-06-17T13:54:03+00:00","og_image":[{"url":"http:\/\/www.visit-ulcinj.com\/blog\/wp-content\/uploads\/2011\/06\/Nail-Draga_Forca_Ulqin_picnik.jpg"}],"twitter_misc":{"Written by":"ulqini","Est. reading time":"4 minutes"},"schema":{"@context":"https:\/\/schema.org","@graph":[{"@type":"WebSite","@id":"https:\/\/www.visit-ulcinj.com\/blog\/#website","url":"https:\/\/www.visit-ulcinj.com\/blog\/","name":"Lajme nga Ulqini","description":"Lajme,Vijesti,Ulqini,Ulqin,Crna Gora,Mali i Zi","potentialAction":[{"@type":"SearchAction","target":{"@type":"EntryPoint","urlTemplate":"https:\/\/www.visit-ulcinj.com\/blog\/?s={search_term_string}"},"query-input":"required name=search_term_string"}],"inLanguage":"en-US"},{"@type":"ImageObject","inLanguage":"en-US","@id":"https:\/\/www.visit-ulcinj.com\/blog\/2011\/06\/14\/pasaktesi-te-dhenash-ne-regjistrimin-e-popullsise-per-komunen-e-ulqinit\/#primaryimage","url":"https:\/\/www.visit-ulcinj.com\/blog\/wp-content\/uploads\/2011\/06\/Nail-Draga_Forca_Ulqin_picnik.jpg","contentUrl":"https:\/\/www.visit-ulcinj.com\/blog\/wp-content\/uploads\/2011\/06\/Nail-Draga_Forca_Ulqin_picnik.jpg","width":"1024","height":"798"},{"@type":"WebPage","@id":"https:\/\/www.visit-ulcinj.com\/blog\/2011\/06\/14\/pasaktesi-te-dhenash-ne-regjistrimin-e-popullsise-per-komunen-e-ulqinit\/#webpage","url":"https:\/\/www.visit-ulcinj.com\/blog\/2011\/06\/14\/pasaktesi-te-dhenash-ne-regjistrimin-e-popullsise-per-komunen-e-ulqinit\/","name":"Pasakt\u00ebsi t\u00eb dh\u00ebnash n\u00eb regjistrimin e popullsis\u00eb p\u00ebr komun\u00ebn e Ulqinit - Video - Lajme nga Ulqini","isPartOf":{"@id":"https:\/\/www.visit-ulcinj.com\/blog\/#website"},"primaryImageOfPage":{"@id":"https:\/\/www.visit-ulcinj.com\/blog\/2011\/06\/14\/pasaktesi-te-dhenash-ne-regjistrimin-e-popullsise-per-komunen-e-ulqinit\/#primaryimage"},"datePublished":"2011-06-14T16:27:37+00:00","dateModified":"2011-06-17T13:54:03+00:00","author":{"@id":"https:\/\/www.visit-ulcinj.com\/blog\/#\/schema\/person\/dcab619c614d3038751c63bc2aadc06d"},"description":"Publikimi i rezultat\u00ebve t\u00eb para t\u00eb regjistrimit t\u00eb popullsis\u00eb i cili \u00ebsht\u00eb mbajtur nga data 1-15 prill t\u00eb k\u00ebtij viti, paraqet dilema p\u00ebr diskutim. Dhe nga","breadcrumb":{"@id":"https:\/\/www.visit-ulcinj.com\/blog\/2011\/06\/14\/pasaktesi-te-dhenash-ne-regjistrimin-e-popullsise-per-komunen-e-ulqinit\/#breadcrumb"},"inLanguage":"en-US","potentialAction":[{"@type":"ReadAction","target":["https:\/\/www.visit-ulcinj.com\/blog\/2011\/06\/14\/pasaktesi-te-dhenash-ne-regjistrimin-e-popullsise-per-komunen-e-ulqinit\/"]}]},{"@type":"BreadcrumbList","@id":"https:\/\/www.visit-ulcinj.com\/blog\/2011\/06\/14\/pasaktesi-te-dhenash-ne-regjistrimin-e-popullsise-per-komunen-e-ulqinit\/#breadcrumb","itemListElement":[{"@type":"ListItem","position":1,"name":"Pasakt\u00ebsi t\u00eb dh\u00ebnash n\u00eb regjistrimin e popullsis\u00eb p\u00ebr komun\u00ebn e Ulqinit &#8211; Video"}]},{"@type":"Person","@id":"https:\/\/www.visit-ulcinj.com\/blog\/#\/schema\/person\/dcab619c614d3038751c63bc2aadc06d","name":"ulqini","sameAs":["http:\/\/www.visit-ulcinj.com"],"url":"https:\/\/www.visit-ulcinj.com\/blog\/author\/admin\/"}]}},"jetpack_featured_media_url":"","jetpack_sharing_enabled":true,"jetpack_shortlink":"https:\/\/wp.me\/pe6lTn-cpD","_links":{"self":[{"href":"https:\/\/www.visit-ulcinj.com\/blog\/wp-json\/wp\/v2\/posts\/47717"}],"collection":[{"href":"https:\/\/www.visit-ulcinj.com\/blog\/wp-json\/wp\/v2\/posts"}],"about":[{"href":"https:\/\/www.visit-ulcinj.com\/blog\/wp-json\/wp\/v2\/types\/post"}],"author":[{"embeddable":true,"href":"https:\/\/www.visit-ulcinj.com\/blog\/wp-json\/wp\/v2\/users\/1"}],"replies":[{"embeddable":true,"href":"https:\/\/www.visit-ulcinj.com\/blog\/wp-json\/wp\/v2\/comments?post=47717"}],"version-history":[{"count":0,"href":"https:\/\/www.visit-ulcinj.com\/blog\/wp-json\/wp\/v2\/posts\/47717\/revisions"}],"wp:attachment":[{"href":"https:\/\/www.visit-ulcinj.com\/blog\/wp-json\/wp\/v2\/media?parent=47717"}],"wp:term":[{"taxonomy":"category","embeddable":true,"href":"https:\/\/www.visit-ulcinj.com\/blog\/wp-json\/wp\/v2\/categories?post=47717"},{"taxonomy":"post_tag","embeddable":true,"href":"https:\/\/www.visit-ulcinj.com\/blog\/wp-json\/wp\/v2\/tags?post=47717"}],"curies":[{"name":"wp","href":"https:\/\/api.w.org\/{rel}","templated":true}]}}