{"id":47761,"date":"2011-06-15T08:50:06","date_gmt":"2011-06-15T07:50:06","guid":{"rendered":"http:\/\/www.visit-ulcinj.com\/blog\/?p=47761"},"modified":"2011-06-15T12:28:31","modified_gmt":"2011-06-15T11:28:31","slug":"valdanosi-serish-ne-tender-te-ri-me-rivieren-e-ulqinit","status":"publish","type":"post","link":"https:\/\/www.visit-ulcinj.com\/blog\/2011\/06\/15\/valdanosi-serish-ne-tender-te-ri-me-rivieren-e-ulqinit\/","title":{"rendered":"Valdanosi s\u00ebrish n\u00eb tender t\u00eb ri me Rivieren e Ulqinit"},"content":{"rendered":"<p><a href=\"http:\/\/www.visit-ulcinj.com\/blog\/wp-content\/uploads\/2011\/06\/Tender-Valdanos-Resort-and-Ulcinjska-Rivijera_Montenegro.jpg\"><img loading=\"lazy\" class=\"alignleft size-full wp-image-47762\" title=\"Tender Valdanos Resort and Ulcinjska Rivijera_Montenegro\" src=\"http:\/\/www.visit-ulcinj.com\/blog\/wp-content\/uploads\/2011\/06\/Tender-Valdanos-Resort-and-Ulcinjska-Rivijera_Montenegro.jpg\" alt=\"\" width=\"508\" height=\"380\" srcset=\"https:\/\/www.visit-ulcinj.com\/blog\/wp-content\/uploads\/2011\/06\/Tender-Valdanos-Resort-and-Ulcinjska-Rivijera_Montenegro.jpg 640w, https:\/\/www.visit-ulcinj.com\/blog\/wp-content\/uploads\/2011\/06\/Tender-Valdanos-Resort-and-Ulcinjska-Rivijera_Montenegro-300x225.jpg 300w\" sizes=\"(max-width: 508px) 100vw, 508px\" \/><\/a>Tenderi p\u00ebr dh\u00ebnie n\u00eb shfryt\u00ebzim afatgjat\u00eb t\u00eb Valdanosit, pjes\u00ebn m\u00eb atraktive t\u00eb Ulqinin, do t\u00eb p\u00ebrs\u00ebritet n\u00eb\u00a0 pjes\u00ebn e dyt\u00eb t\u00eb prillit, ka paralajm\u00ebruar Komisioni Tenderues.<br \/>\nTenderi i ri p\u00ebr dh\u00ebnjen afatgjat me qira t\u00eb kompleksit ushtarako-turistik Valdanos n\u00eb Ulqin do t\u00eb shpallet t\u00eb h\u00ebn\u00ebn. N\u00eb mbledhjen e Komisionit t\u00eb tenderit \u00ebsht\u00eb precizuar se ofertat mund t\u00eb dor\u00ebzohen brenda 90 dit\u00ebve pas shpalljes s\u00eb tenderit.<\/p>\n<p>Me ftes\u00eb publike p\u00ebr dor\u00ebzimin e ofertave do t\u00eb ftohen investuesit nd\u00ebrkomb\u00ebtar\u00eb t\u00eb deklaruar me aft\u00ebsi financiare si dhe me p\u00ebrvoj\u00eb n\u00eb projektim , nd\u00ebrtim, dhe afariz\u00ebm n\u00eb komplekset e m\u00ebdha dhe t\u00eb nd\u00ebrlikuara turistike , thuhet n\u00eb kumtes\u00ebn e Komisionit t\u00eb tenderit.<\/p>\n<p>Komisioni Tenderues p\u00ebr Turiz\u00ebm ka vendosur t\u00eb h\u00ebn\u00ebn t\u00eb shpall\u00eb dy tendera t\u00eb r\u00ebnd\u00ebsish\u00ebm &#8211; shitjen e shumic\u00ebs s\u00eb aksioneve t\u00eb nd\u00ebrrmarrjes &#8220;Riviera e Ulqinit&#8221; dhe dh\u00ebnien me qira afat-gjat\u00eb gjirit t\u00eb Valdanos, thuhet n\u00eb nj\u00eb deklarat\u00eb t\u00eb Ministris\u00eb s\u00eb zhvillimit t\u00eb q\u00ebndruesh\u00ebm dhe t\u00eb Turizmit.<br \/>\nN\u00eb mbledhjen e djeshme t\u00eb qeveris\u00eb, Komisioni miratoi nj\u00eb vendim p\u00ebr shitjen e 63,5273 p\u00ebr qind t\u00eb kapitalit t\u00eb shoq\u00ebris\u00eb s\u00eb Ulqinit, dhe dh\u00ebnies me qira afat-gjat\u00eb t\u00eb tok\u00ebs q\u00eb \u00ebsht\u00eb n\u00eb pron\u00ebsi t\u00eb shtetit. N\u00eb tender \u00ebsht\u00eb parapar\u00eb q\u00eb toka n\u00eb t\u00eb cil\u00ebn gjenden hotelet dhe objektet tjera, ofertuesit m\u00eb t\u00eb mir\u00eb ti jepen me qira p\u00ebr 90 vite, njofton portali Analitika.<\/p>\n<p>Poashtu komisioni ka marr\u00eb vendimin q\u00eb t\u00eb shpall tender\u00eb p\u00ebr dh\u00ebnie me qira afatgjate, p\u00ebr 90 vite, p\u00ebr gjirin e Valdanosit n\u00eb Ulqin.<\/p>\n<p>Thirrje publike p\u00ebr k\u00ebto tendera do t\u00eb shpallen t\u00eb h\u00ebn\u00ebn e ardhshme, me 20 qershor, me afat p\u00ebr dor\u00ebzimin e ofertave prej 90 dit\u00ebsh.<\/p>\n<p><strong>RTCG \/ Promul Ulqin<br \/>\n<!--YouTube Error: bad URL entered--><\/strong><\/p>\n","protected":false},"excerpt":{"rendered":"<p>Tenderi p\u00ebr dh\u00ebnie n\u00eb shfryt\u00ebzim afatgjat\u00eb t\u00eb Valdanosit, pjes\u00ebn m\u00eb atraktive t\u00eb Ulqinin, do t\u00eb p\u00ebrs\u00ebritet n\u00eb\u00a0 pjes\u00ebn e dyt\u00eb t\u00eb prillit, ka paralajm\u00ebruar Komisioni Tenderues. Tenderi i ri p\u00ebr dh\u00ebnjen afatgjat me qira t\u00eb kompleksit ushtarako-turistik Valdanos n\u00eb Ulqin do t\u00eb shpallet t\u00eb h\u00ebn\u00ebn. N\u00eb mbledhjen e Komisionit t\u00eb tenderit \u00ebsht\u00eb precizuar se ofertat [&hellip;]<\/p>\n","protected":false},"author":1,"featured_media":0,"comment_status":"open","ping_status":"closed","sticky":false,"template":"","format":"standard","meta":{"spay_email":"","jetpack_publicize_message":"","jetpack_is_tweetstorm":false,"jetpack_publicize_feature_enabled":true},"categories":[1,12],"tags":[250,95,5325,200,18,136,561],"jetpack_publicize_connections":[],"yoast_head":"<!-- This site is optimized with the Yoast SEO plugin v19.1 - https:\/\/yoast.com\/wordpress\/plugins\/seo\/ -->\n<title>Valdanosi s\u00ebrish n\u00eb tender t\u00eb ri me Rivieren e Ulqinit - Lajme nga Ulqini<\/title>\n<meta name=\"description\" content=\"Tenderi p\u00ebr dh\u00ebnie n\u00eb shfryt\u00ebzim afatgjat\u00eb t\u00eb Valdanosit, pjes\u00ebn m\u00eb atraktive t\u00eb Ulqinin, do t\u00eb p\u00ebrs\u00ebritet n\u00eb\u00a0 pjes\u00ebn e dyt\u00eb t\u00eb prillit, ka paralajm\u00ebruar\" \/>\n<meta name=\"robots\" content=\"index, follow, max-snippet:-1, max-image-preview:large, max-video-preview:-1\" \/>\n<link rel=\"canonical\" href=\"https:\/\/www.visit-ulcinj.com\/blog\/2011\/06\/15\/valdanosi-serish-ne-tender-te-ri-me-rivieren-e-ulqinit\/\" \/>\n<meta property=\"og:locale\" content=\"en_US\" \/>\n<meta property=\"og:type\" content=\"article\" \/>\n<meta property=\"og:title\" content=\"Valdanosi s\u00ebrish n\u00eb tender t\u00eb ri me Rivieren e Ulqinit - Lajme nga Ulqini\" \/>\n<meta property=\"og:description\" content=\"Tenderi p\u00ebr dh\u00ebnie n\u00eb shfryt\u00ebzim afatgjat\u00eb t\u00eb Valdanosit, pjes\u00ebn m\u00eb atraktive t\u00eb Ulqinin, do t\u00eb p\u00ebrs\u00ebritet n\u00eb\u00a0 pjes\u00ebn e dyt\u00eb t\u00eb prillit, ka paralajm\u00ebruar\" \/>\n<meta property=\"og:url\" content=\"https:\/\/www.visit-ulcinj.com\/blog\/2011\/06\/15\/valdanosi-serish-ne-tender-te-ri-me-rivieren-e-ulqinit\/\" \/>\n<meta property=\"og:site_name\" content=\"Lajme nga Ulqini\" \/>\n<meta property=\"article:published_time\" content=\"2011-06-15T07:50:06+00:00\" \/>\n<meta property=\"article:modified_time\" content=\"2011-06-15T11:28:31+00:00\" \/>\n<meta property=\"og:image\" content=\"http:\/\/www.visit-ulcinj.com\/blog\/wp-content\/uploads\/2011\/06\/Tender-Valdanos-Resort-and-Ulcinjska-Rivijera_Montenegro.jpg\" \/>\n<meta name=\"twitter:label1\" content=\"Written by\" \/>\n\t<meta name=\"twitter:data1\" content=\"ulqini\" \/>\n\t<meta name=\"twitter:label2\" content=\"Est. reading time\" \/>\n\t<meta name=\"twitter:data2\" content=\"2 minutes\" \/>\n<script type=\"application\/ld+json\" class=\"yoast-schema-graph\">{\"@context\":\"https:\/\/schema.org\",\"@graph\":[{\"@type\":\"WebSite\",\"@id\":\"https:\/\/www.visit-ulcinj.com\/blog\/#website\",\"url\":\"https:\/\/www.visit-ulcinj.com\/blog\/\",\"name\":\"Lajme nga Ulqini\",\"description\":\"Lajme,Vijesti,Ulqini,Ulqin,Crna Gora,Mali i Zi\",\"potentialAction\":[{\"@type\":\"SearchAction\",\"target\":{\"@type\":\"EntryPoint\",\"urlTemplate\":\"https:\/\/www.visit-ulcinj.com\/blog\/?s={search_term_string}\"},\"query-input\":\"required name=search_term_string\"}],\"inLanguage\":\"en-US\"},{\"@type\":\"ImageObject\",\"inLanguage\":\"en-US\",\"@id\":\"https:\/\/www.visit-ulcinj.com\/blog\/2011\/06\/15\/valdanosi-serish-ne-tender-te-ri-me-rivieren-e-ulqinit\/#primaryimage\",\"url\":\"https:\/\/www.visit-ulcinj.com\/blog\/wp-content\/uploads\/2011\/06\/Tender-Valdanos-Resort-and-Ulcinjska-Rivijera_Montenegro.jpg\",\"contentUrl\":\"https:\/\/www.visit-ulcinj.com\/blog\/wp-content\/uploads\/2011\/06\/Tender-Valdanos-Resort-and-Ulcinjska-Rivijera_Montenegro.jpg\",\"width\":\"640\",\"height\":\"480\"},{\"@type\":\"WebPage\",\"@id\":\"https:\/\/www.visit-ulcinj.com\/blog\/2011\/06\/15\/valdanosi-serish-ne-tender-te-ri-me-rivieren-e-ulqinit\/#webpage\",\"url\":\"https:\/\/www.visit-ulcinj.com\/blog\/2011\/06\/15\/valdanosi-serish-ne-tender-te-ri-me-rivieren-e-ulqinit\/\",\"name\":\"Valdanosi s\u00ebrish n\u00eb tender t\u00eb ri me Rivieren e Ulqinit - Lajme nga Ulqini\",\"isPartOf\":{\"@id\":\"https:\/\/www.visit-ulcinj.com\/blog\/#website\"},\"primaryImageOfPage\":{\"@id\":\"https:\/\/www.visit-ulcinj.com\/blog\/2011\/06\/15\/valdanosi-serish-ne-tender-te-ri-me-rivieren-e-ulqinit\/#primaryimage\"},\"datePublished\":\"2011-06-15T07:50:06+00:00\",\"dateModified\":\"2011-06-15T11:28:31+00:00\",\"author\":{\"@id\":\"https:\/\/www.visit-ulcinj.com\/blog\/#\/schema\/person\/dcab619c614d3038751c63bc2aadc06d\"},\"description\":\"Tenderi p\u00ebr dh\u00ebnie n\u00eb shfryt\u00ebzim afatgjat\u00eb t\u00eb Valdanosit, pjes\u00ebn m\u00eb atraktive t\u00eb Ulqinin, do t\u00eb p\u00ebrs\u00ebritet n\u00eb\u00a0 pjes\u00ebn e dyt\u00eb t\u00eb prillit, ka paralajm\u00ebruar\",\"breadcrumb\":{\"@id\":\"https:\/\/www.visit-ulcinj.com\/blog\/2011\/06\/15\/valdanosi-serish-ne-tender-te-ri-me-rivieren-e-ulqinit\/#breadcrumb\"},\"inLanguage\":\"en-US\",\"potentialAction\":[{\"@type\":\"ReadAction\",\"target\":[\"https:\/\/www.visit-ulcinj.com\/blog\/2011\/06\/15\/valdanosi-serish-ne-tender-te-ri-me-rivieren-e-ulqinit\/\"]}]},{\"@type\":\"BreadcrumbList\",\"@id\":\"https:\/\/www.visit-ulcinj.com\/blog\/2011\/06\/15\/valdanosi-serish-ne-tender-te-ri-me-rivieren-e-ulqinit\/#breadcrumb\",\"itemListElement\":[{\"@type\":\"ListItem\",\"position\":1,\"name\":\"Valdanosi s\u00ebrish n\u00eb tender t\u00eb ri me Rivieren e Ulqinit\"}]},{\"@type\":\"Person\",\"@id\":\"https:\/\/www.visit-ulcinj.com\/blog\/#\/schema\/person\/dcab619c614d3038751c63bc2aadc06d\",\"name\":\"ulqini\",\"sameAs\":[\"http:\/\/www.visit-ulcinj.com\"],\"url\":\"https:\/\/www.visit-ulcinj.com\/blog\/author\/admin\/\"}]}<\/script>\n<!-- \/ Yoast SEO plugin. -->","yoast_head_json":{"title":"Valdanosi s\u00ebrish n\u00eb tender t\u00eb ri me Rivieren e Ulqinit - Lajme nga Ulqini","description":"Tenderi p\u00ebr dh\u00ebnie n\u00eb shfryt\u00ebzim afatgjat\u00eb t\u00eb Valdanosit, pjes\u00ebn m\u00eb atraktive t\u00eb Ulqinin, do t\u00eb p\u00ebrs\u00ebritet n\u00eb\u00a0 pjes\u00ebn e dyt\u00eb t\u00eb prillit, ka paralajm\u00ebruar","robots":{"index":"index","follow":"follow","max-snippet":"max-snippet:-1","max-image-preview":"max-image-preview:large","max-video-preview":"max-video-preview:-1"},"canonical":"https:\/\/www.visit-ulcinj.com\/blog\/2011\/06\/15\/valdanosi-serish-ne-tender-te-ri-me-rivieren-e-ulqinit\/","og_locale":"en_US","og_type":"article","og_title":"Valdanosi s\u00ebrish n\u00eb tender t\u00eb ri me Rivieren e Ulqinit - Lajme nga Ulqini","og_description":"Tenderi p\u00ebr dh\u00ebnie n\u00eb shfryt\u00ebzim afatgjat\u00eb t\u00eb Valdanosit, pjes\u00ebn m\u00eb atraktive t\u00eb Ulqinin, do t\u00eb p\u00ebrs\u00ebritet n\u00eb\u00a0 pjes\u00ebn e dyt\u00eb t\u00eb prillit, ka paralajm\u00ebruar","og_url":"https:\/\/www.visit-ulcinj.com\/blog\/2011\/06\/15\/valdanosi-serish-ne-tender-te-ri-me-rivieren-e-ulqinit\/","og_site_name":"Lajme nga Ulqini","article_published_time":"2011-06-15T07:50:06+00:00","article_modified_time":"2011-06-15T11:28:31+00:00","og_image":[{"url":"http:\/\/www.visit-ulcinj.com\/blog\/wp-content\/uploads\/2011\/06\/Tender-Valdanos-Resort-and-Ulcinjska-Rivijera_Montenegro.jpg"}],"twitter_misc":{"Written by":"ulqini","Est. reading time":"2 minutes"},"schema":{"@context":"https:\/\/schema.org","@graph":[{"@type":"WebSite","@id":"https:\/\/www.visit-ulcinj.com\/blog\/#website","url":"https:\/\/www.visit-ulcinj.com\/blog\/","name":"Lajme nga Ulqini","description":"Lajme,Vijesti,Ulqini,Ulqin,Crna Gora,Mali i Zi","potentialAction":[{"@type":"SearchAction","target":{"@type":"EntryPoint","urlTemplate":"https:\/\/www.visit-ulcinj.com\/blog\/?s={search_term_string}"},"query-input":"required name=search_term_string"}],"inLanguage":"en-US"},{"@type":"ImageObject","inLanguage":"en-US","@id":"https:\/\/www.visit-ulcinj.com\/blog\/2011\/06\/15\/valdanosi-serish-ne-tender-te-ri-me-rivieren-e-ulqinit\/#primaryimage","url":"https:\/\/www.visit-ulcinj.com\/blog\/wp-content\/uploads\/2011\/06\/Tender-Valdanos-Resort-and-Ulcinjska-Rivijera_Montenegro.jpg","contentUrl":"https:\/\/www.visit-ulcinj.com\/blog\/wp-content\/uploads\/2011\/06\/Tender-Valdanos-Resort-and-Ulcinjska-Rivijera_Montenegro.jpg","width":"640","height":"480"},{"@type":"WebPage","@id":"https:\/\/www.visit-ulcinj.com\/blog\/2011\/06\/15\/valdanosi-serish-ne-tender-te-ri-me-rivieren-e-ulqinit\/#webpage","url":"https:\/\/www.visit-ulcinj.com\/blog\/2011\/06\/15\/valdanosi-serish-ne-tender-te-ri-me-rivieren-e-ulqinit\/","name":"Valdanosi s\u00ebrish n\u00eb tender t\u00eb ri me Rivieren e Ulqinit - Lajme nga Ulqini","isPartOf":{"@id":"https:\/\/www.visit-ulcinj.com\/blog\/#website"},"primaryImageOfPage":{"@id":"https:\/\/www.visit-ulcinj.com\/blog\/2011\/06\/15\/valdanosi-serish-ne-tender-te-ri-me-rivieren-e-ulqinit\/#primaryimage"},"datePublished":"2011-06-15T07:50:06+00:00","dateModified":"2011-06-15T11:28:31+00:00","author":{"@id":"https:\/\/www.visit-ulcinj.com\/blog\/#\/schema\/person\/dcab619c614d3038751c63bc2aadc06d"},"description":"Tenderi p\u00ebr dh\u00ebnie n\u00eb shfryt\u00ebzim afatgjat\u00eb t\u00eb Valdanosit, pjes\u00ebn m\u00eb atraktive t\u00eb Ulqinin, do t\u00eb p\u00ebrs\u00ebritet n\u00eb\u00a0 pjes\u00ebn e dyt\u00eb t\u00eb prillit, ka paralajm\u00ebruar","breadcrumb":{"@id":"https:\/\/www.visit-ulcinj.com\/blog\/2011\/06\/15\/valdanosi-serish-ne-tender-te-ri-me-rivieren-e-ulqinit\/#breadcrumb"},"inLanguage":"en-US","potentialAction":[{"@type":"ReadAction","target":["https:\/\/www.visit-ulcinj.com\/blog\/2011\/06\/15\/valdanosi-serish-ne-tender-te-ri-me-rivieren-e-ulqinit\/"]}]},{"@type":"BreadcrumbList","@id":"https:\/\/www.visit-ulcinj.com\/blog\/2011\/06\/15\/valdanosi-serish-ne-tender-te-ri-me-rivieren-e-ulqinit\/#breadcrumb","itemListElement":[{"@type":"ListItem","position":1,"name":"Valdanosi s\u00ebrish n\u00eb tender t\u00eb ri me Rivieren e Ulqinit"}]},{"@type":"Person","@id":"https:\/\/www.visit-ulcinj.com\/blog\/#\/schema\/person\/dcab619c614d3038751c63bc2aadc06d","name":"ulqini","sameAs":["http:\/\/www.visit-ulcinj.com"],"url":"https:\/\/www.visit-ulcinj.com\/blog\/author\/admin\/"}]}},"jetpack_featured_media_url":"","jetpack_sharing_enabled":true,"jetpack_shortlink":"https:\/\/wp.me\/pe6lTn-cql","_links":{"self":[{"href":"https:\/\/www.visit-ulcinj.com\/blog\/wp-json\/wp\/v2\/posts\/47761"}],"collection":[{"href":"https:\/\/www.visit-ulcinj.com\/blog\/wp-json\/wp\/v2\/posts"}],"about":[{"href":"https:\/\/www.visit-ulcinj.com\/blog\/wp-json\/wp\/v2\/types\/post"}],"author":[{"embeddable":true,"href":"https:\/\/www.visit-ulcinj.com\/blog\/wp-json\/wp\/v2\/users\/1"}],"replies":[{"embeddable":true,"href":"https:\/\/www.visit-ulcinj.com\/blog\/wp-json\/wp\/v2\/comments?post=47761"}],"version-history":[{"count":0,"href":"https:\/\/www.visit-ulcinj.com\/blog\/wp-json\/wp\/v2\/posts\/47761\/revisions"}],"wp:attachment":[{"href":"https:\/\/www.visit-ulcinj.com\/blog\/wp-json\/wp\/v2\/media?parent=47761"}],"wp:term":[{"taxonomy":"category","embeddable":true,"href":"https:\/\/www.visit-ulcinj.com\/blog\/wp-json\/wp\/v2\/categories?post=47761"},{"taxonomy":"post_tag","embeddable":true,"href":"https:\/\/www.visit-ulcinj.com\/blog\/wp-json\/wp\/v2\/tags?post=47761"}],"curies":[{"name":"wp","href":"https:\/\/api.w.org\/{rel}","templated":true}]}}