{"id":47769,"date":"2011-06-15T10:17:22","date_gmt":"2011-06-15T09:17:22","guid":{"rendered":"http:\/\/www.visit-ulcinj.com\/blog\/?p=47769"},"modified":"2011-06-15T10:17:22","modified_gmt":"2011-06-15T09:17:22","slug":"u-ulcinju-dosli-cesi-i-poljaci","status":"publish","type":"post","link":"https:\/\/www.visit-ulcinj.com\/blog\/2011\/06\/15\/u-ulcinju-dosli-cesi-i-poljaci\/","title":{"rendered":"U Ulcinju do\u0161li \u010cesi i Poljaci"},"content":{"rendered":"<p><a href=\"http:\/\/www.visit-ulcinj.com\/blog\/wp-content\/uploads\/2011\/06\/ViSe-gostiju-u-Ulcinjskoj-rivijeri1.jpg\"><img loading=\"lazy\" class=\"alignleft size-full wp-image-47770\" title=\"ViSe gostiju u Ulcinjskoj rivijeri\" src=\"http:\/\/www.visit-ulcinj.com\/blog\/wp-content\/uploads\/2011\/06\/ViSe-gostiju-u-Ulcinjskoj-rivijeri1.jpg\" alt=\"\" width=\"508\" height=\"380\" \/><\/a>Po\u010detak letnje sezone na Ulcinjskoj rivijeri znatno bolji nego pro\u0161le godine. O\u010dekuju se i doma\u0107i i gosti iz regiona. Vratili se nudisti iz Nema\u010dke.<br \/>\nULCINj &#8211; Varljivo junsko vreme s puno oblaka, koji pu\u0161taju ipak vi\u0161e sunca nego ki\u0161e, dovelo je u Ulcinj prili\u010dno stranaca. Na sitnozrnastoj Velikoj pla\u017ei odmaraju se Poljaci, \u010cesi, Nemci&#8230; Lep uvod u glavnu turisti\u010dku sezonu, zadovoljno se sme\u0161e doma\u0107ini.<\/p>\n<p>&#8211; Dobro je po\u010delo, gostiju je vi\u0161e nego lane u isto vreme -ka\u017ee za \u201cNovosti\u201d Ana \u017divanovi\u0107, pi-ar HTP \u201cUlcinjska rivijera\u201d. -Veoma su ohrabruju\u0107e i najave za naredni period stranih agencija \u201cKovotur\u201d, \u201cDantur\u201d, \u201cObene\u201d, ITS i drugih s podru\u010dja Poljske, \u010ce\u0161ke, Nema\u010dke.<\/p>\n<p>Bi\u0107e, naravno, i gostiju iz regiona. Za njih je jo\u0161 rano, ali interesovanje iz Srbije, BiH, Makedonije za objekte \u201cUlcinjske rivijere\u201d je prili\u010dno. Ono predstavlja pravi odgovor na pristupa\u010dne cene koje je za ovogodi\u0161nju sezonu ponudio ulcinjski hotelijer.<br \/>\nPrema re\u010dima Ane \u017divanovi\u0107, planirano je da HTP \u201cUlcinjska rivijera\u201d, u \u010dijem su sastavu hoteli \u201cOlimpik\u201d, \u201cBelvi\u201d i nudisti\u010dko naselje \u201cBojana\u201d na ostrvu Ada, ostvari oko 100.000 no\u0107enja, ili 20.000 vi\u0161e nego lane. O\u010dekuje se i bolja vanpansionska potro\u0161nja &#8211; doma\u0107ini su tokom zime radili na tome da ponuda, kako u hotelima, tako i restoranima i na samoj pla\u017ei bude \u0161to bolja i raznovrsnija.<br \/>\n<a href=\"http:\/\/www.visit-ulcinj.com\/blog\/wp-content\/uploads\/2011\/06\/Odmor-u-Ulcinjskoj-Rivijeri-Crna-Gora-Montenegro-Hotel-Olympic.31.jpg\"><img loading=\"lazy\" class=\"alignleft size-full wp-image-47771\" title=\"Odmor u Ulcinjskoj Rivijeri - Crna Gora - Montenegro - Hotel Olympic.3\" src=\"http:\/\/www.visit-ulcinj.com\/blog\/wp-content\/uploads\/2011\/06\/Odmor-u-Ulcinjskoj-Rivijeri-Crna-Gora-Montenegro-Hotel-Olympic.31.jpg\" alt=\"\" width=\"508\" height=\"620\" \/><\/a><\/p>\n<p>Goste je u novom ruhu do\u010dekao hotel \u201cBelvi\u201d. Renovirani su 252 sobe, 126 kupatila, holovi, recepcija, deo restorana.Polovina kapaciteta rezervisana je za turiste iz Poljske i \u010ce\u0161ke,a preostali deo puni\u0107e doma\u0107i i gosti iz regiona.<\/p>\n<p>&#8211; Odli\u010dno je po\u010dela sezona na Adi, vratili su se nudisti iz Nema\u010dke, koji su pre raspada SFRJ bili glavni gosti, bi\u0107e i doma\u0107ih kao i \u201cgola\u0107a\u201d iz regiona &#8211; ka\u017ee Ana \u017divanovi\u0107.<\/p>\n<p>HTP \u201cUlcinjska rivijera\u201d jo\u0161 nije privatizovano. Za to se uveliko pripremaju menad\u017ement ove ku\u0107e i nadle\u017eni u crnogorskoj vladi. Tra\u017ei se dobar strate\u0161ki partner, neki od evropskih i svetskih brendova kako bi bili modernizovani stari i izgra\u0111eni novi hoteli.<\/p>\n<p>&#8211; Nismo po\u017eurili, nije, dakle, do sada napravljena nikakva gre\u0161ka. Verujemo da \u0107e jedinstvene ulcinjske pla\u017ee i njihovo zale\u0111e, kao i na\u0161a tradicija zainteresovati strane ulaga\u010de kapitala, kako bi ovo podru\u010dje postalo mediteranski turisti\u010dki centar &#8211; zaklju\u010dila je Ana \u017divanovi\u0107.<\/p>\n<p><strong>CENE<br \/>\n<\/strong>U \u0161picu \u00a0sezone polupansion u hotelu \u201cBelvi\u201d staja\u0107e od 20 do 27 evra, zavisno od vremena kori\u0161\u0107enja (jul, avgust) i apartmana koji su u ponudi. U hotelu \u201cOlimpik\u201d te cene se kre\u0107u od 24 do 33 evra, a toliko ko\u0161ta i polupansion na ostrvu Ada. Doplata za puni pansion je 20 odsto na postoje\u0107e cene.<\/p>\n<h3><strong> <a href=\"http:\/\/www.novosti.rs\/vesti\/turizam.90.html:334301-Ulcinj-Dosli-Cesi-i-Poljaci\" target=\"_blank\">Novosti<\/a><\/strong><\/h3>\n<p><strong><!--YouTube Error: bad URL entered--><br \/>\n<\/strong><\/p>\n","protected":false},"excerpt":{"rendered":"<p>Po\u010detak letnje sezone na Ulcinjskoj rivijeri znatno bolji nego pro\u0161le godine. O\u010dekuju se i doma\u0107i i gosti iz regiona. Vratili se nudisti iz Nema\u010dke. ULCINj &#8211; Varljivo junsko vreme s puno oblaka, koji pu\u0161taju ipak vi\u0161e sunca nego ki\u0161e, dovelo je u Ulcinj prili\u010dno stranaca. Na sitnozrnastoj Velikoj pla\u017ei odmaraju se Poljaci, \u010cesi, Nemci&#8230; Lep [&hellip;]<\/p>\n","protected":false},"author":1,"featured_media":0,"comment_status":"open","ping_status":"closed","sticky":false,"template":"","format":"standard","meta":{"spay_email":"","jetpack_publicize_message":"","jetpack_is_tweetstorm":false,"jetpack_publicize_feature_enabled":true},"categories":[8337],"tags":[138,20,18406,18407,19],"jetpack_publicize_connections":[],"yoast_head":"<!-- This site is optimized with the Yoast SEO plugin v19.1 - https:\/\/yoast.com\/wordpress\/plugins\/seo\/ -->\n<title>U Ulcinju do\u0161li \u010cesi i Poljaci - Lajme nga Ulqini<\/title>\n<meta name=\"description\" content=\"Po\u010detak letnje sezone na Ulcinjskoj rivijeri znatno bolji nego pro\u0161le godine. O\u010dekuju se i doma\u0107i i gosti iz regiona. Vratili se nudisti iz Nema\u010dke.\" \/>\n<meta name=\"robots\" content=\"index, follow, max-snippet:-1, max-image-preview:large, max-video-preview:-1\" \/>\n<link rel=\"canonical\" href=\"https:\/\/www.visit-ulcinj.com\/blog\/2011\/06\/15\/u-ulcinju-dosli-cesi-i-poljaci\/\" \/>\n<meta property=\"og:locale\" content=\"en_US\" \/>\n<meta property=\"og:type\" content=\"article\" \/>\n<meta property=\"og:title\" content=\"U Ulcinju do\u0161li \u010cesi i Poljaci - Lajme nga Ulqini\" \/>\n<meta property=\"og:description\" content=\"Po\u010detak letnje sezone na Ulcinjskoj rivijeri znatno bolji nego pro\u0161le godine. O\u010dekuju se i doma\u0107i i gosti iz regiona. Vratili se nudisti iz Nema\u010dke.\" \/>\n<meta property=\"og:url\" content=\"https:\/\/www.visit-ulcinj.com\/blog\/2011\/06\/15\/u-ulcinju-dosli-cesi-i-poljaci\/\" \/>\n<meta property=\"og:site_name\" content=\"Lajme nga Ulqini\" \/>\n<meta property=\"article:published_time\" content=\"2011-06-15T09:17:22+00:00\" \/>\n<meta property=\"og:image\" content=\"http:\/\/www.visit-ulcinj.com\/blog\/wp-content\/uploads\/2011\/06\/ViSe-gostiju-u-Ulcinjskoj-rivijeri1.jpg\" \/>\n<meta name=\"twitter:label1\" content=\"Written by\" \/>\n\t<meta name=\"twitter:data1\" content=\"ulqini\" \/>\n\t<meta name=\"twitter:label2\" content=\"Est. reading time\" \/>\n\t<meta name=\"twitter:data2\" content=\"2 minutes\" \/>\n<script type=\"application\/ld+json\" class=\"yoast-schema-graph\">{\"@context\":\"https:\/\/schema.org\",\"@graph\":[{\"@type\":\"WebSite\",\"@id\":\"https:\/\/www.visit-ulcinj.com\/blog\/#website\",\"url\":\"https:\/\/www.visit-ulcinj.com\/blog\/\",\"name\":\"Lajme nga Ulqini\",\"description\":\"Lajme,Vijesti,Ulqini,Ulqin,Crna Gora,Mali i Zi\",\"potentialAction\":[{\"@type\":\"SearchAction\",\"target\":{\"@type\":\"EntryPoint\",\"urlTemplate\":\"https:\/\/www.visit-ulcinj.com\/blog\/?s={search_term_string}\"},\"query-input\":\"required name=search_term_string\"}],\"inLanguage\":\"en-US\"},{\"@type\":\"ImageObject\",\"inLanguage\":\"en-US\",\"@id\":\"https:\/\/www.visit-ulcinj.com\/blog\/2011\/06\/15\/u-ulcinju-dosli-cesi-i-poljaci\/#primaryimage\",\"url\":\"https:\/\/www.visit-ulcinj.com\/blog\/wp-content\/uploads\/2011\/06\/ViSe-gostiju-u-Ulcinjskoj-rivijeri1.jpg\",\"contentUrl\":\"https:\/\/www.visit-ulcinj.com\/blog\/wp-content\/uploads\/2011\/06\/ViSe-gostiju-u-Ulcinjskoj-rivijeri1.jpg\",\"width\":\"720\",\"height\":\"487\"},{\"@type\":\"WebPage\",\"@id\":\"https:\/\/www.visit-ulcinj.com\/blog\/2011\/06\/15\/u-ulcinju-dosli-cesi-i-poljaci\/#webpage\",\"url\":\"https:\/\/www.visit-ulcinj.com\/blog\/2011\/06\/15\/u-ulcinju-dosli-cesi-i-poljaci\/\",\"name\":\"U Ulcinju do\u0161li \u010cesi i Poljaci - Lajme nga Ulqini\",\"isPartOf\":{\"@id\":\"https:\/\/www.visit-ulcinj.com\/blog\/#website\"},\"primaryImageOfPage\":{\"@id\":\"https:\/\/www.visit-ulcinj.com\/blog\/2011\/06\/15\/u-ulcinju-dosli-cesi-i-poljaci\/#primaryimage\"},\"datePublished\":\"2011-06-15T09:17:22+00:00\",\"dateModified\":\"2011-06-15T09:17:22+00:00\",\"author\":{\"@id\":\"https:\/\/www.visit-ulcinj.com\/blog\/#\/schema\/person\/dcab619c614d3038751c63bc2aadc06d\"},\"description\":\"Po\u010detak letnje sezone na Ulcinjskoj rivijeri znatno bolji nego pro\u0161le godine. O\u010dekuju se i doma\u0107i i gosti iz regiona. Vratili se nudisti iz Nema\u010dke.\",\"breadcrumb\":{\"@id\":\"https:\/\/www.visit-ulcinj.com\/blog\/2011\/06\/15\/u-ulcinju-dosli-cesi-i-poljaci\/#breadcrumb\"},\"inLanguage\":\"en-US\",\"potentialAction\":[{\"@type\":\"ReadAction\",\"target\":[\"https:\/\/www.visit-ulcinj.com\/blog\/2011\/06\/15\/u-ulcinju-dosli-cesi-i-poljaci\/\"]}]},{\"@type\":\"BreadcrumbList\",\"@id\":\"https:\/\/www.visit-ulcinj.com\/blog\/2011\/06\/15\/u-ulcinju-dosli-cesi-i-poljaci\/#breadcrumb\",\"itemListElement\":[{\"@type\":\"ListItem\",\"position\":1,\"name\":\"U Ulcinju do\u0161li \u010cesi i Poljaci\"}]},{\"@type\":\"Person\",\"@id\":\"https:\/\/www.visit-ulcinj.com\/blog\/#\/schema\/person\/dcab619c614d3038751c63bc2aadc06d\",\"name\":\"ulqini\",\"sameAs\":[\"http:\/\/www.visit-ulcinj.com\"],\"url\":\"https:\/\/www.visit-ulcinj.com\/blog\/author\/admin\/\"}]}<\/script>\n<!-- \/ Yoast SEO plugin. -->","yoast_head_json":{"title":"U Ulcinju do\u0161li \u010cesi i Poljaci - Lajme nga Ulqini","description":"Po\u010detak letnje sezone na Ulcinjskoj rivijeri znatno bolji nego pro\u0161le godine. O\u010dekuju se i doma\u0107i i gosti iz regiona. Vratili se nudisti iz Nema\u010dke.","robots":{"index":"index","follow":"follow","max-snippet":"max-snippet:-1","max-image-preview":"max-image-preview:large","max-video-preview":"max-video-preview:-1"},"canonical":"https:\/\/www.visit-ulcinj.com\/blog\/2011\/06\/15\/u-ulcinju-dosli-cesi-i-poljaci\/","og_locale":"en_US","og_type":"article","og_title":"U Ulcinju do\u0161li \u010cesi i Poljaci - Lajme nga Ulqini","og_description":"Po\u010detak letnje sezone na Ulcinjskoj rivijeri znatno bolji nego pro\u0161le godine. O\u010dekuju se i doma\u0107i i gosti iz regiona. Vratili se nudisti iz Nema\u010dke.","og_url":"https:\/\/www.visit-ulcinj.com\/blog\/2011\/06\/15\/u-ulcinju-dosli-cesi-i-poljaci\/","og_site_name":"Lajme nga Ulqini","article_published_time":"2011-06-15T09:17:22+00:00","og_image":[{"url":"http:\/\/www.visit-ulcinj.com\/blog\/wp-content\/uploads\/2011\/06\/ViSe-gostiju-u-Ulcinjskoj-rivijeri1.jpg"}],"twitter_misc":{"Written by":"ulqini","Est. reading time":"2 minutes"},"schema":{"@context":"https:\/\/schema.org","@graph":[{"@type":"WebSite","@id":"https:\/\/www.visit-ulcinj.com\/blog\/#website","url":"https:\/\/www.visit-ulcinj.com\/blog\/","name":"Lajme nga Ulqini","description":"Lajme,Vijesti,Ulqini,Ulqin,Crna Gora,Mali i Zi","potentialAction":[{"@type":"SearchAction","target":{"@type":"EntryPoint","urlTemplate":"https:\/\/www.visit-ulcinj.com\/blog\/?s={search_term_string}"},"query-input":"required name=search_term_string"}],"inLanguage":"en-US"},{"@type":"ImageObject","inLanguage":"en-US","@id":"https:\/\/www.visit-ulcinj.com\/blog\/2011\/06\/15\/u-ulcinju-dosli-cesi-i-poljaci\/#primaryimage","url":"https:\/\/www.visit-ulcinj.com\/blog\/wp-content\/uploads\/2011\/06\/ViSe-gostiju-u-Ulcinjskoj-rivijeri1.jpg","contentUrl":"https:\/\/www.visit-ulcinj.com\/blog\/wp-content\/uploads\/2011\/06\/ViSe-gostiju-u-Ulcinjskoj-rivijeri1.jpg","width":"720","height":"487"},{"@type":"WebPage","@id":"https:\/\/www.visit-ulcinj.com\/blog\/2011\/06\/15\/u-ulcinju-dosli-cesi-i-poljaci\/#webpage","url":"https:\/\/www.visit-ulcinj.com\/blog\/2011\/06\/15\/u-ulcinju-dosli-cesi-i-poljaci\/","name":"U Ulcinju do\u0161li \u010cesi i Poljaci - Lajme nga Ulqini","isPartOf":{"@id":"https:\/\/www.visit-ulcinj.com\/blog\/#website"},"primaryImageOfPage":{"@id":"https:\/\/www.visit-ulcinj.com\/blog\/2011\/06\/15\/u-ulcinju-dosli-cesi-i-poljaci\/#primaryimage"},"datePublished":"2011-06-15T09:17:22+00:00","dateModified":"2011-06-15T09:17:22+00:00","author":{"@id":"https:\/\/www.visit-ulcinj.com\/blog\/#\/schema\/person\/dcab619c614d3038751c63bc2aadc06d"},"description":"Po\u010detak letnje sezone na Ulcinjskoj rivijeri znatno bolji nego pro\u0161le godine. O\u010dekuju se i doma\u0107i i gosti iz regiona. Vratili se nudisti iz Nema\u010dke.","breadcrumb":{"@id":"https:\/\/www.visit-ulcinj.com\/blog\/2011\/06\/15\/u-ulcinju-dosli-cesi-i-poljaci\/#breadcrumb"},"inLanguage":"en-US","potentialAction":[{"@type":"ReadAction","target":["https:\/\/www.visit-ulcinj.com\/blog\/2011\/06\/15\/u-ulcinju-dosli-cesi-i-poljaci\/"]}]},{"@type":"BreadcrumbList","@id":"https:\/\/www.visit-ulcinj.com\/blog\/2011\/06\/15\/u-ulcinju-dosli-cesi-i-poljaci\/#breadcrumb","itemListElement":[{"@type":"ListItem","position":1,"name":"U Ulcinju do\u0161li \u010cesi i Poljaci"}]},{"@type":"Person","@id":"https:\/\/www.visit-ulcinj.com\/blog\/#\/schema\/person\/dcab619c614d3038751c63bc2aadc06d","name":"ulqini","sameAs":["http:\/\/www.visit-ulcinj.com"],"url":"https:\/\/www.visit-ulcinj.com\/blog\/author\/admin\/"}]}},"jetpack_featured_media_url":"","jetpack_sharing_enabled":true,"jetpack_shortlink":"https:\/\/wp.me\/pe6lTn-cqt","_links":{"self":[{"href":"https:\/\/www.visit-ulcinj.com\/blog\/wp-json\/wp\/v2\/posts\/47769"}],"collection":[{"href":"https:\/\/www.visit-ulcinj.com\/blog\/wp-json\/wp\/v2\/posts"}],"about":[{"href":"https:\/\/www.visit-ulcinj.com\/blog\/wp-json\/wp\/v2\/types\/post"}],"author":[{"embeddable":true,"href":"https:\/\/www.visit-ulcinj.com\/blog\/wp-json\/wp\/v2\/users\/1"}],"replies":[{"embeddable":true,"href":"https:\/\/www.visit-ulcinj.com\/blog\/wp-json\/wp\/v2\/comments?post=47769"}],"version-history":[{"count":0,"href":"https:\/\/www.visit-ulcinj.com\/blog\/wp-json\/wp\/v2\/posts\/47769\/revisions"}],"wp:attachment":[{"href":"https:\/\/www.visit-ulcinj.com\/blog\/wp-json\/wp\/v2\/media?parent=47769"}],"wp:term":[{"taxonomy":"category","embeddable":true,"href":"https:\/\/www.visit-ulcinj.com\/blog\/wp-json\/wp\/v2\/categories?post=47769"},{"taxonomy":"post_tag","embeddable":true,"href":"https:\/\/www.visit-ulcinj.com\/blog\/wp-json\/wp\/v2\/tags?post=47769"}],"curies":[{"name":"wp","href":"https:\/\/api.w.org\/{rel}","templated":true}]}}