{"id":47814,"date":"2011-06-16T09:54:07","date_gmt":"2011-06-16T08:54:07","guid":{"rendered":"http:\/\/www.visit-ulcinj.com\/blog\/?p=47814"},"modified":"2011-06-16T09:57:13","modified_gmt":"2011-06-16T08:57:13","slug":"ulqini-ne-prag-te-sezonit-turistik-ankthi-i-sezonit","status":"publish","type":"post","link":"https:\/\/www.visit-ulcinj.com\/blog\/2011\/06\/16\/ulqini-ne-prag-te-sezonit-turistik-ankthi-i-sezonit\/","title":{"rendered":"Ulqini n\u00eb prag t\u00eb sezonit turistik &#8211; Ankthi i sezonit"},"content":{"rendered":"<p><strong><a href=\"http:\/\/www.visit-ulcinj.com\/blog\/wp-content\/uploads\/2011\/06\/Ankthi-i-sezonit-N\u00eb-prag-t\u00eb-sezonit-turistik-ne-ulqin.jpg\"><img loading=\"lazy\" class=\"alignleft size-full wp-image-47815\" title=\"Ankthi i sezonit - N\u00eb prag t\u00eb sezonit turistik ne ulqin\" src=\"http:\/\/www.visit-ulcinj.com\/blog\/wp-content\/uploads\/2011\/06\/Ankthi-i-sezonit-N\u00eb-prag-t\u00eb-sezonit-turistik-ne-ulqin.jpg\" alt=\"\" width=\"508\" height=\"298\" srcset=\"https:\/\/www.visit-ulcinj.com\/blog\/wp-content\/uploads\/2011\/06\/Ankthi-i-sezonit-N\u00eb-prag-t\u00eb-sezonit-turistik-ne-ulqin.jpg 508w, https:\/\/www.visit-ulcinj.com\/blog\/wp-content\/uploads\/2011\/06\/Ankthi-i-sezonit-N\u00eb-prag-t\u00eb-sezonit-turistik-ne-ulqin-300x175.jpg 300w\" sizes=\"(max-width: 508px) 100vw, 508px\" \/><\/a>Enver Mollabeqiri &#8211; Eno<\/strong><\/p>\n<p>Ulqini, edhe pse n\u00eb prag t\u00eb sezonit turistik, gjendet n\u00eb nj\u00eb gjendje amullie dhe t\u00eb \u201cpritjes\u201d s\u00eb padefinuar se \u00e7far\u00eb do t\u00eb ndodh\u00eb. Sezoni \u00ebsht\u00eb n\u00eb prag, kurse turist\u00ebt I presin g\u00ebrmadhat e hoteleve t\u00eb dikursh\u00ebm, t\u00eb cil\u00ebt ishin emblema t\u00eb turizmit n\u00eb k\u00ebt\u00eb perl\u00eb t\u00eb Adriatikut. Ulqinak\u00ebt, t\u00eb cil\u00ebt kan\u00eb qen\u00eb shembull i perfeksionimit dhe aft\u00ebsis\u00eb n\u00eb veprimtarin\u00eb turistike dhe hoteliere, tani jan\u00eb shnd\u00ebrruar n\u00eb shit\u00ebs ambulant\u00eb t\u00eb prodhimeve t\u00eb konsumit t\u00eb gjer\u00eb, apon\u00eb rastin m\u00eb t\u00eb mir\u00eb, n\u00eb shit\u00ebs gazetash.<\/p>\n<p>Sezoni veror po afron. Me te edhe shpresat dhe deshirat e ulqinakeve per nje sezon te suksesshem, me panel te larmishem ngjarjesh dhe me te ardhura te kenaqshme financiare. Edhe pse si gjithehere, i frikesohemi cdo fillim vere, sa i takon lemise me profitabile ne qytet, kjo eshte njerezore, normale dhe kjo ndodh pothuajse gjithmone. Gjithehere i frikesohemi deshtimit eventual te sezonit turistik. Frika ka lindur se bashku me njeriun. Por, shpresa vdes e fundit, thote populli. Andaj kemi shprese dhe deshire qe edhe ky sezon turistik te jete se paku ne nivelin e atyre te viteve te kaluara. Kjo do te ishte me se e mirepritur, por pse jo edhe imperativ per ikjen e qytetit nga gjendja e monotonise, letargjise dhe cfilitja financiare e cila e ka kapluar tash sa kohe. Ne prag te sezonit turistik eshte normale dhe e pelqyeshme te behen pergatitjet e domosdoshme per pritjen e mysafireve e shumte te cilet kane planifikuar t\u2019i kalojne pushimet ne Ulqin. Edhe pse, sic dihet, Ulqinit Perendia ia ka dhuruar me bollek favoret e te gjitha llojeve per zhvillimin e turizmit atraktiv, kualitativ, potencialisht me mundesi per vjeljen e te ardhurave te konsiderueshme financiare, kjo nuk ndodh. Investitoret vendas dhe te huaj mungojne. As per investimet nga diaspora jone, tashme nuk behet fjale, edhe pse eshte folur dhe perfolur shume. Qyteti, edhe pse ne prag te sezonit turistik, gjendet ne nje gjendje amullie dhe te \u201cpritjes\u201d se padefinuar se cfare do te ndodhe. Sezoni eshte ne prag, kurse turistet i presin germadhat e hoteleve te dikurshem, te cilet ishin emblema te turizmit ne kete perle te Adriatikut. Ulqinaket, te cilet kane qene shembull i perfeksionimit dhe aftesise ne veprimtarine turistike dhe hoteliere, tani jane shnderruar ne shites ambulante te prodhimeve te konsumit te gjere, apo ne rastin me te mire, ne shites gazetash. E sjell koha kete, do te thote dikush. E ka sjelle kriza financiare, do te thote dikush tjeter. E sakte, edhe per kohen, edhe per krizen. Por kohen e bejne njerezit dhe inventiviteti, zgjuarsia dhe aftesia e tyre per ta transformuar ate ne element shtytes dhe pozitiv zhvillimor. E njejta gje mund te thuhet edhe per krizen. Po te mos ekzistonte gatishmeria, zgjuarsia, zellshmeria dhe inventiviteti i vete qytetareve te Ulqinit, shume sezone do te kishin qene te deshtuara. Por ulqinaket, perkunder dobesive te veta, te cilat nganjehere i shohin e nganjehere jo, kane treguar vullnet, kembengulje dhe durim te pakufishem per zhvillimin e turizmit ne vendin e tyre, perkunder mungeses se investimeve kapitale, anashkalimit te Ulqinit nga projektet potenciale zhvillimore shteterore dhe rajonale, por edhe perkunder, jo pak here, mosgjeturise dhe mosreagimit me kohe dhe adekuat nga vete ata.<\/p>\n<p>Ulqinaket, perkunder te gjithave, jane te bindur ne potencialet e veta dhe te vendit te tyre dhe kane shprese. Shprese te pakufishme. Perkunder situates jo te mire material dhe financiare. Perkunder asaj qe kane qene te detyruar te huazojne kredi me interesa marramendese, duke rrezikuar edhe pronat dhe shtepite qe kane, bile ne jo pak raste, duke marre \u201ckredi mbi kredi\u201d, pra kredi tjeter per te shlyer kredine e meparshme. Perkunder te gjitha ketyre veshtiresive, ata jane krenare dhe kane besim ne zgjuarsine dhe punen e vet. Jane te bindur qe edhe ky sezon do te jete ne nivele te pranueshme dhe do t\u2019u mundesoje sadopak permiresimin e situates se veshtire ekonomike. Ata me zell pergatiten per sezonin turistik. Shtepite, hotelet e vegjel, restorantet dhe baret jane duke bere \u201cmanykirin\u201d e fundit per te pritur turistet.<\/p>\n<p>Edhe pse, sic theksuam, Ulqini eshte ne situate te veshtire ekonomike, ai ballehapur dhe me zemer te gjere dhe me mikpritjen tradicionale hap dyrt per dashamiret dhe mysafiret e vet. Ai kete e ka bere gjithehere. E ben edhe kesaj here. Andaj koken lart ulqinake te dashur. Zoti ju ka dhuruar pasurite e pakufishme dhe perrallore dhe zellin per pune dhe zgjuarsine. Ne fund, mund te themi qe ekziston shpresa dhe deshira per nje sezon te suksesshem turistik dhe cdo sukses, sado i vogel qofte, dhe cdo fryt te kesaj vere le ta shnderrojme ne perle ne gjerdanin e mahnitshem dhe plot shkelqim te Ulqinit dhe te perparimit te tij.<\/p>\n<p><strong>Koha Javore<br \/>\n<!--YouTube Error: bad URL entered--><\/strong><\/p>\n","protected":false},"excerpt":{"rendered":"<p>Enver Mollabeqiri &#8211; Eno Ulqini, edhe pse n\u00eb prag t\u00eb sezonit turistik, gjendet n\u00eb nj\u00eb gjendje amullie dhe t\u00eb \u201cpritjes\u201d s\u00eb padefinuar se \u00e7far\u00eb do t\u00eb ndodh\u00eb. Sezoni \u00ebsht\u00eb n\u00eb prag, kurse turist\u00ebt I presin g\u00ebrmadhat e hoteleve t\u00eb dikursh\u00ebm, t\u00eb cil\u00ebt ishin emblema t\u00eb turizmit n\u00eb k\u00ebt\u00eb perl\u00eb t\u00eb Adriatikut. Ulqinak\u00ebt, t\u00eb cil\u00ebt kan\u00eb [&hellip;]<\/p>\n","protected":false},"author":1,"featured_media":0,"comment_status":"open","ping_status":"closed","sticky":false,"template":"","format":"standard","meta":{"spay_email":"","jetpack_publicize_message":"","jetpack_is_tweetstorm":false,"jetpack_publicize_feature_enabled":true},"categories":[15],"tags":[95,22016,200,18],"jetpack_publicize_connections":[],"yoast_head":"<!-- This site is optimized with the Yoast SEO plugin v19.1 - https:\/\/yoast.com\/wordpress\/plugins\/seo\/ -->\n<title>Ulqini n\u00eb prag t\u00eb sezonit turistik - Ankthi i sezonit - Lajme nga Ulqini<\/title>\n<meta name=\"description\" content=\"Enver Mollabeqiri - Eno Ulqini, edhe pse n\u00eb prag t\u00eb sezonit turistik, gjendet n\u00eb nj\u00eb gjendje amullie dhe t\u00eb \u201cpritjes\u201d s\u00eb padefinuar se \u00e7far\u00eb do t\u00eb ndodh\u00eb.\" \/>\n<meta name=\"robots\" content=\"index, follow, max-snippet:-1, max-image-preview:large, max-video-preview:-1\" \/>\n<link rel=\"canonical\" href=\"https:\/\/www.visit-ulcinj.com\/blog\/2011\/06\/16\/ulqini-ne-prag-te-sezonit-turistik-ankthi-i-sezonit\/\" \/>\n<meta property=\"og:locale\" content=\"en_US\" \/>\n<meta property=\"og:type\" content=\"article\" \/>\n<meta property=\"og:title\" content=\"Ulqini n\u00eb prag t\u00eb sezonit turistik - Ankthi i sezonit - Lajme nga Ulqini\" \/>\n<meta property=\"og:description\" content=\"Enver Mollabeqiri - Eno Ulqini, edhe pse n\u00eb prag t\u00eb sezonit turistik, gjendet n\u00eb nj\u00eb gjendje amullie dhe t\u00eb \u201cpritjes\u201d s\u00eb padefinuar se \u00e7far\u00eb do t\u00eb ndodh\u00eb.\" \/>\n<meta property=\"og:url\" content=\"https:\/\/www.visit-ulcinj.com\/blog\/2011\/06\/16\/ulqini-ne-prag-te-sezonit-turistik-ankthi-i-sezonit\/\" \/>\n<meta property=\"og:site_name\" content=\"Lajme nga Ulqini\" \/>\n<meta property=\"article:published_time\" content=\"2011-06-16T08:54:07+00:00\" \/>\n<meta property=\"article:modified_time\" content=\"2011-06-16T08:57:13+00:00\" \/>\n<meta name=\"twitter:label1\" content=\"Written by\" \/>\n\t<meta name=\"twitter:data1\" content=\"ulqini\" \/>\n\t<meta name=\"twitter:label2\" content=\"Est. reading time\" \/>\n\t<meta name=\"twitter:data2\" content=\"4 minutes\" \/>\n<script type=\"application\/ld+json\" class=\"yoast-schema-graph\">{\"@context\":\"https:\/\/schema.org\",\"@graph\":[{\"@type\":\"WebSite\",\"@id\":\"https:\/\/www.visit-ulcinj.com\/blog\/#website\",\"url\":\"https:\/\/www.visit-ulcinj.com\/blog\/\",\"name\":\"Lajme nga Ulqini\",\"description\":\"Lajme,Vijesti,Ulqini,Ulqin,Crna Gora,Mali i Zi\",\"potentialAction\":[{\"@type\":\"SearchAction\",\"target\":{\"@type\":\"EntryPoint\",\"urlTemplate\":\"https:\/\/www.visit-ulcinj.com\/blog\/?s={search_term_string}\"},\"query-input\":\"required name=search_term_string\"}],\"inLanguage\":\"en-US\"},{\"@type\":\"WebPage\",\"@id\":\"https:\/\/www.visit-ulcinj.com\/blog\/2011\/06\/16\/ulqini-ne-prag-te-sezonit-turistik-ankthi-i-sezonit\/#webpage\",\"url\":\"https:\/\/www.visit-ulcinj.com\/blog\/2011\/06\/16\/ulqini-ne-prag-te-sezonit-turistik-ankthi-i-sezonit\/\",\"name\":\"Ulqini n\u00eb prag t\u00eb sezonit turistik - Ankthi i sezonit - Lajme nga Ulqini\",\"isPartOf\":{\"@id\":\"https:\/\/www.visit-ulcinj.com\/blog\/#website\"},\"datePublished\":\"2011-06-16T08:54:07+00:00\",\"dateModified\":\"2011-06-16T08:57:13+00:00\",\"author\":{\"@id\":\"https:\/\/www.visit-ulcinj.com\/blog\/#\/schema\/person\/dcab619c614d3038751c63bc2aadc06d\"},\"description\":\"Enver Mollabeqiri - Eno Ulqini, edhe pse n\u00eb prag t\u00eb sezonit turistik, gjendet n\u00eb nj\u00eb gjendje amullie dhe t\u00eb \u201cpritjes\u201d s\u00eb padefinuar se \u00e7far\u00eb do t\u00eb ndodh\u00eb.\",\"breadcrumb\":{\"@id\":\"https:\/\/www.visit-ulcinj.com\/blog\/2011\/06\/16\/ulqini-ne-prag-te-sezonit-turistik-ankthi-i-sezonit\/#breadcrumb\"},\"inLanguage\":\"en-US\",\"potentialAction\":[{\"@type\":\"ReadAction\",\"target\":[\"https:\/\/www.visit-ulcinj.com\/blog\/2011\/06\/16\/ulqini-ne-prag-te-sezonit-turistik-ankthi-i-sezonit\/\"]}]},{\"@type\":\"BreadcrumbList\",\"@id\":\"https:\/\/www.visit-ulcinj.com\/blog\/2011\/06\/16\/ulqini-ne-prag-te-sezonit-turistik-ankthi-i-sezonit\/#breadcrumb\",\"itemListElement\":[{\"@type\":\"ListItem\",\"position\":1,\"name\":\"Ulqini n\u00eb prag t\u00eb sezonit turistik &#8211; Ankthi i sezonit\"}]},{\"@type\":\"Person\",\"@id\":\"https:\/\/www.visit-ulcinj.com\/blog\/#\/schema\/person\/dcab619c614d3038751c63bc2aadc06d\",\"name\":\"ulqini\",\"sameAs\":[\"http:\/\/www.visit-ulcinj.com\"],\"url\":\"https:\/\/www.visit-ulcinj.com\/blog\/author\/admin\/\"}]}<\/script>\n<!-- \/ Yoast SEO plugin. -->","yoast_head_json":{"title":"Ulqini n\u00eb prag t\u00eb sezonit turistik - Ankthi i sezonit - Lajme nga Ulqini","description":"Enver Mollabeqiri - Eno Ulqini, edhe pse n\u00eb prag t\u00eb sezonit turistik, gjendet n\u00eb nj\u00eb gjendje amullie dhe t\u00eb \u201cpritjes\u201d s\u00eb padefinuar se \u00e7far\u00eb do t\u00eb ndodh\u00eb.","robots":{"index":"index","follow":"follow","max-snippet":"max-snippet:-1","max-image-preview":"max-image-preview:large","max-video-preview":"max-video-preview:-1"},"canonical":"https:\/\/www.visit-ulcinj.com\/blog\/2011\/06\/16\/ulqini-ne-prag-te-sezonit-turistik-ankthi-i-sezonit\/","og_locale":"en_US","og_type":"article","og_title":"Ulqini n\u00eb prag t\u00eb sezonit turistik - Ankthi i sezonit - Lajme nga Ulqini","og_description":"Enver Mollabeqiri - Eno Ulqini, edhe pse n\u00eb prag t\u00eb sezonit turistik, gjendet n\u00eb nj\u00eb gjendje amullie dhe t\u00eb \u201cpritjes\u201d s\u00eb padefinuar se \u00e7far\u00eb do t\u00eb ndodh\u00eb.","og_url":"https:\/\/www.visit-ulcinj.com\/blog\/2011\/06\/16\/ulqini-ne-prag-te-sezonit-turistik-ankthi-i-sezonit\/","og_site_name":"Lajme nga Ulqini","article_published_time":"2011-06-16T08:54:07+00:00","article_modified_time":"2011-06-16T08:57:13+00:00","twitter_misc":{"Written by":"ulqini","Est. reading time":"4 minutes"},"schema":{"@context":"https:\/\/schema.org","@graph":[{"@type":"WebSite","@id":"https:\/\/www.visit-ulcinj.com\/blog\/#website","url":"https:\/\/www.visit-ulcinj.com\/blog\/","name":"Lajme nga Ulqini","description":"Lajme,Vijesti,Ulqini,Ulqin,Crna Gora,Mali i Zi","potentialAction":[{"@type":"SearchAction","target":{"@type":"EntryPoint","urlTemplate":"https:\/\/www.visit-ulcinj.com\/blog\/?s={search_term_string}"},"query-input":"required name=search_term_string"}],"inLanguage":"en-US"},{"@type":"WebPage","@id":"https:\/\/www.visit-ulcinj.com\/blog\/2011\/06\/16\/ulqini-ne-prag-te-sezonit-turistik-ankthi-i-sezonit\/#webpage","url":"https:\/\/www.visit-ulcinj.com\/blog\/2011\/06\/16\/ulqini-ne-prag-te-sezonit-turistik-ankthi-i-sezonit\/","name":"Ulqini n\u00eb prag t\u00eb sezonit turistik - Ankthi i sezonit - Lajme nga Ulqini","isPartOf":{"@id":"https:\/\/www.visit-ulcinj.com\/blog\/#website"},"datePublished":"2011-06-16T08:54:07+00:00","dateModified":"2011-06-16T08:57:13+00:00","author":{"@id":"https:\/\/www.visit-ulcinj.com\/blog\/#\/schema\/person\/dcab619c614d3038751c63bc2aadc06d"},"description":"Enver Mollabeqiri - Eno Ulqini, edhe pse n\u00eb prag t\u00eb sezonit turistik, gjendet n\u00eb nj\u00eb gjendje amullie dhe t\u00eb \u201cpritjes\u201d s\u00eb padefinuar se \u00e7far\u00eb do t\u00eb ndodh\u00eb.","breadcrumb":{"@id":"https:\/\/www.visit-ulcinj.com\/blog\/2011\/06\/16\/ulqini-ne-prag-te-sezonit-turistik-ankthi-i-sezonit\/#breadcrumb"},"inLanguage":"en-US","potentialAction":[{"@type":"ReadAction","target":["https:\/\/www.visit-ulcinj.com\/blog\/2011\/06\/16\/ulqini-ne-prag-te-sezonit-turistik-ankthi-i-sezonit\/"]}]},{"@type":"BreadcrumbList","@id":"https:\/\/www.visit-ulcinj.com\/blog\/2011\/06\/16\/ulqini-ne-prag-te-sezonit-turistik-ankthi-i-sezonit\/#breadcrumb","itemListElement":[{"@type":"ListItem","position":1,"name":"Ulqini n\u00eb prag t\u00eb sezonit turistik &#8211; Ankthi i sezonit"}]},{"@type":"Person","@id":"https:\/\/www.visit-ulcinj.com\/blog\/#\/schema\/person\/dcab619c614d3038751c63bc2aadc06d","name":"ulqini","sameAs":["http:\/\/www.visit-ulcinj.com"],"url":"https:\/\/www.visit-ulcinj.com\/blog\/author\/admin\/"}]}},"jetpack_featured_media_url":"","jetpack_sharing_enabled":true,"jetpack_shortlink":"https:\/\/wp.me\/pe6lTn-crc","_links":{"self":[{"href":"https:\/\/www.visit-ulcinj.com\/blog\/wp-json\/wp\/v2\/posts\/47814"}],"collection":[{"href":"https:\/\/www.visit-ulcinj.com\/blog\/wp-json\/wp\/v2\/posts"}],"about":[{"href":"https:\/\/www.visit-ulcinj.com\/blog\/wp-json\/wp\/v2\/types\/post"}],"author":[{"embeddable":true,"href":"https:\/\/www.visit-ulcinj.com\/blog\/wp-json\/wp\/v2\/users\/1"}],"replies":[{"embeddable":true,"href":"https:\/\/www.visit-ulcinj.com\/blog\/wp-json\/wp\/v2\/comments?post=47814"}],"version-history":[{"count":0,"href":"https:\/\/www.visit-ulcinj.com\/blog\/wp-json\/wp\/v2\/posts\/47814\/revisions"}],"wp:attachment":[{"href":"https:\/\/www.visit-ulcinj.com\/blog\/wp-json\/wp\/v2\/media?parent=47814"}],"wp:term":[{"taxonomy":"category","embeddable":true,"href":"https:\/\/www.visit-ulcinj.com\/blog\/wp-json\/wp\/v2\/categories?post=47814"},{"taxonomy":"post_tag","embeddable":true,"href":"https:\/\/www.visit-ulcinj.com\/blog\/wp-json\/wp\/v2\/tags?post=47814"}],"curies":[{"name":"wp","href":"https:\/\/api.w.org\/{rel}","templated":true}]}}