{"id":47852,"date":"2011-06-16T15:55:22","date_gmt":"2011-06-16T14:55:22","guid":{"rendered":"http:\/\/www.visit-ulcinj.com\/blog\/?p=47852"},"modified":"2011-06-16T15:55:22","modified_gmt":"2011-06-16T14:55:22","slug":"valdanosi-i-ulqinit-serish-ne-shitje","status":"publish","type":"post","link":"https:\/\/www.visit-ulcinj.com\/blog\/2011\/06\/16\/valdanosi-i-ulqinit-serish-ne-shitje\/","title":{"rendered":"Valdanosi i Ulqinit s\u00ebrish n\u00eb shitje"},"content":{"rendered":"<p><a href=\"http:\/\/www.visit-ulcinj.com\/blog\/wp-content\/uploads\/2011\/06\/Gjiri-Valdanos-Ulqin.jpg\"><img loading=\"lazy\" class=\"alignleft size-full wp-image-47853\" title=\"Gjiri -Valdanos-Ulqin\" src=\"http:\/\/www.visit-ulcinj.com\/blog\/wp-content\/uploads\/2011\/06\/Gjiri-Valdanos-Ulqin.jpg\" alt=\"\" width=\"508\" height=\"380\" srcset=\"https:\/\/www.visit-ulcinj.com\/blog\/wp-content\/uploads\/2011\/06\/Gjiri-Valdanos-Ulqin.jpg 640w, https:\/\/www.visit-ulcinj.com\/blog\/wp-content\/uploads\/2011\/06\/Gjiri-Valdanos-Ulqin-300x225.jpg 300w\" sizes=\"(max-width: 508px) 100vw, 508px\" \/><\/a>Ulqini, 16 qershor &#8211; Forca e Re Demokratike i ka b\u00ebr\u00eb thirrje Qeveris\u00eb malazeze q\u00eb t\u00eb nd\u00ebrpres\u00eb aktivitet e dh\u00ebnies me qira t\u00eb Gjirit t\u00eb Valdanosit, por t\u00eb kthej\u00eb pasurit\u00eb e patundshme pronar\u00ebve legjitim\u00eb.<br \/>\nN\u00eb k\u00ebt\u00eb parti parlamentare shqiptare shprehin pak\u00ebnaq\u00ebsin\u00eb e Komisionit t\u00eb tenderit mbi fillimin e procedures s\u00eb re q\u00eb ky lokalitet m\u00eb atraktiv n\u00eb Ulqin e n\u00eb mbar\u00eb Adriatikun, t\u00eb jepet me qira 90 vjet! Njofton KosovaLive.<br \/>\n\u201cKjo d\u00ebshmon se Qeveria e Malit t\u00eb Zi nuk ka nxjerr\u00eb m\u00ebsime nga tender\u00ebt e m\u00ebparsh\u00ebm, kur n\u00ebn presionin e opinionit d\u00ebshtoi procedura e tenderit\u201d,- shprehet lideri i Forc\u00ebs, Nazif Cungu.<br \/>\nP\u00ebrfaq\u00ebsuesit e Forc\u00ebs p\u00ebrkujtojn\u00eb se m\u00eb 30 mars t\u00eb vitit 2007 Kuvendi i Komun\u00ebs s\u00eb Ulqinit miratoi unanimisht vendimin q\u00eb kompleksi i ullinjve i marr\u00eb padrejt\u00ebsisht, t&#8217;u kthehet pronar\u00ebve t\u00eb m\u00ebparsh\u00ebm.<br \/>\n&#8220;Qeveria e b\u00ebn k\u00ebt\u00eb mbi bazat e autorizimeve t\u00eb saj t\u00eb cilat i ka marr\u00eb nga Plani me dedikim t\u00eb posa\u00e7\u00ebm t\u00eb t\u00eb mirave detare. Tash shihet qart\u00eb pap\u00ebrgjegj\u00ebsia e deputet\u00ebve t\u00eb at\u00ebhersh\u00ebm t\u00eb cil\u00ebt n\u00eb Parlamentin e Malit t\u00eb Zi e kan\u00eb votuar k\u00ebt\u00eb ligj\u201d,- thekson Cungu.<br \/>\nSipas Forc\u00ebs, kushdo q\u00eb t\u00eb vendos mbi Valdanosin, pa p\u00eblqimin e Parlamentit vendor t\u00eb Ulqinit do t\u00eb ishte shkelje e t\u00eb drejtave t\u00eb njeriut t\u00eb komunitetit p\u00ebr t\u00eb marr\u00eb vendime t\u00eb planifikimit t\u00eb r\u00ebnd\u00ebsishme p\u00ebr ta edhe p\u00ebr qeverisjen vendore.<br \/>\nK\u00ebto t\u00eb drejta, nd\u00ebr t\u00eb tjera, dalin nga konventat dhe kartat evropiane,- vler\u00ebson kjo parti parlamentare shqiptare me seli n\u00eb Ulqin.<\/p>\n<p><strong>KOHA NET<\/strong><\/p>\n","protected":false},"excerpt":{"rendered":"<p>Ulqini, 16 qershor &#8211; Forca e Re Demokratike i ka b\u00ebr\u00eb thirrje Qeveris\u00eb malazeze q\u00eb t\u00eb nd\u00ebrpres\u00eb aktivitet e dh\u00ebnies me qira t\u00eb Gjirit t\u00eb Valdanosit, por t\u00eb kthej\u00eb pasurit\u00eb e patundshme pronar\u00ebve legjitim\u00eb. N\u00eb k\u00ebt\u00eb parti parlamentare shqiptare shprehin pak\u00ebnaq\u00ebsin\u00eb e Komisionit t\u00eb tenderit mbi fillimin e procedures s\u00eb re q\u00eb ky lokalitet m\u00eb [&hellip;]<\/p>\n","protected":false},"author":1,"featured_media":0,"comment_status":"open","ping_status":"closed","sticky":false,"template":"","format":"standard","meta":{"spay_email":"","jetpack_publicize_message":"","jetpack_is_tweetstorm":false,"jetpack_publicize_feature_enabled":true},"categories":[12],"tags":[200,18,561],"jetpack_publicize_connections":[],"yoast_head":"<!-- This site is optimized with the Yoast SEO plugin v19.1 - https:\/\/yoast.com\/wordpress\/plugins\/seo\/ -->\n<title>Valdanosi i Ulqinit s\u00ebrish n\u00eb shitje - Lajme nga Ulqini<\/title>\n<meta name=\"description\" content=\"Ulqini, 16 qershor - Forca e Re Demokratike i ka b\u00ebr\u00eb thirrje Qeveris\u00eb malazeze q\u00eb t\u00eb nd\u00ebrpres\u00eb aktivitet e dh\u00ebnies me qira t\u00eb Gjirit t\u00eb Valdanosit, por\" \/>\n<meta name=\"robots\" content=\"index, follow, max-snippet:-1, max-image-preview:large, max-video-preview:-1\" \/>\n<link rel=\"canonical\" href=\"https:\/\/www.visit-ulcinj.com\/blog\/2011\/06\/16\/valdanosi-i-ulqinit-serish-ne-shitje\/\" \/>\n<meta property=\"og:locale\" content=\"en_US\" \/>\n<meta property=\"og:type\" content=\"article\" \/>\n<meta property=\"og:title\" content=\"Valdanosi i Ulqinit s\u00ebrish n\u00eb shitje - Lajme nga Ulqini\" \/>\n<meta property=\"og:description\" content=\"Ulqini, 16 qershor - Forca e Re Demokratike i ka b\u00ebr\u00eb thirrje Qeveris\u00eb malazeze q\u00eb t\u00eb nd\u00ebrpres\u00eb aktivitet e dh\u00ebnies me qira t\u00eb Gjirit t\u00eb Valdanosit, por\" \/>\n<meta property=\"og:url\" content=\"https:\/\/www.visit-ulcinj.com\/blog\/2011\/06\/16\/valdanosi-i-ulqinit-serish-ne-shitje\/\" \/>\n<meta property=\"og:site_name\" content=\"Lajme nga Ulqini\" \/>\n<meta property=\"article:published_time\" content=\"2011-06-16T14:55:22+00:00\" \/>\n<meta property=\"og:image\" content=\"http:\/\/www.visit-ulcinj.com\/blog\/wp-content\/uploads\/2011\/06\/Gjiri-Valdanos-Ulqin.jpg\" \/>\n<meta name=\"twitter:label1\" content=\"Written by\" \/>\n\t<meta name=\"twitter:data1\" content=\"ulqini\" \/>\n\t<meta name=\"twitter:label2\" content=\"Est. reading time\" \/>\n\t<meta name=\"twitter:data2\" content=\"1 minute\" \/>\n<script type=\"application\/ld+json\" class=\"yoast-schema-graph\">{\"@context\":\"https:\/\/schema.org\",\"@graph\":[{\"@type\":\"WebSite\",\"@id\":\"https:\/\/www.visit-ulcinj.com\/blog\/#website\",\"url\":\"https:\/\/www.visit-ulcinj.com\/blog\/\",\"name\":\"Lajme nga Ulqini\",\"description\":\"Lajme,Vijesti,Ulqini,Ulqin,Crna Gora,Mali i Zi\",\"potentialAction\":[{\"@type\":\"SearchAction\",\"target\":{\"@type\":\"EntryPoint\",\"urlTemplate\":\"https:\/\/www.visit-ulcinj.com\/blog\/?s={search_term_string}\"},\"query-input\":\"required name=search_term_string\"}],\"inLanguage\":\"en-US\"},{\"@type\":\"ImageObject\",\"inLanguage\":\"en-US\",\"@id\":\"https:\/\/www.visit-ulcinj.com\/blog\/2011\/06\/16\/valdanosi-i-ulqinit-serish-ne-shitje\/#primaryimage\",\"url\":\"https:\/\/www.visit-ulcinj.com\/blog\/wp-content\/uploads\/2011\/06\/Gjiri-Valdanos-Ulqin.jpg\",\"contentUrl\":\"https:\/\/www.visit-ulcinj.com\/blog\/wp-content\/uploads\/2011\/06\/Gjiri-Valdanos-Ulqin.jpg\",\"width\":\"640\",\"height\":\"480\"},{\"@type\":\"WebPage\",\"@id\":\"https:\/\/www.visit-ulcinj.com\/blog\/2011\/06\/16\/valdanosi-i-ulqinit-serish-ne-shitje\/#webpage\",\"url\":\"https:\/\/www.visit-ulcinj.com\/blog\/2011\/06\/16\/valdanosi-i-ulqinit-serish-ne-shitje\/\",\"name\":\"Valdanosi i Ulqinit s\u00ebrish n\u00eb shitje - Lajme nga Ulqini\",\"isPartOf\":{\"@id\":\"https:\/\/www.visit-ulcinj.com\/blog\/#website\"},\"primaryImageOfPage\":{\"@id\":\"https:\/\/www.visit-ulcinj.com\/blog\/2011\/06\/16\/valdanosi-i-ulqinit-serish-ne-shitje\/#primaryimage\"},\"datePublished\":\"2011-06-16T14:55:22+00:00\",\"dateModified\":\"2011-06-16T14:55:22+00:00\",\"author\":{\"@id\":\"https:\/\/www.visit-ulcinj.com\/blog\/#\/schema\/person\/dcab619c614d3038751c63bc2aadc06d\"},\"description\":\"Ulqini, 16 qershor - Forca e Re Demokratike i ka b\u00ebr\u00eb thirrje Qeveris\u00eb malazeze q\u00eb t\u00eb nd\u00ebrpres\u00eb aktivitet e dh\u00ebnies me qira t\u00eb Gjirit t\u00eb Valdanosit, por\",\"breadcrumb\":{\"@id\":\"https:\/\/www.visit-ulcinj.com\/blog\/2011\/06\/16\/valdanosi-i-ulqinit-serish-ne-shitje\/#breadcrumb\"},\"inLanguage\":\"en-US\",\"potentialAction\":[{\"@type\":\"ReadAction\",\"target\":[\"https:\/\/www.visit-ulcinj.com\/blog\/2011\/06\/16\/valdanosi-i-ulqinit-serish-ne-shitje\/\"]}]},{\"@type\":\"BreadcrumbList\",\"@id\":\"https:\/\/www.visit-ulcinj.com\/blog\/2011\/06\/16\/valdanosi-i-ulqinit-serish-ne-shitje\/#breadcrumb\",\"itemListElement\":[{\"@type\":\"ListItem\",\"position\":1,\"name\":\"Valdanosi i Ulqinit s\u00ebrish n\u00eb shitje\"}]},{\"@type\":\"Person\",\"@id\":\"https:\/\/www.visit-ulcinj.com\/blog\/#\/schema\/person\/dcab619c614d3038751c63bc2aadc06d\",\"name\":\"ulqini\",\"sameAs\":[\"http:\/\/www.visit-ulcinj.com\"],\"url\":\"https:\/\/www.visit-ulcinj.com\/blog\/author\/admin\/\"}]}<\/script>\n<!-- \/ Yoast SEO plugin. -->","yoast_head_json":{"title":"Valdanosi i Ulqinit s\u00ebrish n\u00eb shitje - Lajme nga Ulqini","description":"Ulqini, 16 qershor - Forca e Re Demokratike i ka b\u00ebr\u00eb thirrje Qeveris\u00eb malazeze q\u00eb t\u00eb nd\u00ebrpres\u00eb aktivitet e dh\u00ebnies me qira t\u00eb Gjirit t\u00eb Valdanosit, por","robots":{"index":"index","follow":"follow","max-snippet":"max-snippet:-1","max-image-preview":"max-image-preview:large","max-video-preview":"max-video-preview:-1"},"canonical":"https:\/\/www.visit-ulcinj.com\/blog\/2011\/06\/16\/valdanosi-i-ulqinit-serish-ne-shitje\/","og_locale":"en_US","og_type":"article","og_title":"Valdanosi i Ulqinit s\u00ebrish n\u00eb shitje - Lajme nga Ulqini","og_description":"Ulqini, 16 qershor - Forca e Re Demokratike i ka b\u00ebr\u00eb thirrje Qeveris\u00eb malazeze q\u00eb t\u00eb nd\u00ebrpres\u00eb aktivitet e dh\u00ebnies me qira t\u00eb Gjirit t\u00eb Valdanosit, por","og_url":"https:\/\/www.visit-ulcinj.com\/blog\/2011\/06\/16\/valdanosi-i-ulqinit-serish-ne-shitje\/","og_site_name":"Lajme nga Ulqini","article_published_time":"2011-06-16T14:55:22+00:00","og_image":[{"url":"http:\/\/www.visit-ulcinj.com\/blog\/wp-content\/uploads\/2011\/06\/Gjiri-Valdanos-Ulqin.jpg"}],"twitter_misc":{"Written by":"ulqini","Est. reading time":"1 minute"},"schema":{"@context":"https:\/\/schema.org","@graph":[{"@type":"WebSite","@id":"https:\/\/www.visit-ulcinj.com\/blog\/#website","url":"https:\/\/www.visit-ulcinj.com\/blog\/","name":"Lajme nga Ulqini","description":"Lajme,Vijesti,Ulqini,Ulqin,Crna Gora,Mali i Zi","potentialAction":[{"@type":"SearchAction","target":{"@type":"EntryPoint","urlTemplate":"https:\/\/www.visit-ulcinj.com\/blog\/?s={search_term_string}"},"query-input":"required name=search_term_string"}],"inLanguage":"en-US"},{"@type":"ImageObject","inLanguage":"en-US","@id":"https:\/\/www.visit-ulcinj.com\/blog\/2011\/06\/16\/valdanosi-i-ulqinit-serish-ne-shitje\/#primaryimage","url":"https:\/\/www.visit-ulcinj.com\/blog\/wp-content\/uploads\/2011\/06\/Gjiri-Valdanos-Ulqin.jpg","contentUrl":"https:\/\/www.visit-ulcinj.com\/blog\/wp-content\/uploads\/2011\/06\/Gjiri-Valdanos-Ulqin.jpg","width":"640","height":"480"},{"@type":"WebPage","@id":"https:\/\/www.visit-ulcinj.com\/blog\/2011\/06\/16\/valdanosi-i-ulqinit-serish-ne-shitje\/#webpage","url":"https:\/\/www.visit-ulcinj.com\/blog\/2011\/06\/16\/valdanosi-i-ulqinit-serish-ne-shitje\/","name":"Valdanosi i Ulqinit s\u00ebrish n\u00eb shitje - Lajme nga Ulqini","isPartOf":{"@id":"https:\/\/www.visit-ulcinj.com\/blog\/#website"},"primaryImageOfPage":{"@id":"https:\/\/www.visit-ulcinj.com\/blog\/2011\/06\/16\/valdanosi-i-ulqinit-serish-ne-shitje\/#primaryimage"},"datePublished":"2011-06-16T14:55:22+00:00","dateModified":"2011-06-16T14:55:22+00:00","author":{"@id":"https:\/\/www.visit-ulcinj.com\/blog\/#\/schema\/person\/dcab619c614d3038751c63bc2aadc06d"},"description":"Ulqini, 16 qershor - Forca e Re Demokratike i ka b\u00ebr\u00eb thirrje Qeveris\u00eb malazeze q\u00eb t\u00eb nd\u00ebrpres\u00eb aktivitet e dh\u00ebnies me qira t\u00eb Gjirit t\u00eb Valdanosit, por","breadcrumb":{"@id":"https:\/\/www.visit-ulcinj.com\/blog\/2011\/06\/16\/valdanosi-i-ulqinit-serish-ne-shitje\/#breadcrumb"},"inLanguage":"en-US","potentialAction":[{"@type":"ReadAction","target":["https:\/\/www.visit-ulcinj.com\/blog\/2011\/06\/16\/valdanosi-i-ulqinit-serish-ne-shitje\/"]}]},{"@type":"BreadcrumbList","@id":"https:\/\/www.visit-ulcinj.com\/blog\/2011\/06\/16\/valdanosi-i-ulqinit-serish-ne-shitje\/#breadcrumb","itemListElement":[{"@type":"ListItem","position":1,"name":"Valdanosi i Ulqinit s\u00ebrish n\u00eb shitje"}]},{"@type":"Person","@id":"https:\/\/www.visit-ulcinj.com\/blog\/#\/schema\/person\/dcab619c614d3038751c63bc2aadc06d","name":"ulqini","sameAs":["http:\/\/www.visit-ulcinj.com"],"url":"https:\/\/www.visit-ulcinj.com\/blog\/author\/admin\/"}]}},"jetpack_featured_media_url":"","jetpack_sharing_enabled":true,"jetpack_shortlink":"https:\/\/wp.me\/pe6lTn-crO","_links":{"self":[{"href":"https:\/\/www.visit-ulcinj.com\/blog\/wp-json\/wp\/v2\/posts\/47852"}],"collection":[{"href":"https:\/\/www.visit-ulcinj.com\/blog\/wp-json\/wp\/v2\/posts"}],"about":[{"href":"https:\/\/www.visit-ulcinj.com\/blog\/wp-json\/wp\/v2\/types\/post"}],"author":[{"embeddable":true,"href":"https:\/\/www.visit-ulcinj.com\/blog\/wp-json\/wp\/v2\/users\/1"}],"replies":[{"embeddable":true,"href":"https:\/\/www.visit-ulcinj.com\/blog\/wp-json\/wp\/v2\/comments?post=47852"}],"version-history":[{"count":0,"href":"https:\/\/www.visit-ulcinj.com\/blog\/wp-json\/wp\/v2\/posts\/47852\/revisions"}],"wp:attachment":[{"href":"https:\/\/www.visit-ulcinj.com\/blog\/wp-json\/wp\/v2\/media?parent=47852"}],"wp:term":[{"taxonomy":"category","embeddable":true,"href":"https:\/\/www.visit-ulcinj.com\/blog\/wp-json\/wp\/v2\/categories?post=47852"},{"taxonomy":"post_tag","embeddable":true,"href":"https:\/\/www.visit-ulcinj.com\/blog\/wp-json\/wp\/v2\/tags?post=47852"}],"curies":[{"name":"wp","href":"https:\/\/api.w.org\/{rel}","templated":true}]}}