{"id":47884,"date":"2011-06-17T16:28:20","date_gmt":"2011-06-17T15:28:20","guid":{"rendered":"http:\/\/www.visit-ulcinj.com\/blog\/?p=47884"},"modified":"2011-06-19T15:04:16","modified_gmt":"2011-06-19T14:04:16","slug":"ulqini-shpreson-ne-numer-rekord-te-turisteve","status":"publish","type":"post","link":"https:\/\/www.visit-ulcinj.com\/blog\/2011\/06\/17\/ulqini-shpreson-ne-numer-rekord-te-turisteve\/","title":{"rendered":"Ulqini shpreson n\u00eb num\u00ebr rekord t\u00eb turist\u00ebve"},"content":{"rendered":"<p><strong><a href=\"http:\/\/www.visit-ulcinj.com\/blog\/wp-content\/uploads\/2011\/06\/Pushime-ne-Rivieren-e-Ulqinit_Mali-i-Zi.jpg\"><img loading=\"lazy\" class=\"alignleft size-full wp-image-47885\" title=\"Pushime ne Rivieren-e-Ulqinit_Mali i Zi\" src=\"http:\/\/www.visit-ulcinj.com\/blog\/wp-content\/uploads\/2011\/06\/Pushime-ne-Rivieren-e-Ulqinit_Mali-i-Zi.jpg\" alt=\"\" width=\"508\" height=\"620\" \/><\/a>Nga Visar Duriqi<\/strong><\/p>\n<p>\u201cMir\u00eb se vini n\u00eb vendin e shqiponjave\u201d. Kjo \u00ebsht\u00eb porosia e par\u00eb q\u00eb merr n\u00eb telefon rrug\u00ebs p\u00ebr n\u00eb Ulqin, n\u00ebse n\u00eb k\u00ebt\u00eb destinacion nisesh n\u00ebp\u00ebrmjet \u201cRrug\u00ebs s\u00eb Kombit\u201d.<\/p>\n<p>K\u00ebsaj Rruge, n\u00eb t\u00eb cil\u00ebn Kosova e Shqip\u00ebria kan\u00eb investuar miliarda euro, sipas kryetarit t\u00eb Ulqinit, G\u00ebzim Hajdinaga, tani p\u00ebr tani m\u00eb s\u00eb shumti hairin ia ka par\u00eb Ulqini, edhe pse nuk kan\u00eb shifra se p\u00ebr sa e ka rritur numrin e turist\u00ebve.<\/p>\n<p>Komuna e Ulqinit nuk disponon shifra t\u00eb sakta p\u00ebr sa i p\u00ebrket numrit t\u00eb turist\u00ebve q\u00eb vizitojn\u00eb k\u00ebt\u00eb vend. Ali Rexha, drejtor i Organizat\u00ebs Turistike t\u00eb Ulqinit, thot\u00eb se nuk disponojn\u00eb me shifra t\u00eb tilla, pasi q\u00eb regjistrimi i turist\u00ebve b\u00ebhet vet\u00ebm n\u00ebp\u00ebr hotele, ndon\u00ebse jo n\u00ebp\u00ebr t\u00eb gjitha hotelet, kurse ata q\u00eb vendosen n\u00ebp\u00ebr sht\u00ebpi private ve\u00e7 mund t\u00eb dihen kur kan\u00eb hyr\u00eb e dal\u00eb nga kufiri.<\/p>\n<p>Megjithat\u00eb, udh\u00ebheq\u00ebsit k\u00ebsaj komune e cil\u00ebsojn\u00eb sezonin e vitit t\u00eb kaluar si m\u00eb t\u00eb mirin, kurse sivjet presin q\u00eb t\u00eb thyejn\u00eb rekord t\u00eb ri. Tash, pos \u201cRrug\u00ebs s\u00eb Kombit\u201d, hairin presin t\u2019ua shohin edhe trazirave n\u00eb vendet arabe, si Egjipti, Tunizia etj.<\/p>\n<p>Ata presin q\u00eb t\u00eb marrin sivjet edhe turist\u00ebt q\u00eb shkonin m\u00eb her\u00ebt n\u00eb Greqi. \u201cP\u00ebr fat t\u00eb keq t\u00eb t\u00eb tjer\u00ebve, q\u00eb nuk i g\u00ebzohemi, p\u00ebr fatin e mir\u00eb t\u00eb Malit t\u00eb Zi, k\u00ebtu ka rritje t\u00eb turist\u00ebve. Derisa shum\u00eb turist\u00eb nga shtete t\u00eb ndryshme ishin m\u00eb par\u00eb n\u00eb Egjipt, Greqi dhe Tunizi, ku tash s\u2019ka stabilitet e siguri, jan\u00eb orientuar n\u00eb Mal t\u00eb Zi, konkretisht n\u00eb Ulqin\u201d, thot\u00eb i pari i Ulqinit, G\u00ebzim Hajdinaga.<br \/>\n<a href=\"http:\/\/www.visit-ulcinj.com\/blog\/wp-content\/uploads\/2011\/06\/Gezim-Hajdinaga_Ali-Rexha_Luigj-Shkreli.jpg\"><img loading=\"lazy\" class=\"alignleft size-full wp-image-47886\" title=\"Gezim Hajdinaga_Ali Rexha_Luigj Shkreli\" src=\"http:\/\/www.visit-ulcinj.com\/blog\/wp-content\/uploads\/2011\/06\/Gezim-Hajdinaga_Ali-Rexha_Luigj-Shkreli.jpg\" alt=\"\" width=\"300\" height=\"199\" \/><\/a>Ulqinak\u00ebt edhe k\u00ebt\u00eb vit shpres\u00ebn e mbajn\u00eb te kosovar\u00ebt. P\u00ebr ta, ulqinak\u00ebt kan\u00eb p\u00ebrgatitur plazhe t\u00eb reja, i kan\u00eb rinovuar objektet e atyre ekzistuese, si dhe jan\u00eb b\u00ebr\u00eb gati me sht\u00ebpite private.<\/p>\n<p>Nuk duan as pronar\u00ebt e sht\u00ebpive, as ata t\u00eb hoteleve, madje as vet\u00eb zyrtar\u00ebt komunal\u00eb t\u00eb Ulqinit q\u00eb t\u00eb flasin p\u00ebr \u00e7mimet, por thon\u00eb se ato p\u00ebraf\u00ebrsisht do t\u00eb jen\u00eb t\u00eb nj\u00ebjta me ato t\u00eb vitit t\u00eb kaluar. Megjithat\u00eb, k\u00ebmb\u00ebngulin q\u00eb \u00e7mimet nuk jan\u00eb t\u00eb shtrenjta.<\/p>\n<p>E sa i p\u00ebrket past\u00ebrtis\u00eb, Ulqini mban 7 nga 17 flamujt e kat\u00ebrt q\u00eb ka krejt Mali i Zi n\u00ebp\u00ebr plazhe. K\u00ebta flamuj jan\u00eb vler\u00ebsimi m\u00eb i lart\u00eb p\u00ebr past\u00ebrti. Por, nj\u00eb flamur t\u00eb till\u00eb nuk e ka edhe vendi m\u00eb i famsh\u00ebm i kosovar\u00ebve p\u00ebr pushim, Plazhi e Vog\u00ebl. Ai tash e disa vite mban me \u201ckrenari\u201d flamurin e verdh\u00eb p\u00ebr past\u00ebrti.<\/p>\n<p>Po ky plazh, sipas t\u00eb parit t\u00eb Ulqinit, do t\u00eb jet\u00eb edhe vendi m\u00eb i qet\u00eb p\u00ebr pushim. Edhe pse ka pasur shum\u00eb ankesa nga pronar\u00ebt e lokaleve t\u00eb nat\u00ebs, q\u00eb puna e tyre t\u00eb jet\u00eb n\u00eb sezon deri n\u00eb or\u00ebt e hershme t\u00eb m\u00ebngjesit, ai ka vendosur q\u00eb ato do t\u00eb punojn\u00eb ve\u00e7 deri n\u00eb or\u00ebn 24:00. \u201cN\u00eb fushat\u00ebn zgjedhore kisha premtuar q\u00eb Plazhin e Vog\u00ebl do ta b\u00ebj q\u00eb t\u00eb d\u00ebgjohen serenatat\u201d, arsyeton vendimin e tij Hajdinaga.<\/p>\n<p>K\u00ebtij plazhi, sipas pronar\u00ebve q\u00eb ankoheshin p\u00ebr k\u00ebt\u00eb vendim, por q\u00eb p\u00ebr shkak t\u00eb ikjes nga p\u00ebrplasja me institucionet duan t\u00eb mbesin anonim\u00eb, sivjet do t\u2019i mungoj\u00eb edhe muzika \u201ctallava\u201d. Ata flasin p\u00ebr nj\u00eb frym\u00eb t\u00eb re t\u00eb muzik\u00ebs q\u00eb do t\u00eb l\u00ebshohet k\u00ebt\u00eb vit, q\u00eb s\u2019do ta dalloj\u00eb k\u00ebt\u00eb vend nga vendet evropiane.<\/p>\n<p>Ngjit me k\u00ebt\u00eb plazh \u00ebsht\u00eb Kalaja e Ulqinit, simboli i qytetit. Edhe sivjet, sikurse vjet, pran\u00eb saj q\u00ebndron nj\u00eb vin\u00e7 i madh, por q\u00eb puna i \u00ebsht\u00eb nd\u00ebrprer\u00eb. Nd\u00ebrtimet me blloqe t\u00eb kuqe, q\u00eb p\u00ebr banor\u00ebt e kalas\u00eb jan\u00eb sh\u00ebmtim i saj, ani pse jan\u00eb b\u00ebr\u00eb me leje t\u00eb Entit p\u00ebr Mbrojtjen e Monumenteve t\u00eb Malit \u00ebt Zi, jan\u00eb stopuar, por jo p\u00ebrgjithmon\u00eb.<\/p>\n<p>\u201cK\u00ebto nd\u00ebrtime s\u2019 jan\u00eb t\u00eb lejuara nga Enti p\u00ebr Mbrojtjen Monumenteve. Ne si komun\u00eb i kemi stopuar ve\u00e7 pse e kan\u00eb tejkaluar lejen, derisa pronar\u00ebt t\u2019i kthejn\u00eb n\u00eb gabaritin e lejuar\u201d, sqaron i pari i Ulqinit, G\u00ebzim Hajdinaga. Megjithat\u00eb, ai thot\u00eb se nuk ka vendim q\u00eb ato blloqe t\u00eb hiqen krejt.<\/p>\n<p>N\u00eb krah t\u00eb Hajdinag\u00ebs, gjat\u00eb prononcimeve p\u00ebr gazetar\u00ebt, rrinte Ali Rexha, drejtor i Organizat\u00ebs Turistike t\u00eb Ulqinit. Rexha thot\u00eb se sivjet kan\u00eb rritur kapacitet prit\u00ebse, dhe kan\u00eb themeluar shtabin p\u00ebr k\u00ebt\u00eb sezon, me \u00e7ka turist\u00ebve iu garantojn\u00eb uj\u00eb e rrym\u00eb pa nd\u00ebrprer\u00eb, dhe past\u00ebrti n\u00eb nivel t\u00eb lart\u00eb.<br \/>\n<a href=\"http:\/\/www.visit-ulcinj.com\/blog\/wp-content\/uploads\/2011\/06\/eurokoha-2.jpg\"><img loading=\"lazy\" class=\"alignleft size-full wp-image-47889\" title=\"eurokoha (2)\" src=\"http:\/\/www.visit-ulcinj.com\/blog\/wp-content\/uploads\/2011\/06\/eurokoha-2.jpg\" alt=\"\" width=\"508\" height=\"110\" \/><\/a><\/p>\n<p><strong>\u201cEurokoha\u201d investon n\u00eb plazhin \u201cCopacabana\u201d<\/strong><\/p>\n<p>Grupi i gazetar\u00ebve nga Kosova vizitoi shum\u00eb plazhe, nd\u00ebr t\u00eb cilat edhe plazhin \u201cCopa Cabana\u201d n\u00eb Plazhin e Madh. Pos investitorit vendas, Prel\u00eb Shiroka, aty tash ka investuar edhe kompania \u201cEurokoha\u201d nga Kosova.<\/p>\n<p>T\u00eb dy pronar\u00ebt e saj, Shiroka e Naim Ejupi deklarojn\u00eb se kan\u00eb punuar q\u00eb kushtet p\u00ebr pushuesit t\u00eb jen\u00eb duksh\u00ebm m\u00eb t\u00eb mira se vitin e kaluar, duke pasur parasysh q\u00eb \u00e7mimet t\u00eb jen\u00eb si t\u00eb vitit t\u00eb kaluar.<\/p>\n<p>\u201c\u201cEurokoha\u201d si investitor n\u00eb k\u00ebt\u00eb plazh ka edhe oferta speciale p\u00ebr pushuesit nga Kosova, t\u00eb cilat p\u00ebrfshijn\u00eb edhe akomodimet, gj\u00eb q\u00eb \u00ebsht\u00eb shum\u00eb leht\u00ebsim p\u00ebr kosovar\u00ebt. K\u00ebto investime i kemi b\u00ebr\u00eb sivjet n\u00eb Ulqin, por vitin e ardh\u00ebm do t\u2019i b\u00ebjm\u00eb edhe n\u00eb bregdetin shqiptar, me \u00e7ka do t\u00eb mundohemi t\u00eb ofrojm\u00eb sh\u00ebrbime sa m\u00eb t\u00eb mira dhe m\u00eb leht\u00eb t\u00eb arritshme p\u00ebr kosovar\u00ebt\u201d, thot\u00eb Naim Ejupi.<\/p>\n<p><strong>Z\u00ebri<br \/>\n<\/strong><!--YouTube Error: bad URL entered--><\/p>\n","protected":false},"excerpt":{"rendered":"<p>Nga Visar Duriqi \u201cMir\u00eb se vini n\u00eb vendin e shqiponjave\u201d. Kjo \u00ebsht\u00eb porosia e par\u00eb q\u00eb merr n\u00eb telefon rrug\u00ebs p\u00ebr n\u00eb Ulqin, n\u00ebse n\u00eb k\u00ebt\u00eb destinacion nisesh n\u00ebp\u00ebrmjet \u201cRrug\u00ebs s\u00eb Kombit\u201d. K\u00ebsaj Rruge, n\u00eb t\u00eb cil\u00ebn Kosova e Shqip\u00ebria kan\u00eb investuar miliarda euro, sipas kryetarit t\u00eb Ulqinit, G\u00ebzim Hajdinaga, tani p\u00ebr tani m\u00eb s\u00eb [&hellip;]<\/p>\n","protected":false},"author":1,"featured_media":0,"comment_status":"open","ping_status":"closed","sticky":false,"template":"","format":"standard","meta":{"spay_email":"","jetpack_publicize_message":"","jetpack_is_tweetstorm":false,"jetpack_publicize_feature_enabled":true},"categories":[1],"tags":[18425,95,8870,7666,11125,7671,7665],"jetpack_publicize_connections":[],"yoast_head":"<!-- This site is optimized with the Yoast SEO plugin v19.1 - https:\/\/yoast.com\/wordpress\/plugins\/seo\/ -->\n<title>Ulqini shpreson n\u00eb num\u00ebr rekord t\u00eb turist\u00ebve - Lajme nga Ulqini<\/title>\n<meta name=\"description\" content=\"Nga Visar Duriqi \u201cMir\u00eb se vini n\u00eb vendin e shqiponjave\u201d. Kjo \u00ebsht\u00eb porosia e par\u00eb q\u00eb merr n\u00eb telefon rrug\u00ebs p\u00ebr n\u00eb Ulqin, n\u00ebse n\u00eb k\u00ebt\u00eb destinacion nisesh\" \/>\n<meta name=\"robots\" content=\"index, follow, max-snippet:-1, max-image-preview:large, max-video-preview:-1\" \/>\n<link rel=\"canonical\" href=\"https:\/\/www.visit-ulcinj.com\/blog\/2011\/06\/17\/ulqini-shpreson-ne-numer-rekord-te-turisteve\/\" \/>\n<meta property=\"og:locale\" content=\"en_US\" \/>\n<meta property=\"og:type\" content=\"article\" \/>\n<meta property=\"og:title\" content=\"Ulqini shpreson n\u00eb num\u00ebr rekord t\u00eb turist\u00ebve - Lajme nga Ulqini\" \/>\n<meta property=\"og:description\" content=\"Nga Visar Duriqi \u201cMir\u00eb se vini n\u00eb vendin e shqiponjave\u201d. Kjo \u00ebsht\u00eb porosia e par\u00eb q\u00eb merr n\u00eb telefon rrug\u00ebs p\u00ebr n\u00eb Ulqin, n\u00ebse n\u00eb k\u00ebt\u00eb destinacion nisesh\" \/>\n<meta property=\"og:url\" content=\"https:\/\/www.visit-ulcinj.com\/blog\/2011\/06\/17\/ulqini-shpreson-ne-numer-rekord-te-turisteve\/\" \/>\n<meta property=\"og:site_name\" content=\"Lajme nga Ulqini\" \/>\n<meta property=\"article:published_time\" content=\"2011-06-17T15:28:20+00:00\" \/>\n<meta property=\"article:modified_time\" content=\"2011-06-19T14:04:16+00:00\" \/>\n<meta property=\"og:image\" content=\"http:\/\/www.visit-ulcinj.com\/blog\/wp-content\/uploads\/2011\/06\/Pushime-ne-Rivieren-e-Ulqinit_Mali-i-Zi.jpg\" \/>\n<meta name=\"twitter:label1\" content=\"Written by\" \/>\n\t<meta name=\"twitter:data1\" content=\"ulqini\" \/>\n\t<meta name=\"twitter:label2\" content=\"Est. reading time\" \/>\n\t<meta name=\"twitter:data2\" content=\"5 minutes\" \/>\n<script type=\"application\/ld+json\" class=\"yoast-schema-graph\">{\"@context\":\"https:\/\/schema.org\",\"@graph\":[{\"@type\":\"WebSite\",\"@id\":\"https:\/\/www.visit-ulcinj.com\/blog\/#website\",\"url\":\"https:\/\/www.visit-ulcinj.com\/blog\/\",\"name\":\"Lajme nga Ulqini\",\"description\":\"Lajme,Vijesti,Ulqini,Ulqin,Crna Gora,Mali i Zi\",\"potentialAction\":[{\"@type\":\"SearchAction\",\"target\":{\"@type\":\"EntryPoint\",\"urlTemplate\":\"https:\/\/www.visit-ulcinj.com\/blog\/?s={search_term_string}\"},\"query-input\":\"required name=search_term_string\"}],\"inLanguage\":\"en-US\"},{\"@type\":\"ImageObject\",\"inLanguage\":\"en-US\",\"@id\":\"https:\/\/www.visit-ulcinj.com\/blog\/2011\/06\/17\/ulqini-shpreson-ne-numer-rekord-te-turisteve\/#primaryimage\",\"url\":\"https:\/\/www.visit-ulcinj.com\/blog\/wp-content\/uploads\/2011\/06\/Pushime-ne-Rivieren-e-Ulqinit_Mali-i-Zi.jpg\",\"contentUrl\":\"https:\/\/www.visit-ulcinj.com\/blog\/wp-content\/uploads\/2011\/06\/Pushime-ne-Rivieren-e-Ulqinit_Mali-i-Zi.jpg\",\"width\":\"720\",\"height\":\"1024\"},{\"@type\":\"WebPage\",\"@id\":\"https:\/\/www.visit-ulcinj.com\/blog\/2011\/06\/17\/ulqini-shpreson-ne-numer-rekord-te-turisteve\/#webpage\",\"url\":\"https:\/\/www.visit-ulcinj.com\/blog\/2011\/06\/17\/ulqini-shpreson-ne-numer-rekord-te-turisteve\/\",\"name\":\"Ulqini shpreson n\u00eb num\u00ebr rekord t\u00eb turist\u00ebve - Lajme nga Ulqini\",\"isPartOf\":{\"@id\":\"https:\/\/www.visit-ulcinj.com\/blog\/#website\"},\"primaryImageOfPage\":{\"@id\":\"https:\/\/www.visit-ulcinj.com\/blog\/2011\/06\/17\/ulqini-shpreson-ne-numer-rekord-te-turisteve\/#primaryimage\"},\"datePublished\":\"2011-06-17T15:28:20+00:00\",\"dateModified\":\"2011-06-19T14:04:16+00:00\",\"author\":{\"@id\":\"https:\/\/www.visit-ulcinj.com\/blog\/#\/schema\/person\/dcab619c614d3038751c63bc2aadc06d\"},\"description\":\"Nga Visar Duriqi \u201cMir\u00eb se vini n\u00eb vendin e shqiponjave\u201d. Kjo \u00ebsht\u00eb porosia e par\u00eb q\u00eb merr n\u00eb telefon rrug\u00ebs p\u00ebr n\u00eb Ulqin, n\u00ebse n\u00eb k\u00ebt\u00eb destinacion nisesh\",\"breadcrumb\":{\"@id\":\"https:\/\/www.visit-ulcinj.com\/blog\/2011\/06\/17\/ulqini-shpreson-ne-numer-rekord-te-turisteve\/#breadcrumb\"},\"inLanguage\":\"en-US\",\"potentialAction\":[{\"@type\":\"ReadAction\",\"target\":[\"https:\/\/www.visit-ulcinj.com\/blog\/2011\/06\/17\/ulqini-shpreson-ne-numer-rekord-te-turisteve\/\"]}]},{\"@type\":\"BreadcrumbList\",\"@id\":\"https:\/\/www.visit-ulcinj.com\/blog\/2011\/06\/17\/ulqini-shpreson-ne-numer-rekord-te-turisteve\/#breadcrumb\",\"itemListElement\":[{\"@type\":\"ListItem\",\"position\":1,\"name\":\"Ulqini shpreson n\u00eb num\u00ebr rekord t\u00eb turist\u00ebve\"}]},{\"@type\":\"Person\",\"@id\":\"https:\/\/www.visit-ulcinj.com\/blog\/#\/schema\/person\/dcab619c614d3038751c63bc2aadc06d\",\"name\":\"ulqini\",\"sameAs\":[\"http:\/\/www.visit-ulcinj.com\"],\"url\":\"https:\/\/www.visit-ulcinj.com\/blog\/author\/admin\/\"}]}<\/script>\n<!-- \/ Yoast SEO plugin. -->","yoast_head_json":{"title":"Ulqini shpreson n\u00eb num\u00ebr rekord t\u00eb turist\u00ebve - Lajme nga Ulqini","description":"Nga Visar Duriqi \u201cMir\u00eb se vini n\u00eb vendin e shqiponjave\u201d. Kjo \u00ebsht\u00eb porosia e par\u00eb q\u00eb merr n\u00eb telefon rrug\u00ebs p\u00ebr n\u00eb Ulqin, n\u00ebse n\u00eb k\u00ebt\u00eb destinacion nisesh","robots":{"index":"index","follow":"follow","max-snippet":"max-snippet:-1","max-image-preview":"max-image-preview:large","max-video-preview":"max-video-preview:-1"},"canonical":"https:\/\/www.visit-ulcinj.com\/blog\/2011\/06\/17\/ulqini-shpreson-ne-numer-rekord-te-turisteve\/","og_locale":"en_US","og_type":"article","og_title":"Ulqini shpreson n\u00eb num\u00ebr rekord t\u00eb turist\u00ebve - Lajme nga Ulqini","og_description":"Nga Visar Duriqi \u201cMir\u00eb se vini n\u00eb vendin e shqiponjave\u201d. Kjo \u00ebsht\u00eb porosia e par\u00eb q\u00eb merr n\u00eb telefon rrug\u00ebs p\u00ebr n\u00eb Ulqin, n\u00ebse n\u00eb k\u00ebt\u00eb destinacion nisesh","og_url":"https:\/\/www.visit-ulcinj.com\/blog\/2011\/06\/17\/ulqini-shpreson-ne-numer-rekord-te-turisteve\/","og_site_name":"Lajme nga Ulqini","article_published_time":"2011-06-17T15:28:20+00:00","article_modified_time":"2011-06-19T14:04:16+00:00","og_image":[{"url":"http:\/\/www.visit-ulcinj.com\/blog\/wp-content\/uploads\/2011\/06\/Pushime-ne-Rivieren-e-Ulqinit_Mali-i-Zi.jpg"}],"twitter_misc":{"Written by":"ulqini","Est. reading time":"5 minutes"},"schema":{"@context":"https:\/\/schema.org","@graph":[{"@type":"WebSite","@id":"https:\/\/www.visit-ulcinj.com\/blog\/#website","url":"https:\/\/www.visit-ulcinj.com\/blog\/","name":"Lajme nga Ulqini","description":"Lajme,Vijesti,Ulqini,Ulqin,Crna Gora,Mali i Zi","potentialAction":[{"@type":"SearchAction","target":{"@type":"EntryPoint","urlTemplate":"https:\/\/www.visit-ulcinj.com\/blog\/?s={search_term_string}"},"query-input":"required name=search_term_string"}],"inLanguage":"en-US"},{"@type":"ImageObject","inLanguage":"en-US","@id":"https:\/\/www.visit-ulcinj.com\/blog\/2011\/06\/17\/ulqini-shpreson-ne-numer-rekord-te-turisteve\/#primaryimage","url":"https:\/\/www.visit-ulcinj.com\/blog\/wp-content\/uploads\/2011\/06\/Pushime-ne-Rivieren-e-Ulqinit_Mali-i-Zi.jpg","contentUrl":"https:\/\/www.visit-ulcinj.com\/blog\/wp-content\/uploads\/2011\/06\/Pushime-ne-Rivieren-e-Ulqinit_Mali-i-Zi.jpg","width":"720","height":"1024"},{"@type":"WebPage","@id":"https:\/\/www.visit-ulcinj.com\/blog\/2011\/06\/17\/ulqini-shpreson-ne-numer-rekord-te-turisteve\/#webpage","url":"https:\/\/www.visit-ulcinj.com\/blog\/2011\/06\/17\/ulqini-shpreson-ne-numer-rekord-te-turisteve\/","name":"Ulqini shpreson n\u00eb num\u00ebr rekord t\u00eb turist\u00ebve - Lajme nga Ulqini","isPartOf":{"@id":"https:\/\/www.visit-ulcinj.com\/blog\/#website"},"primaryImageOfPage":{"@id":"https:\/\/www.visit-ulcinj.com\/blog\/2011\/06\/17\/ulqini-shpreson-ne-numer-rekord-te-turisteve\/#primaryimage"},"datePublished":"2011-06-17T15:28:20+00:00","dateModified":"2011-06-19T14:04:16+00:00","author":{"@id":"https:\/\/www.visit-ulcinj.com\/blog\/#\/schema\/person\/dcab619c614d3038751c63bc2aadc06d"},"description":"Nga Visar Duriqi \u201cMir\u00eb se vini n\u00eb vendin e shqiponjave\u201d. Kjo \u00ebsht\u00eb porosia e par\u00eb q\u00eb merr n\u00eb telefon rrug\u00ebs p\u00ebr n\u00eb Ulqin, n\u00ebse n\u00eb k\u00ebt\u00eb destinacion nisesh","breadcrumb":{"@id":"https:\/\/www.visit-ulcinj.com\/blog\/2011\/06\/17\/ulqini-shpreson-ne-numer-rekord-te-turisteve\/#breadcrumb"},"inLanguage":"en-US","potentialAction":[{"@type":"ReadAction","target":["https:\/\/www.visit-ulcinj.com\/blog\/2011\/06\/17\/ulqini-shpreson-ne-numer-rekord-te-turisteve\/"]}]},{"@type":"BreadcrumbList","@id":"https:\/\/www.visit-ulcinj.com\/blog\/2011\/06\/17\/ulqini-shpreson-ne-numer-rekord-te-turisteve\/#breadcrumb","itemListElement":[{"@type":"ListItem","position":1,"name":"Ulqini shpreson n\u00eb num\u00ebr rekord t\u00eb turist\u00ebve"}]},{"@type":"Person","@id":"https:\/\/www.visit-ulcinj.com\/blog\/#\/schema\/person\/dcab619c614d3038751c63bc2aadc06d","name":"ulqini","sameAs":["http:\/\/www.visit-ulcinj.com"],"url":"https:\/\/www.visit-ulcinj.com\/blog\/author\/admin\/"}]}},"jetpack_featured_media_url":"","jetpack_sharing_enabled":true,"jetpack_shortlink":"https:\/\/wp.me\/pe6lTn-csk","_links":{"self":[{"href":"https:\/\/www.visit-ulcinj.com\/blog\/wp-json\/wp\/v2\/posts\/47884"}],"collection":[{"href":"https:\/\/www.visit-ulcinj.com\/blog\/wp-json\/wp\/v2\/posts"}],"about":[{"href":"https:\/\/www.visit-ulcinj.com\/blog\/wp-json\/wp\/v2\/types\/post"}],"author":[{"embeddable":true,"href":"https:\/\/www.visit-ulcinj.com\/blog\/wp-json\/wp\/v2\/users\/1"}],"replies":[{"embeddable":true,"href":"https:\/\/www.visit-ulcinj.com\/blog\/wp-json\/wp\/v2\/comments?post=47884"}],"version-history":[{"count":2,"href":"https:\/\/www.visit-ulcinj.com\/blog\/wp-json\/wp\/v2\/posts\/47884\/revisions"}],"predecessor-version":[{"id":47911,"href":"https:\/\/www.visit-ulcinj.com\/blog\/wp-json\/wp\/v2\/posts\/47884\/revisions\/47911"}],"wp:attachment":[{"href":"https:\/\/www.visit-ulcinj.com\/blog\/wp-json\/wp\/v2\/media?parent=47884"}],"wp:term":[{"taxonomy":"category","embeddable":true,"href":"https:\/\/www.visit-ulcinj.com\/blog\/wp-json\/wp\/v2\/categories?post=47884"},{"taxonomy":"post_tag","embeddable":true,"href":"https:\/\/www.visit-ulcinj.com\/blog\/wp-json\/wp\/v2\/tags?post=47884"}],"curies":[{"name":"wp","href":"https:\/\/api.w.org\/{rel}","templated":true}]}}