{"id":47912,"date":"2011-06-19T15:40:09","date_gmt":"2011-06-19T14:40:09","guid":{"rendered":"http:\/\/www.visit-ulcinj.com\/blog\/?p=47912"},"modified":"2011-06-19T18:14:30","modified_gmt":"2011-06-19T17:14:30","slug":"ulqini-i-gatshem-te-mireprese-turistet","status":"publish","type":"post","link":"https:\/\/www.visit-ulcinj.com\/blog\/2011\/06\/19\/ulqini-i-gatshem-te-mireprese-turistet\/","title":{"rendered":"Ulqini i gatsh\u00ebm t\u00eb mir\u00ebpres\u00eb turist\u00ebt"},"content":{"rendered":"<p><strong><a href=\"http:\/\/www.visit-ulcinj.com\/blog\/wp-content\/uploads\/2011\/06\/Ulqini-i-gateshem-per-turizem.jpg\"><img loading=\"lazy\" class=\"alignleft size-full wp-image-47913\" title=\"Ulqini i gateshem per turizem\" src=\"http:\/\/www.visit-ulcinj.com\/blog\/wp-content\/uploads\/2011\/06\/Ulqini-i-gateshem-per-turizem.jpg\" alt=\"\" width=\"508\" height=\"380\" srcset=\"https:\/\/www.visit-ulcinj.com\/blog\/wp-content\/uploads\/2011\/06\/Ulqini-i-gateshem-per-turizem.jpg 800w, https:\/\/www.visit-ulcinj.com\/blog\/wp-content\/uploads\/2011\/06\/Ulqini-i-gateshem-per-turizem-300x225.jpg 300w\" sizes=\"(max-width: 508px) 100vw, 508px\" \/><\/a>Nga Hatixhe Nelaj<\/strong><\/p>\n<p>Jemi n\u00eb mesin e muajit qershor kur\u00eb edhe pritet q\u00eb n\u00eb Ulqin t\u00eb kemi fluks m\u00eb t\u00eb madh t\u00eb turist\u00ebve.Tashm\u00eb nuk b\u00ebhet fjal\u00eb p\u00ebr fillimin e sezonit turistik,sepse at\u00eb e kemi shpall t\u00eb hapur q\u00eb me fest\u00ebn e 1 Majit ku n\u00eb qytetin ton\u00eb kan\u00eb q\u00ebndruar me qindra turist nga vendet e ndryshme. Njoh\u00ebsit e mir\u00eb t\u00eb fush\u00ebs s\u00eb turizmit dhe njeriu i par\u00eb i komun\u00ebs Hajdinaga jan\u00eb m\u00eb optimist se kurr\u00eb q\u00eb do t\u00eb kemi nj\u00eb sezon\u00eb rekorde.<\/p>\n<p>N\u00eb dit\u00ebn e sotme n\u00eb komun\u00ebn ton\u00eb sipas t\u00eb dh\u00ebnave q\u00eb i kemi marr\u00eb nga Organizata Turistike e Ulqinit jan\u00eb duke q\u00ebndruar 1.592 turist t\u00eb lajm\u00ebruar, q\u00eb \u00ebsht\u00eb 21% m\u00eb shum\u00eb se vitin e kaluar n\u00eb t\u00eb nj\u00ebjt\u00ebn periudh\u00eb.<\/p>\n<p>Si gjithnj\u00eb sektori privat thith\u00eb num\u00ebr m\u00eb t\u00eb madh mysafir\u00ebsh, aty aktualisht jan\u00eb t\u00eb vendosur 960 turist,n\u00eb objektet hoteliere 507 pushues,nd\u00ebrsa kampe e pushimore 125 veta.<br \/>\n<a href=\"http:\/\/www.visit-ulcinj.com\/blog\/wp-content\/uploads\/2011\/06\/Stacioni-i-Autobuseve-Ulqin.jpg\"><img loading=\"lazy\" class=\"alignleft size-full wp-image-47915\" title=\"Stacioni i Autobuseve  Ulqin\" src=\"http:\/\/www.visit-ulcinj.com\/blog\/wp-content\/uploads\/2011\/06\/Stacioni-i-Autobuseve-Ulqin.jpg\" alt=\"\" width=\"508\" height=\"340\" \/><\/a><\/p>\n<p>K\u00ebto dit\u00eb kan\u00eb filluar t\u00eb dalin n\u00eb terren edhe inspekcionet turistike p\u00ebr t\u00eb evidentuar numrin e mysafir\u00ebve q\u00eb jan\u00eb duke q\u00ebndruar n\u00eb sht\u00ebpia private.T\u00eb rikujtojm\u00eb q\u00eb vite me rrall\u00eb ky \u00ebsht\u00eb problem ky\u00e7,pra paraqitja e mysafir\u00ebve,k\u00ebshtu q\u00eb asnj\u00ebher\u00eb nuk mund t\u00eb dim\u00eb me sakt\u00ebsi numrin e tyre.<\/p>\n<p>N\u00eb stacionin e Autobus\u00ebve sot kan\u00eb arritur 7 autobus,6 nga Kosova e nj\u00eb nga Serbia,n\u00eb krahasim me vitin e kaluar kemi r\u00ebnje n\u00eb numrin e autobuseve.<br \/>\n<a href=\"http:\/\/www.visit-ulcinj.com\/blog\/wp-content\/uploads\/2011\/06\/Flamur-Selovic-_-Flamur-Sella.jpg\"><img loading=\"lazy\" class=\"alignleft size-full wp-image-47914\" title=\"Flamur Selovic _ Flamur Sella\" src=\"http:\/\/www.visit-ulcinj.com\/blog\/wp-content\/uploads\/2011\/06\/Flamur-Selovic-_-Flamur-Sella.jpg\" alt=\"\" width=\"508\" height=\"340\" \/><\/a><\/p>\n<p>Java q\u00eb lam\u00eb pas n\u00eb Sh\u00ebrbimin e Mbrojtjes u karakterizua me shp\u00ebrthimin e disa zjarreve me karakter lokal. Kryeshefi i k\u00ebtij sh\u00ebrbimi Flamur Sella deklaroi se ka t\u00eb b\u00ebj\u00eb me 4 intervenime t\u00eb karakterit lokal me p\u00ebrmasa t\u00eb vogla. Ai nj\u00ebherit apelon tek t\u00eb gjith\u00eb qytetar\u00ebt dhe mysafir\u00ebt q\u00eb jan\u00eb duke pushuar n\u00eb komun\u00ebn ton\u00eb t\u00eb ken\u00eb kujdes kur\u00eb p\u00ebrdorin l\u00ebnd\u00eb djeg\u00ebse, dhe paralajm\u00ebron se nga data 1 korrik hyn n\u00eb fuqi urdh\u00ebri i kryetarit t\u00eb komun\u00ebs p\u00ebr ndalimin e zjarrit n\u00eb sip\u00ebrfaqe t\u00eb hapura.<\/p>\n<p><!--YouTube Error: bad URL entered--><br \/>\n<span style=\"color: #ffffff;\">Hotel Mediteran Resort,Ulqini,Ulqin,Pushime,pushime ne ulqin.pushime te lira,akomodimet,hotelet,pishina,kondicioner,restorant peshku,restorant,disco klub,disco,beach voley,montenegro tour,eskurzion,hotel mediteran ulqin,festa,martesa,dasma,vera 2011,koncerte,sonica festival,plazha tropicana,plazha copakabana,MSM BEACH,MIAMI BEACH,<\/span><\/p>\n","protected":false},"excerpt":{"rendered":"<p>Nga Hatixhe Nelaj Jemi n\u00eb mesin e muajit qershor kur\u00eb edhe pritet q\u00eb n\u00eb Ulqin t\u00eb kemi fluks m\u00eb t\u00eb madh t\u00eb turist\u00ebve.Tashm\u00eb nuk b\u00ebhet fjal\u00eb p\u00ebr fillimin e sezonit turistik,sepse at\u00eb e kemi shpall t\u00eb hapur q\u00eb me fest\u00ebn e 1 Majit ku n\u00eb qytetin ton\u00eb kan\u00eb q\u00ebndruar me qindra turist nga vendet e [&hellip;]<\/p>\n","protected":false},"author":1,"featured_media":0,"comment_status":"open","ping_status":"closed","sticky":false,"template":"","format":"standard","meta":{"spay_email":"","jetpack_publicize_message":"","jetpack_is_tweetstorm":false,"jetpack_publicize_feature_enabled":true},"categories":[1],"tags":[18462,18469,9755,18468,18467,18471,1766,18460,16649,15892,18463,11523,18464,95,7815,18307,18470,18475,17973,18474,18473,8870,14887,18461,18466,18465,16889,200,18,18472],"jetpack_publicize_connections":[],"yoast_head":"<!-- This site is optimized with the Yoast SEO plugin v19.1 - https:\/\/yoast.com\/wordpress\/plugins\/seo\/ -->\n<title>Ulqini i gatsh\u00ebm t\u00eb mir\u00ebpres\u00eb turist\u00ebt - Lajme nga Ulqini<\/title>\n<meta name=\"description\" content=\"Nga Hatixhe Nelaj Jemi n\u00eb mesin e muajit qershor kur\u00eb edhe pritet q\u00eb n\u00eb Ulqin t\u00eb kemi fluks m\u00eb t\u00eb madh t\u00eb turist\u00ebve.Tashm\u00eb nuk b\u00ebhet fjal\u00eb p\u00ebr fillimin e\" \/>\n<meta name=\"robots\" content=\"index, follow, max-snippet:-1, max-image-preview:large, max-video-preview:-1\" \/>\n<link rel=\"canonical\" href=\"https:\/\/www.visit-ulcinj.com\/blog\/2011\/06\/19\/ulqini-i-gatshem-te-mireprese-turistet\/\" \/>\n<meta property=\"og:locale\" content=\"en_US\" \/>\n<meta property=\"og:type\" content=\"article\" \/>\n<meta property=\"og:title\" content=\"Ulqini i gatsh\u00ebm t\u00eb mir\u00ebpres\u00eb turist\u00ebt - Lajme nga Ulqini\" \/>\n<meta property=\"og:description\" content=\"Nga Hatixhe Nelaj Jemi n\u00eb mesin e muajit qershor kur\u00eb edhe pritet q\u00eb n\u00eb Ulqin t\u00eb kemi fluks m\u00eb t\u00eb madh t\u00eb turist\u00ebve.Tashm\u00eb nuk b\u00ebhet fjal\u00eb p\u00ebr fillimin e\" \/>\n<meta property=\"og:url\" content=\"https:\/\/www.visit-ulcinj.com\/blog\/2011\/06\/19\/ulqini-i-gatshem-te-mireprese-turistet\/\" \/>\n<meta property=\"og:site_name\" content=\"Lajme nga Ulqini\" \/>\n<meta property=\"article:published_time\" content=\"2011-06-19T14:40:09+00:00\" \/>\n<meta property=\"article:modified_time\" content=\"2011-06-19T17:14:30+00:00\" \/>\n<meta property=\"og:image\" content=\"http:\/\/www.visit-ulcinj.com\/blog\/wp-content\/uploads\/2011\/06\/Ulqini-i-gateshem-per-turizem.jpg\" \/>\n<meta name=\"twitter:label1\" content=\"Written by\" \/>\n\t<meta name=\"twitter:data1\" content=\"ulqini\" \/>\n\t<meta name=\"twitter:label2\" content=\"Est. reading time\" \/>\n\t<meta name=\"twitter:data2\" content=\"2 minutes\" \/>\n<script type=\"application\/ld+json\" class=\"yoast-schema-graph\">{\"@context\":\"https:\/\/schema.org\",\"@graph\":[{\"@type\":\"WebSite\",\"@id\":\"https:\/\/www.visit-ulcinj.com\/blog\/#website\",\"url\":\"https:\/\/www.visit-ulcinj.com\/blog\/\",\"name\":\"Lajme nga Ulqini\",\"description\":\"Lajme,Vijesti,Ulqini,Ulqin,Crna Gora,Mali i Zi\",\"potentialAction\":[{\"@type\":\"SearchAction\",\"target\":{\"@type\":\"EntryPoint\",\"urlTemplate\":\"https:\/\/www.visit-ulcinj.com\/blog\/?s={search_term_string}\"},\"query-input\":\"required name=search_term_string\"}],\"inLanguage\":\"en-US\"},{\"@type\":\"ImageObject\",\"inLanguage\":\"en-US\",\"@id\":\"https:\/\/www.visit-ulcinj.com\/blog\/2011\/06\/19\/ulqini-i-gatshem-te-mireprese-turistet\/#primaryimage\",\"url\":\"https:\/\/www.visit-ulcinj.com\/blog\/wp-content\/uploads\/2011\/06\/Ulqini-i-gateshem-per-turizem.jpg\",\"contentUrl\":\"https:\/\/www.visit-ulcinj.com\/blog\/wp-content\/uploads\/2011\/06\/Ulqini-i-gateshem-per-turizem.jpg\",\"width\":\"800\",\"height\":\"600\"},{\"@type\":\"WebPage\",\"@id\":\"https:\/\/www.visit-ulcinj.com\/blog\/2011\/06\/19\/ulqini-i-gatshem-te-mireprese-turistet\/#webpage\",\"url\":\"https:\/\/www.visit-ulcinj.com\/blog\/2011\/06\/19\/ulqini-i-gatshem-te-mireprese-turistet\/\",\"name\":\"Ulqini i gatsh\u00ebm t\u00eb mir\u00ebpres\u00eb turist\u00ebt - Lajme nga Ulqini\",\"isPartOf\":{\"@id\":\"https:\/\/www.visit-ulcinj.com\/blog\/#website\"},\"primaryImageOfPage\":{\"@id\":\"https:\/\/www.visit-ulcinj.com\/blog\/2011\/06\/19\/ulqini-i-gatshem-te-mireprese-turistet\/#primaryimage\"},\"datePublished\":\"2011-06-19T14:40:09+00:00\",\"dateModified\":\"2011-06-19T17:14:30+00:00\",\"author\":{\"@id\":\"https:\/\/www.visit-ulcinj.com\/blog\/#\/schema\/person\/dcab619c614d3038751c63bc2aadc06d\"},\"description\":\"Nga Hatixhe Nelaj Jemi n\u00eb mesin e muajit qershor kur\u00eb edhe pritet q\u00eb n\u00eb Ulqin t\u00eb kemi fluks m\u00eb t\u00eb madh t\u00eb turist\u00ebve.Tashm\u00eb nuk b\u00ebhet fjal\u00eb p\u00ebr fillimin e\",\"breadcrumb\":{\"@id\":\"https:\/\/www.visit-ulcinj.com\/blog\/2011\/06\/19\/ulqini-i-gatshem-te-mireprese-turistet\/#breadcrumb\"},\"inLanguage\":\"en-US\",\"potentialAction\":[{\"@type\":\"ReadAction\",\"target\":[\"https:\/\/www.visit-ulcinj.com\/blog\/2011\/06\/19\/ulqini-i-gatshem-te-mireprese-turistet\/\"]}]},{\"@type\":\"BreadcrumbList\",\"@id\":\"https:\/\/www.visit-ulcinj.com\/blog\/2011\/06\/19\/ulqini-i-gatshem-te-mireprese-turistet\/#breadcrumb\",\"itemListElement\":[{\"@type\":\"ListItem\",\"position\":1,\"name\":\"Ulqini i gatsh\u00ebm t\u00eb mir\u00ebpres\u00eb turist\u00ebt\"}]},{\"@type\":\"Person\",\"@id\":\"https:\/\/www.visit-ulcinj.com\/blog\/#\/schema\/person\/dcab619c614d3038751c63bc2aadc06d\",\"name\":\"ulqini\",\"sameAs\":[\"http:\/\/www.visit-ulcinj.com\"],\"url\":\"https:\/\/www.visit-ulcinj.com\/blog\/author\/admin\/\"}]}<\/script>\n<!-- \/ Yoast SEO plugin. -->","yoast_head_json":{"title":"Ulqini i gatsh\u00ebm t\u00eb mir\u00ebpres\u00eb turist\u00ebt - Lajme nga Ulqini","description":"Nga Hatixhe Nelaj Jemi n\u00eb mesin e muajit qershor kur\u00eb edhe pritet q\u00eb n\u00eb Ulqin t\u00eb kemi fluks m\u00eb t\u00eb madh t\u00eb turist\u00ebve.Tashm\u00eb nuk b\u00ebhet fjal\u00eb p\u00ebr fillimin e","robots":{"index":"index","follow":"follow","max-snippet":"max-snippet:-1","max-image-preview":"max-image-preview:large","max-video-preview":"max-video-preview:-1"},"canonical":"https:\/\/www.visit-ulcinj.com\/blog\/2011\/06\/19\/ulqini-i-gatshem-te-mireprese-turistet\/","og_locale":"en_US","og_type":"article","og_title":"Ulqini i gatsh\u00ebm t\u00eb mir\u00ebpres\u00eb turist\u00ebt - Lajme nga Ulqini","og_description":"Nga Hatixhe Nelaj Jemi n\u00eb mesin e muajit qershor kur\u00eb edhe pritet q\u00eb n\u00eb Ulqin t\u00eb kemi fluks m\u00eb t\u00eb madh t\u00eb turist\u00ebve.Tashm\u00eb nuk b\u00ebhet fjal\u00eb p\u00ebr fillimin e","og_url":"https:\/\/www.visit-ulcinj.com\/blog\/2011\/06\/19\/ulqini-i-gatshem-te-mireprese-turistet\/","og_site_name":"Lajme nga Ulqini","article_published_time":"2011-06-19T14:40:09+00:00","article_modified_time":"2011-06-19T17:14:30+00:00","og_image":[{"url":"http:\/\/www.visit-ulcinj.com\/blog\/wp-content\/uploads\/2011\/06\/Ulqini-i-gateshem-per-turizem.jpg"}],"twitter_misc":{"Written by":"ulqini","Est. reading time":"2 minutes"},"schema":{"@context":"https:\/\/schema.org","@graph":[{"@type":"WebSite","@id":"https:\/\/www.visit-ulcinj.com\/blog\/#website","url":"https:\/\/www.visit-ulcinj.com\/blog\/","name":"Lajme nga Ulqini","description":"Lajme,Vijesti,Ulqini,Ulqin,Crna Gora,Mali i Zi","potentialAction":[{"@type":"SearchAction","target":{"@type":"EntryPoint","urlTemplate":"https:\/\/www.visit-ulcinj.com\/blog\/?s={search_term_string}"},"query-input":"required name=search_term_string"}],"inLanguage":"en-US"},{"@type":"ImageObject","inLanguage":"en-US","@id":"https:\/\/www.visit-ulcinj.com\/blog\/2011\/06\/19\/ulqini-i-gatshem-te-mireprese-turistet\/#primaryimage","url":"https:\/\/www.visit-ulcinj.com\/blog\/wp-content\/uploads\/2011\/06\/Ulqini-i-gateshem-per-turizem.jpg","contentUrl":"https:\/\/www.visit-ulcinj.com\/blog\/wp-content\/uploads\/2011\/06\/Ulqini-i-gateshem-per-turizem.jpg","width":"800","height":"600"},{"@type":"WebPage","@id":"https:\/\/www.visit-ulcinj.com\/blog\/2011\/06\/19\/ulqini-i-gatshem-te-mireprese-turistet\/#webpage","url":"https:\/\/www.visit-ulcinj.com\/blog\/2011\/06\/19\/ulqini-i-gatshem-te-mireprese-turistet\/","name":"Ulqini i gatsh\u00ebm t\u00eb mir\u00ebpres\u00eb turist\u00ebt - Lajme nga Ulqini","isPartOf":{"@id":"https:\/\/www.visit-ulcinj.com\/blog\/#website"},"primaryImageOfPage":{"@id":"https:\/\/www.visit-ulcinj.com\/blog\/2011\/06\/19\/ulqini-i-gatshem-te-mireprese-turistet\/#primaryimage"},"datePublished":"2011-06-19T14:40:09+00:00","dateModified":"2011-06-19T17:14:30+00:00","author":{"@id":"https:\/\/www.visit-ulcinj.com\/blog\/#\/schema\/person\/dcab619c614d3038751c63bc2aadc06d"},"description":"Nga Hatixhe Nelaj Jemi n\u00eb mesin e muajit qershor kur\u00eb edhe pritet q\u00eb n\u00eb Ulqin t\u00eb kemi fluks m\u00eb t\u00eb madh t\u00eb turist\u00ebve.Tashm\u00eb nuk b\u00ebhet fjal\u00eb p\u00ebr fillimin e","breadcrumb":{"@id":"https:\/\/www.visit-ulcinj.com\/blog\/2011\/06\/19\/ulqini-i-gatshem-te-mireprese-turistet\/#breadcrumb"},"inLanguage":"en-US","potentialAction":[{"@type":"ReadAction","target":["https:\/\/www.visit-ulcinj.com\/blog\/2011\/06\/19\/ulqini-i-gatshem-te-mireprese-turistet\/"]}]},{"@type":"BreadcrumbList","@id":"https:\/\/www.visit-ulcinj.com\/blog\/2011\/06\/19\/ulqini-i-gatshem-te-mireprese-turistet\/#breadcrumb","itemListElement":[{"@type":"ListItem","position":1,"name":"Ulqini i gatsh\u00ebm t\u00eb mir\u00ebpres\u00eb turist\u00ebt"}]},{"@type":"Person","@id":"https:\/\/www.visit-ulcinj.com\/blog\/#\/schema\/person\/dcab619c614d3038751c63bc2aadc06d","name":"ulqini","sameAs":["http:\/\/www.visit-ulcinj.com"],"url":"https:\/\/www.visit-ulcinj.com\/blog\/author\/admin\/"}]}},"jetpack_featured_media_url":"","jetpack_sharing_enabled":true,"jetpack_shortlink":"https:\/\/wp.me\/pe6lTn-csM","_links":{"self":[{"href":"https:\/\/www.visit-ulcinj.com\/blog\/wp-json\/wp\/v2\/posts\/47912"}],"collection":[{"href":"https:\/\/www.visit-ulcinj.com\/blog\/wp-json\/wp\/v2\/posts"}],"about":[{"href":"https:\/\/www.visit-ulcinj.com\/blog\/wp-json\/wp\/v2\/types\/post"}],"author":[{"embeddable":true,"href":"https:\/\/www.visit-ulcinj.com\/blog\/wp-json\/wp\/v2\/users\/1"}],"replies":[{"embeddable":true,"href":"https:\/\/www.visit-ulcinj.com\/blog\/wp-json\/wp\/v2\/comments?post=47912"}],"version-history":[{"count":3,"href":"https:\/\/www.visit-ulcinj.com\/blog\/wp-json\/wp\/v2\/posts\/47912\/revisions"}],"predecessor-version":[{"id":47919,"href":"https:\/\/www.visit-ulcinj.com\/blog\/wp-json\/wp\/v2\/posts\/47912\/revisions\/47919"}],"wp:attachment":[{"href":"https:\/\/www.visit-ulcinj.com\/blog\/wp-json\/wp\/v2\/media?parent=47912"}],"wp:term":[{"taxonomy":"category","embeddable":true,"href":"https:\/\/www.visit-ulcinj.com\/blog\/wp-json\/wp\/v2\/categories?post=47912"},{"taxonomy":"post_tag","embeddable":true,"href":"https:\/\/www.visit-ulcinj.com\/blog\/wp-json\/wp\/v2\/tags?post=47912"}],"curies":[{"name":"wp","href":"https:\/\/api.w.org\/{rel}","templated":true}]}}