{"id":47917,"date":"2011-06-19T18:19:21","date_gmt":"2011-06-19T17:19:21","guid":{"rendered":"http:\/\/www.visit-ulcinj.com\/blog\/?p=47917"},"modified":"2011-06-19T18:19:21","modified_gmt":"2011-06-19T17:19:21","slug":"ulqinit-i-kthehet-turizmi-nderkombetar","status":"publish","type":"post","link":"https:\/\/www.visit-ulcinj.com\/blog\/2011\/06\/19\/ulqinit-i-kthehet-turizmi-nderkombetar\/","title":{"rendered":"Ulqinit i kthehet turizmi nd\u00ebrkomb\u00ebtar"},"content":{"rendered":"<p><a href=\"http:\/\/www.visit-ulcinj.com\/blog\/wp-content\/uploads\/2011\/06\/Pushimet-ne-Rivieren-e-Ulqinit_Mali-i-Zi_Ulqin_Ulqini.jpg\"><img loading=\"lazy\" class=\"alignleft size-full wp-image-47918\" title=\"Pushimet-ne-Rivieren-e-Ulqinit_Mali-i-Zi_Ulqin_Ulqini\" src=\"http:\/\/www.visit-ulcinj.com\/blog\/wp-content\/uploads\/2011\/06\/Pushimet-ne-Rivieren-e-Ulqinit_Mali-i-Zi_Ulqin_Ulqini.jpg\" alt=\"\" width=\"508\" height=\"620\" \/><\/a>Qyteti i Ulqinit edhe sivjet \u00ebsht\u00eb p\u00ebrgatitur p\u00ebr pritjen e turist\u00ebve. Udh\u00ebheq\u00ebsit e k\u00ebtij qyteti thon\u00eb se presin nj\u00ebrin nga sezonet m\u00eb t\u00eb suksesshme turistike gjat\u00eb viteve t\u00eb fundit.<\/p>\n<p>Pushuesit t\u00eb cil\u00ebt tani m\u00eb kan\u00eb arritur n\u00eb plazhet e k\u00ebtij qyteti, shprehen p\u00ebrgjithsisht t\u00eb k\u00ebnaqur me pritjen dhe cil\u00ebsin\u00eb e sh\u00ebrbimeve t\u00eb ofruara.<\/p>\n<p>\u201c\u00cbsht\u00eb hera e par\u00eb q\u00eb vi dhe m\u00eb ka l\u00ebn\u00eb p\u00ebrshtypje shum\u00eb t\u00eb mira dhe t\u00eb jashtzakonshme, \u00ebsht\u00eb vend turistik i mire, edhe mbr\u00ebmja rinore, kam qen\u00eb e k\u00ebnaqur me t\u00eb gjitha dhe besoj se do ta vizitoj edhe viteve t\u00eb tjera\u201d.<\/p>\n<p>Kjo \u00ebsht\u00eb Mimoza nga Gjilani e cila p\u00ebr her\u00eb t\u00eb para ka ardh\u00eb n\u00eb Ulqin p\u00ebr pushime. Ajo thot\u00eb se \u00ebsht\u00eb mahnitur me bukurin\u00eb dhe mik\u00ebpritjen e ulqinak\u00ebve. G\u00ebzim Hajdinaga, kryetar i Komun\u00ebs s\u00eb Ulqinit, rr\u00ebfen se numri i turist\u00ebve gjat\u00eb qershorit \u00ebsht\u00eb sinjal se sivjet do t\u00eb jet\u00eb sezoni m\u00eb i suksessh\u00ebm turistik, jo vet\u00ebm p\u00ebr Ulqinin, por n\u00eb p\u00ebrgjithsi p\u00ebr Malin e Zi.<\/p>\n<p>\u201cP\u00ebr fat t\u00eb keq t\u00eb t\u00eb tjer\u00ebve q\u00eb nuk i g\u00ebzohem, sepse atje ka probleme stabiliteti dhe sigurie dhe p\u00ebr fatin e mir\u00eb t\u00eb Malit t\u00eb Zi \u00ebsht\u00eb sh\u00ebnuar rritje e numrit t\u00eb turist\u00ebve\u201d, thot\u00eb Hajdinaga.<\/p>\n<p>Hajdinaga tregon me k\u00ebnaq\u00ebsi p\u00ebr bukurin\u00eb e plazheve t\u00eb Ulqinit, p\u00ebr objektet hoteliere dhe t\u00eb tjera qofshin n\u00eb sektorin publik apo privat. Jeta e gjall\u00eb kulturore dhe e nat\u00ebs, aktivitete t\u00eb shumta t\u00eb organizuara p\u00ebr rinin\u00eb dhe mik\u00ebpritja jan\u00eb vet\u00ebm disa nga elementet e ofert\u00ebs s\u00eb Ulqinit p\u00ebr vizitor\u00ebt. Dhe, ata kan\u00eb filluar t\u00eb arrijn\u00eb n\u00eb num\u00ebr t\u00eb madh. Jan\u00eb nga vende nga m\u00eb t\u00eb ndryshmet. P\u00ebrve\u00e7 shqiptar\u00ebve, k\u00ebto vite, Ulqini, ka t\u00ebrhequr edhe turist\u00eb nga Gjermania, \u00c7ekia, Polonia, Hungaria dhe vendet tjera.<\/p>\n<p>\u201cKemi arrit t\u2019i kthejm\u00eb turist\u00ebt nga Bosnja t\u00eb cil\u00ebt ka q\u00eb 20 vjet nuk kan\u00eb qen\u00eb n\u00eb Ulqin, kan\u00eb pas\u00eb nj\u00eb bllokad\u00eb t\u00eb plot\u00eb. Pas kosovar\u00ebve, vjet numri m\u00eb i madh i turist\u00ebve ka qen\u00eb nga Bosnja. Sivjet kemi arrit t\u2019i kthejm\u00eb gjerman\u00ebt, \u00e7ek\u00ebt ,rus\u00ebt, polak\u00ebt dhe hungarez\u00ebt\u201d, thot\u00eb Hajdinaga.<br \/>\n<a href=\"http:\/\/www.visit-ulcinj.com\/blog\/wp-content\/uploads\/2011\/06\/Sonica-Festival-_12-gusht_2011_Copacabana_plazha-madhe_Ulqin.41.jpg\"><img loading=\"lazy\" class=\"alignleft size-full wp-image-47921\" title=\"Sonica Festival _12 gusht_2011_Copacabana_plazha madhe_Ulqin.4\" src=\"http:\/\/www.visit-ulcinj.com\/blog\/wp-content\/uploads\/2011\/06\/Sonica-Festival-_12-gusht_2011_Copacabana_plazha-madhe_Ulqin.41.jpg\" alt=\"\" width=\"508\" height=\"340\" srcset=\"https:\/\/www.visit-ulcinj.com\/blog\/wp-content\/uploads\/2011\/06\/Sonica-Festival-_12-gusht_2011_Copacabana_plazha-madhe_Ulqin.41.jpg 720w, https:\/\/www.visit-ulcinj.com\/blog\/wp-content\/uploads\/2011\/06\/Sonica-Festival-_12-gusht_2011_Copacabana_plazha-madhe_Ulqin.41-300x200.jpg 300w\" sizes=\"(max-width: 508px) 100vw, 508px\" \/><\/a><\/p>\n<p><strong>Ali Rexha, drejtor i Organiz\u00ebts Turistike t\u00eb Ulqinit, thot\u00eb se \u00e7do vit ka p\u00ebrmir\u00ebsime.<\/strong><\/p>\n<p>\u201cSivjet kemi nj\u00eb ofert\u00eb m\u00eb t\u00eb mir\u00eb se n\u00eb t\u00eb kaluar\u00ebn. Sivjet jan\u00eb hapur kat\u00ebr hotele apo gjithsejt jan\u00eb 23 hotele. K\u00ebto hotele jan\u00eb me tre e kat\u00ebr yje. Sa i p\u00ebrket akomodimeve private punohet zellsh\u00ebm n\u00eb k\u00ebt\u00eb drejtim dhe ato ngriten nga viti n\u00eb vit\u201d, theksoi Rexha.<\/p>\n<p>Plazhet e Ulqinit plot\u00ebsojn\u00eb standardet dhe cil\u00ebsin\u00eb e k\u00ebrkuar. Disa prej tyre mbajn\u00eb shtat\u00eb flamuj- d\u00ebshmi e p\u00ebrmbushjes s\u00eb standardeve nd\u00ebrkomb\u00ebtare.<\/p>\n<p>Nga ana tjet\u00ebr edhe pronar\u00ebt e hoteleve, restoranteve dhe objekteve individuale thon\u00eb se jan\u00eb t\u00eb p\u00ebrgatitur t\u00eb presin turist\u00ebt n\u00eb m\u00ebnyr\u00eb miradie. Pronari i plazhit Copakabana, Preng Shkreli, thot\u00eb se ai \u00ebsht\u00eb p\u00ebrgatitur me t\u00eb gjitha kapacitetet p\u00ebr t\u00eb pritur turist\u00eb nga Kosova dhe viset tjera t\u00eb rajonit, por edhe me \u00e7mimet m\u00eb t\u00eb favorshme.<\/p>\n<p>\u201cAbsolutisht nuk kemi l\u00ebviz me \u00e7mime. Jemi marr\u00eb vesh edhe me plazhista t\u00eb tjer\u00eb q\u00eb t\u2019i kemi \u00e7mimet e nj\u00ebjta\u201d, tha Shkreli.<\/p>\n<p>Edhe klubi Safari ka b\u00ebr\u00eb p\u00ebrgatitjet p\u00ebr t\u00eb mir\u00ebpritur turist\u00ebt. Pronari Zef Delici thot\u00eb se ai \u00ebsht\u00eb p\u00ebrgatitur si kurr\u00eb me par\u00eb p\u00ebr t\u00eb pritur pushues nga Kosova.<\/p>\n<p>\u201cSi kurr\u00eb jam p\u00ebrgatitur sivjet, presim mysafir\u00ebt e Kosov\u00ebs. I th\u00ebrrasim se jan\u00eb n\u00eb sht\u00ebpi t\u00eb vet\u201d, thot\u00eb Delici.<\/p>\n<p>Klima e favorshme, dhjet\u00ebra kilometra plazh me r\u00ebr\u00ebn sh\u00ebruese t\u00eb g\u00ebrshetuara me mund\u00ebsit\u00eb e shumta p\u00ebr arg\u00ebtim, e b\u00ebjn\u00eb Ulqinin vend t\u00ebrheq\u00ebs, qoft\u00eb p\u00ebr dik\u00ebnd si Mimoza, q\u00eb ndodhet atje p\u00ebr her\u00eb t\u00eb par\u00eb, e qoft\u00eb p\u00ebr secilin, q\u00eb p\u00ebr vite t\u00eb t\u00ebra shijon pushimet atje.<\/p>\n<p><strong>BOTA SOT<br \/>\n<\/strong><!--YouTube Error: bad URL entered--><br \/>\nHotel Mediteran Resort,Ulqini,Ulqin,Pushime,pushime ne ulqin.pushime te  lira,akomodimet,hotelet,pishina,kondicioner,restorant  peshku,restorant,disco klub,disco,beach voley,montenegro  tour,eskurzion,hotel mediteran ulqin,festa,martesa,dasma,vera  2011,koncerte,sonica festival,plazha tropicana,plazha copakabana,MSM  BEACH,MIAMI BEACH,<\/p>\n","protected":false},"excerpt":{"rendered":"<p>Qyteti i Ulqinit edhe sivjet \u00ebsht\u00eb p\u00ebrgatitur p\u00ebr pritjen e turist\u00ebve. Udh\u00ebheq\u00ebsit e k\u00ebtij qyteti thon\u00eb se presin nj\u00ebrin nga sezonet m\u00eb t\u00eb suksesshme turistike gjat\u00eb viteve t\u00eb fundit. Pushuesit t\u00eb cil\u00ebt tani m\u00eb kan\u00eb arritur n\u00eb plazhet e k\u00ebtij qyteti, shprehen p\u00ebrgjithsisht t\u00eb k\u00ebnaqur me pritjen dhe cil\u00ebsin\u00eb e sh\u00ebrbimeve t\u00eb ofruara. \u201c\u00cbsht\u00eb hera [&hellip;]<\/p>\n","protected":false},"author":1,"featured_media":0,"comment_status":"open","ping_status":"closed","sticky":false,"template":"","format":"standard","meta":{"spay_email":"","jetpack_publicize_message":"","jetpack_is_tweetstorm":false,"jetpack_publicize_feature_enabled":true},"categories":[10],"tags":[18462,18469,9755,18468,18467,18471,1766,16649,15892,18463,11523,18464,7815,18307,18470,18475,9671,17973,18474,18473,8870,7666,18461,7671,2798,18466,18465,16889,200,18,18472],"jetpack_publicize_connections":[],"yoast_head":"<!-- This site is optimized with the Yoast SEO plugin v19.1 - https:\/\/yoast.com\/wordpress\/plugins\/seo\/ -->\n<title>Ulqinit i kthehet turizmi nd\u00ebrkomb\u00ebtar - Lajme nga Ulqini<\/title>\n<meta name=\"description\" content=\"Qyteti i Ulqinit edhe sivjet \u00ebsht\u00eb p\u00ebrgatitur p\u00ebr pritjen e turist\u00ebve. Udh\u00ebheq\u00ebsit e k\u00ebtij qyteti thon\u00eb se presin nj\u00ebrin nga sezonet m\u00eb t\u00eb suksesshme\" \/>\n<meta name=\"robots\" content=\"index, follow, max-snippet:-1, max-image-preview:large, max-video-preview:-1\" \/>\n<link rel=\"canonical\" href=\"https:\/\/www.visit-ulcinj.com\/blog\/2011\/06\/19\/ulqinit-i-kthehet-turizmi-nderkombetar\/\" \/>\n<meta property=\"og:locale\" content=\"en_US\" \/>\n<meta property=\"og:type\" content=\"article\" \/>\n<meta property=\"og:title\" content=\"Ulqinit i kthehet turizmi nd\u00ebrkomb\u00ebtar - Lajme nga Ulqini\" \/>\n<meta property=\"og:description\" content=\"Qyteti i Ulqinit edhe sivjet \u00ebsht\u00eb p\u00ebrgatitur p\u00ebr pritjen e turist\u00ebve. Udh\u00ebheq\u00ebsit e k\u00ebtij qyteti thon\u00eb se presin nj\u00ebrin nga sezonet m\u00eb t\u00eb suksesshme\" \/>\n<meta property=\"og:url\" content=\"https:\/\/www.visit-ulcinj.com\/blog\/2011\/06\/19\/ulqinit-i-kthehet-turizmi-nderkombetar\/\" \/>\n<meta property=\"og:site_name\" content=\"Lajme nga Ulqini\" \/>\n<meta property=\"article:published_time\" content=\"2011-06-19T17:19:21+00:00\" \/>\n<meta property=\"og:image\" content=\"http:\/\/www.visit-ulcinj.com\/blog\/wp-content\/uploads\/2011\/06\/Pushimet-ne-Rivieren-e-Ulqinit_Mali-i-Zi_Ulqin_Ulqini.jpg\" \/>\n<meta name=\"twitter:label1\" content=\"Written by\" \/>\n\t<meta name=\"twitter:data1\" content=\"ulqini\" \/>\n\t<meta name=\"twitter:label2\" content=\"Est. reading time\" \/>\n\t<meta name=\"twitter:data2\" content=\"4 minutes\" \/>\n<script type=\"application\/ld+json\" class=\"yoast-schema-graph\">{\"@context\":\"https:\/\/schema.org\",\"@graph\":[{\"@type\":\"WebSite\",\"@id\":\"https:\/\/www.visit-ulcinj.com\/blog\/#website\",\"url\":\"https:\/\/www.visit-ulcinj.com\/blog\/\",\"name\":\"Lajme nga Ulqini\",\"description\":\"Lajme,Vijesti,Ulqini,Ulqin,Crna Gora,Mali i Zi\",\"potentialAction\":[{\"@type\":\"SearchAction\",\"target\":{\"@type\":\"EntryPoint\",\"urlTemplate\":\"https:\/\/www.visit-ulcinj.com\/blog\/?s={search_term_string}\"},\"query-input\":\"required name=search_term_string\"}],\"inLanguage\":\"en-US\"},{\"@type\":\"ImageObject\",\"inLanguage\":\"en-US\",\"@id\":\"https:\/\/www.visit-ulcinj.com\/blog\/2011\/06\/19\/ulqinit-i-kthehet-turizmi-nderkombetar\/#primaryimage\",\"url\":\"https:\/\/www.visit-ulcinj.com\/blog\/wp-content\/uploads\/2011\/06\/Pushimet-ne-Rivieren-e-Ulqinit_Mali-i-Zi_Ulqin_Ulqini.jpg\",\"contentUrl\":\"https:\/\/www.visit-ulcinj.com\/blog\/wp-content\/uploads\/2011\/06\/Pushimet-ne-Rivieren-e-Ulqinit_Mali-i-Zi_Ulqin_Ulqini.jpg\",\"width\":\"720\",\"height\":\"1024\"},{\"@type\":\"WebPage\",\"@id\":\"https:\/\/www.visit-ulcinj.com\/blog\/2011\/06\/19\/ulqinit-i-kthehet-turizmi-nderkombetar\/#webpage\",\"url\":\"https:\/\/www.visit-ulcinj.com\/blog\/2011\/06\/19\/ulqinit-i-kthehet-turizmi-nderkombetar\/\",\"name\":\"Ulqinit i kthehet turizmi nd\u00ebrkomb\u00ebtar - Lajme nga Ulqini\",\"isPartOf\":{\"@id\":\"https:\/\/www.visit-ulcinj.com\/blog\/#website\"},\"primaryImageOfPage\":{\"@id\":\"https:\/\/www.visit-ulcinj.com\/blog\/2011\/06\/19\/ulqinit-i-kthehet-turizmi-nderkombetar\/#primaryimage\"},\"datePublished\":\"2011-06-19T17:19:21+00:00\",\"dateModified\":\"2011-06-19T17:19:21+00:00\",\"author\":{\"@id\":\"https:\/\/www.visit-ulcinj.com\/blog\/#\/schema\/person\/dcab619c614d3038751c63bc2aadc06d\"},\"description\":\"Qyteti i Ulqinit edhe sivjet \u00ebsht\u00eb p\u00ebrgatitur p\u00ebr pritjen e turist\u00ebve. Udh\u00ebheq\u00ebsit e k\u00ebtij qyteti thon\u00eb se presin nj\u00ebrin nga sezonet m\u00eb t\u00eb suksesshme\",\"breadcrumb\":{\"@id\":\"https:\/\/www.visit-ulcinj.com\/blog\/2011\/06\/19\/ulqinit-i-kthehet-turizmi-nderkombetar\/#breadcrumb\"},\"inLanguage\":\"en-US\",\"potentialAction\":[{\"@type\":\"ReadAction\",\"target\":[\"https:\/\/www.visit-ulcinj.com\/blog\/2011\/06\/19\/ulqinit-i-kthehet-turizmi-nderkombetar\/\"]}]},{\"@type\":\"BreadcrumbList\",\"@id\":\"https:\/\/www.visit-ulcinj.com\/blog\/2011\/06\/19\/ulqinit-i-kthehet-turizmi-nderkombetar\/#breadcrumb\",\"itemListElement\":[{\"@type\":\"ListItem\",\"position\":1,\"name\":\"Ulqinit i kthehet turizmi nd\u00ebrkomb\u00ebtar\"}]},{\"@type\":\"Person\",\"@id\":\"https:\/\/www.visit-ulcinj.com\/blog\/#\/schema\/person\/dcab619c614d3038751c63bc2aadc06d\",\"name\":\"ulqini\",\"sameAs\":[\"http:\/\/www.visit-ulcinj.com\"],\"url\":\"https:\/\/www.visit-ulcinj.com\/blog\/author\/admin\/\"}]}<\/script>\n<!-- \/ Yoast SEO plugin. -->","yoast_head_json":{"title":"Ulqinit i kthehet turizmi nd\u00ebrkomb\u00ebtar - Lajme nga Ulqini","description":"Qyteti i Ulqinit edhe sivjet \u00ebsht\u00eb p\u00ebrgatitur p\u00ebr pritjen e turist\u00ebve. Udh\u00ebheq\u00ebsit e k\u00ebtij qyteti thon\u00eb se presin nj\u00ebrin nga sezonet m\u00eb t\u00eb suksesshme","robots":{"index":"index","follow":"follow","max-snippet":"max-snippet:-1","max-image-preview":"max-image-preview:large","max-video-preview":"max-video-preview:-1"},"canonical":"https:\/\/www.visit-ulcinj.com\/blog\/2011\/06\/19\/ulqinit-i-kthehet-turizmi-nderkombetar\/","og_locale":"en_US","og_type":"article","og_title":"Ulqinit i kthehet turizmi nd\u00ebrkomb\u00ebtar - Lajme nga Ulqini","og_description":"Qyteti i Ulqinit edhe sivjet \u00ebsht\u00eb p\u00ebrgatitur p\u00ebr pritjen e turist\u00ebve. Udh\u00ebheq\u00ebsit e k\u00ebtij qyteti thon\u00eb se presin nj\u00ebrin nga sezonet m\u00eb t\u00eb suksesshme","og_url":"https:\/\/www.visit-ulcinj.com\/blog\/2011\/06\/19\/ulqinit-i-kthehet-turizmi-nderkombetar\/","og_site_name":"Lajme nga Ulqini","article_published_time":"2011-06-19T17:19:21+00:00","og_image":[{"url":"http:\/\/www.visit-ulcinj.com\/blog\/wp-content\/uploads\/2011\/06\/Pushimet-ne-Rivieren-e-Ulqinit_Mali-i-Zi_Ulqin_Ulqini.jpg"}],"twitter_misc":{"Written by":"ulqini","Est. reading time":"4 minutes"},"schema":{"@context":"https:\/\/schema.org","@graph":[{"@type":"WebSite","@id":"https:\/\/www.visit-ulcinj.com\/blog\/#website","url":"https:\/\/www.visit-ulcinj.com\/blog\/","name":"Lajme nga Ulqini","description":"Lajme,Vijesti,Ulqini,Ulqin,Crna Gora,Mali i Zi","potentialAction":[{"@type":"SearchAction","target":{"@type":"EntryPoint","urlTemplate":"https:\/\/www.visit-ulcinj.com\/blog\/?s={search_term_string}"},"query-input":"required name=search_term_string"}],"inLanguage":"en-US"},{"@type":"ImageObject","inLanguage":"en-US","@id":"https:\/\/www.visit-ulcinj.com\/blog\/2011\/06\/19\/ulqinit-i-kthehet-turizmi-nderkombetar\/#primaryimage","url":"https:\/\/www.visit-ulcinj.com\/blog\/wp-content\/uploads\/2011\/06\/Pushimet-ne-Rivieren-e-Ulqinit_Mali-i-Zi_Ulqin_Ulqini.jpg","contentUrl":"https:\/\/www.visit-ulcinj.com\/blog\/wp-content\/uploads\/2011\/06\/Pushimet-ne-Rivieren-e-Ulqinit_Mali-i-Zi_Ulqin_Ulqini.jpg","width":"720","height":"1024"},{"@type":"WebPage","@id":"https:\/\/www.visit-ulcinj.com\/blog\/2011\/06\/19\/ulqinit-i-kthehet-turizmi-nderkombetar\/#webpage","url":"https:\/\/www.visit-ulcinj.com\/blog\/2011\/06\/19\/ulqinit-i-kthehet-turizmi-nderkombetar\/","name":"Ulqinit i kthehet turizmi nd\u00ebrkomb\u00ebtar - Lajme nga Ulqini","isPartOf":{"@id":"https:\/\/www.visit-ulcinj.com\/blog\/#website"},"primaryImageOfPage":{"@id":"https:\/\/www.visit-ulcinj.com\/blog\/2011\/06\/19\/ulqinit-i-kthehet-turizmi-nderkombetar\/#primaryimage"},"datePublished":"2011-06-19T17:19:21+00:00","dateModified":"2011-06-19T17:19:21+00:00","author":{"@id":"https:\/\/www.visit-ulcinj.com\/blog\/#\/schema\/person\/dcab619c614d3038751c63bc2aadc06d"},"description":"Qyteti i Ulqinit edhe sivjet \u00ebsht\u00eb p\u00ebrgatitur p\u00ebr pritjen e turist\u00ebve. Udh\u00ebheq\u00ebsit e k\u00ebtij qyteti thon\u00eb se presin nj\u00ebrin nga sezonet m\u00eb t\u00eb suksesshme","breadcrumb":{"@id":"https:\/\/www.visit-ulcinj.com\/blog\/2011\/06\/19\/ulqinit-i-kthehet-turizmi-nderkombetar\/#breadcrumb"},"inLanguage":"en-US","potentialAction":[{"@type":"ReadAction","target":["https:\/\/www.visit-ulcinj.com\/blog\/2011\/06\/19\/ulqinit-i-kthehet-turizmi-nderkombetar\/"]}]},{"@type":"BreadcrumbList","@id":"https:\/\/www.visit-ulcinj.com\/blog\/2011\/06\/19\/ulqinit-i-kthehet-turizmi-nderkombetar\/#breadcrumb","itemListElement":[{"@type":"ListItem","position":1,"name":"Ulqinit i kthehet turizmi nd\u00ebrkomb\u00ebtar"}]},{"@type":"Person","@id":"https:\/\/www.visit-ulcinj.com\/blog\/#\/schema\/person\/dcab619c614d3038751c63bc2aadc06d","name":"ulqini","sameAs":["http:\/\/www.visit-ulcinj.com"],"url":"https:\/\/www.visit-ulcinj.com\/blog\/author\/admin\/"}]}},"jetpack_featured_media_url":"","jetpack_sharing_enabled":true,"jetpack_shortlink":"https:\/\/wp.me\/pe6lTn-csR","_links":{"self":[{"href":"https:\/\/www.visit-ulcinj.com\/blog\/wp-json\/wp\/v2\/posts\/47917"}],"collection":[{"href":"https:\/\/www.visit-ulcinj.com\/blog\/wp-json\/wp\/v2\/posts"}],"about":[{"href":"https:\/\/www.visit-ulcinj.com\/blog\/wp-json\/wp\/v2\/types\/post"}],"author":[{"embeddable":true,"href":"https:\/\/www.visit-ulcinj.com\/blog\/wp-json\/wp\/v2\/users\/1"}],"replies":[{"embeddable":true,"href":"https:\/\/www.visit-ulcinj.com\/blog\/wp-json\/wp\/v2\/comments?post=47917"}],"version-history":[{"count":1,"href":"https:\/\/www.visit-ulcinj.com\/blog\/wp-json\/wp\/v2\/posts\/47917\/revisions"}],"predecessor-version":[{"id":47922,"href":"https:\/\/www.visit-ulcinj.com\/blog\/wp-json\/wp\/v2\/posts\/47917\/revisions\/47922"}],"wp:attachment":[{"href":"https:\/\/www.visit-ulcinj.com\/blog\/wp-json\/wp\/v2\/media?parent=47917"}],"wp:term":[{"taxonomy":"category","embeddable":true,"href":"https:\/\/www.visit-ulcinj.com\/blog\/wp-json\/wp\/v2\/categories?post=47917"},{"taxonomy":"post_tag","embeddable":true,"href":"https:\/\/www.visit-ulcinj.com\/blog\/wp-json\/wp\/v2\/tags?post=47917"}],"curies":[{"name":"wp","href":"https:\/\/api.w.org\/{rel}","templated":true}]}}